{"id":110822,"date":"2024-06-17T17:50:19","date_gmt":"2024-06-17T17:50:19","guid":{"rendered":"https:\/\/quehacerpolitico.mx\/?p=110822"},"modified":"2024-06-17T17:50:21","modified_gmt":"2024-06-17T17:50:21","slug":"asi-reacciona-lopez-obrador-a-la-gira-inedita-con-sheinbaum","status":"publish","type":"post","link":"https:\/\/quehacerpolitico.mx\/?p=110822","title":{"rendered":"As\u00ed reacciona L\u00f3pez Obrador a la gira in\u00e9dita con Sheinbaum"},"content":{"rendered":"\n<p>Por Redacci\u00f3n QP<\/p>\n\n\n\n<p>L\u00f3pez Obrador asegur\u00f3 que su Gobierno entregar\u00e1 muy pocos proyectos pendientes a la futura presidenta de M\u00e9xico<\/p>\n\n\n\n<p>Andres Manuel L\u00f3pez Obrador y\u00a0Claudia Sheinbaum Pardo est\u00e1n juntos en una gira por el pa\u00eds y esto ha ocasionado reacciones en el Mandatario, que este lunes dio su evaluaci\u00f3n al respecto.<\/p>\n\n\n\n<p><strong>El Presidente de M\u00e9xico, Andr\u00e9s Manuel L\u00f3pez Obrador, se dijo este lunes &#8220;muy satisfecho&#8221; con la elecci\u00f3n de Claudia Sheinbaum como pr\u00f3xima mandataria<\/strong>&nbsp;tras una&nbsp;<mark><strong>primera gira conjunta &#8220;muy buena&#8221;<\/strong><\/mark>&nbsp;realizaron el fin de semana en el norte del pa\u00eds.<\/p>\n\n\n\n<p><strong>&#8220;Fue una muy buena gira, estoy muy contento, muy satisfecho por la decisi\u00f3n que tom\u00f3 el pueblo de M\u00e9xico de elegir a la doctora Claudia Sheinbaum Pardo como presidenta de M\u00e9xico, ahora presidenta electa y luego presidenta constitucional, fue realmente una bendici\u00f3n para el pueblo de M\u00e9xico&#8221;<\/strong>, se\u00f1al\u00f3 el Mandatario en su conferencia matutina.<\/p>\n\n\n\n<figure class=\"wp-block-embed is-type-rich is-provider-twitter wp-block-embed-twitter\"><div class=\"wp-block-embed__wrapper\">\n<blockquote class=\"twitter-tweet\" data-width=\"550\" data-dnt=\"true\"><p lang=\"es\" dir=\"ltr\">Sobre la primera gira AMLO-Sheinbaum&#8230;<br><br>AMLO la califica como &quot;muy buena&quot;<br><br>&quot;Fue una bendici\u00f3n para el pueblo de M\u00e9xico&quot; que <a href=\"https:\/\/twitter.com\/Claudiashein?ref_src=twsrc%5Etfw\">@Claudiashein<\/a> haya ganado la elecci\u00f3n, dice <a href=\"https:\/\/t.co\/cMxa1dI6tV\">pic.twitter.com\/cMxa1dI6tV<\/a><\/p>&mdash; Manuel Lopez San Martin (@MLopezSanMartin) <a href=\"https:\/\/twitter.com\/MLopezSanMartin\/status\/1802720355146166451?ref_src=twsrc%5Etfw\">June 17, 2024<\/a><\/blockquote><script async src=\"https:\/\/platform.twitter.com\/widgets.js\" charset=\"utf-8\"><\/script>\n<\/div><\/figure>\n\n\n\n<p><mark><strong>El gobernante mexicano asever\u00f3 que &#8220;es algo in\u00e9dito&#8221; la gira que comenzaron ambos pol\u00edticos el viernes pasado<\/strong><\/mark>, y que el pr\u00f3ximo fin de semana seguir\u00e1 en Veracruz y Oaxaca.<\/p>\n\n\n\n<p><strong>&#8220;Porque vamos juntos a visitar regiones, obras, a evaluar sobre el avance de los programas&#8221;<\/strong>, resalt\u00f3.<\/p>\n\n\n\n<p>Record\u00f3 que el viernes estuvieron en Coahuila, donde supervisaron el rescate de los cuerpos de 13 trabajadores que quedaron atrapados en la mina Pasta de Conchos en 2006 tras un derrumbe en el lugar que dej\u00f3 al menos 65 muertos.<\/p>\n\n\n\n<p>&#8220;Es algo muy importante, muy humano, muy de justicia social, de atenci\u00f3n a las v\u00edctimas y a los familiares de los mineros&#8221;, expuso.<\/p>\n\n\n\n<p>Tambi\u00e9n, dijo, visitaron la frontera norte, en Nuevo Laredo, Tamaulipas, para supervisar la construcci\u00f3n de la Oficina Nacional de Aduanas en ese lugar, que se inaugurar\u00e1 en septiembre pr\u00f3ximo.<\/p>\n\n\n\n<p>Ah\u00ed, asegur\u00f3, tambi\u00e9n&nbsp;<strong>analizaron la situaci\u00f3n de todas las aduanas terrestres<\/strong>, &#8220;en una reuni\u00f3n donde participaron los responsables de todas las acciones que se est\u00e9n llevando en las aduanas&#8221;.<\/p>\n\n\n\n<p>Resalt\u00f3 la importancia de las aduanas terrestres, pues, asever\u00f3, por ah\u00ed ingresa entre el 45% y el 48% de toda la mercanc\u00eda que llega de Estados Unidos y las exportaciones de\u00a0Mexico a aquel pa\u00eds.<\/p>\n\n\n\n<p>Asimismo, destac\u00f3 estudiaron el estado del sistema del Instituto de Seguridad y Servicios Sociales de los Trabajadores del Estado (ISSSTE) para ver c\u00f3mo est\u00e1 a nivel nacional, adem\u00e1s de evaluar el proyecto Agua Saludable para la Laguna, en Lerdo, Durango.<\/p>\n\n\n\n<p><mark><strong>L\u00f3pez Obrador asegur\u00f3 que su Gobierno entregar\u00e1 muy pocos proyectos pendientes a la futura presidenta de M\u00e9xico<\/strong><\/mark>.<\/p>\n\n\n\n<p><strong>&#8220;Muy pocos, porque nosotros padecimos mucho eso, encontramos muchas obras inconclusas, tiradas&#8221;<\/strong>, enfatiz\u00f3.<\/p>\n\n\n\n<p>Con informaci\u00f3n de EFE<\/p>\n","protected":false},"excerpt":{"rendered":"<p>Por Redacci\u00f3n QP L\u00f3pez Obrador asegur\u00f3 que su Gobierno entregar\u00e1 muy pocos proyectos pendientes a&#8230;<\/p>\n","protected":false},"author":2,"featured_media":110823,"comment_status":"open","ping_status":"open","sticky":false,"template":"","format":"standard","meta":{"_monsterinsights_skip_tracking":false,"_monsterinsights_sitenote_active":false,"_monsterinsights_sitenote_note":"","_monsterinsights_sitenote_category":0,"footnotes":""},"categories":[2],"tags":[],"class_list":["post-110822","post","type-post","status-publish","format-standard","has-post-thumbnail","hentry","category-noticias"],"yoast_head":"<!-- This site is optimized with the Yoast SEO plugin v27.3 - https:\/\/yoast.com\/product\/yoast-seo-wordpress\/ -->\n<title>As\u00ed reacciona L\u00f3pez Obrador a la gira in\u00e9dita con Sheinbaum -<\/title>\n<meta name=\"robots\" content=\"index, follow, max-snippet:-1, max-image-preview:large, max-video-preview:-1\" \/>\n<link rel=\"canonical\" href=\"https:\/\/quehacerpolitico.mx\/?p=110822\" \/>\n<meta property=\"og:locale\" content=\"es_MX\" \/>\n<meta property=\"og:type\" content=\"article\" \/>\n<meta property=\"og:title\" content=\"As\u00ed reacciona L\u00f3pez Obrador a la gira in\u00e9dita con Sheinbaum -\" \/>\n<meta property=\"og:description\" content=\"Por Redacci\u00f3n QP L\u00f3pez Obrador asegur\u00f3 que su Gobierno entregar\u00e1 muy pocos proyectos pendientes a...\" \/>\n<meta property=\"og:url\" content=\"https:\/\/quehacerpolitico.mx\/?p=110822\" \/>\n<meta property=\"article:published_time\" content=\"2024-06-17T17:50:19+00:00\" \/>\n<meta property=\"article:modified_time\" content=\"2024-06-17T17:50:21+00:00\" \/>\n<meta property=\"og:image\" content=\"https:\/\/quehacerpolitico.mx\/wp-content\/uploads\/2024\/06\/IMG_6306.jpeg\" \/>\n\t<meta property=\"og:image:width\" content=\"1284\" \/>\n\t<meta property=\"og:image:height\" content=\"825\" \/>\n\t<meta property=\"og:image:type\" content=\"image\/jpeg\" \/>\n<meta name=\"author\" content=\"Redacci\u00f3n QP\" \/>\n<meta name=\"twitter:card\" content=\"summary_large_image\" \/>\n<meta name=\"twitter:label1\" content=\"Escrito por\" \/>\n\t<meta name=\"twitter:data1\" content=\"Redacci\u00f3n QP\" \/>\n\t<meta name=\"twitter:label2\" content=\"Tiempo de lectura\" \/>\n\t<meta name=\"twitter:data2\" content=\"2 minutos\" \/>\n<script type=\"application\/ld+json\" class=\"yoast-schema-graph\">{\"@context\":\"https:\\\/\\\/schema.org\",\"@graph\":[{\"@type\":\"Article\",\"@id\":\"https:\\\/\\\/quehacerpolitico.mx\\\/?p=110822#article\",\"isPartOf\":{\"@id\":\"https:\\\/\\\/quehacerpolitico.mx\\\/?p=110822\"},\"author\":{\"name\":\"Redacci\u00f3n QP\",\"@id\":\"https:\\\/\\\/quehacerpolitico.mx\\\/#\\\/schema\\\/person\\\/496d8ad2d1d3f8036101dca7ee39e585\"},\"headline\":\"As\u00ed reacciona L\u00f3pez Obrador a la gira in\u00e9dita con Sheinbaum\",\"datePublished\":\"2024-06-17T17:50:19+00:00\",\"dateModified\":\"2024-06-17T17:50:21+00:00\",\"mainEntityOfPage\":{\"@id\":\"https:\\\/\\\/quehacerpolitico.mx\\\/?p=110822\"},\"wordCount\":481,\"commentCount\":0,\"image\":{\"@id\":\"https:\\\/\\\/quehacerpolitico.mx\\\/?p=110822#primaryimage\"},\"thumbnailUrl\":\"https:\\\/\\\/quehacerpolitico.mx\\\/wp-content\\\/uploads\\\/2024\\\/06\\\/IMG_6306.jpeg\",\"articleSection\":[\"Noticias\"],\"inLanguage\":\"es\",\"potentialAction\":[{\"@type\":\"CommentAction\",\"name\":\"Comment\",\"target\":[\"https:\\\/\\\/quehacerpolitico.mx\\\/?p=110822#respond\"]}]},{\"@type\":\"WebPage\",\"@id\":\"https:\\\/\\\/quehacerpolitico.mx\\\/?p=110822\",\"url\":\"https:\\\/\\\/quehacerpolitico.mx\\\/?p=110822\",\"name\":\"As\u00ed reacciona L\u00f3pez Obrador a la gira in\u00e9dita con Sheinbaum -\",\"isPartOf\":{\"@id\":\"https:\\\/\\\/quehacerpolitico.mx\\\/#website\"},\"primaryImageOfPage\":{\"@id\":\"https:\\\/\\\/quehacerpolitico.mx\\\/?p=110822#primaryimage\"},\"image\":{\"@id\":\"https:\\\/\\\/quehacerpolitico.mx\\\/?p=110822#primaryimage\"},\"thumbnailUrl\":\"https:\\\/\\\/quehacerpolitico.mx\\\/wp-content\\\/uploads\\\/2024\\\/06\\\/IMG_6306.jpeg\",\"datePublished\":\"2024-06-17T17:50:19+00:00\",\"dateModified\":\"2024-06-17T17:50:21+00:00\",\"author\":{\"@id\":\"https:\\\/\\\/quehacerpolitico.mx\\\/#\\\/schema\\\/person\\\/496d8ad2d1d3f8036101dca7ee39e585\"},\"breadcrumb\":{\"@id\":\"https:\\\/\\\/quehacerpolitico.mx\\\/?p=110822#breadcrumb\"},\"inLanguage\":\"es\",\"potentialAction\":[{\"@type\":\"ReadAction\",\"target\":[\"https:\\\/\\\/quehacerpolitico.mx\\\/?p=110822\"]}]},{\"@type\":\"ImageObject\",\"inLanguage\":\"es\",\"@id\":\"https:\\\/\\\/quehacerpolitico.mx\\\/?p=110822#primaryimage\",\"url\":\"https:\\\/\\\/quehacerpolitico.mx\\\/wp-content\\\/uploads\\\/2024\\\/06\\\/IMG_6306.jpeg\",\"contentUrl\":\"https:\\\/\\\/quehacerpolitico.mx\\\/wp-content\\\/uploads\\\/2024\\\/06\\\/IMG_6306.jpeg\",\"width\":1284,\"height\":825,\"caption\":\"Screenshot\"},{\"@type\":\"BreadcrumbList\",\"@id\":\"https:\\\/\\\/quehacerpolitico.mx\\\/?p=110822#breadcrumb\",\"itemListElement\":[{\"@type\":\"ListItem\",\"position\":1,\"name\":\"Inicio\",\"item\":\"https:\\\/\\\/quehacerpolitico.mx\\\/\"},{\"@type\":\"ListItem\",\"position\":2,\"name\":\"As\u00ed reacciona L\u00f3pez Obrador a la gira in\u00e9dita con Sheinbaum\"}]},{\"@type\":\"WebSite\",\"@id\":\"https:\\\/\\\/quehacerpolitico.mx\\\/#website\",\"url\":\"https:\\\/\\\/quehacerpolitico.mx\\\/\",\"name\":\"\",\"description\":\"\",\"potentialAction\":[{\"@type\":\"SearchAction\",\"target\":{\"@type\":\"EntryPoint\",\"urlTemplate\":\"https:\\\/\\\/quehacerpolitico.mx\\\/?s={search_term_string}\"},\"query-input\":{\"@type\":\"PropertyValueSpecification\",\"valueRequired\":true,\"valueName\":\"search_term_string\"}}],\"inLanguage\":\"es\"},{\"@type\":\"Person\",\"@id\":\"https:\\\/\\\/quehacerpolitico.mx\\\/#\\\/schema\\\/person\\\/496d8ad2d1d3f8036101dca7ee39e585\",\"name\":\"Redacci\u00f3n QP\",\"image\":{\"@type\":\"ImageObject\",\"inLanguage\":\"es\",\"@id\":\"https:\\\/\\\/secure.gravatar.com\\\/avatar\\\/c7164ed6fdec453195284ad24a5ae5b6e1eed2b848477fa2a4787ba9adf39a41?s=96&d=mm&r=g\",\"url\":\"https:\\\/\\\/secure.gravatar.com\\\/avatar\\\/c7164ed6fdec453195284ad24a5ae5b6e1eed2b848477fa2a4787ba9adf39a41?s=96&d=mm&r=g\",\"contentUrl\":\"https:\\\/\\\/secure.gravatar.com\\\/avatar\\\/c7164ed6fdec453195284ad24a5ae5b6e1eed2b848477fa2a4787ba9adf39a41?s=96&d=mm&r=g\",\"caption\":\"Redacci\u00f3n QP\"},\"url\":\"https:\\\/\\\/quehacerpolitico.mx\\\/?author=2\"}]}<\/script>\n<!-- \/ Yoast SEO plugin. -->","yoast_head_json":{"title":"As\u00ed reacciona L\u00f3pez Obrador a la gira in\u00e9dita con Sheinbaum -","robots":{"index":"index","follow":"follow","max-snippet":"max-snippet:-1","max-image-preview":"max-image-preview:large","max-video-preview":"max-video-preview:-1"},"canonical":"https:\/\/quehacerpolitico.mx\/?p=110822","og_locale":"es_MX","og_type":"article","og_title":"As\u00ed reacciona L\u00f3pez Obrador a la gira in\u00e9dita con Sheinbaum -","og_description":"Por Redacci\u00f3n QP L\u00f3pez Obrador asegur\u00f3 que su Gobierno entregar\u00e1 muy pocos proyectos pendientes a...","og_url":"https:\/\/quehacerpolitico.mx\/?p=110822","article_published_time":"2024-06-17T17:50:19+00:00","article_modified_time":"2024-06-17T17:50:21+00:00","og_image":[{"width":1284,"height":825,"url":"https:\/\/quehacerpolitico.mx\/wp-content\/uploads\/2024\/06\/IMG_6306.jpeg","type":"image\/jpeg"}],"author":"Redacci\u00f3n QP","twitter_card":"summary_large_image","twitter_misc":{"Escrito por":"Redacci\u00f3n QP","Tiempo de lectura":"2 minutos"},"schema":{"@context":"https:\/\/schema.org","@graph":[{"@type":"Article","@id":"https:\/\/quehacerpolitico.mx\/?p=110822#article","isPartOf":{"@id":"https:\/\/quehacerpolitico.mx\/?p=110822"},"author":{"name":"Redacci\u00f3n QP","@id":"https:\/\/quehacerpolitico.mx\/#\/schema\/person\/496d8ad2d1d3f8036101dca7ee39e585"},"headline":"As\u00ed reacciona L\u00f3pez Obrador a la gira in\u00e9dita con Sheinbaum","datePublished":"2024-06-17T17:50:19+00:00","dateModified":"2024-06-17T17:50:21+00:00","mainEntityOfPage":{"@id":"https:\/\/quehacerpolitico.mx\/?p=110822"},"wordCount":481,"commentCount":0,"image":{"@id":"https:\/\/quehacerpolitico.mx\/?p=110822#primaryimage"},"thumbnailUrl":"https:\/\/quehacerpolitico.mx\/wp-content\/uploads\/2024\/06\/IMG_6306.jpeg","articleSection":["Noticias"],"inLanguage":"es","potentialAction":[{"@type":"CommentAction","name":"Comment","target":["https:\/\/quehacerpolitico.mx\/?p=110822#respond"]}]},{"@type":"WebPage","@id":"https:\/\/quehacerpolitico.mx\/?p=110822","url":"https:\/\/quehacerpolitico.mx\/?p=110822","name":"As\u00ed reacciona L\u00f3pez Obrador a la gira in\u00e9dita con Sheinbaum -","isPartOf":{"@id":"https:\/\/quehacerpolitico.mx\/#website"},"primaryImageOfPage":{"@id":"https:\/\/quehacerpolitico.mx\/?p=110822#primaryimage"},"image":{"@id":"https:\/\/quehacerpolitico.mx\/?p=110822#primaryimage"},"thumbnailUrl":"https:\/\/quehacerpolitico.mx\/wp-content\/uploads\/2024\/06\/IMG_6306.jpeg","datePublished":"2024-06-17T17:50:19+00:00","dateModified":"2024-06-17T17:50:21+00:00","author":{"@id":"https:\/\/quehacerpolitico.mx\/#\/schema\/person\/496d8ad2d1d3f8036101dca7ee39e585"},"breadcrumb":{"@id":"https:\/\/quehacerpolitico.mx\/?p=110822#breadcrumb"},"inLanguage":"es","potentialAction":[{"@type":"ReadAction","target":["https:\/\/quehacerpolitico.mx\/?p=110822"]}]},{"@type":"ImageObject","inLanguage":"es","@id":"https:\/\/quehacerpolitico.mx\/?p=110822#primaryimage","url":"https:\/\/quehacerpolitico.mx\/wp-content\/uploads\/2024\/06\/IMG_6306.jpeg","contentUrl":"https:\/\/quehacerpolitico.mx\/wp-content\/uploads\/2024\/06\/IMG_6306.jpeg","width":1284,"height":825,"caption":"Screenshot"},{"@type":"BreadcrumbList","@id":"https:\/\/quehacerpolitico.mx\/?p=110822#breadcrumb","itemListElement":[{"@type":"ListItem","position":1,"name":"Inicio","item":"https:\/\/quehacerpolitico.mx\/"},{"@type":"ListItem","position":2,"name":"As\u00ed reacciona L\u00f3pez Obrador a la gira in\u00e9dita con Sheinbaum"}]},{"@type":"WebSite","@id":"https:\/\/quehacerpolitico.mx\/#website","url":"https:\/\/quehacerpolitico.mx\/","name":"","description":"","potentialAction":[{"@type":"SearchAction","target":{"@type":"EntryPoint","urlTemplate":"https:\/\/quehacerpolitico.mx\/?s={search_term_string}"},"query-input":{"@type":"PropertyValueSpecification","valueRequired":true,"valueName":"search_term_string"}}],"inLanguage":"es"},{"@type":"Person","@id":"https:\/\/quehacerpolitico.mx\/#\/schema\/person\/496d8ad2d1d3f8036101dca7ee39e585","name":"Redacci\u00f3n QP","image":{"@type":"ImageObject","inLanguage":"es","@id":"https:\/\/secure.gravatar.com\/avatar\/c7164ed6fdec453195284ad24a5ae5b6e1eed2b848477fa2a4787ba9adf39a41?s=96&d=mm&r=g","url":"https:\/\/secure.gravatar.com\/avatar\/c7164ed6fdec453195284ad24a5ae5b6e1eed2b848477fa2a4787ba9adf39a41?s=96&d=mm&r=g","contentUrl":"https:\/\/secure.gravatar.com\/avatar\/c7164ed6fdec453195284ad24a5ae5b6e1eed2b848477fa2a4787ba9adf39a41?s=96&d=mm&r=g","caption":"Redacci\u00f3n QP"},"url":"https:\/\/quehacerpolitico.mx\/?author=2"}]}},"featured_image_urls":{"full":["https:\/\/quehacerpolitico.mx\/wp-content\/uploads\/2024\/06\/IMG_6306.jpeg",1284,825,false],"thumbnail":["https:\/\/quehacerpolitico.mx\/wp-content\/uploads\/2024\/06\/IMG_6306-150x150.jpeg",150,150,true],"medium":["https:\/\/quehacerpolitico.mx\/wp-content\/uploads\/2024\/06\/IMG_6306-300x193.jpeg",300,193,true],"medium_large":["https:\/\/quehacerpolitico.mx\/wp-content\/uploads\/2024\/06\/IMG_6306-768x493.jpeg",640,411,true],"large":["https:\/\/quehacerpolitico.mx\/wp-content\/uploads\/2024\/06\/IMG_6306-1024x658.jpeg",640,411,true],"1536x1536":["https:\/\/quehacerpolitico.mx\/wp-content\/uploads\/2024\/06\/IMG_6306.jpeg",1284,825,false],"2048x2048":["https:\/\/quehacerpolitico.mx\/wp-content\/uploads\/2024\/06\/IMG_6306.jpeg",1284,825,false],"covernews-featured":["https:\/\/quehacerpolitico.mx\/wp-content\/uploads\/2024\/06\/IMG_6306.jpeg",1024,658,false],"covernews-medium":["https:\/\/quehacerpolitico.mx\/wp-content\/uploads\/2024\/06\/IMG_6306.jpeg",529,340,false]},"author_info":{"display_name":"Redacci\u00f3n QP","author_link":"https:\/\/quehacerpolitico.mx\/?author=2"},"category_info":"<a href=\"https:\/\/quehacerpolitico.mx\/?cat=2\" rel=\"category\">Noticias<\/a>","tag_info":"Noticias","comment_count":"0","_links":{"self":[{"href":"https:\/\/quehacerpolitico.mx\/index.php?rest_route=\/wp\/v2\/posts\/110822","targetHints":{"allow":["GET"]}}],"collection":[{"href":"https:\/\/quehacerpolitico.mx\/index.php?rest_route=\/wp\/v2\/posts"}],"about":[{"href":"https:\/\/quehacerpolitico.mx\/index.php?rest_route=\/wp\/v2\/types\/post"}],"author":[{"embeddable":true,"href":"https:\/\/quehacerpolitico.mx\/index.php?rest_route=\/wp\/v2\/users\/2"}],"replies":[{"embeddable":true,"href":"https:\/\/quehacerpolitico.mx\/index.php?rest_route=%2Fwp%2Fv2%2Fcomments&post=110822"}],"version-history":[{"count":1,"href":"https:\/\/quehacerpolitico.mx\/index.php?rest_route=\/wp\/v2\/posts\/110822\/revisions"}],"predecessor-version":[{"id":110824,"href":"https:\/\/quehacerpolitico.mx\/index.php?rest_route=\/wp\/v2\/posts\/110822\/revisions\/110824"}],"wp:featuredmedia":[{"embeddable":true,"href":"https:\/\/quehacerpolitico.mx\/index.php?rest_route=\/wp\/v2\/media\/110823"}],"wp:attachment":[{"href":"https:\/\/quehacerpolitico.mx\/index.php?rest_route=%2Fwp%2Fv2%2Fmedia&parent=110822"}],"wp:term":[{"taxonomy":"category","embeddable":true,"href":"https:\/\/quehacerpolitico.mx\/index.php?rest_route=%2Fwp%2Fv2%2Fcategories&post=110822"},{"taxonomy":"post_tag","embeddable":true,"href":"https:\/\/quehacerpolitico.mx\/index.php?rest_route=%2Fwp%2Fv2%2Ftags&post=110822"}],"curies":[{"name":"wp","href":"https:\/\/api.w.org\/{rel}","templated":true}]}}