{"id":110783,"date":"2024-06-13T19:19:25","date_gmt":"2024-06-13T19:19:25","guid":{"rendered":"https:\/\/quehacerpolitico.mx\/?p=110783"},"modified":"2024-06-13T19:19:27","modified_gmt":"2024-06-13T19:19:27","slug":"la-industria-cinematografica-mexicana-ha-visto-un-repunte-en-sus-producciones-y-se-ha-estabilizado-maria-novaro-directora-general-del-imcine","status":"publish","type":"post","link":"https:\/\/quehacerpolitico.mx\/?p=110783","title":{"rendered":"\u201cLa industria cinematogr\u00e1fica mexicana ha visto un repunte en sus producciones y se ha estabilizado\u201d: Mar\u00eda Novaro, directora general del IMCINE"},"content":{"rendered":"\n<p>Por Redacci\u00f3n QP<\/p>\n\n\n\n<p>Durante la presentaci\u00f3n del\u00a0\u201cAnuario estad\u00edstico de cine mexicano 2023\u201d, se revel\u00f3 que en los \u00faltimos tres a\u00f1os se han producido\u00a0en promedio 250 largometrajes mexicanos de manera anual<\/p>\n\n\n\n<p><strong>Luego de la situaci\u00f3n que se vivi\u00f3 durante el a\u00f1o 2020 debido a la pandemia, \u201cla industria cinematogr\u00e1fica mexicana ha visto un repunte en sus producciones y se ha estabilizado\u201d, opin\u00f3 Mar\u00eda Novaro<\/strong>, directora general del Instituto Mexicano de Cinematograf\u00eda (Imcine), el d\u00eda de hoy\u00a0durante la presentaci\u00f3n del\u00a0\u201cAnuario estad\u00edstico de cine mexicano 2023\u201d, en el marco del FICG: \u201cTodo cay\u00f3 estrepitosamente y la exhibici\u00f3n ni se diga, las cifras que estamos dando son de recuperaci\u00f3n post pandemia.\u00a0En los a\u00f1os 2021, 2022 y ahora el 2023 se han producido en promedio 250 largometrajes mexicanos por a\u00f1o, lo cual es una recuperaci\u00f3n asombrosa\u00a0y es un n\u00famero r\u00e9cord para el cine mexicano\u201d.<\/p>\n\n\n\n<figure class=\"wp-block-embed is-type-video is-provider-youtube wp-block-embed-youtube wp-embed-aspect-16-9 wp-has-aspect-ratio\"><div class=\"wp-block-embed__wrapper\">\n<iframe loading=\"lazy\" title=\"ANUARIO 2023, los datos duros, la salud del cine mexicano \ud83d\udcfd\ufe0f\" width=\"640\" height=\"360\" src=\"https:\/\/www.youtube.com\/embed\/u-znOUK7QxY?feature=oembed\" frameborder=\"0\" allow=\"accelerometer; autoplay; clipboard-write; encrypted-media; gyroscope; picture-in-picture; web-share\" referrerpolicy=\"strict-origin-when-cross-origin\" allowfullscreen><\/iframe>\n<\/div><\/figure>\n\n\n\n<p>La directora del Imcine dio a conocer que entre los datos m\u00e1s destacados est\u00e1 que durante el a\u00f1o pasado se produjeron un total de 234 largometrajes, de los cuales el 59% fueron del g\u00e9nero de ficci\u00f3n (137) mientras que hubo 87 documentales, cinco largometrajes de animaci\u00f3n y cinco m\u00e1s experimentales.<\/p>\n\n\n\n<p><strong>La cifra de largometrajes supera incluso a los n\u00fameros que hab\u00eda antes de la pandemia, ya que en los a\u00f1os 2018 y 2019 fueron un total de 186 y 216 producciones de este tipo respectivamente<\/strong>: \u201cNunca en nuestra historia se hab\u00eda producido tanto cine mexicano como el que se ha producido en estos tres a\u00f1os despu\u00e9s de la pandemia\u201d, dijo la funcionaria.<\/p>\n\n\n\n<p>Adem\u00e1s,&nbsp;hubo un total de 808 cortometrajes, mientras que las producciones con apoyos p\u00fablicos crecieron hasta el 44%, aunque los apoyos desde este sector comenzaron a decrecer tras el incremento registrado en los meses posteriores a la pandemia, los cuales fueron considerados normales.&nbsp;<\/p>\n\n\n\n<p>Otro punto que fue destacado es que\u00a0<strong>se increment\u00f3 el n\u00famero de producciones de cine realizadas en Estados del pa\u00eds y no s\u00f3lo en la Ciudad de M\u00e9xico<\/strong>, aunque esta entidad es la que sigue concentrando el mayor n\u00famero de cintas con un total del 57.5% de los largometrajes; sin embargo, Mar\u00eda Novaro precis\u00f3 que Jalisco ha comenzado a ganar terreno y ya es el segundo lugar a nivel nacional.<\/p>\n\n\n\n<p><strong>Sobre la falta de proyecci\u00f3n de muchas cintas, Novaro explic\u00f3 que deber\u00e1 haber una revisi\u00f3n del T-MEC para que las grandes empresas que proyectan pel\u00edculas difundan cintas nacionales<\/strong>: \u201cEsa vigencia del Tratado de Libre Comercio impidi\u00f3 que el cine mexicano llegara a las salas de cine y provoc\u00f3 un duopolio. Hemos hecho un mont\u00f3n de actividades para que el cine mexicano pueda ser visto en otros espacios\u201d, finaliz\u00f3.<\/p>\n","protected":false},"excerpt":{"rendered":"<p>Por Redacci\u00f3n QP Durante la presentaci\u00f3n del\u00a0\u201cAnuario estad\u00edstico de cine mexicano 2023\u201d, se revel\u00f3 que&#8230;<\/p>\n","protected":false},"author":2,"featured_media":110784,"comment_status":"open","ping_status":"open","sticky":false,"template":"","format":"standard","meta":{"_monsterinsights_skip_tracking":false,"_monsterinsights_sitenote_active":false,"_monsterinsights_sitenote_note":"","_monsterinsights_sitenote_category":0,"footnotes":""},"categories":[58],"tags":[],"class_list":["post-110783","post","type-post","status-publish","format-standard","has-post-thumbnail","hentry","category-cultura"],"yoast_head":"<!-- This site is optimized with the Yoast SEO plugin v27.3 - https:\/\/yoast.com\/product\/yoast-seo-wordpress\/ -->\n<title>\u201cLa industria cinematogr\u00e1fica mexicana ha visto un repunte en sus producciones y se ha estabilizado\u201d: Mar\u00eda Novaro, directora general del IMCINE -<\/title>\n<meta name=\"robots\" content=\"index, follow, max-snippet:-1, max-image-preview:large, max-video-preview:-1\" \/>\n<link rel=\"canonical\" href=\"https:\/\/quehacerpolitico.mx\/?p=110783\" \/>\n<meta property=\"og:locale\" content=\"es_MX\" \/>\n<meta property=\"og:type\" content=\"article\" \/>\n<meta property=\"og:title\" content=\"\u201cLa industria cinematogr\u00e1fica mexicana ha visto un repunte en sus producciones y se ha estabilizado\u201d: Mar\u00eda Novaro, directora general del IMCINE -\" \/>\n<meta property=\"og:description\" content=\"Por Redacci\u00f3n QP Durante la presentaci\u00f3n del\u00a0\u201cAnuario estad\u00edstico de cine mexicano 2023\u201d, se revel\u00f3 que...\" \/>\n<meta property=\"og:url\" content=\"https:\/\/quehacerpolitico.mx\/?p=110783\" \/>\n<meta property=\"article:published_time\" content=\"2024-06-13T19:19:25+00:00\" \/>\n<meta property=\"article:modified_time\" content=\"2024-06-13T19:19:27+00:00\" \/>\n<meta property=\"og:image\" content=\"https:\/\/quehacerpolitico.mx\/wp-content\/uploads\/2024\/06\/IMG_6255.jpeg\" \/>\n\t<meta property=\"og:image:width\" content=\"385\" \/>\n\t<meta property=\"og:image:height\" content=\"227\" \/>\n\t<meta property=\"og:image:type\" content=\"image\/jpeg\" \/>\n<meta name=\"author\" content=\"Redacci\u00f3n QP\" \/>\n<meta name=\"twitter:card\" content=\"summary_large_image\" \/>\n<meta name=\"twitter:label1\" content=\"Escrito por\" \/>\n\t<meta name=\"twitter:data1\" content=\"Redacci\u00f3n QP\" \/>\n\t<meta name=\"twitter:label2\" content=\"Tiempo de lectura\" \/>\n\t<meta name=\"twitter:data2\" content=\"2 minutos\" \/>\n<script type=\"application\/ld+json\" class=\"yoast-schema-graph\">{\"@context\":\"https:\\\/\\\/schema.org\",\"@graph\":[{\"@type\":\"Article\",\"@id\":\"https:\\\/\\\/quehacerpolitico.mx\\\/?p=110783#article\",\"isPartOf\":{\"@id\":\"https:\\\/\\\/quehacerpolitico.mx\\\/?p=110783\"},\"author\":{\"name\":\"Redacci\u00f3n QP\",\"@id\":\"https:\\\/\\\/quehacerpolitico.mx\\\/#\\\/schema\\\/person\\\/496d8ad2d1d3f8036101dca7ee39e585\"},\"headline\":\"\u201cLa industria cinematogr\u00e1fica mexicana ha visto un repunte en sus producciones y se ha estabilizado\u201d: Mar\u00eda Novaro, directora general del IMCINE\",\"datePublished\":\"2024-06-13T19:19:25+00:00\",\"dateModified\":\"2024-06-13T19:19:27+00:00\",\"mainEntityOfPage\":{\"@id\":\"https:\\\/\\\/quehacerpolitico.mx\\\/?p=110783\"},\"wordCount\":496,\"commentCount\":0,\"image\":{\"@id\":\"https:\\\/\\\/quehacerpolitico.mx\\\/?p=110783#primaryimage\"},\"thumbnailUrl\":\"https:\\\/\\\/quehacerpolitico.mx\\\/wp-content\\\/uploads\\\/2024\\\/06\\\/IMG_6255.jpeg\",\"articleSection\":[\"Cultura y Entretenimiento\"],\"inLanguage\":\"es\",\"potentialAction\":[{\"@type\":\"CommentAction\",\"name\":\"Comment\",\"target\":[\"https:\\\/\\\/quehacerpolitico.mx\\\/?p=110783#respond\"]}]},{\"@type\":\"WebPage\",\"@id\":\"https:\\\/\\\/quehacerpolitico.mx\\\/?p=110783\",\"url\":\"https:\\\/\\\/quehacerpolitico.mx\\\/?p=110783\",\"name\":\"\u201cLa industria cinematogr\u00e1fica mexicana ha visto un repunte en sus producciones y se ha estabilizado\u201d: Mar\u00eda Novaro, directora general del IMCINE -\",\"isPartOf\":{\"@id\":\"https:\\\/\\\/quehacerpolitico.mx\\\/#website\"},\"primaryImageOfPage\":{\"@id\":\"https:\\\/\\\/quehacerpolitico.mx\\\/?p=110783#primaryimage\"},\"image\":{\"@id\":\"https:\\\/\\\/quehacerpolitico.mx\\\/?p=110783#primaryimage\"},\"thumbnailUrl\":\"https:\\\/\\\/quehacerpolitico.mx\\\/wp-content\\\/uploads\\\/2024\\\/06\\\/IMG_6255.jpeg\",\"datePublished\":\"2024-06-13T19:19:25+00:00\",\"dateModified\":\"2024-06-13T19:19:27+00:00\",\"author\":{\"@id\":\"https:\\\/\\\/quehacerpolitico.mx\\\/#\\\/schema\\\/person\\\/496d8ad2d1d3f8036101dca7ee39e585\"},\"breadcrumb\":{\"@id\":\"https:\\\/\\\/quehacerpolitico.mx\\\/?p=110783#breadcrumb\"},\"inLanguage\":\"es\",\"potentialAction\":[{\"@type\":\"ReadAction\",\"target\":[\"https:\\\/\\\/quehacerpolitico.mx\\\/?p=110783\"]}]},{\"@type\":\"ImageObject\",\"inLanguage\":\"es\",\"@id\":\"https:\\\/\\\/quehacerpolitico.mx\\\/?p=110783#primaryimage\",\"url\":\"https:\\\/\\\/quehacerpolitico.mx\\\/wp-content\\\/uploads\\\/2024\\\/06\\\/IMG_6255.jpeg\",\"contentUrl\":\"https:\\\/\\\/quehacerpolitico.mx\\\/wp-content\\\/uploads\\\/2024\\\/06\\\/IMG_6255.jpeg\",\"width\":385,\"height\":227},{\"@type\":\"BreadcrumbList\",\"@id\":\"https:\\\/\\\/quehacerpolitico.mx\\\/?p=110783#breadcrumb\",\"itemListElement\":[{\"@type\":\"ListItem\",\"position\":1,\"name\":\"Inicio\",\"item\":\"https:\\\/\\\/quehacerpolitico.mx\\\/\"},{\"@type\":\"ListItem\",\"position\":2,\"name\":\"\u201cLa industria cinematogr\u00e1fica mexicana ha visto un repunte en sus producciones y se ha estabilizado\u201d: Mar\u00eda Novaro, directora general del IMCINE\"}]},{\"@type\":\"WebSite\",\"@id\":\"https:\\\/\\\/quehacerpolitico.mx\\\/#website\",\"url\":\"https:\\\/\\\/quehacerpolitico.mx\\\/\",\"name\":\"\",\"description\":\"\",\"potentialAction\":[{\"@type\":\"SearchAction\",\"target\":{\"@type\":\"EntryPoint\",\"urlTemplate\":\"https:\\\/\\\/quehacerpolitico.mx\\\/?s={search_term_string}\"},\"query-input\":{\"@type\":\"PropertyValueSpecification\",\"valueRequired\":true,\"valueName\":\"search_term_string\"}}],\"inLanguage\":\"es\"},{\"@type\":\"Person\",\"@id\":\"https:\\\/\\\/quehacerpolitico.mx\\\/#\\\/schema\\\/person\\\/496d8ad2d1d3f8036101dca7ee39e585\",\"name\":\"Redacci\u00f3n QP\",\"image\":{\"@type\":\"ImageObject\",\"inLanguage\":\"es\",\"@id\":\"https:\\\/\\\/secure.gravatar.com\\\/avatar\\\/c7164ed6fdec453195284ad24a5ae5b6e1eed2b848477fa2a4787ba9adf39a41?s=96&d=mm&r=g\",\"url\":\"https:\\\/\\\/secure.gravatar.com\\\/avatar\\\/c7164ed6fdec453195284ad24a5ae5b6e1eed2b848477fa2a4787ba9adf39a41?s=96&d=mm&r=g\",\"contentUrl\":\"https:\\\/\\\/secure.gravatar.com\\\/avatar\\\/c7164ed6fdec453195284ad24a5ae5b6e1eed2b848477fa2a4787ba9adf39a41?s=96&d=mm&r=g\",\"caption\":\"Redacci\u00f3n QP\"},\"url\":\"https:\\\/\\\/quehacerpolitico.mx\\\/?author=2\"}]}<\/script>\n<!-- \/ Yoast SEO plugin. -->","yoast_head_json":{"title":"\u201cLa industria cinematogr\u00e1fica mexicana ha visto un repunte en sus producciones y se ha estabilizado\u201d: Mar\u00eda Novaro, directora general del IMCINE -","robots":{"index":"index","follow":"follow","max-snippet":"max-snippet:-1","max-image-preview":"max-image-preview:large","max-video-preview":"max-video-preview:-1"},"canonical":"https:\/\/quehacerpolitico.mx\/?p=110783","og_locale":"es_MX","og_type":"article","og_title":"\u201cLa industria cinematogr\u00e1fica mexicana ha visto un repunte en sus producciones y se ha estabilizado\u201d: Mar\u00eda Novaro, directora general del IMCINE -","og_description":"Por Redacci\u00f3n QP Durante la presentaci\u00f3n del\u00a0\u201cAnuario estad\u00edstico de cine mexicano 2023\u201d, se revel\u00f3 que...","og_url":"https:\/\/quehacerpolitico.mx\/?p=110783","article_published_time":"2024-06-13T19:19:25+00:00","article_modified_time":"2024-06-13T19:19:27+00:00","og_image":[{"width":385,"height":227,"url":"https:\/\/quehacerpolitico.mx\/wp-content\/uploads\/2024\/06\/IMG_6255.jpeg","type":"image\/jpeg"}],"author":"Redacci\u00f3n QP","twitter_card":"summary_large_image","twitter_misc":{"Escrito por":"Redacci\u00f3n QP","Tiempo de lectura":"2 minutos"},"schema":{"@context":"https:\/\/schema.org","@graph":[{"@type":"Article","@id":"https:\/\/quehacerpolitico.mx\/?p=110783#article","isPartOf":{"@id":"https:\/\/quehacerpolitico.mx\/?p=110783"},"author":{"name":"Redacci\u00f3n QP","@id":"https:\/\/quehacerpolitico.mx\/#\/schema\/person\/496d8ad2d1d3f8036101dca7ee39e585"},"headline":"\u201cLa industria cinematogr\u00e1fica mexicana ha visto un repunte en sus producciones y se ha estabilizado\u201d: Mar\u00eda Novaro, directora general del IMCINE","datePublished":"2024-06-13T19:19:25+00:00","dateModified":"2024-06-13T19:19:27+00:00","mainEntityOfPage":{"@id":"https:\/\/quehacerpolitico.mx\/?p=110783"},"wordCount":496,"commentCount":0,"image":{"@id":"https:\/\/quehacerpolitico.mx\/?p=110783#primaryimage"},"thumbnailUrl":"https:\/\/quehacerpolitico.mx\/wp-content\/uploads\/2024\/06\/IMG_6255.jpeg","articleSection":["Cultura y Entretenimiento"],"inLanguage":"es","potentialAction":[{"@type":"CommentAction","name":"Comment","target":["https:\/\/quehacerpolitico.mx\/?p=110783#respond"]}]},{"@type":"WebPage","@id":"https:\/\/quehacerpolitico.mx\/?p=110783","url":"https:\/\/quehacerpolitico.mx\/?p=110783","name":"\u201cLa industria cinematogr\u00e1fica mexicana ha visto un repunte en sus producciones y se ha estabilizado\u201d: Mar\u00eda Novaro, directora general del IMCINE -","isPartOf":{"@id":"https:\/\/quehacerpolitico.mx\/#website"},"primaryImageOfPage":{"@id":"https:\/\/quehacerpolitico.mx\/?p=110783#primaryimage"},"image":{"@id":"https:\/\/quehacerpolitico.mx\/?p=110783#primaryimage"},"thumbnailUrl":"https:\/\/quehacerpolitico.mx\/wp-content\/uploads\/2024\/06\/IMG_6255.jpeg","datePublished":"2024-06-13T19:19:25+00:00","dateModified":"2024-06-13T19:19:27+00:00","author":{"@id":"https:\/\/quehacerpolitico.mx\/#\/schema\/person\/496d8ad2d1d3f8036101dca7ee39e585"},"breadcrumb":{"@id":"https:\/\/quehacerpolitico.mx\/?p=110783#breadcrumb"},"inLanguage":"es","potentialAction":[{"@type":"ReadAction","target":["https:\/\/quehacerpolitico.mx\/?p=110783"]}]},{"@type":"ImageObject","inLanguage":"es","@id":"https:\/\/quehacerpolitico.mx\/?p=110783#primaryimage","url":"https:\/\/quehacerpolitico.mx\/wp-content\/uploads\/2024\/06\/IMG_6255.jpeg","contentUrl":"https:\/\/quehacerpolitico.mx\/wp-content\/uploads\/2024\/06\/IMG_6255.jpeg","width":385,"height":227},{"@type":"BreadcrumbList","@id":"https:\/\/quehacerpolitico.mx\/?p=110783#breadcrumb","itemListElement":[{"@type":"ListItem","position":1,"name":"Inicio","item":"https:\/\/quehacerpolitico.mx\/"},{"@type":"ListItem","position":2,"name":"\u201cLa industria cinematogr\u00e1fica mexicana ha visto un repunte en sus producciones y se ha estabilizado\u201d: Mar\u00eda Novaro, directora general del IMCINE"}]},{"@type":"WebSite","@id":"https:\/\/quehacerpolitico.mx\/#website","url":"https:\/\/quehacerpolitico.mx\/","name":"","description":"","potentialAction":[{"@type":"SearchAction","target":{"@type":"EntryPoint","urlTemplate":"https:\/\/quehacerpolitico.mx\/?s={search_term_string}"},"query-input":{"@type":"PropertyValueSpecification","valueRequired":true,"valueName":"search_term_string"}}],"inLanguage":"es"},{"@type":"Person","@id":"https:\/\/quehacerpolitico.mx\/#\/schema\/person\/496d8ad2d1d3f8036101dca7ee39e585","name":"Redacci\u00f3n QP","image":{"@type":"ImageObject","inLanguage":"es","@id":"https:\/\/secure.gravatar.com\/avatar\/c7164ed6fdec453195284ad24a5ae5b6e1eed2b848477fa2a4787ba9adf39a41?s=96&d=mm&r=g","url":"https:\/\/secure.gravatar.com\/avatar\/c7164ed6fdec453195284ad24a5ae5b6e1eed2b848477fa2a4787ba9adf39a41?s=96&d=mm&r=g","contentUrl":"https:\/\/secure.gravatar.com\/avatar\/c7164ed6fdec453195284ad24a5ae5b6e1eed2b848477fa2a4787ba9adf39a41?s=96&d=mm&r=g","caption":"Redacci\u00f3n QP"},"url":"https:\/\/quehacerpolitico.mx\/?author=2"}]}},"featured_image_urls":{"full":["https:\/\/quehacerpolitico.mx\/wp-content\/uploads\/2024\/06\/IMG_6255.jpeg",385,227,false],"thumbnail":["https:\/\/quehacerpolitico.mx\/wp-content\/uploads\/2024\/06\/IMG_6255-150x150.jpeg",150,150,true],"medium":["https:\/\/quehacerpolitico.mx\/wp-content\/uploads\/2024\/06\/IMG_6255-300x177.jpeg",300,177,true],"medium_large":["https:\/\/quehacerpolitico.mx\/wp-content\/uploads\/2024\/06\/IMG_6255.jpeg",385,227,false],"large":["https:\/\/quehacerpolitico.mx\/wp-content\/uploads\/2024\/06\/IMG_6255.jpeg",385,227,false],"1536x1536":["https:\/\/quehacerpolitico.mx\/wp-content\/uploads\/2024\/06\/IMG_6255.jpeg",385,227,false],"2048x2048":["https:\/\/quehacerpolitico.mx\/wp-content\/uploads\/2024\/06\/IMG_6255.jpeg",385,227,false],"covernews-featured":["https:\/\/quehacerpolitico.mx\/wp-content\/uploads\/2024\/06\/IMG_6255.jpeg",385,227,false],"covernews-medium":["https:\/\/quehacerpolitico.mx\/wp-content\/uploads\/2024\/06\/IMG_6255.jpeg",385,227,false]},"author_info":{"display_name":"Redacci\u00f3n QP","author_link":"https:\/\/quehacerpolitico.mx\/?author=2"},"category_info":"<a href=\"https:\/\/quehacerpolitico.mx\/?cat=58\" rel=\"category\">Cultura y Entretenimiento<\/a>","tag_info":"Cultura y Entretenimiento","comment_count":"0","_links":{"self":[{"href":"https:\/\/quehacerpolitico.mx\/index.php?rest_route=\/wp\/v2\/posts\/110783","targetHints":{"allow":["GET"]}}],"collection":[{"href":"https:\/\/quehacerpolitico.mx\/index.php?rest_route=\/wp\/v2\/posts"}],"about":[{"href":"https:\/\/quehacerpolitico.mx\/index.php?rest_route=\/wp\/v2\/types\/post"}],"author":[{"embeddable":true,"href":"https:\/\/quehacerpolitico.mx\/index.php?rest_route=\/wp\/v2\/users\/2"}],"replies":[{"embeddable":true,"href":"https:\/\/quehacerpolitico.mx\/index.php?rest_route=%2Fwp%2Fv2%2Fcomments&post=110783"}],"version-history":[{"count":1,"href":"https:\/\/quehacerpolitico.mx\/index.php?rest_route=\/wp\/v2\/posts\/110783\/revisions"}],"predecessor-version":[{"id":110785,"href":"https:\/\/quehacerpolitico.mx\/index.php?rest_route=\/wp\/v2\/posts\/110783\/revisions\/110785"}],"wp:featuredmedia":[{"embeddable":true,"href":"https:\/\/quehacerpolitico.mx\/index.php?rest_route=\/wp\/v2\/media\/110784"}],"wp:attachment":[{"href":"https:\/\/quehacerpolitico.mx\/index.php?rest_route=%2Fwp%2Fv2%2Fmedia&parent=110783"}],"wp:term":[{"taxonomy":"category","embeddable":true,"href":"https:\/\/quehacerpolitico.mx\/index.php?rest_route=%2Fwp%2Fv2%2Fcategories&post=110783"},{"taxonomy":"post_tag","embeddable":true,"href":"https:\/\/quehacerpolitico.mx\/index.php?rest_route=%2Fwp%2Fv2%2Ftags&post=110783"}],"curies":[{"name":"wp","href":"https:\/\/api.w.org\/{rel}","templated":true}]}}