{"id":110668,"date":"2024-06-07T19:38:19","date_gmt":"2024-06-07T19:38:19","guid":{"rendered":"https:\/\/quehacerpolitico.mx\/?p=110668"},"modified":"2024-06-07T19:38:21","modified_gmt":"2024-06-07T19:38:21","slug":"amlo-apapacho-con-un-mensaje-a-claudia-sheimbaum-y-dice-que-sus-hijos-podran-participar-en-el-gobierno","status":"publish","type":"post","link":"https:\/\/quehacerpolitico.mx\/?p=110668","title":{"rendered":"AMLO apapach\u00f3 con un mensaje a Claudia Sheimbaum y dice que sus hijos podr\u00e1n participar en el gobierno"},"content":{"rendered":"\n<p>Por Redacci\u00f3n QP<\/p>\n\n\n\n<p>El presidente Andr\u00e9s Manuel L\u00f3pez Obrador revel\u00f3 este viernes el mensaje que le envi\u00f3 a la virtual ganadora de las elecciones, Claudia Sheinbaum, cuando fue el cierre de su campa\u00f1a, adem\u00e1s de reafirmar su retiro de la vida pol\u00edtica una vez que termine su mandato, del que s\u00f3lo saldr\u00eda, dijo, si \u201cme llama mi presidenta\u201d.<\/p>\n\n\n\n<p>\u201cAunque pienso igual que t\u00fa sobre que el poder es humildad, la verdad, la verdad, estoy muy orgulloso. T\u00fa eres lo mejor que le ha pasado al pa\u00eds en estos tiempos. No cabe duda que M\u00e9xico y su pueblo est\u00e1n benditos\u201d, fue el mensaje que mand\u00f3 el presidente\u00a0<strong>L\u00f3pez Obrador<\/strong>\u00a0a Sheinbaum.<\/p>\n\n\n\n<figure class=\"wp-block-embed is-type-rich is-provider-twitter wp-block-embed-twitter\"><div class=\"wp-block-embed__wrapper\">\n<blockquote class=\"twitter-tweet\" data-width=\"550\" data-dnt=\"true\"><p lang=\"es\" dir=\"ltr\">AMLO apapach\u00f3 con este mensaje a Claudia Sheimbaum: &quot;Eres lo mejor que le ha pasado al pa\u00eds en estos tiempos&quot;<br><br>El lunes comer\u00e1n en Palacio Nacional para hablar de la transici\u00f3n<a href=\"https:\/\/t.co\/XosO9fKaYG\">pic.twitter.com\/XosO9fKaYG<\/a><\/p>&mdash; Manuel Lopez San Martin (@MLopezSanMartin) <a href=\"https:\/\/twitter.com\/MLopezSanMartin\/status\/1799117616004698211?ref_src=twsrc%5Etfw\">June 7, 2024<\/a><\/blockquote><script async src=\"https:\/\/platform.twitter.com\/widgets.js\" charset=\"utf-8\"><\/script>\n<\/div><\/figure>\n\n\n\n<p>En su conferencia matutina, L\u00f3pez Obrador afirm\u00f3 que el lunes se reunir\u00e1 con&nbsp;<strong>Claudia Sheinbaum&nbsp;<\/strong>para platicar sobre la&nbsp;<strong>transici\u00f3n<\/strong>de gobierno.<\/p>\n\n\n\n<p>Por otra parte, el&nbsp;<strong>mandatario<\/strong>&nbsp;federal afirm\u00f3 que ahora sus hijos son libres ya de participar en la pol\u00edtica, pero que no lo van a representar, y se\u00f1al\u00f3 que les sugiri\u00f3 difundir una carta de aclaraci\u00f3n de todo lo que hicieron durante el&nbsp;<strong>actual sexenio.<\/strong>&nbsp;\u201cAclaren todo, no dejen nada pendiente\u201d, dijo.<\/p>\n\n\n\n<p>\u201cEllos son libres de seguir participando, pero no me van a representar. Yo concluyo y no voy a tener representante. S\u00f3lo atender\u00eda un llamado de mi\u00a0<strong>presidenta<\/strong>, haciendo uso de mi derecho a disentir\u201d, apunt\u00f3.<\/p>\n\n\n\n<figure class=\"wp-block-embed is-type-rich is-provider-twitter wp-block-embed-twitter\"><div class=\"wp-block-embed__wrapper\">\n<blockquote class=\"twitter-tweet\" data-width=\"550\" data-dnt=\"true\"><p lang=\"es\" dir=\"ltr\">Vienen los hijos de AMLO&#8230;<br><br>Dice que podr\u00e1n participar cuando \u00e9l se retire, &quot;pero tienen que aclarar todo&quot; <a href=\"https:\/\/t.co\/RoXSjiL5FY\">pic.twitter.com\/RoXSjiL5FY<\/a><\/p>&mdash; Manuel Lopez San Martin (@MLopezSanMartin) <a href=\"https:\/\/twitter.com\/MLopezSanMartin\/status\/1799114347148636469?ref_src=twsrc%5Etfw\">June 7, 2024<\/a><\/blockquote><script async src=\"https:\/\/platform.twitter.com\/widgets.js\" charset=\"utf-8\"><\/script>\n<\/div><\/figure>\n\n\n\n<p>Y agreg\u00f3: \u201cVan a sacar un documento (sus hijos), se los suger\u00ed. No dejen nada pendiente y aguanten, porque cuando se lucha por una causa justa, siempre se padece, se sufre, es la cuota de humillaci\u00f3n, a la que hago referencia\u201d.<\/p>\n\n\n\n<p>El 15 de abril,&nbsp;<strong>L\u00f3pez Obrador<\/strong>&nbsp;afirm\u00f3 que despu\u00e9s de las elecciones realizar\u00e1 un recorrido de agradecimiento por el pa\u00eds, con los precursores del movimiento que encabeza, antes de entregar la banda presidencial, pues, afirm\u00f3 que despu\u00e9s de que termine su&nbsp;<strong>gobierno<\/strong>&nbsp;se jubilar\u00e1 por completo de la vida pol\u00edtica.<\/p>\n\n\n\n<p>\u201cDespu\u00e9s del d\u00eda 2 (de junio) voy a recorrer todo el pa\u00eds, no voy a poder recorrer todas las regiones, pero cuando menos s\u00ed voy a estar en todos los estados, antes de entregar la&nbsp;<strong>banda presidencial&nbsp;<\/strong>para despedirme y sobre todo, dar gracias a la gente\u201d.<\/p>\n\n\n\n<p>\u201cAgradecer a la gente por su apoyo, por su respaldo, porque siempre hemos contado con su acompa\u00f1amiento, lo que hemos hecho ha sido producto del\u00a0<strong>esfuerzo<\/strong>, de las fatigas de millones de mexicanos, esa es a una transformaci\u00f3n que se inici\u00f3 y contin\u00faa impulsada desde abajo\u201d, se\u00f1alo.<\/p>\n","protected":false},"excerpt":{"rendered":"<p>Por Redacci\u00f3n QP El presidente Andr\u00e9s Manuel L\u00f3pez Obrador revel\u00f3 este viernes el mensaje que&#8230;<\/p>\n","protected":false},"author":2,"featured_media":110669,"comment_status":"open","ping_status":"open","sticky":false,"template":"","format":"standard","meta":{"_monsterinsights_skip_tracking":false,"_monsterinsights_sitenote_active":false,"_monsterinsights_sitenote_note":"","_monsterinsights_sitenote_category":0,"footnotes":""},"categories":[2],"tags":[],"class_list":["post-110668","post","type-post","status-publish","format-standard","has-post-thumbnail","hentry","category-noticias"],"yoast_head":"<!-- This site is optimized with the Yoast SEO plugin v27.3 - https:\/\/yoast.com\/product\/yoast-seo-wordpress\/ -->\n<title>AMLO apapach\u00f3 con un mensaje a Claudia Sheimbaum y dice que sus hijos podr\u00e1n participar en el gobierno -<\/title>\n<meta name=\"robots\" content=\"index, follow, max-snippet:-1, max-image-preview:large, max-video-preview:-1\" \/>\n<link rel=\"canonical\" href=\"https:\/\/quehacerpolitico.mx\/?p=110668\" \/>\n<meta property=\"og:locale\" content=\"es_MX\" \/>\n<meta property=\"og:type\" content=\"article\" \/>\n<meta property=\"og:title\" content=\"AMLO apapach\u00f3 con un mensaje a Claudia Sheimbaum y dice que sus hijos podr\u00e1n participar en el gobierno -\" \/>\n<meta property=\"og:description\" content=\"Por Redacci\u00f3n QP El presidente Andr\u00e9s Manuel L\u00f3pez Obrador revel\u00f3 este viernes el mensaje que...\" \/>\n<meta property=\"og:url\" content=\"https:\/\/quehacerpolitico.mx\/?p=110668\" \/>\n<meta property=\"article:published_time\" content=\"2024-06-07T19:38:19+00:00\" \/>\n<meta property=\"article:modified_time\" content=\"2024-06-07T19:38:21+00:00\" \/>\n<meta property=\"og:image\" content=\"https:\/\/quehacerpolitico.mx\/wp-content\/uploads\/2024\/06\/IMG_6139.jpeg\" \/>\n\t<meta property=\"og:image:width\" content=\"1284\" \/>\n\t<meta property=\"og:image:height\" content=\"716\" \/>\n\t<meta property=\"og:image:type\" content=\"image\/jpeg\" \/>\n<meta name=\"author\" content=\"Redacci\u00f3n QP\" \/>\n<meta name=\"twitter:card\" content=\"summary_large_image\" \/>\n<meta name=\"twitter:label1\" content=\"Escrito por\" \/>\n\t<meta name=\"twitter:data1\" content=\"Redacci\u00f3n QP\" \/>\n\t<meta name=\"twitter:label2\" content=\"Tiempo de lectura\" \/>\n\t<meta name=\"twitter:data2\" content=\"2 minutos\" \/>\n<script type=\"application\/ld+json\" class=\"yoast-schema-graph\">{\"@context\":\"https:\\\/\\\/schema.org\",\"@graph\":[{\"@type\":\"Article\",\"@id\":\"https:\\\/\\\/quehacerpolitico.mx\\\/?p=110668#article\",\"isPartOf\":{\"@id\":\"https:\\\/\\\/quehacerpolitico.mx\\\/?p=110668\"},\"author\":{\"name\":\"Redacci\u00f3n QP\",\"@id\":\"https:\\\/\\\/quehacerpolitico.mx\\\/#\\\/schema\\\/person\\\/496d8ad2d1d3f8036101dca7ee39e585\"},\"headline\":\"AMLO apapach\u00f3 con un mensaje a Claudia Sheimbaum y dice que sus hijos podr\u00e1n participar en el gobierno\",\"datePublished\":\"2024-06-07T19:38:19+00:00\",\"dateModified\":\"2024-06-07T19:38:21+00:00\",\"mainEntityOfPage\":{\"@id\":\"https:\\\/\\\/quehacerpolitico.mx\\\/?p=110668\"},\"wordCount\":487,\"commentCount\":0,\"image\":{\"@id\":\"https:\\\/\\\/quehacerpolitico.mx\\\/?p=110668#primaryimage\"},\"thumbnailUrl\":\"https:\\\/\\\/quehacerpolitico.mx\\\/wp-content\\\/uploads\\\/2024\\\/06\\\/IMG_6139.jpeg\",\"articleSection\":[\"Noticias\"],\"inLanguage\":\"es\",\"potentialAction\":[{\"@type\":\"CommentAction\",\"name\":\"Comment\",\"target\":[\"https:\\\/\\\/quehacerpolitico.mx\\\/?p=110668#respond\"]}]},{\"@type\":\"WebPage\",\"@id\":\"https:\\\/\\\/quehacerpolitico.mx\\\/?p=110668\",\"url\":\"https:\\\/\\\/quehacerpolitico.mx\\\/?p=110668\",\"name\":\"AMLO apapach\u00f3 con un mensaje a Claudia Sheimbaum y dice que sus hijos podr\u00e1n participar en el gobierno -\",\"isPartOf\":{\"@id\":\"https:\\\/\\\/quehacerpolitico.mx\\\/#website\"},\"primaryImageOfPage\":{\"@id\":\"https:\\\/\\\/quehacerpolitico.mx\\\/?p=110668#primaryimage\"},\"image\":{\"@id\":\"https:\\\/\\\/quehacerpolitico.mx\\\/?p=110668#primaryimage\"},\"thumbnailUrl\":\"https:\\\/\\\/quehacerpolitico.mx\\\/wp-content\\\/uploads\\\/2024\\\/06\\\/IMG_6139.jpeg\",\"datePublished\":\"2024-06-07T19:38:19+00:00\",\"dateModified\":\"2024-06-07T19:38:21+00:00\",\"author\":{\"@id\":\"https:\\\/\\\/quehacerpolitico.mx\\\/#\\\/schema\\\/person\\\/496d8ad2d1d3f8036101dca7ee39e585\"},\"breadcrumb\":{\"@id\":\"https:\\\/\\\/quehacerpolitico.mx\\\/?p=110668#breadcrumb\"},\"inLanguage\":\"es\",\"potentialAction\":[{\"@type\":\"ReadAction\",\"target\":[\"https:\\\/\\\/quehacerpolitico.mx\\\/?p=110668\"]}]},{\"@type\":\"ImageObject\",\"inLanguage\":\"es\",\"@id\":\"https:\\\/\\\/quehacerpolitico.mx\\\/?p=110668#primaryimage\",\"url\":\"https:\\\/\\\/quehacerpolitico.mx\\\/wp-content\\\/uploads\\\/2024\\\/06\\\/IMG_6139.jpeg\",\"contentUrl\":\"https:\\\/\\\/quehacerpolitico.mx\\\/wp-content\\\/uploads\\\/2024\\\/06\\\/IMG_6139.jpeg\",\"width\":1284,\"height\":716,\"caption\":\"Screenshot\"},{\"@type\":\"BreadcrumbList\",\"@id\":\"https:\\\/\\\/quehacerpolitico.mx\\\/?p=110668#breadcrumb\",\"itemListElement\":[{\"@type\":\"ListItem\",\"position\":1,\"name\":\"Inicio\",\"item\":\"https:\\\/\\\/quehacerpolitico.mx\\\/\"},{\"@type\":\"ListItem\",\"position\":2,\"name\":\"AMLO apapach\u00f3 con un mensaje a Claudia Sheimbaum y dice que sus hijos podr\u00e1n participar en el gobierno\"}]},{\"@type\":\"WebSite\",\"@id\":\"https:\\\/\\\/quehacerpolitico.mx\\\/#website\",\"url\":\"https:\\\/\\\/quehacerpolitico.mx\\\/\",\"name\":\"\",\"description\":\"\",\"potentialAction\":[{\"@type\":\"SearchAction\",\"target\":{\"@type\":\"EntryPoint\",\"urlTemplate\":\"https:\\\/\\\/quehacerpolitico.mx\\\/?s={search_term_string}\"},\"query-input\":{\"@type\":\"PropertyValueSpecification\",\"valueRequired\":true,\"valueName\":\"search_term_string\"}}],\"inLanguage\":\"es\"},{\"@type\":\"Person\",\"@id\":\"https:\\\/\\\/quehacerpolitico.mx\\\/#\\\/schema\\\/person\\\/496d8ad2d1d3f8036101dca7ee39e585\",\"name\":\"Redacci\u00f3n QP\",\"image\":{\"@type\":\"ImageObject\",\"inLanguage\":\"es\",\"@id\":\"https:\\\/\\\/secure.gravatar.com\\\/avatar\\\/c7164ed6fdec453195284ad24a5ae5b6e1eed2b848477fa2a4787ba9adf39a41?s=96&d=mm&r=g\",\"url\":\"https:\\\/\\\/secure.gravatar.com\\\/avatar\\\/c7164ed6fdec453195284ad24a5ae5b6e1eed2b848477fa2a4787ba9adf39a41?s=96&d=mm&r=g\",\"contentUrl\":\"https:\\\/\\\/secure.gravatar.com\\\/avatar\\\/c7164ed6fdec453195284ad24a5ae5b6e1eed2b848477fa2a4787ba9adf39a41?s=96&d=mm&r=g\",\"caption\":\"Redacci\u00f3n QP\"},\"url\":\"https:\\\/\\\/quehacerpolitico.mx\\\/?author=2\"}]}<\/script>\n<!-- \/ Yoast SEO plugin. -->","yoast_head_json":{"title":"AMLO apapach\u00f3 con un mensaje a Claudia Sheimbaum y dice que sus hijos podr\u00e1n participar en el gobierno -","robots":{"index":"index","follow":"follow","max-snippet":"max-snippet:-1","max-image-preview":"max-image-preview:large","max-video-preview":"max-video-preview:-1"},"canonical":"https:\/\/quehacerpolitico.mx\/?p=110668","og_locale":"es_MX","og_type":"article","og_title":"AMLO apapach\u00f3 con un mensaje a Claudia Sheimbaum y dice que sus hijos podr\u00e1n participar en el gobierno -","og_description":"Por Redacci\u00f3n QP El presidente Andr\u00e9s Manuel L\u00f3pez Obrador revel\u00f3 este viernes el mensaje que...","og_url":"https:\/\/quehacerpolitico.mx\/?p=110668","article_published_time":"2024-06-07T19:38:19+00:00","article_modified_time":"2024-06-07T19:38:21+00:00","og_image":[{"width":1284,"height":716,"url":"https:\/\/quehacerpolitico.mx\/wp-content\/uploads\/2024\/06\/IMG_6139.jpeg","type":"image\/jpeg"}],"author":"Redacci\u00f3n QP","twitter_card":"summary_large_image","twitter_misc":{"Escrito por":"Redacci\u00f3n QP","Tiempo de lectura":"2 minutos"},"schema":{"@context":"https:\/\/schema.org","@graph":[{"@type":"Article","@id":"https:\/\/quehacerpolitico.mx\/?p=110668#article","isPartOf":{"@id":"https:\/\/quehacerpolitico.mx\/?p=110668"},"author":{"name":"Redacci\u00f3n QP","@id":"https:\/\/quehacerpolitico.mx\/#\/schema\/person\/496d8ad2d1d3f8036101dca7ee39e585"},"headline":"AMLO apapach\u00f3 con un mensaje a Claudia Sheimbaum y dice que sus hijos podr\u00e1n participar en el gobierno","datePublished":"2024-06-07T19:38:19+00:00","dateModified":"2024-06-07T19:38:21+00:00","mainEntityOfPage":{"@id":"https:\/\/quehacerpolitico.mx\/?p=110668"},"wordCount":487,"commentCount":0,"image":{"@id":"https:\/\/quehacerpolitico.mx\/?p=110668#primaryimage"},"thumbnailUrl":"https:\/\/quehacerpolitico.mx\/wp-content\/uploads\/2024\/06\/IMG_6139.jpeg","articleSection":["Noticias"],"inLanguage":"es","potentialAction":[{"@type":"CommentAction","name":"Comment","target":["https:\/\/quehacerpolitico.mx\/?p=110668#respond"]}]},{"@type":"WebPage","@id":"https:\/\/quehacerpolitico.mx\/?p=110668","url":"https:\/\/quehacerpolitico.mx\/?p=110668","name":"AMLO apapach\u00f3 con un mensaje a Claudia Sheimbaum y dice que sus hijos podr\u00e1n participar en el gobierno -","isPartOf":{"@id":"https:\/\/quehacerpolitico.mx\/#website"},"primaryImageOfPage":{"@id":"https:\/\/quehacerpolitico.mx\/?p=110668#primaryimage"},"image":{"@id":"https:\/\/quehacerpolitico.mx\/?p=110668#primaryimage"},"thumbnailUrl":"https:\/\/quehacerpolitico.mx\/wp-content\/uploads\/2024\/06\/IMG_6139.jpeg","datePublished":"2024-06-07T19:38:19+00:00","dateModified":"2024-06-07T19:38:21+00:00","author":{"@id":"https:\/\/quehacerpolitico.mx\/#\/schema\/person\/496d8ad2d1d3f8036101dca7ee39e585"},"breadcrumb":{"@id":"https:\/\/quehacerpolitico.mx\/?p=110668#breadcrumb"},"inLanguage":"es","potentialAction":[{"@type":"ReadAction","target":["https:\/\/quehacerpolitico.mx\/?p=110668"]}]},{"@type":"ImageObject","inLanguage":"es","@id":"https:\/\/quehacerpolitico.mx\/?p=110668#primaryimage","url":"https:\/\/quehacerpolitico.mx\/wp-content\/uploads\/2024\/06\/IMG_6139.jpeg","contentUrl":"https:\/\/quehacerpolitico.mx\/wp-content\/uploads\/2024\/06\/IMG_6139.jpeg","width":1284,"height":716,"caption":"Screenshot"},{"@type":"BreadcrumbList","@id":"https:\/\/quehacerpolitico.mx\/?p=110668#breadcrumb","itemListElement":[{"@type":"ListItem","position":1,"name":"Inicio","item":"https:\/\/quehacerpolitico.mx\/"},{"@type":"ListItem","position":2,"name":"AMLO apapach\u00f3 con un mensaje a Claudia Sheimbaum y dice que sus hijos podr\u00e1n participar en el gobierno"}]},{"@type":"WebSite","@id":"https:\/\/quehacerpolitico.mx\/#website","url":"https:\/\/quehacerpolitico.mx\/","name":"","description":"","potentialAction":[{"@type":"SearchAction","target":{"@type":"EntryPoint","urlTemplate":"https:\/\/quehacerpolitico.mx\/?s={search_term_string}"},"query-input":{"@type":"PropertyValueSpecification","valueRequired":true,"valueName":"search_term_string"}}],"inLanguage":"es"},{"@type":"Person","@id":"https:\/\/quehacerpolitico.mx\/#\/schema\/person\/496d8ad2d1d3f8036101dca7ee39e585","name":"Redacci\u00f3n QP","image":{"@type":"ImageObject","inLanguage":"es","@id":"https:\/\/secure.gravatar.com\/avatar\/c7164ed6fdec453195284ad24a5ae5b6e1eed2b848477fa2a4787ba9adf39a41?s=96&d=mm&r=g","url":"https:\/\/secure.gravatar.com\/avatar\/c7164ed6fdec453195284ad24a5ae5b6e1eed2b848477fa2a4787ba9adf39a41?s=96&d=mm&r=g","contentUrl":"https:\/\/secure.gravatar.com\/avatar\/c7164ed6fdec453195284ad24a5ae5b6e1eed2b848477fa2a4787ba9adf39a41?s=96&d=mm&r=g","caption":"Redacci\u00f3n QP"},"url":"https:\/\/quehacerpolitico.mx\/?author=2"}]}},"featured_image_urls":{"full":["https:\/\/quehacerpolitico.mx\/wp-content\/uploads\/2024\/06\/IMG_6139.jpeg",1284,716,false],"thumbnail":["https:\/\/quehacerpolitico.mx\/wp-content\/uploads\/2024\/06\/IMG_6139-150x150.jpeg",150,150,true],"medium":["https:\/\/quehacerpolitico.mx\/wp-content\/uploads\/2024\/06\/IMG_6139-300x167.jpeg",300,167,true],"medium_large":["https:\/\/quehacerpolitico.mx\/wp-content\/uploads\/2024\/06\/IMG_6139-768x428.jpeg",640,357,true],"large":["https:\/\/quehacerpolitico.mx\/wp-content\/uploads\/2024\/06\/IMG_6139-1024x571.jpeg",640,357,true],"1536x1536":["https:\/\/quehacerpolitico.mx\/wp-content\/uploads\/2024\/06\/IMG_6139.jpeg",1284,716,false],"2048x2048":["https:\/\/quehacerpolitico.mx\/wp-content\/uploads\/2024\/06\/IMG_6139.jpeg",1284,716,false],"covernews-featured":["https:\/\/quehacerpolitico.mx\/wp-content\/uploads\/2024\/06\/IMG_6139.jpeg",1024,571,false],"covernews-medium":["https:\/\/quehacerpolitico.mx\/wp-content\/uploads\/2024\/06\/IMG_6139.jpeg",540,301,false]},"author_info":{"display_name":"Redacci\u00f3n QP","author_link":"https:\/\/quehacerpolitico.mx\/?author=2"},"category_info":"<a href=\"https:\/\/quehacerpolitico.mx\/?cat=2\" rel=\"category\">Noticias<\/a>","tag_info":"Noticias","comment_count":"0","_links":{"self":[{"href":"https:\/\/quehacerpolitico.mx\/index.php?rest_route=\/wp\/v2\/posts\/110668","targetHints":{"allow":["GET"]}}],"collection":[{"href":"https:\/\/quehacerpolitico.mx\/index.php?rest_route=\/wp\/v2\/posts"}],"about":[{"href":"https:\/\/quehacerpolitico.mx\/index.php?rest_route=\/wp\/v2\/types\/post"}],"author":[{"embeddable":true,"href":"https:\/\/quehacerpolitico.mx\/index.php?rest_route=\/wp\/v2\/users\/2"}],"replies":[{"embeddable":true,"href":"https:\/\/quehacerpolitico.mx\/index.php?rest_route=%2Fwp%2Fv2%2Fcomments&post=110668"}],"version-history":[{"count":1,"href":"https:\/\/quehacerpolitico.mx\/index.php?rest_route=\/wp\/v2\/posts\/110668\/revisions"}],"predecessor-version":[{"id":110670,"href":"https:\/\/quehacerpolitico.mx\/index.php?rest_route=\/wp\/v2\/posts\/110668\/revisions\/110670"}],"wp:featuredmedia":[{"embeddable":true,"href":"https:\/\/quehacerpolitico.mx\/index.php?rest_route=\/wp\/v2\/media\/110669"}],"wp:attachment":[{"href":"https:\/\/quehacerpolitico.mx\/index.php?rest_route=%2Fwp%2Fv2%2Fmedia&parent=110668"}],"wp:term":[{"taxonomy":"category","embeddable":true,"href":"https:\/\/quehacerpolitico.mx\/index.php?rest_route=%2Fwp%2Fv2%2Fcategories&post=110668"},{"taxonomy":"post_tag","embeddable":true,"href":"https:\/\/quehacerpolitico.mx\/index.php?rest_route=%2Fwp%2Fv2%2Ftags&post=110668"}],"curies":[{"name":"wp","href":"https:\/\/api.w.org\/{rel}","templated":true}]}}