{"id":110665,"date":"2024-06-07T19:21:12","date_gmt":"2024-06-07T19:21:12","guid":{"rendered":"https:\/\/quehacerpolitico.mx\/?p=110665"},"modified":"2024-06-07T19:21:14","modified_gmt":"2024-06-07T19:21:14","slug":"la-justicia-esta-por-encima-de-los-mercados-responde-amlo-y-asegura-que-la-reforma-al-poder-judicial-saldra-en-este-sexenio","status":"publish","type":"post","link":"https:\/\/quehacerpolitico.mx\/?p=110665","title":{"rendered":"\u201cLa justicia est\u00e1 por encima de los mercados&#8221;, responde AMLO y asegura que la reforma al poder judicial saldr\u00e1 en este sexenio"},"content":{"rendered":"\n<p>Por Redacci\u00f3n QP<\/p>\n\n\n\n<p>El presidente de M\u00e9xico,&nbsp;<strong>Andr\u00e9s Manuel L\u00f3pez Obrador<\/strong>, insisti\u00f3 este viernes en que se debe de reformar al&nbsp;<strong>Poder Judicial&nbsp;<\/strong>de la Federaci\u00f3n y que se tendr\u00e1 que hacer \u201cde manera ordenada, sin autoritarismos\u201d y convocando a todos los&nbsp;<strong>interesados<\/strong>&nbsp;para que se discuta&nbsp;<\/p>\n\n\n\n<p>En conferencia de prensa,<strong>\u00a0L\u00f3pez Obrador<\/strong>\u00a0dio esta declaraci\u00f3n luego de que indic\u00f3 que integrantes del sindicato del\u00a0<strong>Poder Judicial<\/strong> dieron \u201cel visto bueno\u201d a su reforma, siempre y cuando, se les garanticen sus derechos laborales.<\/p>\n\n\n\n<p>\u201cEsa actitud del\u00a0<strong>Poder Judicial\u00a0<\/strong>me gust\u00f3 mucho, la declaraci\u00f3n, porque dicen, estamos de acuerdo en que se reforme el Poder Judicial y queremos ser tomados en cuenta, queremos que se garantice que no se nos van a afectar nuestros\u00a0<strong>derechos laborales<\/strong>. Pues claro que no, se le va a afectar sus derechos laborales, pero si ellos participan, pues se van a dar cuenta de cu\u00e1l es el prop\u00f3sito de la reforma\u201d, se\u00f1al\u00f3.<\/p>\n\n\n\n<figure class=\"wp-block-embed is-type-rich is-provider-twitter wp-block-embed-twitter\"><div class=\"wp-block-embed__wrapper\">\n<blockquote class=\"twitter-tweet\" data-width=\"550\" data-dnt=\"true\"><p lang=\"es\" dir=\"ltr\">-Reportera: \u00bfSacar la reforma (al poder Judicial) a cualquier costo? Desde el punto de vista financiero \u00bfno puede afectar la estabilidad?<br><br>-&quot;La justicia est\u00e1 por encima de los mercados&quot;, responde AMLO y asegura que la reforma saldr\u00e1 en este sexenio <a href=\"https:\/\/t.co\/LhG2GfSyvY\">pic.twitter.com\/LhG2GfSyvY<\/a><\/p>&mdash; Manuel Lopez San Martin (@MLopezSanMartin) <a href=\"https:\/\/twitter.com\/MLopezSanMartin\/status\/1799105153024635088?ref_src=twsrc%5Etfw\">June 7, 2024<\/a><\/blockquote><script async src=\"https:\/\/platform.twitter.com\/widgets.js\" charset=\"utf-8\"><\/script>\n<\/div><\/figure>\n\n\n\n<p>De igual forma,&nbsp;<strong>L\u00f3pez Obrador&nbsp;<\/strong>indic\u00f3 que dicha reforma beneficia a todos los mexicanos, hasta a los que est\u00e1n en contra, ya que con la reforma se contar\u00e1 con \u201ccon jueces, magistrados, ministros incorruptibles que est\u00e9n al servicio del pueblo, y no de particulares\u201d.<\/p>\n\n\n\n<p>\u201cEsto le conviene hasta los de arriba, hasta esos que supuestamente est\u00e1n&nbsp;<strong>nerviosos<\/strong>, nada m\u00e1s que son cuadrados, nos conviene a todos. \u00bfPor qu\u00e9 el pa\u00eds est\u00e1 progresando, entre otras cosas? Porque no se permite la&nbsp;<strong>corrupci\u00f3n<\/strong>&nbsp;y si hay que reformar el Poder Judicial, vamos a hacerlo\u201d apunt\u00f3.<\/p>\n\n\n\n<p>Asimismo, el mandatario federal, admiti\u00f3 que la reforma al\u00a0<strong>Poder Judicial<\/strong>\u00a0es la que est\u00e1 poniendo m\u00e1s \u201cnervioso\u201d al\u00a0<strong>mercado<\/strong>, ya que afirm\u00f3 que hay\u00a0<strong>ministros<\/strong>\u00a0que son empleados de las grandes corporaciones.<\/p>\n\n\n\n<p>\u201cEs hasta vergonzoso, pero hay\u00a0<strong>ministros<\/strong>\u00a0que son como empleados de las grandes corporaciones, de los magnates, empleados, por eso el\u00a0<strong>Poder Judicial<\/strong>\u00a0en vez de impartir justicia para el pueblo y hacer valer el\u00a0<strong>Estado de derecho<\/strong>\u00a0se ha convertido en un poder faccioso, al servicio de una minor\u00eda, de la delincuencia organizada y de la delincuencia de cuello blanco\u201d, apunt\u00f3.<\/p>\n\n\n\n<figure class=\"wp-block-embed is-type-rich is-provider-twitter wp-block-embed-twitter\"><div class=\"wp-block-embed__wrapper\">\n<blockquote class=\"twitter-tweet\" data-width=\"550\" data-dnt=\"true\"><p lang=\"es\" dir=\"ltr\">Tras ca\u00edda del peso por el anuncio de legisladores de Morena, AMLO dice:<br><br>&quot;Es natural, normal, que se den vaivenes&quot; <a href=\"https:\/\/t.co\/2Wge3Gr85L\">pic.twitter.com\/2Wge3Gr85L<\/a><\/p>&mdash; Manuel Lopez San Martin (@MLopezSanMartin) <a href=\"https:\/\/twitter.com\/MLopezSanMartin\/status\/1799097004213285212?ref_src=twsrc%5Etfw\">June 7, 2024<\/a><\/blockquote><script async src=\"https:\/\/platform.twitter.com\/widgets.js\" charset=\"utf-8\"><\/script>\n<\/div><\/figure>\n\n\n\n<p>Ayer, el\u00a0<strong>peso<\/strong>\u00a0se hundi\u00f3 nuevamente y la bolsa cedi\u00f3 gran parte del terreno que hab\u00eda recuperado, debido a que se avivaron las preocupaciones de que el pr\u00f3ximo\u00a0<strong>Congreso<\/strong> avale un paquete de profundas reformas promovidas por el presidente L\u00f3pez Obrador, vistas como radicales por los mercados, entre estas la del Poder Judicial.<\/p>\n\n\n\n<p>\u201cEs evidente que es un riesgo la aprobaci\u00f3n de estas reformas\u201d, afirm\u00f3\u00a0<strong>Gabriela Siller<\/strong>, directora de an\u00e1lisis de la firma Banco Base.<\/p>\n\n\n\n<p><em>Con informaci\u00f3n de Reuters<\/em><\/p>\n","protected":false},"excerpt":{"rendered":"<p>Por Redacci\u00f3n QP El presidente de M\u00e9xico,&nbsp;Andr\u00e9s Manuel L\u00f3pez Obrador, insisti\u00f3 este viernes en que&#8230;<\/p>\n","protected":false},"author":2,"featured_media":110666,"comment_status":"open","ping_status":"open","sticky":false,"template":"","format":"standard","meta":{"_monsterinsights_skip_tracking":false,"_monsterinsights_sitenote_active":false,"_monsterinsights_sitenote_note":"","_monsterinsights_sitenote_category":0,"footnotes":""},"categories":[2],"tags":[],"class_list":["post-110665","post","type-post","status-publish","format-standard","has-post-thumbnail","hentry","category-noticias"],"yoast_head":"<!-- This site is optimized with the Yoast SEO plugin v27.3 - https:\/\/yoast.com\/product\/yoast-seo-wordpress\/ -->\n<title>\u201cLa justicia est\u00e1 por encima de los mercados&quot;, responde AMLO y asegura que la reforma al poder judicial saldr\u00e1 en este sexenio -<\/title>\n<meta name=\"robots\" content=\"index, follow, max-snippet:-1, max-image-preview:large, max-video-preview:-1\" \/>\n<link rel=\"canonical\" href=\"https:\/\/quehacerpolitico.mx\/?p=110665\" \/>\n<meta property=\"og:locale\" content=\"es_MX\" \/>\n<meta property=\"og:type\" content=\"article\" \/>\n<meta property=\"og:title\" content=\"\u201cLa justicia est\u00e1 por encima de los mercados&quot;, responde AMLO y asegura que la reforma al poder judicial saldr\u00e1 en este sexenio -\" \/>\n<meta property=\"og:description\" content=\"Por Redacci\u00f3n QP El presidente de M\u00e9xico,&nbsp;Andr\u00e9s Manuel L\u00f3pez Obrador, insisti\u00f3 este viernes en que...\" \/>\n<meta property=\"og:url\" content=\"https:\/\/quehacerpolitico.mx\/?p=110665\" \/>\n<meta property=\"article:published_time\" content=\"2024-06-07T19:21:12+00:00\" \/>\n<meta property=\"article:modified_time\" content=\"2024-06-07T19:21:14+00:00\" \/>\n<meta property=\"og:image\" content=\"https:\/\/quehacerpolitico.mx\/wp-content\/uploads\/2024\/06\/IMG_6138.jpeg\" \/>\n\t<meta property=\"og:image:width\" content=\"1284\" \/>\n\t<meta property=\"og:image:height\" content=\"713\" \/>\n\t<meta property=\"og:image:type\" content=\"image\/jpeg\" \/>\n<meta name=\"author\" content=\"Redacci\u00f3n QP\" \/>\n<meta name=\"twitter:card\" content=\"summary_large_image\" \/>\n<meta name=\"twitter:label1\" content=\"Escrito por\" \/>\n\t<meta name=\"twitter:data1\" content=\"Redacci\u00f3n QP\" \/>\n\t<meta name=\"twitter:label2\" content=\"Tiempo de lectura\" \/>\n\t<meta name=\"twitter:data2\" content=\"2 minutos\" \/>\n<script type=\"application\/ld+json\" class=\"yoast-schema-graph\">{\"@context\":\"https:\\\/\\\/schema.org\",\"@graph\":[{\"@type\":\"Article\",\"@id\":\"https:\\\/\\\/quehacerpolitico.mx\\\/?p=110665#article\",\"isPartOf\":{\"@id\":\"https:\\\/\\\/quehacerpolitico.mx\\\/?p=110665\"},\"author\":{\"name\":\"Redacci\u00f3n QP\",\"@id\":\"https:\\\/\\\/quehacerpolitico.mx\\\/#\\\/schema\\\/person\\\/496d8ad2d1d3f8036101dca7ee39e585\"},\"headline\":\"\u201cLa justicia est\u00e1 por encima de los mercados&#8221;, responde AMLO y asegura que la reforma al poder judicial saldr\u00e1 en este sexenio\",\"datePublished\":\"2024-06-07T19:21:12+00:00\",\"dateModified\":\"2024-06-07T19:21:14+00:00\",\"mainEntityOfPage\":{\"@id\":\"https:\\\/\\\/quehacerpolitico.mx\\\/?p=110665\"},\"wordCount\":504,\"commentCount\":0,\"image\":{\"@id\":\"https:\\\/\\\/quehacerpolitico.mx\\\/?p=110665#primaryimage\"},\"thumbnailUrl\":\"https:\\\/\\\/quehacerpolitico.mx\\\/wp-content\\\/uploads\\\/2024\\\/06\\\/IMG_6138.jpeg\",\"articleSection\":[\"Noticias\"],\"inLanguage\":\"es\",\"potentialAction\":[{\"@type\":\"CommentAction\",\"name\":\"Comment\",\"target\":[\"https:\\\/\\\/quehacerpolitico.mx\\\/?p=110665#respond\"]}]},{\"@type\":\"WebPage\",\"@id\":\"https:\\\/\\\/quehacerpolitico.mx\\\/?p=110665\",\"url\":\"https:\\\/\\\/quehacerpolitico.mx\\\/?p=110665\",\"name\":\"\u201cLa justicia est\u00e1 por encima de los mercados\\\", responde AMLO y asegura que la reforma al poder judicial saldr\u00e1 en este sexenio -\",\"isPartOf\":{\"@id\":\"https:\\\/\\\/quehacerpolitico.mx\\\/#website\"},\"primaryImageOfPage\":{\"@id\":\"https:\\\/\\\/quehacerpolitico.mx\\\/?p=110665#primaryimage\"},\"image\":{\"@id\":\"https:\\\/\\\/quehacerpolitico.mx\\\/?p=110665#primaryimage\"},\"thumbnailUrl\":\"https:\\\/\\\/quehacerpolitico.mx\\\/wp-content\\\/uploads\\\/2024\\\/06\\\/IMG_6138.jpeg\",\"datePublished\":\"2024-06-07T19:21:12+00:00\",\"dateModified\":\"2024-06-07T19:21:14+00:00\",\"author\":{\"@id\":\"https:\\\/\\\/quehacerpolitico.mx\\\/#\\\/schema\\\/person\\\/496d8ad2d1d3f8036101dca7ee39e585\"},\"breadcrumb\":{\"@id\":\"https:\\\/\\\/quehacerpolitico.mx\\\/?p=110665#breadcrumb\"},\"inLanguage\":\"es\",\"potentialAction\":[{\"@type\":\"ReadAction\",\"target\":[\"https:\\\/\\\/quehacerpolitico.mx\\\/?p=110665\"]}]},{\"@type\":\"ImageObject\",\"inLanguage\":\"es\",\"@id\":\"https:\\\/\\\/quehacerpolitico.mx\\\/?p=110665#primaryimage\",\"url\":\"https:\\\/\\\/quehacerpolitico.mx\\\/wp-content\\\/uploads\\\/2024\\\/06\\\/IMG_6138.jpeg\",\"contentUrl\":\"https:\\\/\\\/quehacerpolitico.mx\\\/wp-content\\\/uploads\\\/2024\\\/06\\\/IMG_6138.jpeg\",\"width\":1284,\"height\":713,\"caption\":\"Screenshot\"},{\"@type\":\"BreadcrumbList\",\"@id\":\"https:\\\/\\\/quehacerpolitico.mx\\\/?p=110665#breadcrumb\",\"itemListElement\":[{\"@type\":\"ListItem\",\"position\":1,\"name\":\"Inicio\",\"item\":\"https:\\\/\\\/quehacerpolitico.mx\\\/\"},{\"@type\":\"ListItem\",\"position\":2,\"name\":\"\u201cLa justicia est\u00e1 por encima de los mercados&#8221;, responde AMLO y asegura que la reforma al poder judicial saldr\u00e1 en este sexenio\"}]},{\"@type\":\"WebSite\",\"@id\":\"https:\\\/\\\/quehacerpolitico.mx\\\/#website\",\"url\":\"https:\\\/\\\/quehacerpolitico.mx\\\/\",\"name\":\"\",\"description\":\"\",\"potentialAction\":[{\"@type\":\"SearchAction\",\"target\":{\"@type\":\"EntryPoint\",\"urlTemplate\":\"https:\\\/\\\/quehacerpolitico.mx\\\/?s={search_term_string}\"},\"query-input\":{\"@type\":\"PropertyValueSpecification\",\"valueRequired\":true,\"valueName\":\"search_term_string\"}}],\"inLanguage\":\"es\"},{\"@type\":\"Person\",\"@id\":\"https:\\\/\\\/quehacerpolitico.mx\\\/#\\\/schema\\\/person\\\/496d8ad2d1d3f8036101dca7ee39e585\",\"name\":\"Redacci\u00f3n QP\",\"image\":{\"@type\":\"ImageObject\",\"inLanguage\":\"es\",\"@id\":\"https:\\\/\\\/secure.gravatar.com\\\/avatar\\\/c7164ed6fdec453195284ad24a5ae5b6e1eed2b848477fa2a4787ba9adf39a41?s=96&d=mm&r=g\",\"url\":\"https:\\\/\\\/secure.gravatar.com\\\/avatar\\\/c7164ed6fdec453195284ad24a5ae5b6e1eed2b848477fa2a4787ba9adf39a41?s=96&d=mm&r=g\",\"contentUrl\":\"https:\\\/\\\/secure.gravatar.com\\\/avatar\\\/c7164ed6fdec453195284ad24a5ae5b6e1eed2b848477fa2a4787ba9adf39a41?s=96&d=mm&r=g\",\"caption\":\"Redacci\u00f3n QP\"},\"url\":\"https:\\\/\\\/quehacerpolitico.mx\\\/?author=2\"}]}<\/script>\n<!-- \/ Yoast SEO plugin. -->","yoast_head_json":{"title":"\u201cLa justicia est\u00e1 por encima de los mercados\", responde AMLO y asegura que la reforma al poder judicial saldr\u00e1 en este sexenio -","robots":{"index":"index","follow":"follow","max-snippet":"max-snippet:-1","max-image-preview":"max-image-preview:large","max-video-preview":"max-video-preview:-1"},"canonical":"https:\/\/quehacerpolitico.mx\/?p=110665","og_locale":"es_MX","og_type":"article","og_title":"\u201cLa justicia est\u00e1 por encima de los mercados\", responde AMLO y asegura que la reforma al poder judicial saldr\u00e1 en este sexenio -","og_description":"Por Redacci\u00f3n QP El presidente de M\u00e9xico,&nbsp;Andr\u00e9s Manuel L\u00f3pez Obrador, insisti\u00f3 este viernes en que...","og_url":"https:\/\/quehacerpolitico.mx\/?p=110665","article_published_time":"2024-06-07T19:21:12+00:00","article_modified_time":"2024-06-07T19:21:14+00:00","og_image":[{"width":1284,"height":713,"url":"https:\/\/quehacerpolitico.mx\/wp-content\/uploads\/2024\/06\/IMG_6138.jpeg","type":"image\/jpeg"}],"author":"Redacci\u00f3n QP","twitter_card":"summary_large_image","twitter_misc":{"Escrito por":"Redacci\u00f3n QP","Tiempo de lectura":"2 minutos"},"schema":{"@context":"https:\/\/schema.org","@graph":[{"@type":"Article","@id":"https:\/\/quehacerpolitico.mx\/?p=110665#article","isPartOf":{"@id":"https:\/\/quehacerpolitico.mx\/?p=110665"},"author":{"name":"Redacci\u00f3n QP","@id":"https:\/\/quehacerpolitico.mx\/#\/schema\/person\/496d8ad2d1d3f8036101dca7ee39e585"},"headline":"\u201cLa justicia est\u00e1 por encima de los mercados&#8221;, responde AMLO y asegura que la reforma al poder judicial saldr\u00e1 en este sexenio","datePublished":"2024-06-07T19:21:12+00:00","dateModified":"2024-06-07T19:21:14+00:00","mainEntityOfPage":{"@id":"https:\/\/quehacerpolitico.mx\/?p=110665"},"wordCount":504,"commentCount":0,"image":{"@id":"https:\/\/quehacerpolitico.mx\/?p=110665#primaryimage"},"thumbnailUrl":"https:\/\/quehacerpolitico.mx\/wp-content\/uploads\/2024\/06\/IMG_6138.jpeg","articleSection":["Noticias"],"inLanguage":"es","potentialAction":[{"@type":"CommentAction","name":"Comment","target":["https:\/\/quehacerpolitico.mx\/?p=110665#respond"]}]},{"@type":"WebPage","@id":"https:\/\/quehacerpolitico.mx\/?p=110665","url":"https:\/\/quehacerpolitico.mx\/?p=110665","name":"\u201cLa justicia est\u00e1 por encima de los mercados\", responde AMLO y asegura que la reforma al poder judicial saldr\u00e1 en este sexenio -","isPartOf":{"@id":"https:\/\/quehacerpolitico.mx\/#website"},"primaryImageOfPage":{"@id":"https:\/\/quehacerpolitico.mx\/?p=110665#primaryimage"},"image":{"@id":"https:\/\/quehacerpolitico.mx\/?p=110665#primaryimage"},"thumbnailUrl":"https:\/\/quehacerpolitico.mx\/wp-content\/uploads\/2024\/06\/IMG_6138.jpeg","datePublished":"2024-06-07T19:21:12+00:00","dateModified":"2024-06-07T19:21:14+00:00","author":{"@id":"https:\/\/quehacerpolitico.mx\/#\/schema\/person\/496d8ad2d1d3f8036101dca7ee39e585"},"breadcrumb":{"@id":"https:\/\/quehacerpolitico.mx\/?p=110665#breadcrumb"},"inLanguage":"es","potentialAction":[{"@type":"ReadAction","target":["https:\/\/quehacerpolitico.mx\/?p=110665"]}]},{"@type":"ImageObject","inLanguage":"es","@id":"https:\/\/quehacerpolitico.mx\/?p=110665#primaryimage","url":"https:\/\/quehacerpolitico.mx\/wp-content\/uploads\/2024\/06\/IMG_6138.jpeg","contentUrl":"https:\/\/quehacerpolitico.mx\/wp-content\/uploads\/2024\/06\/IMG_6138.jpeg","width":1284,"height":713,"caption":"Screenshot"},{"@type":"BreadcrumbList","@id":"https:\/\/quehacerpolitico.mx\/?p=110665#breadcrumb","itemListElement":[{"@type":"ListItem","position":1,"name":"Inicio","item":"https:\/\/quehacerpolitico.mx\/"},{"@type":"ListItem","position":2,"name":"\u201cLa justicia est\u00e1 por encima de los mercados&#8221;, responde AMLO y asegura que la reforma al poder judicial saldr\u00e1 en este sexenio"}]},{"@type":"WebSite","@id":"https:\/\/quehacerpolitico.mx\/#website","url":"https:\/\/quehacerpolitico.mx\/","name":"","description":"","potentialAction":[{"@type":"SearchAction","target":{"@type":"EntryPoint","urlTemplate":"https:\/\/quehacerpolitico.mx\/?s={search_term_string}"},"query-input":{"@type":"PropertyValueSpecification","valueRequired":true,"valueName":"search_term_string"}}],"inLanguage":"es"},{"@type":"Person","@id":"https:\/\/quehacerpolitico.mx\/#\/schema\/person\/496d8ad2d1d3f8036101dca7ee39e585","name":"Redacci\u00f3n QP","image":{"@type":"ImageObject","inLanguage":"es","@id":"https:\/\/secure.gravatar.com\/avatar\/c7164ed6fdec453195284ad24a5ae5b6e1eed2b848477fa2a4787ba9adf39a41?s=96&d=mm&r=g","url":"https:\/\/secure.gravatar.com\/avatar\/c7164ed6fdec453195284ad24a5ae5b6e1eed2b848477fa2a4787ba9adf39a41?s=96&d=mm&r=g","contentUrl":"https:\/\/secure.gravatar.com\/avatar\/c7164ed6fdec453195284ad24a5ae5b6e1eed2b848477fa2a4787ba9adf39a41?s=96&d=mm&r=g","caption":"Redacci\u00f3n QP"},"url":"https:\/\/quehacerpolitico.mx\/?author=2"}]}},"featured_image_urls":{"full":["https:\/\/quehacerpolitico.mx\/wp-content\/uploads\/2024\/06\/IMG_6138.jpeg",1284,713,false],"thumbnail":["https:\/\/quehacerpolitico.mx\/wp-content\/uploads\/2024\/06\/IMG_6138-150x150.jpeg",150,150,true],"medium":["https:\/\/quehacerpolitico.mx\/wp-content\/uploads\/2024\/06\/IMG_6138-300x167.jpeg",300,167,true],"medium_large":["https:\/\/quehacerpolitico.mx\/wp-content\/uploads\/2024\/06\/IMG_6138-768x426.jpeg",640,355,true],"large":["https:\/\/quehacerpolitico.mx\/wp-content\/uploads\/2024\/06\/IMG_6138-1024x569.jpeg",640,356,true],"1536x1536":["https:\/\/quehacerpolitico.mx\/wp-content\/uploads\/2024\/06\/IMG_6138.jpeg",1284,713,false],"2048x2048":["https:\/\/quehacerpolitico.mx\/wp-content\/uploads\/2024\/06\/IMG_6138.jpeg",1284,713,false],"covernews-featured":["https:\/\/quehacerpolitico.mx\/wp-content\/uploads\/2024\/06\/IMG_6138.jpeg",1024,569,false],"covernews-medium":["https:\/\/quehacerpolitico.mx\/wp-content\/uploads\/2024\/06\/IMG_6138.jpeg",540,300,false]},"author_info":{"display_name":"Redacci\u00f3n QP","author_link":"https:\/\/quehacerpolitico.mx\/?author=2"},"category_info":"<a href=\"https:\/\/quehacerpolitico.mx\/?cat=2\" rel=\"category\">Noticias<\/a>","tag_info":"Noticias","comment_count":"0","_links":{"self":[{"href":"https:\/\/quehacerpolitico.mx\/index.php?rest_route=\/wp\/v2\/posts\/110665","targetHints":{"allow":["GET"]}}],"collection":[{"href":"https:\/\/quehacerpolitico.mx\/index.php?rest_route=\/wp\/v2\/posts"}],"about":[{"href":"https:\/\/quehacerpolitico.mx\/index.php?rest_route=\/wp\/v2\/types\/post"}],"author":[{"embeddable":true,"href":"https:\/\/quehacerpolitico.mx\/index.php?rest_route=\/wp\/v2\/users\/2"}],"replies":[{"embeddable":true,"href":"https:\/\/quehacerpolitico.mx\/index.php?rest_route=%2Fwp%2Fv2%2Fcomments&post=110665"}],"version-history":[{"count":1,"href":"https:\/\/quehacerpolitico.mx\/index.php?rest_route=\/wp\/v2\/posts\/110665\/revisions"}],"predecessor-version":[{"id":110667,"href":"https:\/\/quehacerpolitico.mx\/index.php?rest_route=\/wp\/v2\/posts\/110665\/revisions\/110667"}],"wp:featuredmedia":[{"embeddable":true,"href":"https:\/\/quehacerpolitico.mx\/index.php?rest_route=\/wp\/v2\/media\/110666"}],"wp:attachment":[{"href":"https:\/\/quehacerpolitico.mx\/index.php?rest_route=%2Fwp%2Fv2%2Fmedia&parent=110665"}],"wp:term":[{"taxonomy":"category","embeddable":true,"href":"https:\/\/quehacerpolitico.mx\/index.php?rest_route=%2Fwp%2Fv2%2Fcategories&post=110665"},{"taxonomy":"post_tag","embeddable":true,"href":"https:\/\/quehacerpolitico.mx\/index.php?rest_route=%2Fwp%2Fv2%2Ftags&post=110665"}],"curies":[{"name":"wp","href":"https:\/\/api.w.org\/{rel}","templated":true}]}}