{"id":110659,"date":"2024-06-07T19:03:49","date_gmt":"2024-06-07T19:03:49","guid":{"rendered":"https:\/\/quehacerpolitico.mx\/?p=110659"},"modified":"2024-06-07T19:03:51","modified_gmt":"2024-06-07T19:03:51","slug":"el-espanol-carlos-carabana-gano-el-premio-breach-valdez-de-periodismo-y-derechos-humanos-por-su-reportaje-los-olvidados-de-hidalgo-cancer-contaminacion-y-aguas-residuales","status":"publish","type":"post","link":"https:\/\/quehacerpolitico.mx\/?p=110659","title":{"rendered":"El espa\u00f1ol Carlos Caraba\u00f1a gan\u00f3 el premio Breach\/Valdez\u00a0de periodismo y\u00a0derechos humanos\u00a0por su reportaje \u2018Los olvidados de Hidalgo. C\u00e1ncer, contaminaci\u00f3n y aguas residuales\u2019"},"content":{"rendered":"\n<p>Por Redacci\u00f3n QP<\/p>\n\n\n\n<p>El premio Breach\/Valdez de periodismo y derechos humanos lo obtuvo el reportaje \u2018Los olvidados de Hidalgo. C\u00e1ncer, contaminaci\u00f3n y aguas residuales\u2019<\/p>\n\n\n\n<p>El reportero espa\u00f1ol Carlos Caraba\u00f1a gan\u00f3 el premio<strong>Breach\/Valdez<\/strong>&nbsp;de periodismo y&nbsp;<strong>derechos humanos<\/strong>&nbsp;por su reportaje \u2018<strong>Los olvidados de Hidalgo. C\u00e1ncer, contaminaci\u00f3n y aguas residuales<\/strong>\u2018, publicado en el medio&nbsp;<strong>N+ Televisa<\/strong>, en el que expone las afectaciones a una comunidad por la&nbsp;<strong>poluci\u00f3n<\/strong>&nbsp;del&nbsp;<strong>agua<\/strong>.<\/p>\n\n\n\n<p>La sexta edici\u00f3n del premio, organizado por instituciones como la\u00a0<strong>ONU<\/strong>, la Unesco, Unicef, la Uni\u00f3n Europea, la Embajada de Francia en M\u00e9xico, la Agencia Francesa de Prensa (AFP) y Reporteros Sin Fronteras (RSF), se entrega en memoria de los periodistas mexicanos Miroslava Breach y Javier Valdez, ambos asesinados en 2017 por su labor informativa.<\/p>\n\n\n\n<figure class=\"wp-block-image size-full\"><img loading=\"lazy\" decoding=\"async\" width=\"799\" height=\"533\" src=\"https:\/\/quehacerpolitico.mx\/wp-content\/uploads\/2024\/06\/image-3.jpeg\" alt=\"\" class=\"wp-image-110660\" srcset=\"https:\/\/quehacerpolitico.mx\/wp-content\/uploads\/2024\/06\/image-3.jpeg 799w, https:\/\/quehacerpolitico.mx\/wp-content\/uploads\/2024\/06\/image-3-300x200.jpeg 300w, https:\/\/quehacerpolitico.mx\/wp-content\/uploads\/2024\/06\/image-3-768x512.jpeg 768w, https:\/\/quehacerpolitico.mx\/wp-content\/uploads\/2024\/06\/image-3-219x146.jpeg 219w, https:\/\/quehacerpolitico.mx\/wp-content\/uploads\/2024\/06\/image-3-50x33.jpeg 50w, https:\/\/quehacerpolitico.mx\/wp-content\/uploads\/2024\/06\/image-3-112x75.jpeg 112w\" sizes=\"auto, (max-width: 799px) 100vw, 799px\" \/><\/figure>\n\n\n\n<p>El jurado valor\u00f3 el trabajo de\u00a0<strong>Caraba\u00f1a<\/strong>\u00a0como \u201cun ejemplo period\u00edstico que reivindica el derecho a la atenci\u00f3n de comunidades afectadas y al medioambiente sano\u201d, seg\u00fan explic\u00f3\u00a0<strong>Griselda Triana<\/strong>, integrante del comit\u00e9 calificador, defensora de derechos humanos y viuda de Javier Valdez.<\/p>\n\n\n\n<p>El reportaje, detall\u00f3&nbsp;<strong>Triana<\/strong>, \u201crevela las omisiones que han permitido que el agua contaminada de los pozos envenene a seres humanos, as\u00ed como a la flora y la fauna colindante de la zona\u201d de la presa de&nbsp;<strong>Endh\u00f3<\/strong>, en el estado de Hidalgo (centro del pa\u00eds), donde los vecinos se est\u00e1n enfermando de c\u00e1ncer como consecuencia de un atroz atentado al medioambiente.<\/p>\n\n\n\n<p>Triana aprovech\u00f3 su discurso para \u201cexigir a&nbsp;<strong>Claudia Sheinbaum<\/strong>, pr\u00f3xima presidenta de M\u00e9xico, garant\u00edas para que las personas periodistas puedan realizar su labor sin riesgos de sufrir amenazas, agresiones, desplazamiento forzado, asesinatos o desapariciones\u201d.<\/p>\n\n\n\n<p>Al recibir el premio,\u00a0<strong>Caraba\u00f1a<\/strong>\u00a0record\u00f3 el caso de Mayra, una mujer que enferm\u00f3 de c\u00e1ncer de mama, tard\u00f3 mucho en recibir atenci\u00f3n m\u00e9dica, y un mes antes de que se publicara el reportaje le invitaron a su funeral.<\/p>\n\n\n\n<figure class=\"wp-block-image size-large\"><img loading=\"lazy\" decoding=\"async\" width=\"1024\" height=\"713\" src=\"https:\/\/quehacerpolitico.mx\/wp-content\/uploads\/2024\/06\/image-4-1024x713.jpeg\" alt=\"\" class=\"wp-image-110661\" srcset=\"https:\/\/quehacerpolitico.mx\/wp-content\/uploads\/2024\/06\/image-4-1024x713.jpeg 1024w, https:\/\/quehacerpolitico.mx\/wp-content\/uploads\/2024\/06\/image-4-300x209.jpeg 300w, https:\/\/quehacerpolitico.mx\/wp-content\/uploads\/2024\/06\/image-4-768x535.jpeg 768w, https:\/\/quehacerpolitico.mx\/wp-content\/uploads\/2024\/06\/image-4-210x146.jpeg 210w, https:\/\/quehacerpolitico.mx\/wp-content\/uploads\/2024\/06\/image-4-50x35.jpeg 50w, https:\/\/quehacerpolitico.mx\/wp-content\/uploads\/2024\/06\/image-4-108x75.jpeg 108w, https:\/\/quehacerpolitico.mx\/wp-content\/uploads\/2024\/06\/image-4.jpeg 1217w\" sizes=\"auto, (max-width: 1024px) 100vw, 1024px\" \/><figcaption class=\"wp-element-caption\">Screenshot<\/figcaption><\/figure>\n\n\n\n<p>\u201cEs un orgullo, pero sobre todo es una responsabilidad el recibir un premio con el nombre de los periodistas que son una referencia para los que ejercemos el periodismo en&nbsp;<strong>M\u00e9xico<\/strong>\u201d, dijo el reportero.<\/p>\n\n\n\n<p>El segundo lugar fue para John Gibler y el fot\u00f3grafo\u00a0<strong>Miguel Tovar<\/strong>, por su trabajo \u201c\u2018Los que nada deben\u2019. El terror del r\u00e9gimen de excepci\u00f3n de Nayib Bukele\u201d, publicado en la revista Gatopardo, que retoma testimonios de personas en El Salvador que han sido v\u00edctimas de detenciones arbitrarias y violaciones a derechos humanos.<\/p>\n\n\n\n<p>Adem\u00e1s, el jurado otorg\u00f3 menciones especiales a&nbsp;<strong>Alicia Fern\u00e1ndez<\/strong>&nbsp;por el trabajo \u2018El invisible martirio de las mujeres migrantes\u2019, publicado en el sitio de internet La verdad de Ju\u00e1rez, as\u00ed como a Lilia Balam y Abraham Bote Tun por el reportaje<\/p>\n\n\n\n<p>\u2018Falsa seguridad en Yucat\u00e1n: tortura policial en el \u2018oasis de paz\u2019 de M\u00e9xico\u2019, publicado en Disidente.<\/p>\n\n\n\n<p>Por otro lado, en la categor\u00eda de Derechos de la Ni\u00f1ez y Adolescencia, las ganadoras fueron Alejandra Crail y Daniela Guazo, por el reportaje \u2018Depredadores en las aulas\u2019, publicado en el peri\u00f3dico\u00a0<em><strong>El Universal<\/strong><\/em>, que expone la violencia sexual en las escuelas del pa\u00eds.<\/p>\n\n\n\n<figure class=\"wp-block-image size-large\"><img loading=\"lazy\" decoding=\"async\" width=\"1024\" height=\"440\" src=\"https:\/\/quehacerpolitico.mx\/wp-content\/uploads\/2024\/06\/image-5-1024x440.jpeg\" alt=\"\" class=\"wp-image-110662\" srcset=\"https:\/\/quehacerpolitico.mx\/wp-content\/uploads\/2024\/06\/image-5-1024x440.jpeg 1024w, https:\/\/quehacerpolitico.mx\/wp-content\/uploads\/2024\/06\/image-5-300x129.jpeg 300w, https:\/\/quehacerpolitico.mx\/wp-content\/uploads\/2024\/06\/image-5-768x330.jpeg 768w, https:\/\/quehacerpolitico.mx\/wp-content\/uploads\/2024\/06\/image-5-1536x660.jpeg 1536w, https:\/\/quehacerpolitico.mx\/wp-content\/uploads\/2024\/06\/image-5-260x112.jpeg 260w, https:\/\/quehacerpolitico.mx\/wp-content\/uploads\/2024\/06\/image-5-50x21.jpeg 50w, https:\/\/quehacerpolitico.mx\/wp-content\/uploads\/2024\/06\/image-5-150x64.jpeg 150w, https:\/\/quehacerpolitico.mx\/wp-content\/uploads\/2024\/06\/image-5.jpeg 1599w\" sizes=\"auto, (max-width: 1024px) 100vw, 1024px\" \/><\/figure>\n\n\n\n<p>El jurado destac\u00f3 el trabajo que desglosa \u201cuna compleja problem\u00e1tica sobre la que a nadie le gusta hablar, pero que tiene afectaciones en la vida de las v\u00edctimas y sus comunidades\u201d, tratando los datos personales con la\u00a0<strong>mayor<\/strong> integridad posible.<\/p>\n\n\n\n<p>La menci\u00f3n especial en esta categor\u00eda, que se galardona por segunda vez desde el inicio del premio en 2018, fue para Ricardo Hern\u00e1ndez Ruiz y el fot\u00f3grafo&nbsp;<strong>Juan Pablo Ampudia<\/strong>, por su trabajo \u2018Los ni\u00f1os de la zafra: la infancia en los ca\u00f1averales del caribe mexicano\u2019, publicado en Gatopardo.<\/p>\n\n\n\n<p>Con informaci\u00f3n de EFE<\/p>\n","protected":false},"excerpt":{"rendered":"<p>Por Redacci\u00f3n QP El premio Breach\/Valdez de periodismo y derechos humanos lo obtuvo el reportaje&#8230;<\/p>\n","protected":false},"author":2,"featured_media":110663,"comment_status":"open","ping_status":"open","sticky":false,"template":"","format":"standard","meta":{"_monsterinsights_skip_tracking":false,"_monsterinsights_sitenote_active":false,"_monsterinsights_sitenote_note":"","_monsterinsights_sitenote_category":0,"footnotes":""},"categories":[58],"tags":[],"class_list":["post-110659","post","type-post","status-publish","format-standard","has-post-thumbnail","hentry","category-cultura"],"yoast_head":"<!-- This site is optimized with the Yoast SEO plugin v27.3 - https:\/\/yoast.com\/product\/yoast-seo-wordpress\/ -->\n<title>El espa\u00f1ol Carlos Caraba\u00f1a gan\u00f3 el premio Breach\/Valdez\u00a0de periodismo y\u00a0derechos humanos\u00a0por su reportaje \u2018Los olvidados de Hidalgo. C\u00e1ncer, contaminaci\u00f3n y aguas residuales\u2019 -<\/title>\n<meta name=\"robots\" content=\"index, follow, max-snippet:-1, max-image-preview:large, max-video-preview:-1\" \/>\n<link rel=\"canonical\" href=\"https:\/\/quehacerpolitico.mx\/?p=110659\" \/>\n<meta property=\"og:locale\" content=\"es_MX\" \/>\n<meta property=\"og:type\" content=\"article\" \/>\n<meta property=\"og:title\" content=\"El espa\u00f1ol Carlos Caraba\u00f1a gan\u00f3 el premio Breach\/Valdez\u00a0de periodismo y\u00a0derechos humanos\u00a0por su reportaje \u2018Los olvidados de Hidalgo. C\u00e1ncer, contaminaci\u00f3n y aguas residuales\u2019 -\" \/>\n<meta property=\"og:description\" content=\"Por Redacci\u00f3n QP El premio Breach\/Valdez de periodismo y derechos humanos lo obtuvo el reportaje...\" \/>\n<meta property=\"og:url\" content=\"https:\/\/quehacerpolitico.mx\/?p=110659\" \/>\n<meta property=\"article:published_time\" content=\"2024-06-07T19:03:49+00:00\" \/>\n<meta property=\"article:modified_time\" content=\"2024-06-07T19:03:51+00:00\" \/>\n<meta property=\"og:image\" content=\"https:\/\/quehacerpolitico.mx\/wp-content\/uploads\/2024\/06\/IMG_6133.jpeg\" \/>\n\t<meta property=\"og:image:width\" content=\"1536\" \/>\n\t<meta property=\"og:image:height\" content=\"1015\" \/>\n\t<meta property=\"og:image:type\" content=\"image\/jpeg\" \/>\n<meta name=\"author\" content=\"Redacci\u00f3n QP\" \/>\n<meta name=\"twitter:card\" content=\"summary_large_image\" \/>\n<meta name=\"twitter:label1\" content=\"Escrito por\" \/>\n\t<meta name=\"twitter:data1\" content=\"Redacci\u00f3n QP\" \/>\n\t<meta name=\"twitter:label2\" content=\"Tiempo de lectura\" \/>\n\t<meta name=\"twitter:data2\" content=\"3 minutos\" \/>\n<script type=\"application\/ld+json\" class=\"yoast-schema-graph\">{\"@context\":\"https:\\\/\\\/schema.org\",\"@graph\":[{\"@type\":\"Article\",\"@id\":\"https:\\\/\\\/quehacerpolitico.mx\\\/?p=110659#article\",\"isPartOf\":{\"@id\":\"https:\\\/\\\/quehacerpolitico.mx\\\/?p=110659\"},\"author\":{\"name\":\"Redacci\u00f3n QP\",\"@id\":\"https:\\\/\\\/quehacerpolitico.mx\\\/#\\\/schema\\\/person\\\/496d8ad2d1d3f8036101dca7ee39e585\"},\"headline\":\"El espa\u00f1ol Carlos Caraba\u00f1a gan\u00f3 el premio Breach\\\/Valdez\u00a0de periodismo y\u00a0derechos humanos\u00a0por su reportaje \u2018Los olvidados de Hidalgo. C\u00e1ncer, contaminaci\u00f3n y aguas residuales\u2019\",\"datePublished\":\"2024-06-07T19:03:49+00:00\",\"dateModified\":\"2024-06-07T19:03:51+00:00\",\"mainEntityOfPage\":{\"@id\":\"https:\\\/\\\/quehacerpolitico.mx\\\/?p=110659\"},\"wordCount\":675,\"commentCount\":0,\"image\":{\"@id\":\"https:\\\/\\\/quehacerpolitico.mx\\\/?p=110659#primaryimage\"},\"thumbnailUrl\":\"https:\\\/\\\/quehacerpolitico.mx\\\/wp-content\\\/uploads\\\/2024\\\/06\\\/IMG_6133.jpeg\",\"articleSection\":[\"Cultura y Entretenimiento\"],\"inLanguage\":\"es\",\"potentialAction\":[{\"@type\":\"CommentAction\",\"name\":\"Comment\",\"target\":[\"https:\\\/\\\/quehacerpolitico.mx\\\/?p=110659#respond\"]}]},{\"@type\":\"WebPage\",\"@id\":\"https:\\\/\\\/quehacerpolitico.mx\\\/?p=110659\",\"url\":\"https:\\\/\\\/quehacerpolitico.mx\\\/?p=110659\",\"name\":\"El espa\u00f1ol Carlos Caraba\u00f1a gan\u00f3 el premio Breach\\\/Valdez\u00a0de periodismo y\u00a0derechos humanos\u00a0por su reportaje \u2018Los olvidados de Hidalgo. C\u00e1ncer, contaminaci\u00f3n y aguas residuales\u2019 -\",\"isPartOf\":{\"@id\":\"https:\\\/\\\/quehacerpolitico.mx\\\/#website\"},\"primaryImageOfPage\":{\"@id\":\"https:\\\/\\\/quehacerpolitico.mx\\\/?p=110659#primaryimage\"},\"image\":{\"@id\":\"https:\\\/\\\/quehacerpolitico.mx\\\/?p=110659#primaryimage\"},\"thumbnailUrl\":\"https:\\\/\\\/quehacerpolitico.mx\\\/wp-content\\\/uploads\\\/2024\\\/06\\\/IMG_6133.jpeg\",\"datePublished\":\"2024-06-07T19:03:49+00:00\",\"dateModified\":\"2024-06-07T19:03:51+00:00\",\"author\":{\"@id\":\"https:\\\/\\\/quehacerpolitico.mx\\\/#\\\/schema\\\/person\\\/496d8ad2d1d3f8036101dca7ee39e585\"},\"breadcrumb\":{\"@id\":\"https:\\\/\\\/quehacerpolitico.mx\\\/?p=110659#breadcrumb\"},\"inLanguage\":\"es\",\"potentialAction\":[{\"@type\":\"ReadAction\",\"target\":[\"https:\\\/\\\/quehacerpolitico.mx\\\/?p=110659\"]}]},{\"@type\":\"ImageObject\",\"inLanguage\":\"es\",\"@id\":\"https:\\\/\\\/quehacerpolitico.mx\\\/?p=110659#primaryimage\",\"url\":\"https:\\\/\\\/quehacerpolitico.mx\\\/wp-content\\\/uploads\\\/2024\\\/06\\\/IMG_6133.jpeg\",\"contentUrl\":\"https:\\\/\\\/quehacerpolitico.mx\\\/wp-content\\\/uploads\\\/2024\\\/06\\\/IMG_6133.jpeg\",\"width\":1536,\"height\":1015,\"caption\":\"MEX344. CIUDAD DE M\u00c9XICO (M\u00c9XICO), 06\\\/06\\\/2024.- El reportero espa\u00f1ol Carlos Caraba\u00f1a (c) recibe de manos de Griselda Triana (i) viuda del periodista asesinado Javier Valdez y de Mirabel Breach (d) hermana de la periodista asesinada, Miroslava Breac, el premio al primer lugar de la categor\u00eda Periodismo y Derechos Humanos de la Sexta Edici\u00f3n del Premio Breach\\\/Valdez de periodismo y derechos humanos este jueves en la Ciudad de M\u00e9xico (M\u00e9xico). El reportero espa\u00f1ol Carlos Caraba\u00f1a gan\u00f3 este jueves el premio Breach\\\/Valdez de periodismo y derechos humanos por su reportaje \\\"Los olvidados de Hidalgo. C\u00e1ncer, contaminaci\u00f3n y aguas residuales\\\", publicado en el medio N+ Televisa, en el que expone las afectaciones a una comunidad por la poluci\u00f3n del agua. EFE\\\/Jos\u00e9 M\u00e9ndez\"},{\"@type\":\"BreadcrumbList\",\"@id\":\"https:\\\/\\\/quehacerpolitico.mx\\\/?p=110659#breadcrumb\",\"itemListElement\":[{\"@type\":\"ListItem\",\"position\":1,\"name\":\"Inicio\",\"item\":\"https:\\\/\\\/quehacerpolitico.mx\\\/\"},{\"@type\":\"ListItem\",\"position\":2,\"name\":\"El espa\u00f1ol Carlos Caraba\u00f1a gan\u00f3 el premio Breach\\\/Valdez\u00a0de periodismo y\u00a0derechos humanos\u00a0por su reportaje \u2018Los olvidados de Hidalgo. C\u00e1ncer, contaminaci\u00f3n y aguas residuales\u2019\"}]},{\"@type\":\"WebSite\",\"@id\":\"https:\\\/\\\/quehacerpolitico.mx\\\/#website\",\"url\":\"https:\\\/\\\/quehacerpolitico.mx\\\/\",\"name\":\"\",\"description\":\"\",\"potentialAction\":[{\"@type\":\"SearchAction\",\"target\":{\"@type\":\"EntryPoint\",\"urlTemplate\":\"https:\\\/\\\/quehacerpolitico.mx\\\/?s={search_term_string}\"},\"query-input\":{\"@type\":\"PropertyValueSpecification\",\"valueRequired\":true,\"valueName\":\"search_term_string\"}}],\"inLanguage\":\"es\"},{\"@type\":\"Person\",\"@id\":\"https:\\\/\\\/quehacerpolitico.mx\\\/#\\\/schema\\\/person\\\/496d8ad2d1d3f8036101dca7ee39e585\",\"name\":\"Redacci\u00f3n QP\",\"image\":{\"@type\":\"ImageObject\",\"inLanguage\":\"es\",\"@id\":\"https:\\\/\\\/secure.gravatar.com\\\/avatar\\\/c7164ed6fdec453195284ad24a5ae5b6e1eed2b848477fa2a4787ba9adf39a41?s=96&d=mm&r=g\",\"url\":\"https:\\\/\\\/secure.gravatar.com\\\/avatar\\\/c7164ed6fdec453195284ad24a5ae5b6e1eed2b848477fa2a4787ba9adf39a41?s=96&d=mm&r=g\",\"contentUrl\":\"https:\\\/\\\/secure.gravatar.com\\\/avatar\\\/c7164ed6fdec453195284ad24a5ae5b6e1eed2b848477fa2a4787ba9adf39a41?s=96&d=mm&r=g\",\"caption\":\"Redacci\u00f3n QP\"},\"url\":\"https:\\\/\\\/quehacerpolitico.mx\\\/?author=2\"}]}<\/script>\n<!-- \/ Yoast SEO plugin. -->","yoast_head_json":{"title":"El espa\u00f1ol Carlos Caraba\u00f1a gan\u00f3 el premio Breach\/Valdez\u00a0de periodismo y\u00a0derechos humanos\u00a0por su reportaje \u2018Los olvidados de Hidalgo. C\u00e1ncer, contaminaci\u00f3n y aguas residuales\u2019 -","robots":{"index":"index","follow":"follow","max-snippet":"max-snippet:-1","max-image-preview":"max-image-preview:large","max-video-preview":"max-video-preview:-1"},"canonical":"https:\/\/quehacerpolitico.mx\/?p=110659","og_locale":"es_MX","og_type":"article","og_title":"El espa\u00f1ol Carlos Caraba\u00f1a gan\u00f3 el premio Breach\/Valdez\u00a0de periodismo y\u00a0derechos humanos\u00a0por su reportaje \u2018Los olvidados de Hidalgo. C\u00e1ncer, contaminaci\u00f3n y aguas residuales\u2019 -","og_description":"Por Redacci\u00f3n QP El premio Breach\/Valdez de periodismo y derechos humanos lo obtuvo el reportaje...","og_url":"https:\/\/quehacerpolitico.mx\/?p=110659","article_published_time":"2024-06-07T19:03:49+00:00","article_modified_time":"2024-06-07T19:03:51+00:00","og_image":[{"width":1536,"height":1015,"url":"https:\/\/quehacerpolitico.mx\/wp-content\/uploads\/2024\/06\/IMG_6133.jpeg","type":"image\/jpeg"}],"author":"Redacci\u00f3n QP","twitter_card":"summary_large_image","twitter_misc":{"Escrito por":"Redacci\u00f3n QP","Tiempo de lectura":"3 minutos"},"schema":{"@context":"https:\/\/schema.org","@graph":[{"@type":"Article","@id":"https:\/\/quehacerpolitico.mx\/?p=110659#article","isPartOf":{"@id":"https:\/\/quehacerpolitico.mx\/?p=110659"},"author":{"name":"Redacci\u00f3n QP","@id":"https:\/\/quehacerpolitico.mx\/#\/schema\/person\/496d8ad2d1d3f8036101dca7ee39e585"},"headline":"El espa\u00f1ol Carlos Caraba\u00f1a gan\u00f3 el premio Breach\/Valdez\u00a0de periodismo y\u00a0derechos humanos\u00a0por su reportaje \u2018Los olvidados de Hidalgo. C\u00e1ncer, contaminaci\u00f3n y aguas residuales\u2019","datePublished":"2024-06-07T19:03:49+00:00","dateModified":"2024-06-07T19:03:51+00:00","mainEntityOfPage":{"@id":"https:\/\/quehacerpolitico.mx\/?p=110659"},"wordCount":675,"commentCount":0,"image":{"@id":"https:\/\/quehacerpolitico.mx\/?p=110659#primaryimage"},"thumbnailUrl":"https:\/\/quehacerpolitico.mx\/wp-content\/uploads\/2024\/06\/IMG_6133.jpeg","articleSection":["Cultura y Entretenimiento"],"inLanguage":"es","potentialAction":[{"@type":"CommentAction","name":"Comment","target":["https:\/\/quehacerpolitico.mx\/?p=110659#respond"]}]},{"@type":"WebPage","@id":"https:\/\/quehacerpolitico.mx\/?p=110659","url":"https:\/\/quehacerpolitico.mx\/?p=110659","name":"El espa\u00f1ol Carlos Caraba\u00f1a gan\u00f3 el premio Breach\/Valdez\u00a0de periodismo y\u00a0derechos humanos\u00a0por su reportaje \u2018Los olvidados de Hidalgo. C\u00e1ncer, contaminaci\u00f3n y aguas residuales\u2019 -","isPartOf":{"@id":"https:\/\/quehacerpolitico.mx\/#website"},"primaryImageOfPage":{"@id":"https:\/\/quehacerpolitico.mx\/?p=110659#primaryimage"},"image":{"@id":"https:\/\/quehacerpolitico.mx\/?p=110659#primaryimage"},"thumbnailUrl":"https:\/\/quehacerpolitico.mx\/wp-content\/uploads\/2024\/06\/IMG_6133.jpeg","datePublished":"2024-06-07T19:03:49+00:00","dateModified":"2024-06-07T19:03:51+00:00","author":{"@id":"https:\/\/quehacerpolitico.mx\/#\/schema\/person\/496d8ad2d1d3f8036101dca7ee39e585"},"breadcrumb":{"@id":"https:\/\/quehacerpolitico.mx\/?p=110659#breadcrumb"},"inLanguage":"es","potentialAction":[{"@type":"ReadAction","target":["https:\/\/quehacerpolitico.mx\/?p=110659"]}]},{"@type":"ImageObject","inLanguage":"es","@id":"https:\/\/quehacerpolitico.mx\/?p=110659#primaryimage","url":"https:\/\/quehacerpolitico.mx\/wp-content\/uploads\/2024\/06\/IMG_6133.jpeg","contentUrl":"https:\/\/quehacerpolitico.mx\/wp-content\/uploads\/2024\/06\/IMG_6133.jpeg","width":1536,"height":1015,"caption":"MEX344. CIUDAD DE M\u00c9XICO (M\u00c9XICO), 06\/06\/2024.- El reportero espa\u00f1ol Carlos Caraba\u00f1a (c) recibe de manos de Griselda Triana (i) viuda del periodista asesinado Javier Valdez y de Mirabel Breach (d) hermana de la periodista asesinada, Miroslava Breac, el premio al primer lugar de la categor\u00eda Periodismo y Derechos Humanos de la Sexta Edici\u00f3n del Premio Breach\/Valdez de periodismo y derechos humanos este jueves en la Ciudad de M\u00e9xico (M\u00e9xico). El reportero espa\u00f1ol Carlos Caraba\u00f1a gan\u00f3 este jueves el premio Breach\/Valdez de periodismo y derechos humanos por su reportaje \"Los olvidados de Hidalgo. C\u00e1ncer, contaminaci\u00f3n y aguas residuales\", publicado en el medio N+ Televisa, en el que expone las afectaciones a una comunidad por la poluci\u00f3n del agua. EFE\/Jos\u00e9 M\u00e9ndez"},{"@type":"BreadcrumbList","@id":"https:\/\/quehacerpolitico.mx\/?p=110659#breadcrumb","itemListElement":[{"@type":"ListItem","position":1,"name":"Inicio","item":"https:\/\/quehacerpolitico.mx\/"},{"@type":"ListItem","position":2,"name":"El espa\u00f1ol Carlos Caraba\u00f1a gan\u00f3 el premio Breach\/Valdez\u00a0de periodismo y\u00a0derechos humanos\u00a0por su reportaje \u2018Los olvidados de Hidalgo. C\u00e1ncer, contaminaci\u00f3n y aguas residuales\u2019"}]},{"@type":"WebSite","@id":"https:\/\/quehacerpolitico.mx\/#website","url":"https:\/\/quehacerpolitico.mx\/","name":"","description":"","potentialAction":[{"@type":"SearchAction","target":{"@type":"EntryPoint","urlTemplate":"https:\/\/quehacerpolitico.mx\/?s={search_term_string}"},"query-input":{"@type":"PropertyValueSpecification","valueRequired":true,"valueName":"search_term_string"}}],"inLanguage":"es"},{"@type":"Person","@id":"https:\/\/quehacerpolitico.mx\/#\/schema\/person\/496d8ad2d1d3f8036101dca7ee39e585","name":"Redacci\u00f3n QP","image":{"@type":"ImageObject","inLanguage":"es","@id":"https:\/\/secure.gravatar.com\/avatar\/c7164ed6fdec453195284ad24a5ae5b6e1eed2b848477fa2a4787ba9adf39a41?s=96&d=mm&r=g","url":"https:\/\/secure.gravatar.com\/avatar\/c7164ed6fdec453195284ad24a5ae5b6e1eed2b848477fa2a4787ba9adf39a41?s=96&d=mm&r=g","contentUrl":"https:\/\/secure.gravatar.com\/avatar\/c7164ed6fdec453195284ad24a5ae5b6e1eed2b848477fa2a4787ba9adf39a41?s=96&d=mm&r=g","caption":"Redacci\u00f3n QP"},"url":"https:\/\/quehacerpolitico.mx\/?author=2"}]}},"featured_image_urls":{"full":["https:\/\/quehacerpolitico.mx\/wp-content\/uploads\/2024\/06\/IMG_6133.jpeg",1536,1015,false],"thumbnail":["https:\/\/quehacerpolitico.mx\/wp-content\/uploads\/2024\/06\/IMG_6133-150x150.jpeg",150,150,true],"medium":["https:\/\/quehacerpolitico.mx\/wp-content\/uploads\/2024\/06\/IMG_6133-300x198.jpeg",300,198,true],"medium_large":["https:\/\/quehacerpolitico.mx\/wp-content\/uploads\/2024\/06\/IMG_6133-768x508.jpeg",640,423,true],"large":["https:\/\/quehacerpolitico.mx\/wp-content\/uploads\/2024\/06\/IMG_6133-1024x677.jpeg",640,423,true],"1536x1536":["https:\/\/quehacerpolitico.mx\/wp-content\/uploads\/2024\/06\/IMG_6133.jpeg",1536,1015,false],"2048x2048":["https:\/\/quehacerpolitico.mx\/wp-content\/uploads\/2024\/06\/IMG_6133.jpeg",1536,1015,false],"covernews-featured":["https:\/\/quehacerpolitico.mx\/wp-content\/uploads\/2024\/06\/IMG_6133.jpeg",1024,677,false],"covernews-medium":["https:\/\/quehacerpolitico.mx\/wp-content\/uploads\/2024\/06\/IMG_6133.jpeg",515,340,false]},"author_info":{"display_name":"Redacci\u00f3n QP","author_link":"https:\/\/quehacerpolitico.mx\/?author=2"},"category_info":"<a href=\"https:\/\/quehacerpolitico.mx\/?cat=58\" rel=\"category\">Cultura y Entretenimiento<\/a>","tag_info":"Cultura y Entretenimiento","comment_count":"0","_links":{"self":[{"href":"https:\/\/quehacerpolitico.mx\/index.php?rest_route=\/wp\/v2\/posts\/110659","targetHints":{"allow":["GET"]}}],"collection":[{"href":"https:\/\/quehacerpolitico.mx\/index.php?rest_route=\/wp\/v2\/posts"}],"about":[{"href":"https:\/\/quehacerpolitico.mx\/index.php?rest_route=\/wp\/v2\/types\/post"}],"author":[{"embeddable":true,"href":"https:\/\/quehacerpolitico.mx\/index.php?rest_route=\/wp\/v2\/users\/2"}],"replies":[{"embeddable":true,"href":"https:\/\/quehacerpolitico.mx\/index.php?rest_route=%2Fwp%2Fv2%2Fcomments&post=110659"}],"version-history":[{"count":1,"href":"https:\/\/quehacerpolitico.mx\/index.php?rest_route=\/wp\/v2\/posts\/110659\/revisions"}],"predecessor-version":[{"id":110664,"href":"https:\/\/quehacerpolitico.mx\/index.php?rest_route=\/wp\/v2\/posts\/110659\/revisions\/110664"}],"wp:featuredmedia":[{"embeddable":true,"href":"https:\/\/quehacerpolitico.mx\/index.php?rest_route=\/wp\/v2\/media\/110663"}],"wp:attachment":[{"href":"https:\/\/quehacerpolitico.mx\/index.php?rest_route=%2Fwp%2Fv2%2Fmedia&parent=110659"}],"wp:term":[{"taxonomy":"category","embeddable":true,"href":"https:\/\/quehacerpolitico.mx\/index.php?rest_route=%2Fwp%2Fv2%2Fcategories&post=110659"},{"taxonomy":"post_tag","embeddable":true,"href":"https:\/\/quehacerpolitico.mx\/index.php?rest_route=%2Fwp%2Fv2%2Ftags&post=110659"}],"curies":[{"name":"wp","href":"https:\/\/api.w.org\/{rel}","templated":true}]}}