{"id":110623,"date":"2024-06-06T17:35:22","date_gmt":"2024-06-06T17:35:22","guid":{"rendered":"https:\/\/quehacerpolitico.mx\/?p=110623"},"modified":"2024-06-06T17:35:25","modified_gmt":"2024-06-06T17:35:25","slug":"lopez-obrador-reitera-que-no-cerraran-fronteras-pero-eu-aumenta-restricciones","status":"publish","type":"post","link":"https:\/\/quehacerpolitico.mx\/?p=110623","title":{"rendered":"L\u00f3pez Obrador reitera que no cerrar\u00e1n fronteras, pero EU aumenta restricciones"},"content":{"rendered":"\n<p>Por Redacci\u00f3n QP<\/p>\n\n\n\n<p>Pese a las nuevas restricciones que Estados Unidos implementar\u00e1 en materia migratoria, el Presidente Andr\u00e9s Manuel L\u00f3pez Obrador reafirma que no se cerrar\u00e1n fronteras<\/p>\n\n\n\n<p>Tras la reciente medida del&nbsp;<strong>Presidente de Estados Unidos, Joe Biden<\/strong>, de&nbsp;<mark>limitar el paso migratorio a 2 mil 500 personas por semana<\/mark>, el<strong>&nbsp;Presidente de M\u00e9xico, Andr\u00e9s Manuel L\u00f3pez Obrador&nbsp;<\/strong><mark>insisti\u00f3 en que no se cerrar\u00e1 la frontera con dicho pa\u00eds pese a la implementaci\u00f3n de nuevas restricciones.<\/mark>&nbsp;L\u00f3pez Obrador se\u00f1al\u00f3 que el cierre de frontera no beneficia ni es viable para ninguno de los dos pa\u00edses, ya que esa decisi\u00f3n tendr\u00eda varias repercusiones.<\/p>\n\n\n\n<p>De esta manera, el Mandatario Federal puntualiz\u00f3 que la\u00a0<strong>relaci\u00f3n econ\u00f3mica entre ambos pa\u00edses es de gran importancia<\/strong>, se\u00f1alando que M\u00e9xico est\u00e1 posicionado entre las 10 econom\u00edas m\u00e1s grandes mundialmente y es uno de los principales socios comerciantes con su vecino del norte. Aunado a eso, destac\u00f3 la relevancia del\u00a0<mark>Tratado entre M\u00e9xico, Estados Unidos y Canad\u00e1 (T-MEC) en el desarrollo de Am\u00e9rica del Norte<\/mark>, expresando su visi\u00f3n de consolidar la uni\u00f3n de todo el continente americano en el futuro.<\/p>\n\n\n\n<p>La nueva medida que\u00a0<strong>se implementar\u00e1 de forma inmediata por el Gobierno de Estados Unidos<\/strong>, consiste en la\u00a0<mark>negaci\u00f3n de peticiones de asilo y en la deportaci\u00f3n de forma expedita<\/mark>\u00a0a las personas que intenten ingresar irregularmente al pa\u00eds mientras la frontera sur est\u00e9 \u201cabrumada\u201d por el arribo de migrantes. Esta orden ejecutiva que fue anunciada por el\u00a0<strong>Presidente Joe Biden<\/strong>,<mark>\u00a0pretende facilitar la expulsi\u00f3n r\u00e1pida de quienes no tienen una base legal para su permanencia en Estados Unidos.<\/mark><\/p>\n\n\n\n<p>Biden explic\u00f3 que los migrantes&nbsp;<strong>no podr\u00e1n recibir asilo a menos que lo soliciten a trav\u00e9s de un proceso legal establecido.<\/strong>&nbsp;La posibilidad de solicitar asilo seguir\u00e1 estando disponible para quienes busquen emigrar legalmente a Estados Unidos, por ejemplo,&nbsp;<mark>concertando una cita en la aplicaci\u00f3n CBP One y acudiendo a un puerto de entrada.<\/mark><\/p>\n\n\n\n<p><strong>Esta medida afecta a cualquier persona, independientemente de su nacionalidad, que cruce ilegalmente la frontera sur.<\/strong>\u00a0Los migrantes procesados para su expulsi\u00f3n acelerada ser\u00e1n remitidos a un oficial de asilo solo si expresan un\u00a0<mark>temor cre\u00edble de regresar a su pa\u00eds, ya sea por miedo a la persecuci\u00f3n o tortura, o si tienen la intenci\u00f3n de solicitar asilo.<\/mark><\/p>\n\n\n\n<p>Con informaci\u00f3n de Notipress<\/p>\n","protected":false},"excerpt":{"rendered":"<p>Por Redacci\u00f3n QP Pese a las nuevas restricciones que Estados Unidos implementar\u00e1 en materia migratoria,&#8230;<\/p>\n","protected":false},"author":2,"featured_media":110624,"comment_status":"open","ping_status":"open","sticky":false,"template":"","format":"standard","meta":{"_monsterinsights_skip_tracking":false,"_monsterinsights_sitenote_active":false,"_monsterinsights_sitenote_note":"","_monsterinsights_sitenote_category":0,"footnotes":""},"categories":[2],"tags":[],"class_list":["post-110623","post","type-post","status-publish","format-standard","has-post-thumbnail","hentry","category-noticias"],"yoast_head":"<!-- This site is optimized with the Yoast SEO plugin v27.3 - https:\/\/yoast.com\/product\/yoast-seo-wordpress\/ -->\n<title>L\u00f3pez Obrador reitera que no cerrar\u00e1n fronteras, pero EU aumenta restricciones -<\/title>\n<meta name=\"robots\" content=\"index, follow, max-snippet:-1, max-image-preview:large, max-video-preview:-1\" \/>\n<link rel=\"canonical\" href=\"https:\/\/quehacerpolitico.mx\/?p=110623\" \/>\n<meta property=\"og:locale\" content=\"es_MX\" \/>\n<meta property=\"og:type\" content=\"article\" \/>\n<meta property=\"og:title\" content=\"L\u00f3pez Obrador reitera que no cerrar\u00e1n fronteras, pero EU aumenta restricciones -\" \/>\n<meta property=\"og:description\" content=\"Por Redacci\u00f3n QP Pese a las nuevas restricciones que Estados Unidos implementar\u00e1 en materia migratoria,...\" \/>\n<meta property=\"og:url\" content=\"https:\/\/quehacerpolitico.mx\/?p=110623\" \/>\n<meta property=\"article:published_time\" content=\"2024-06-06T17:35:22+00:00\" \/>\n<meta property=\"article:modified_time\" content=\"2024-06-06T17:35:25+00:00\" \/>\n<meta property=\"og:image\" content=\"https:\/\/quehacerpolitico.mx\/wp-content\/uploads\/2024\/06\/IMG_6106.jpeg\" \/>\n\t<meta property=\"og:image:width\" content=\"1284\" \/>\n\t<meta property=\"og:image:height\" content=\"705\" \/>\n\t<meta property=\"og:image:type\" content=\"image\/jpeg\" \/>\n<meta name=\"author\" content=\"Redacci\u00f3n QP\" \/>\n<meta name=\"twitter:card\" content=\"summary_large_image\" \/>\n<meta name=\"twitter:label1\" content=\"Escrito por\" \/>\n\t<meta name=\"twitter:data1\" content=\"Redacci\u00f3n QP\" \/>\n\t<meta name=\"twitter:label2\" content=\"Tiempo de lectura\" \/>\n\t<meta name=\"twitter:data2\" content=\"2 minutos\" \/>\n<script type=\"application\/ld+json\" class=\"yoast-schema-graph\">{\"@context\":\"https:\\\/\\\/schema.org\",\"@graph\":[{\"@type\":\"Article\",\"@id\":\"https:\\\/\\\/quehacerpolitico.mx\\\/?p=110623#article\",\"isPartOf\":{\"@id\":\"https:\\\/\\\/quehacerpolitico.mx\\\/?p=110623\"},\"author\":{\"name\":\"Redacci\u00f3n QP\",\"@id\":\"https:\\\/\\\/quehacerpolitico.mx\\\/#\\\/schema\\\/person\\\/496d8ad2d1d3f8036101dca7ee39e585\"},\"headline\":\"L\u00f3pez Obrador reitera que no cerrar\u00e1n fronteras, pero EU aumenta restricciones\",\"datePublished\":\"2024-06-06T17:35:22+00:00\",\"dateModified\":\"2024-06-06T17:35:25+00:00\",\"mainEntityOfPage\":{\"@id\":\"https:\\\/\\\/quehacerpolitico.mx\\\/?p=110623\"},\"wordCount\":435,\"commentCount\":0,\"image\":{\"@id\":\"https:\\\/\\\/quehacerpolitico.mx\\\/?p=110623#primaryimage\"},\"thumbnailUrl\":\"https:\\\/\\\/quehacerpolitico.mx\\\/wp-content\\\/uploads\\\/2024\\\/06\\\/IMG_6106.jpeg\",\"articleSection\":[\"Noticias\"],\"inLanguage\":\"es\",\"potentialAction\":[{\"@type\":\"CommentAction\",\"name\":\"Comment\",\"target\":[\"https:\\\/\\\/quehacerpolitico.mx\\\/?p=110623#respond\"]}]},{\"@type\":\"WebPage\",\"@id\":\"https:\\\/\\\/quehacerpolitico.mx\\\/?p=110623\",\"url\":\"https:\\\/\\\/quehacerpolitico.mx\\\/?p=110623\",\"name\":\"L\u00f3pez Obrador reitera que no cerrar\u00e1n fronteras, pero EU aumenta restricciones -\",\"isPartOf\":{\"@id\":\"https:\\\/\\\/quehacerpolitico.mx\\\/#website\"},\"primaryImageOfPage\":{\"@id\":\"https:\\\/\\\/quehacerpolitico.mx\\\/?p=110623#primaryimage\"},\"image\":{\"@id\":\"https:\\\/\\\/quehacerpolitico.mx\\\/?p=110623#primaryimage\"},\"thumbnailUrl\":\"https:\\\/\\\/quehacerpolitico.mx\\\/wp-content\\\/uploads\\\/2024\\\/06\\\/IMG_6106.jpeg\",\"datePublished\":\"2024-06-06T17:35:22+00:00\",\"dateModified\":\"2024-06-06T17:35:25+00:00\",\"author\":{\"@id\":\"https:\\\/\\\/quehacerpolitico.mx\\\/#\\\/schema\\\/person\\\/496d8ad2d1d3f8036101dca7ee39e585\"},\"breadcrumb\":{\"@id\":\"https:\\\/\\\/quehacerpolitico.mx\\\/?p=110623#breadcrumb\"},\"inLanguage\":\"es\",\"potentialAction\":[{\"@type\":\"ReadAction\",\"target\":[\"https:\\\/\\\/quehacerpolitico.mx\\\/?p=110623\"]}]},{\"@type\":\"ImageObject\",\"inLanguage\":\"es\",\"@id\":\"https:\\\/\\\/quehacerpolitico.mx\\\/?p=110623#primaryimage\",\"url\":\"https:\\\/\\\/quehacerpolitico.mx\\\/wp-content\\\/uploads\\\/2024\\\/06\\\/IMG_6106.jpeg\",\"contentUrl\":\"https:\\\/\\\/quehacerpolitico.mx\\\/wp-content\\\/uploads\\\/2024\\\/06\\\/IMG_6106.jpeg\",\"width\":1284,\"height\":705,\"caption\":\"Screenshot\"},{\"@type\":\"BreadcrumbList\",\"@id\":\"https:\\\/\\\/quehacerpolitico.mx\\\/?p=110623#breadcrumb\",\"itemListElement\":[{\"@type\":\"ListItem\",\"position\":1,\"name\":\"Inicio\",\"item\":\"https:\\\/\\\/quehacerpolitico.mx\\\/\"},{\"@type\":\"ListItem\",\"position\":2,\"name\":\"L\u00f3pez Obrador reitera que no cerrar\u00e1n fronteras, pero EU aumenta restricciones\"}]},{\"@type\":\"WebSite\",\"@id\":\"https:\\\/\\\/quehacerpolitico.mx\\\/#website\",\"url\":\"https:\\\/\\\/quehacerpolitico.mx\\\/\",\"name\":\"\",\"description\":\"\",\"potentialAction\":[{\"@type\":\"SearchAction\",\"target\":{\"@type\":\"EntryPoint\",\"urlTemplate\":\"https:\\\/\\\/quehacerpolitico.mx\\\/?s={search_term_string}\"},\"query-input\":{\"@type\":\"PropertyValueSpecification\",\"valueRequired\":true,\"valueName\":\"search_term_string\"}}],\"inLanguage\":\"es\"},{\"@type\":\"Person\",\"@id\":\"https:\\\/\\\/quehacerpolitico.mx\\\/#\\\/schema\\\/person\\\/496d8ad2d1d3f8036101dca7ee39e585\",\"name\":\"Redacci\u00f3n QP\",\"image\":{\"@type\":\"ImageObject\",\"inLanguage\":\"es\",\"@id\":\"https:\\\/\\\/secure.gravatar.com\\\/avatar\\\/c7164ed6fdec453195284ad24a5ae5b6e1eed2b848477fa2a4787ba9adf39a41?s=96&d=mm&r=g\",\"url\":\"https:\\\/\\\/secure.gravatar.com\\\/avatar\\\/c7164ed6fdec453195284ad24a5ae5b6e1eed2b848477fa2a4787ba9adf39a41?s=96&d=mm&r=g\",\"contentUrl\":\"https:\\\/\\\/secure.gravatar.com\\\/avatar\\\/c7164ed6fdec453195284ad24a5ae5b6e1eed2b848477fa2a4787ba9adf39a41?s=96&d=mm&r=g\",\"caption\":\"Redacci\u00f3n QP\"},\"url\":\"https:\\\/\\\/quehacerpolitico.mx\\\/?author=2\"}]}<\/script>\n<!-- \/ Yoast SEO plugin. -->","yoast_head_json":{"title":"L\u00f3pez Obrador reitera que no cerrar\u00e1n fronteras, pero EU aumenta restricciones -","robots":{"index":"index","follow":"follow","max-snippet":"max-snippet:-1","max-image-preview":"max-image-preview:large","max-video-preview":"max-video-preview:-1"},"canonical":"https:\/\/quehacerpolitico.mx\/?p=110623","og_locale":"es_MX","og_type":"article","og_title":"L\u00f3pez Obrador reitera que no cerrar\u00e1n fronteras, pero EU aumenta restricciones -","og_description":"Por Redacci\u00f3n QP Pese a las nuevas restricciones que Estados Unidos implementar\u00e1 en materia migratoria,...","og_url":"https:\/\/quehacerpolitico.mx\/?p=110623","article_published_time":"2024-06-06T17:35:22+00:00","article_modified_time":"2024-06-06T17:35:25+00:00","og_image":[{"width":1284,"height":705,"url":"https:\/\/quehacerpolitico.mx\/wp-content\/uploads\/2024\/06\/IMG_6106.jpeg","type":"image\/jpeg"}],"author":"Redacci\u00f3n QP","twitter_card":"summary_large_image","twitter_misc":{"Escrito por":"Redacci\u00f3n QP","Tiempo de lectura":"2 minutos"},"schema":{"@context":"https:\/\/schema.org","@graph":[{"@type":"Article","@id":"https:\/\/quehacerpolitico.mx\/?p=110623#article","isPartOf":{"@id":"https:\/\/quehacerpolitico.mx\/?p=110623"},"author":{"name":"Redacci\u00f3n QP","@id":"https:\/\/quehacerpolitico.mx\/#\/schema\/person\/496d8ad2d1d3f8036101dca7ee39e585"},"headline":"L\u00f3pez Obrador reitera que no cerrar\u00e1n fronteras, pero EU aumenta restricciones","datePublished":"2024-06-06T17:35:22+00:00","dateModified":"2024-06-06T17:35:25+00:00","mainEntityOfPage":{"@id":"https:\/\/quehacerpolitico.mx\/?p=110623"},"wordCount":435,"commentCount":0,"image":{"@id":"https:\/\/quehacerpolitico.mx\/?p=110623#primaryimage"},"thumbnailUrl":"https:\/\/quehacerpolitico.mx\/wp-content\/uploads\/2024\/06\/IMG_6106.jpeg","articleSection":["Noticias"],"inLanguage":"es","potentialAction":[{"@type":"CommentAction","name":"Comment","target":["https:\/\/quehacerpolitico.mx\/?p=110623#respond"]}]},{"@type":"WebPage","@id":"https:\/\/quehacerpolitico.mx\/?p=110623","url":"https:\/\/quehacerpolitico.mx\/?p=110623","name":"L\u00f3pez Obrador reitera que no cerrar\u00e1n fronteras, pero EU aumenta restricciones -","isPartOf":{"@id":"https:\/\/quehacerpolitico.mx\/#website"},"primaryImageOfPage":{"@id":"https:\/\/quehacerpolitico.mx\/?p=110623#primaryimage"},"image":{"@id":"https:\/\/quehacerpolitico.mx\/?p=110623#primaryimage"},"thumbnailUrl":"https:\/\/quehacerpolitico.mx\/wp-content\/uploads\/2024\/06\/IMG_6106.jpeg","datePublished":"2024-06-06T17:35:22+00:00","dateModified":"2024-06-06T17:35:25+00:00","author":{"@id":"https:\/\/quehacerpolitico.mx\/#\/schema\/person\/496d8ad2d1d3f8036101dca7ee39e585"},"breadcrumb":{"@id":"https:\/\/quehacerpolitico.mx\/?p=110623#breadcrumb"},"inLanguage":"es","potentialAction":[{"@type":"ReadAction","target":["https:\/\/quehacerpolitico.mx\/?p=110623"]}]},{"@type":"ImageObject","inLanguage":"es","@id":"https:\/\/quehacerpolitico.mx\/?p=110623#primaryimage","url":"https:\/\/quehacerpolitico.mx\/wp-content\/uploads\/2024\/06\/IMG_6106.jpeg","contentUrl":"https:\/\/quehacerpolitico.mx\/wp-content\/uploads\/2024\/06\/IMG_6106.jpeg","width":1284,"height":705,"caption":"Screenshot"},{"@type":"BreadcrumbList","@id":"https:\/\/quehacerpolitico.mx\/?p=110623#breadcrumb","itemListElement":[{"@type":"ListItem","position":1,"name":"Inicio","item":"https:\/\/quehacerpolitico.mx\/"},{"@type":"ListItem","position":2,"name":"L\u00f3pez Obrador reitera que no cerrar\u00e1n fronteras, pero EU aumenta restricciones"}]},{"@type":"WebSite","@id":"https:\/\/quehacerpolitico.mx\/#website","url":"https:\/\/quehacerpolitico.mx\/","name":"","description":"","potentialAction":[{"@type":"SearchAction","target":{"@type":"EntryPoint","urlTemplate":"https:\/\/quehacerpolitico.mx\/?s={search_term_string}"},"query-input":{"@type":"PropertyValueSpecification","valueRequired":true,"valueName":"search_term_string"}}],"inLanguage":"es"},{"@type":"Person","@id":"https:\/\/quehacerpolitico.mx\/#\/schema\/person\/496d8ad2d1d3f8036101dca7ee39e585","name":"Redacci\u00f3n QP","image":{"@type":"ImageObject","inLanguage":"es","@id":"https:\/\/secure.gravatar.com\/avatar\/c7164ed6fdec453195284ad24a5ae5b6e1eed2b848477fa2a4787ba9adf39a41?s=96&d=mm&r=g","url":"https:\/\/secure.gravatar.com\/avatar\/c7164ed6fdec453195284ad24a5ae5b6e1eed2b848477fa2a4787ba9adf39a41?s=96&d=mm&r=g","contentUrl":"https:\/\/secure.gravatar.com\/avatar\/c7164ed6fdec453195284ad24a5ae5b6e1eed2b848477fa2a4787ba9adf39a41?s=96&d=mm&r=g","caption":"Redacci\u00f3n QP"},"url":"https:\/\/quehacerpolitico.mx\/?author=2"}]}},"featured_image_urls":{"full":["https:\/\/quehacerpolitico.mx\/wp-content\/uploads\/2024\/06\/IMG_6106.jpeg",1284,705,false],"thumbnail":["https:\/\/quehacerpolitico.mx\/wp-content\/uploads\/2024\/06\/IMG_6106-150x150.jpeg",150,150,true],"medium":["https:\/\/quehacerpolitico.mx\/wp-content\/uploads\/2024\/06\/IMG_6106-300x165.jpeg",300,165,true],"medium_large":["https:\/\/quehacerpolitico.mx\/wp-content\/uploads\/2024\/06\/IMG_6106-768x422.jpeg",640,352,true],"large":["https:\/\/quehacerpolitico.mx\/wp-content\/uploads\/2024\/06\/IMG_6106-1024x562.jpeg",640,351,true],"1536x1536":["https:\/\/quehacerpolitico.mx\/wp-content\/uploads\/2024\/06\/IMG_6106.jpeg",1284,705,false],"2048x2048":["https:\/\/quehacerpolitico.mx\/wp-content\/uploads\/2024\/06\/IMG_6106.jpeg",1284,705,false],"covernews-featured":["https:\/\/quehacerpolitico.mx\/wp-content\/uploads\/2024\/06\/IMG_6106.jpeg",1024,562,false],"covernews-medium":["https:\/\/quehacerpolitico.mx\/wp-content\/uploads\/2024\/06\/IMG_6106.jpeg",540,296,false]},"author_info":{"display_name":"Redacci\u00f3n QP","author_link":"https:\/\/quehacerpolitico.mx\/?author=2"},"category_info":"<a href=\"https:\/\/quehacerpolitico.mx\/?cat=2\" rel=\"category\">Noticias<\/a>","tag_info":"Noticias","comment_count":"0","_links":{"self":[{"href":"https:\/\/quehacerpolitico.mx\/index.php?rest_route=\/wp\/v2\/posts\/110623","targetHints":{"allow":["GET"]}}],"collection":[{"href":"https:\/\/quehacerpolitico.mx\/index.php?rest_route=\/wp\/v2\/posts"}],"about":[{"href":"https:\/\/quehacerpolitico.mx\/index.php?rest_route=\/wp\/v2\/types\/post"}],"author":[{"embeddable":true,"href":"https:\/\/quehacerpolitico.mx\/index.php?rest_route=\/wp\/v2\/users\/2"}],"replies":[{"embeddable":true,"href":"https:\/\/quehacerpolitico.mx\/index.php?rest_route=%2Fwp%2Fv2%2Fcomments&post=110623"}],"version-history":[{"count":1,"href":"https:\/\/quehacerpolitico.mx\/index.php?rest_route=\/wp\/v2\/posts\/110623\/revisions"}],"predecessor-version":[{"id":110625,"href":"https:\/\/quehacerpolitico.mx\/index.php?rest_route=\/wp\/v2\/posts\/110623\/revisions\/110625"}],"wp:featuredmedia":[{"embeddable":true,"href":"https:\/\/quehacerpolitico.mx\/index.php?rest_route=\/wp\/v2\/media\/110624"}],"wp:attachment":[{"href":"https:\/\/quehacerpolitico.mx\/index.php?rest_route=%2Fwp%2Fv2%2Fmedia&parent=110623"}],"wp:term":[{"taxonomy":"category","embeddable":true,"href":"https:\/\/quehacerpolitico.mx\/index.php?rest_route=%2Fwp%2Fv2%2Fcategories&post=110623"},{"taxonomy":"post_tag","embeddable":true,"href":"https:\/\/quehacerpolitico.mx\/index.php?rest_route=%2Fwp%2Fv2%2Ftags&post=110623"}],"curies":[{"name":"wp","href":"https:\/\/api.w.org\/{rel}","templated":true}]}}