{"id":110601,"date":"2024-06-05T17:03:22","date_gmt":"2024-06-05T17:03:22","guid":{"rendered":"https:\/\/quehacerpolitico.mx\/?p=110601"},"modified":"2024-06-05T17:03:25","modified_gmt":"2024-06-05T17:03:25","slug":"el-prep-es-importante-regana-amlo-a-los-medios","status":"publish","type":"post","link":"https:\/\/quehacerpolitico.mx\/?p=110601","title":{"rendered":"El PREP es importante rega\u00f1a AMLO a los medios"},"content":{"rendered":"\n<p>Por Redacci\u00f3n QP<\/p>\n\n\n\n<p>L\u00f3pez Obrador detall\u00f3 que se informa sobre los resultados del PREP en la \u2018ma\u00f1anera\u2019 para garantizar el derecho a la informaci\u00f3n<\/p>\n\n\n\n<p>El presidente de M\u00e9xico,\u00a0<strong>Andres Manuel L\u00f3pez Obrador<\/strong>, reclam\u00f3 a los\u00a0<strong>medios de comunIcaci\u00f3n<\/strong>\u00a0por\u00a0<strong>no<\/strong>\u00a0<strong>informar<\/strong>\u00a0sobre los que pasa en el\u00a0<strong>Programa de Resultados Electorales Preliminares<\/strong>\u00a0(<strong>PREP<\/strong>), tras la\u00a0elecciones del pasado\u00a0<strong>2 de junio<\/strong>.<\/p>\n\n\n\n<p>En Palacio Nacional este mi\u00e9rcoles, L\u00f3pez Obrador detall\u00f3 que se informa sobre los resultados del PREP en la\u00a0<strong><em>ma\u00f1anera<\/em><\/strong>\u00a0para garantizar el derecho a la informaci\u00f3n de la poblaci\u00f3n.<\/p>\n\n\n\n<figure class=\"wp-block-embed is-type-rich is-provider-twitter wp-block-embed-twitter\"><div class=\"wp-block-embed__wrapper\">\n<blockquote class=\"twitter-tweet\" data-width=\"550\" data-dnt=\"true\"><p lang=\"es\" dir=\"ltr\">AMLO da por ganador a <a href=\"https:\/\/twitter.com\/hashtag\/Morena?src=hash&amp;ref_src=twsrc%5Etfw\">#Morena<\/a> en la contienda por la senadur\u00eda de Nuevo Le\u00f3n<br><br>Con 94.6% de actas capturadas, el PREP marca:<br><br>-33.5% \/ Waldo Fern\u00e1ndez (Morena-PT-PVEM)<br>-32.2% \/ Karina Barr\u00f3n (PAN-PRI-PRD)<br>-31.9% \/ Luis Donaldo Colosio Riojas (MC) <a href=\"https:\/\/t.co\/uUUcBEpmtZ\">pic.twitter.com\/uUUcBEpmtZ<\/a><\/p>&mdash; Manuel Lopez San Martin (@MLopezSanMartin) <a href=\"https:\/\/twitter.com\/MLopezSanMartin\/status\/1798369647978590655?ref_src=twsrc%5Etfw\">June 5, 2024<\/a><\/blockquote><script async src=\"https:\/\/platform.twitter.com\/widgets.js\" charset=\"utf-8\"><\/script>\n<\/div><\/figure>\n\n\n\n<p>\u201cSe va a dar un informe sobre los resultados del PREP que se cerr\u00f3 ayer. Y van a decir \u2018y por qu\u00e9 en la ma\u00f1anera se da a conocer el resultado del PREP\u2019, porque necesitamos informar, garantizar el derecho a la informaci\u00f3n, que es una de las cosas que se tienen que revisar hacia adelante.Los medios de informaci\u00f3n, aunque parezca contradictorio, parad\u00f3jico, no informan, indic\u00f3.<\/p>\n\n\n\n<p>\u201cHace falta informaci\u00f3n, y mucha gente ve la ma\u00f1anera no porque simpatice con nosotros o porque sea muy militante de la transformaci\u00f3n, sino sencillamente porque aqu\u00ed se dan a conocer cosas que no se difunden en otros medios, solo por eso, o porque se difunden de manera parcial, son noticias de un minuto\u201d, argument\u00f3.<\/p>\n\n\n\n<p>El mandatario mexicano se lanz\u00f3 contra periodistas que ganan \u201cmuch\u00edsimo dinero\u201d por no informar, y apunt\u00f3 que ganan hasta 30 veces m\u00e1s dinero que \u00e9l.<\/p>\n\n\n\n<p>\u201cLos conductores de noticias m\u00e1s afamados, los que ganan m\u00e1s dinero, much\u00edsimo dinero, hay 10 conductores que ganan en promedio 30 veces m\u00e1s que lo que gana el presidente y no es que yo est\u00e9 celoso, envidioso, porque yo me atengo a lo que dec\u00eda San Francisco: necesito poco y lo poco que necesito lo necesito poco\u201d, expuso.<\/p>\n\n\n\n<p>\u201cPero esas 10 figuras del periodismo, y esto aplica para cualquier pa\u00eds del mundo, que ganan en promedio 3 millones, cuatro millones al mes, \u00bfinforman de lo que a la gente le importa? \u00a1No! Ellos est\u00e1n ah\u00ed para cumplir otra funci\u00f3n: para proteger intereses creados, para tratar de influir y formar la llamada opini\u00f3n p\u00fablica, manipular y actuar como guardianes de los potentados, esa es su funci\u00f3n, por eso lee pagan much\u00edsimo. Esa es la explicaci\u00f3n del por qu\u00e9 se informa en las&nbsp;<em>ma\u00f1aneras\u201d,&nbsp;<\/em>se\u00f1al\u00f3 este mi\u00e9rcoles en el Sal\u00f3n Tesorer\u00eda<em>.<\/em><\/p>\n","protected":false},"excerpt":{"rendered":"<p>Por Redacci\u00f3n QP L\u00f3pez Obrador detall\u00f3 que se informa sobre los resultados del PREP en&#8230;<\/p>\n","protected":false},"author":2,"featured_media":110602,"comment_status":"open","ping_status":"open","sticky":false,"template":"","format":"standard","meta":{"_monsterinsights_skip_tracking":false,"_monsterinsights_sitenote_active":false,"_monsterinsights_sitenote_note":"","_monsterinsights_sitenote_category":0,"footnotes":""},"categories":[2],"tags":[],"class_list":["post-110601","post","type-post","status-publish","format-standard","has-post-thumbnail","hentry","category-noticias"],"yoast_head":"<!-- This site is optimized with the Yoast SEO plugin v27.3 - https:\/\/yoast.com\/product\/yoast-seo-wordpress\/ -->\n<title>El PREP es importante rega\u00f1a AMLO a los medios -<\/title>\n<meta name=\"robots\" content=\"index, follow, max-snippet:-1, max-image-preview:large, max-video-preview:-1\" \/>\n<link rel=\"canonical\" href=\"https:\/\/quehacerpolitico.mx\/?p=110601\" \/>\n<meta property=\"og:locale\" content=\"es_MX\" \/>\n<meta property=\"og:type\" content=\"article\" \/>\n<meta property=\"og:title\" content=\"El PREP es importante rega\u00f1a AMLO a los medios -\" \/>\n<meta property=\"og:description\" content=\"Por Redacci\u00f3n QP L\u00f3pez Obrador detall\u00f3 que se informa sobre los resultados del PREP en...\" \/>\n<meta property=\"og:url\" content=\"https:\/\/quehacerpolitico.mx\/?p=110601\" \/>\n<meta property=\"article:published_time\" content=\"2024-06-05T17:03:22+00:00\" \/>\n<meta property=\"article:modified_time\" content=\"2024-06-05T17:03:25+00:00\" \/>\n<meta property=\"og:image\" content=\"https:\/\/quehacerpolitico.mx\/wp-content\/uploads\/2024\/06\/IMG_6086.jpeg\" \/>\n\t<meta property=\"og:image:width\" content=\"1284\" \/>\n\t<meta property=\"og:image:height\" content=\"703\" \/>\n\t<meta property=\"og:image:type\" content=\"image\/jpeg\" \/>\n<meta name=\"author\" content=\"Redacci\u00f3n QP\" \/>\n<meta name=\"twitter:card\" content=\"summary_large_image\" \/>\n<meta name=\"twitter:label1\" content=\"Escrito por\" \/>\n\t<meta name=\"twitter:data1\" content=\"Redacci\u00f3n QP\" \/>\n\t<meta name=\"twitter:label2\" content=\"Tiempo de lectura\" \/>\n\t<meta name=\"twitter:data2\" content=\"2 minutos\" \/>\n<script type=\"application\/ld+json\" class=\"yoast-schema-graph\">{\"@context\":\"https:\\\/\\\/schema.org\",\"@graph\":[{\"@type\":\"Article\",\"@id\":\"https:\\\/\\\/quehacerpolitico.mx\\\/?p=110601#article\",\"isPartOf\":{\"@id\":\"https:\\\/\\\/quehacerpolitico.mx\\\/?p=110601\"},\"author\":{\"name\":\"Redacci\u00f3n QP\",\"@id\":\"https:\\\/\\\/quehacerpolitico.mx\\\/#\\\/schema\\\/person\\\/496d8ad2d1d3f8036101dca7ee39e585\"},\"headline\":\"El PREP es importante rega\u00f1a AMLO a los medios\",\"datePublished\":\"2024-06-05T17:03:22+00:00\",\"dateModified\":\"2024-06-05T17:03:25+00:00\",\"mainEntityOfPage\":{\"@id\":\"https:\\\/\\\/quehacerpolitico.mx\\\/?p=110601\"},\"wordCount\":440,\"commentCount\":0,\"image\":{\"@id\":\"https:\\\/\\\/quehacerpolitico.mx\\\/?p=110601#primaryimage\"},\"thumbnailUrl\":\"https:\\\/\\\/quehacerpolitico.mx\\\/wp-content\\\/uploads\\\/2024\\\/06\\\/IMG_6086.jpeg\",\"articleSection\":[\"Noticias\"],\"inLanguage\":\"es\",\"potentialAction\":[{\"@type\":\"CommentAction\",\"name\":\"Comment\",\"target\":[\"https:\\\/\\\/quehacerpolitico.mx\\\/?p=110601#respond\"]}]},{\"@type\":\"WebPage\",\"@id\":\"https:\\\/\\\/quehacerpolitico.mx\\\/?p=110601\",\"url\":\"https:\\\/\\\/quehacerpolitico.mx\\\/?p=110601\",\"name\":\"El PREP es importante rega\u00f1a AMLO a los medios -\",\"isPartOf\":{\"@id\":\"https:\\\/\\\/quehacerpolitico.mx\\\/#website\"},\"primaryImageOfPage\":{\"@id\":\"https:\\\/\\\/quehacerpolitico.mx\\\/?p=110601#primaryimage\"},\"image\":{\"@id\":\"https:\\\/\\\/quehacerpolitico.mx\\\/?p=110601#primaryimage\"},\"thumbnailUrl\":\"https:\\\/\\\/quehacerpolitico.mx\\\/wp-content\\\/uploads\\\/2024\\\/06\\\/IMG_6086.jpeg\",\"datePublished\":\"2024-06-05T17:03:22+00:00\",\"dateModified\":\"2024-06-05T17:03:25+00:00\",\"author\":{\"@id\":\"https:\\\/\\\/quehacerpolitico.mx\\\/#\\\/schema\\\/person\\\/496d8ad2d1d3f8036101dca7ee39e585\"},\"breadcrumb\":{\"@id\":\"https:\\\/\\\/quehacerpolitico.mx\\\/?p=110601#breadcrumb\"},\"inLanguage\":\"es\",\"potentialAction\":[{\"@type\":\"ReadAction\",\"target\":[\"https:\\\/\\\/quehacerpolitico.mx\\\/?p=110601\"]}]},{\"@type\":\"ImageObject\",\"inLanguage\":\"es\",\"@id\":\"https:\\\/\\\/quehacerpolitico.mx\\\/?p=110601#primaryimage\",\"url\":\"https:\\\/\\\/quehacerpolitico.mx\\\/wp-content\\\/uploads\\\/2024\\\/06\\\/IMG_6086.jpeg\",\"contentUrl\":\"https:\\\/\\\/quehacerpolitico.mx\\\/wp-content\\\/uploads\\\/2024\\\/06\\\/IMG_6086.jpeg\",\"width\":1284,\"height\":703,\"caption\":\"Screenshot\"},{\"@type\":\"BreadcrumbList\",\"@id\":\"https:\\\/\\\/quehacerpolitico.mx\\\/?p=110601#breadcrumb\",\"itemListElement\":[{\"@type\":\"ListItem\",\"position\":1,\"name\":\"Inicio\",\"item\":\"https:\\\/\\\/quehacerpolitico.mx\\\/\"},{\"@type\":\"ListItem\",\"position\":2,\"name\":\"El PREP es importante rega\u00f1a AMLO a los medios\"}]},{\"@type\":\"WebSite\",\"@id\":\"https:\\\/\\\/quehacerpolitico.mx\\\/#website\",\"url\":\"https:\\\/\\\/quehacerpolitico.mx\\\/\",\"name\":\"\",\"description\":\"\",\"potentialAction\":[{\"@type\":\"SearchAction\",\"target\":{\"@type\":\"EntryPoint\",\"urlTemplate\":\"https:\\\/\\\/quehacerpolitico.mx\\\/?s={search_term_string}\"},\"query-input\":{\"@type\":\"PropertyValueSpecification\",\"valueRequired\":true,\"valueName\":\"search_term_string\"}}],\"inLanguage\":\"es\"},{\"@type\":\"Person\",\"@id\":\"https:\\\/\\\/quehacerpolitico.mx\\\/#\\\/schema\\\/person\\\/496d8ad2d1d3f8036101dca7ee39e585\",\"name\":\"Redacci\u00f3n QP\",\"image\":{\"@type\":\"ImageObject\",\"inLanguage\":\"es\",\"@id\":\"https:\\\/\\\/secure.gravatar.com\\\/avatar\\\/c7164ed6fdec453195284ad24a5ae5b6e1eed2b848477fa2a4787ba9adf39a41?s=96&d=mm&r=g\",\"url\":\"https:\\\/\\\/secure.gravatar.com\\\/avatar\\\/c7164ed6fdec453195284ad24a5ae5b6e1eed2b848477fa2a4787ba9adf39a41?s=96&d=mm&r=g\",\"contentUrl\":\"https:\\\/\\\/secure.gravatar.com\\\/avatar\\\/c7164ed6fdec453195284ad24a5ae5b6e1eed2b848477fa2a4787ba9adf39a41?s=96&d=mm&r=g\",\"caption\":\"Redacci\u00f3n QP\"},\"url\":\"https:\\\/\\\/quehacerpolitico.mx\\\/?author=2\"}]}<\/script>\n<!-- \/ Yoast SEO plugin. -->","yoast_head_json":{"title":"El PREP es importante rega\u00f1a AMLO a los medios -","robots":{"index":"index","follow":"follow","max-snippet":"max-snippet:-1","max-image-preview":"max-image-preview:large","max-video-preview":"max-video-preview:-1"},"canonical":"https:\/\/quehacerpolitico.mx\/?p=110601","og_locale":"es_MX","og_type":"article","og_title":"El PREP es importante rega\u00f1a AMLO a los medios -","og_description":"Por Redacci\u00f3n QP L\u00f3pez Obrador detall\u00f3 que se informa sobre los resultados del PREP en...","og_url":"https:\/\/quehacerpolitico.mx\/?p=110601","article_published_time":"2024-06-05T17:03:22+00:00","article_modified_time":"2024-06-05T17:03:25+00:00","og_image":[{"width":1284,"height":703,"url":"https:\/\/quehacerpolitico.mx\/wp-content\/uploads\/2024\/06\/IMG_6086.jpeg","type":"image\/jpeg"}],"author":"Redacci\u00f3n QP","twitter_card":"summary_large_image","twitter_misc":{"Escrito por":"Redacci\u00f3n QP","Tiempo de lectura":"2 minutos"},"schema":{"@context":"https:\/\/schema.org","@graph":[{"@type":"Article","@id":"https:\/\/quehacerpolitico.mx\/?p=110601#article","isPartOf":{"@id":"https:\/\/quehacerpolitico.mx\/?p=110601"},"author":{"name":"Redacci\u00f3n QP","@id":"https:\/\/quehacerpolitico.mx\/#\/schema\/person\/496d8ad2d1d3f8036101dca7ee39e585"},"headline":"El PREP es importante rega\u00f1a AMLO a los medios","datePublished":"2024-06-05T17:03:22+00:00","dateModified":"2024-06-05T17:03:25+00:00","mainEntityOfPage":{"@id":"https:\/\/quehacerpolitico.mx\/?p=110601"},"wordCount":440,"commentCount":0,"image":{"@id":"https:\/\/quehacerpolitico.mx\/?p=110601#primaryimage"},"thumbnailUrl":"https:\/\/quehacerpolitico.mx\/wp-content\/uploads\/2024\/06\/IMG_6086.jpeg","articleSection":["Noticias"],"inLanguage":"es","potentialAction":[{"@type":"CommentAction","name":"Comment","target":["https:\/\/quehacerpolitico.mx\/?p=110601#respond"]}]},{"@type":"WebPage","@id":"https:\/\/quehacerpolitico.mx\/?p=110601","url":"https:\/\/quehacerpolitico.mx\/?p=110601","name":"El PREP es importante rega\u00f1a AMLO a los medios -","isPartOf":{"@id":"https:\/\/quehacerpolitico.mx\/#website"},"primaryImageOfPage":{"@id":"https:\/\/quehacerpolitico.mx\/?p=110601#primaryimage"},"image":{"@id":"https:\/\/quehacerpolitico.mx\/?p=110601#primaryimage"},"thumbnailUrl":"https:\/\/quehacerpolitico.mx\/wp-content\/uploads\/2024\/06\/IMG_6086.jpeg","datePublished":"2024-06-05T17:03:22+00:00","dateModified":"2024-06-05T17:03:25+00:00","author":{"@id":"https:\/\/quehacerpolitico.mx\/#\/schema\/person\/496d8ad2d1d3f8036101dca7ee39e585"},"breadcrumb":{"@id":"https:\/\/quehacerpolitico.mx\/?p=110601#breadcrumb"},"inLanguage":"es","potentialAction":[{"@type":"ReadAction","target":["https:\/\/quehacerpolitico.mx\/?p=110601"]}]},{"@type":"ImageObject","inLanguage":"es","@id":"https:\/\/quehacerpolitico.mx\/?p=110601#primaryimage","url":"https:\/\/quehacerpolitico.mx\/wp-content\/uploads\/2024\/06\/IMG_6086.jpeg","contentUrl":"https:\/\/quehacerpolitico.mx\/wp-content\/uploads\/2024\/06\/IMG_6086.jpeg","width":1284,"height":703,"caption":"Screenshot"},{"@type":"BreadcrumbList","@id":"https:\/\/quehacerpolitico.mx\/?p=110601#breadcrumb","itemListElement":[{"@type":"ListItem","position":1,"name":"Inicio","item":"https:\/\/quehacerpolitico.mx\/"},{"@type":"ListItem","position":2,"name":"El PREP es importante rega\u00f1a AMLO a los medios"}]},{"@type":"WebSite","@id":"https:\/\/quehacerpolitico.mx\/#website","url":"https:\/\/quehacerpolitico.mx\/","name":"","description":"","potentialAction":[{"@type":"SearchAction","target":{"@type":"EntryPoint","urlTemplate":"https:\/\/quehacerpolitico.mx\/?s={search_term_string}"},"query-input":{"@type":"PropertyValueSpecification","valueRequired":true,"valueName":"search_term_string"}}],"inLanguage":"es"},{"@type":"Person","@id":"https:\/\/quehacerpolitico.mx\/#\/schema\/person\/496d8ad2d1d3f8036101dca7ee39e585","name":"Redacci\u00f3n QP","image":{"@type":"ImageObject","inLanguage":"es","@id":"https:\/\/secure.gravatar.com\/avatar\/c7164ed6fdec453195284ad24a5ae5b6e1eed2b848477fa2a4787ba9adf39a41?s=96&d=mm&r=g","url":"https:\/\/secure.gravatar.com\/avatar\/c7164ed6fdec453195284ad24a5ae5b6e1eed2b848477fa2a4787ba9adf39a41?s=96&d=mm&r=g","contentUrl":"https:\/\/secure.gravatar.com\/avatar\/c7164ed6fdec453195284ad24a5ae5b6e1eed2b848477fa2a4787ba9adf39a41?s=96&d=mm&r=g","caption":"Redacci\u00f3n QP"},"url":"https:\/\/quehacerpolitico.mx\/?author=2"}]}},"featured_image_urls":{"full":["https:\/\/quehacerpolitico.mx\/wp-content\/uploads\/2024\/06\/IMG_6086.jpeg",1284,703,false],"thumbnail":["https:\/\/quehacerpolitico.mx\/wp-content\/uploads\/2024\/06\/IMG_6086-150x150.jpeg",150,150,true],"medium":["https:\/\/quehacerpolitico.mx\/wp-content\/uploads\/2024\/06\/IMG_6086-300x164.jpeg",300,164,true],"medium_large":["https:\/\/quehacerpolitico.mx\/wp-content\/uploads\/2024\/06\/IMG_6086-768x420.jpeg",640,350,true],"large":["https:\/\/quehacerpolitico.mx\/wp-content\/uploads\/2024\/06\/IMG_6086-1024x561.jpeg",640,351,true],"1536x1536":["https:\/\/quehacerpolitico.mx\/wp-content\/uploads\/2024\/06\/IMG_6086.jpeg",1284,703,false],"2048x2048":["https:\/\/quehacerpolitico.mx\/wp-content\/uploads\/2024\/06\/IMG_6086.jpeg",1284,703,false],"covernews-featured":["https:\/\/quehacerpolitico.mx\/wp-content\/uploads\/2024\/06\/IMG_6086.jpeg",1024,561,false],"covernews-medium":["https:\/\/quehacerpolitico.mx\/wp-content\/uploads\/2024\/06\/IMG_6086.jpeg",540,296,false]},"author_info":{"display_name":"Redacci\u00f3n QP","author_link":"https:\/\/quehacerpolitico.mx\/?author=2"},"category_info":"<a href=\"https:\/\/quehacerpolitico.mx\/?cat=2\" rel=\"category\">Noticias<\/a>","tag_info":"Noticias","comment_count":"0","_links":{"self":[{"href":"https:\/\/quehacerpolitico.mx\/index.php?rest_route=\/wp\/v2\/posts\/110601","targetHints":{"allow":["GET"]}}],"collection":[{"href":"https:\/\/quehacerpolitico.mx\/index.php?rest_route=\/wp\/v2\/posts"}],"about":[{"href":"https:\/\/quehacerpolitico.mx\/index.php?rest_route=\/wp\/v2\/types\/post"}],"author":[{"embeddable":true,"href":"https:\/\/quehacerpolitico.mx\/index.php?rest_route=\/wp\/v2\/users\/2"}],"replies":[{"embeddable":true,"href":"https:\/\/quehacerpolitico.mx\/index.php?rest_route=%2Fwp%2Fv2%2Fcomments&post=110601"}],"version-history":[{"count":1,"href":"https:\/\/quehacerpolitico.mx\/index.php?rest_route=\/wp\/v2\/posts\/110601\/revisions"}],"predecessor-version":[{"id":110603,"href":"https:\/\/quehacerpolitico.mx\/index.php?rest_route=\/wp\/v2\/posts\/110601\/revisions\/110603"}],"wp:featuredmedia":[{"embeddable":true,"href":"https:\/\/quehacerpolitico.mx\/index.php?rest_route=\/wp\/v2\/media\/110602"}],"wp:attachment":[{"href":"https:\/\/quehacerpolitico.mx\/index.php?rest_route=%2Fwp%2Fv2%2Fmedia&parent=110601"}],"wp:term":[{"taxonomy":"category","embeddable":true,"href":"https:\/\/quehacerpolitico.mx\/index.php?rest_route=%2Fwp%2Fv2%2Fcategories&post=110601"},{"taxonomy":"post_tag","embeddable":true,"href":"https:\/\/quehacerpolitico.mx\/index.php?rest_route=%2Fwp%2Fv2%2Ftags&post=110601"}],"curies":[{"name":"wp","href":"https:\/\/api.w.org\/{rel}","templated":true}]}}