{"id":110589,"date":"2024-06-05T14:52:31","date_gmt":"2024-06-05T14:52:31","guid":{"rendered":"https:\/\/quehacerpolitico.mx\/?p=110589"},"modified":"2024-06-05T14:52:34","modified_gmt":"2024-06-05T14:52:34","slug":"calor-incesante-hoy-miercoles-5-de-junio-en-la-cdmx","status":"publish","type":"post","link":"https:\/\/quehacerpolitico.mx\/?p=110589","title":{"rendered":"Calor incesante hoy mi\u00e9rcoles 5 de junio en la CDMX"},"content":{"rendered":"\n<p>Por Redacci\u00f3n QP<\/p>\n\n\n\n<p>Te decimos c\u00f3mo va a estar el clima este mi\u00e9rcoles 5 de junio en la Ciudad de M\u00e9xico.<\/p>\n\n\n\n<p>Este<strong>\u00a0mi\u00e9rcoles 5 de junio<\/strong>, en la\u00a0Ciudad de M\u00e9xico el\u00a0clima puede ser un factor importante a considerar en tus actividades diarias, pues las altas temperaturas contin\u00faan, por lo que el registro de nuevos\u00a0<em>r\u00e9cords<\/em>\u00a0se ha mantenido actualizando estos \u00faltimos d\u00edas y el pasado 3 de junio la capital del pa\u00eds report\u00f3 una nueva cifra, pues\u00a0<strong>rompi\u00f3\u00a0<em>r\u00e9cord<\/em>\u00a0de temperatura alcanzando 33.8 grados<\/strong>.<\/p>\n\n\n\n<p>Por ello, aqu\u00ed en\u00a0Quehacer Pol\u00edtico te contamos c\u00f3mo estar\u00e1n las condiciones climatol\u00f3gicas para que puedas planificar tu d\u00eda de manera adecuada.<\/p>\n\n\n\n<h2 class=\"wp-block-heading\">Clima hoy, 5 de junio<\/h2>\n\n\n\n<p>El servicio de clima, perteneciente a la Comisi\u00f3n Nacional del Agua (Conagua Clima) inform\u00f3 que un canal de baja presi\u00f3n sobre el centro de M\u00e9xico, en interacci\u00f3n con la humedad proveniente del Oc\u00e9ano Pac\u00edfico y el Golfo de M\u00e9xico, ser\u00e1 el causante de las\u00a0<strong>lluvias\u00a0<\/strong>aisladas en el centro del pa\u00eds, incluyendo el Valle de M\u00e9xico.<\/p>\n\n\n\n<p>Por ello,<strong>\u00a0para hoy, mi\u00e9rcoles 5 de junio<\/strong>, Conagua Clima pronostic\u00f3 un d\u00eda con condiciones variadas para la capital del pa\u00eds.<\/p>\n\n\n\n<p>Por la ma\u00f1ana, se pronostica ambiente templado y cielo con nubes dispersas.&nbsp;<\/p>\n\n\n\n<p>Por la tarde, se espera un ambiente c\u00e1lido a caluroso, cielo medio nublado a nublado con probabilidad de chubascos y lluvias puntuales fuertes (25 a 50 mm 24 h) principalmente en el este del\u00a0Estado de M\u00e9xico y\u00a0<strong>lluvias con intervalos de chubascos<\/strong>\u00a0(5 a 25 mm en 24 h) en la Ciudad de M\u00e9xico, las cuales podr\u00edan acompa\u00f1arse de\u00a0<strong>descargas el\u00e9ctricas y posible ca\u00edda de granizo<\/strong>.<\/p>\n\n\n\n<ul class=\"wp-block-list\">\n<li>Temperatura m\u00e1xima estimada en la Ciudad de M\u00e9xico:\u00a0<strong>31 a 33 \u00b0C<\/strong><\/li>\n\n\n\n<li>Temperatura m\u00ednima estimada en la Ciudad de M\u00e9xico:\u00a0<strong>16 a 18 \u00b0C<\/strong><\/li>\n\n\n\n<li>Viento del noreste de 10 a 25 km\/h con rachas de 40 a 60 km\/h y posibles tolvaneras.<\/li>\n<\/ul>\n\n\n\n<p>\u200b\u200b\u00bfD\u00f3nde habr\u00e1 alerta por altas temperaturas en CdMx?<\/p>\n\n\n\n<p>La Secretar\u00eda de Gesti\u00f3n Integral de Riesgos y Protecci\u00f3n Civil (SGIRPC) emiti\u00f3 alerta amarilla y naranja en las diversas alcald\u00edas, debido a que se esperan altas temperaturas durante el mi\u00e9rcoles 5 de junio.<\/p>\n\n\n\n<figure class=\"wp-block-embed is-type-rich is-provider-twitter wp-block-embed-twitter\"><div class=\"wp-block-embed__wrapper\">\n<blockquote class=\"twitter-tweet\" data-width=\"550\" data-dnt=\"true\"><p lang=\"es\" dir=\"ltr\">Se activa Alerta Naranja por pron\u00f3stico de temperaturas altas para la tarde del mi\u00e9rcoles 05\/06\/2024 en las demarcaciones de <a href=\"https:\/\/twitter.com\/AzcapotzalcoMx?ref_src=twsrc%5Etfw\">@AzcapotzalcoMx<\/a>, <a href=\"https:\/\/twitter.com\/AlcCuauhtemocMx?ref_src=twsrc%5Etfw\">@AlcCuauhtemocMx<\/a>, <a href=\"https:\/\/twitter.com\/TuAlcaldiaGAM?ref_src=twsrc%5Etfw\">@TuAlcaldiaGAM<\/a>, <a href=\"https:\/\/twitter.com\/IztacalcoAl?ref_src=twsrc%5Etfw\">@IztacalcoAl<\/a>, <a href=\"https:\/\/twitter.com\/Alc_Iztapalapa?ref_src=twsrc%5Etfw\">@Alc_Iztapalapa<\/a>, <a href=\"https:\/\/twitter.com\/TlahuacRenace?ref_src=twsrc%5Etfw\">@TlahuacRenace<\/a> y <a href=\"https:\/\/twitter.com\/A_VCarranza?ref_src=twsrc%5Etfw\">@A_VCarranza<\/a>.<a href=\"https:\/\/twitter.com\/hashtag\/LaPrevenci%C3%B3nEsNuestraFuerza?src=hash&amp;ref_src=twsrc%5Etfw\">#LaPrevenci\u00f3nEsNuestraFuerza<\/a> <a href=\"https:\/\/t.co\/lHZQAYmfDn\">pic.twitter.com\/lHZQAYmfDn<\/a><\/p>&mdash; Secretar\u00eda de Gesti\u00f3n Integral de Riesgos y PC (@SGIRPC_CDMX) <a href=\"https:\/\/twitter.com\/SGIRPC_CDMX\/status\/1798146446254031065?ref_src=twsrc%5Etfw\">June 5, 2024<\/a><\/blockquote><script async src=\"https:\/\/platform.twitter.com\/widgets.js\" charset=\"utf-8\"><\/script>\n<\/div><\/figure>\n\n\n\n<p>Por tanto, las demarcaciones afectadas por temperaturas superiores a los 30\u00b0C son: Azcapotzalco, Cuauht\u00e9moc, Gustavo A. Madero, Iztacalco, Iztapalapa, Venustiano Carranza y Tl\u00e1huac<\/p>\n\n\n\n<figure class=\"wp-block-embed is-type-rich is-provider-twitter wp-block-embed-twitter\"><div class=\"wp-block-embed__wrapper\">\n<blockquote class=\"twitter-tweet\" data-width=\"550\" data-dnt=\"true\"><p lang=\"es\" dir=\"ltr\">Se activa Alerta Amarilla por pron\u00f3stico de temperaturas altas para la tarde del mi\u00e9rcoles 05\/06\/2024 en las demarcaciones de <a href=\"https:\/\/twitter.com\/AlcaldiaAO?ref_src=twsrc%5Etfw\">@AlcaldiaAO<\/a>, <a href=\"https:\/\/twitter.com\/BJAlcaldia?ref_src=twsrc%5Etfw\">@BJAlcaldia<\/a>, <a href=\"https:\/\/twitter.com\/Alcaldia_Coy?ref_src=twsrc%5Etfw\">@Alcaldia_Coy<\/a>, <a href=\"https:\/\/twitter.com\/AlcaldiaMHmx?ref_src=twsrc%5Etfw\">@AlcaldiaMHmx<\/a> y <a href=\"https:\/\/twitter.com\/XochimilcoAl?ref_src=twsrc%5Etfw\">@XochimilcoAl<\/a>.<a href=\"https:\/\/twitter.com\/hashtag\/LaPrevenci%C3%B3nEsNuestraFuerza?src=hash&amp;ref_src=twsrc%5Etfw\">#LaPrevenci\u00f3nEsNuestraFuerza<\/a> <a href=\"https:\/\/t.co\/KKxGwSNHBT\">pic.twitter.com\/KKxGwSNHBT<\/a><\/p>&mdash; Secretar\u00eda de Gesti\u00f3n Integral de Riesgos y PC (@SGIRPC_CDMX) <a href=\"https:\/\/twitter.com\/SGIRPC_CDMX\/status\/1798147811848155211?ref_src=twsrc%5Etfw\">June 5, 2024<\/a><\/blockquote><script async src=\"https:\/\/platform.twitter.com\/widgets.js\" charset=\"utf-8\"><\/script>\n<\/div><\/figure>\n\n\n\n<p>En tanto, las otras alcald\u00edas afectadas por altas temperaturas y que tienen alerta amarilla son: \u00c1lvaro Obreg\u00f3n, Benito Ju\u00e1rez, Coyoac\u00e1n, Miguel Hidalgo y Xochimilco.<\/p>\n\n\n\n<h2 class=\"wp-block-heading\">Recomendaciones por altas temperaturas<\/h2>\n\n\n\n<p>Ante las altas temperaturas, y con el prop\u00f3sito de evitar golpes de calor, enfermedades estomacales y da\u00f1os a la piel, la SGIRPC emiti\u00f3 las siguientes recomendaciones:<\/p>\n\n\n\n<ul class=\"wp-block-list\">\n<li>Usar bloqueador<\/li>\n\n\n\n<li>Vestir con ropa de colores claros, usar gafas de sol, sombrero y\/o gorra<\/li>\n\n\n\n<li>Procurar no exponerse por tiempo prolongado al sol<\/li>\n\n\n\n<li>Evitar comer en la v\u00eda p\u00fablica, ya que los alimentos se descomponen r\u00e1pidamente<\/li>\n\n\n\n<li>Tomar agua y suero; evitar el consumo de bebidas azucaradas<\/li>\n<\/ul>\n","protected":false},"excerpt":{"rendered":"<p>Por Redacci\u00f3n QP Te decimos c\u00f3mo va a estar el clima este mi\u00e9rcoles 5 de&#8230;<\/p>\n","protected":false},"author":2,"featured_media":110590,"comment_status":"open","ping_status":"open","sticky":false,"template":"","format":"standard","meta":{"_monsterinsights_skip_tracking":false,"_monsterinsights_sitenote_active":false,"_monsterinsights_sitenote_note":"","_monsterinsights_sitenote_category":0,"footnotes":""},"categories":[55],"tags":[],"class_list":["post-110589","post","type-post","status-publish","format-standard","has-post-thumbnail","hentry","category-cdmx"],"yoast_head":"<!-- This site is optimized with the Yoast SEO plugin v27.3 - https:\/\/yoast.com\/product\/yoast-seo-wordpress\/ -->\n<title>Calor incesante hoy mi\u00e9rcoles 5 de junio en la CDMX -<\/title>\n<meta name=\"robots\" content=\"index, follow, max-snippet:-1, max-image-preview:large, max-video-preview:-1\" \/>\n<link rel=\"canonical\" href=\"https:\/\/quehacerpolitico.mx\/?p=110589\" \/>\n<meta property=\"og:locale\" content=\"es_MX\" \/>\n<meta property=\"og:type\" content=\"article\" \/>\n<meta property=\"og:title\" content=\"Calor incesante hoy mi\u00e9rcoles 5 de junio en la CDMX -\" \/>\n<meta property=\"og:description\" content=\"Por Redacci\u00f3n QP Te decimos c\u00f3mo va a estar el clima este mi\u00e9rcoles 5 de...\" \/>\n<meta property=\"og:url\" content=\"https:\/\/quehacerpolitico.mx\/?p=110589\" \/>\n<meta property=\"article:published_time\" content=\"2024-06-05T14:52:31+00:00\" \/>\n<meta property=\"article:modified_time\" content=\"2024-06-05T14:52:34+00:00\" \/>\n<meta property=\"og:image\" content=\"https:\/\/quehacerpolitico.mx\/wp-content\/uploads\/2024\/06\/IMG_6079.jpeg\" \/>\n\t<meta property=\"og:image:width\" content=\"679\" \/>\n\t<meta property=\"og:image:height\" content=\"452\" \/>\n\t<meta property=\"og:image:type\" content=\"image\/jpeg\" \/>\n<meta name=\"author\" content=\"Redacci\u00f3n QP\" \/>\n<meta name=\"twitter:card\" content=\"summary_large_image\" \/>\n<meta name=\"twitter:label1\" content=\"Escrito por\" \/>\n\t<meta name=\"twitter:data1\" content=\"Redacci\u00f3n QP\" \/>\n\t<meta name=\"twitter:label2\" content=\"Tiempo de lectura\" \/>\n\t<meta name=\"twitter:data2\" content=\"3 minutos\" \/>\n<script type=\"application\/ld+json\" class=\"yoast-schema-graph\">{\"@context\":\"https:\\\/\\\/schema.org\",\"@graph\":[{\"@type\":\"Article\",\"@id\":\"https:\\\/\\\/quehacerpolitico.mx\\\/?p=110589#article\",\"isPartOf\":{\"@id\":\"https:\\\/\\\/quehacerpolitico.mx\\\/?p=110589\"},\"author\":{\"name\":\"Redacci\u00f3n QP\",\"@id\":\"https:\\\/\\\/quehacerpolitico.mx\\\/#\\\/schema\\\/person\\\/496d8ad2d1d3f8036101dca7ee39e585\"},\"headline\":\"Calor incesante hoy mi\u00e9rcoles 5 de junio en la CDMX\",\"datePublished\":\"2024-06-05T14:52:31+00:00\",\"dateModified\":\"2024-06-05T14:52:34+00:00\",\"mainEntityOfPage\":{\"@id\":\"https:\\\/\\\/quehacerpolitico.mx\\\/?p=110589\"},\"wordCount\":549,\"commentCount\":0,\"image\":{\"@id\":\"https:\\\/\\\/quehacerpolitico.mx\\\/?p=110589#primaryimage\"},\"thumbnailUrl\":\"https:\\\/\\\/quehacerpolitico.mx\\\/wp-content\\\/uploads\\\/2024\\\/06\\\/IMG_6079.jpeg\",\"articleSection\":[\"CDMX\"],\"inLanguage\":\"es\",\"potentialAction\":[{\"@type\":\"CommentAction\",\"name\":\"Comment\",\"target\":[\"https:\\\/\\\/quehacerpolitico.mx\\\/?p=110589#respond\"]}]},{\"@type\":\"WebPage\",\"@id\":\"https:\\\/\\\/quehacerpolitico.mx\\\/?p=110589\",\"url\":\"https:\\\/\\\/quehacerpolitico.mx\\\/?p=110589\",\"name\":\"Calor incesante hoy mi\u00e9rcoles 5 de junio en la CDMX -\",\"isPartOf\":{\"@id\":\"https:\\\/\\\/quehacerpolitico.mx\\\/#website\"},\"primaryImageOfPage\":{\"@id\":\"https:\\\/\\\/quehacerpolitico.mx\\\/?p=110589#primaryimage\"},\"image\":{\"@id\":\"https:\\\/\\\/quehacerpolitico.mx\\\/?p=110589#primaryimage\"},\"thumbnailUrl\":\"https:\\\/\\\/quehacerpolitico.mx\\\/wp-content\\\/uploads\\\/2024\\\/06\\\/IMG_6079.jpeg\",\"datePublished\":\"2024-06-05T14:52:31+00:00\",\"dateModified\":\"2024-06-05T14:52:34+00:00\",\"author\":{\"@id\":\"https:\\\/\\\/quehacerpolitico.mx\\\/#\\\/schema\\\/person\\\/496d8ad2d1d3f8036101dca7ee39e585\"},\"breadcrumb\":{\"@id\":\"https:\\\/\\\/quehacerpolitico.mx\\\/?p=110589#breadcrumb\"},\"inLanguage\":\"es\",\"potentialAction\":[{\"@type\":\"ReadAction\",\"target\":[\"https:\\\/\\\/quehacerpolitico.mx\\\/?p=110589\"]}]},{\"@type\":\"ImageObject\",\"inLanguage\":\"es\",\"@id\":\"https:\\\/\\\/quehacerpolitico.mx\\\/?p=110589#primaryimage\",\"url\":\"https:\\\/\\\/quehacerpolitico.mx\\\/wp-content\\\/uploads\\\/2024\\\/06\\\/IMG_6079.jpeg\",\"contentUrl\":\"https:\\\/\\\/quehacerpolitico.mx\\\/wp-content\\\/uploads\\\/2024\\\/06\\\/IMG_6079.jpeg\",\"width\":679,\"height\":452},{\"@type\":\"BreadcrumbList\",\"@id\":\"https:\\\/\\\/quehacerpolitico.mx\\\/?p=110589#breadcrumb\",\"itemListElement\":[{\"@type\":\"ListItem\",\"position\":1,\"name\":\"Inicio\",\"item\":\"https:\\\/\\\/quehacerpolitico.mx\\\/\"},{\"@type\":\"ListItem\",\"position\":2,\"name\":\"Calor incesante hoy mi\u00e9rcoles 5 de junio en la CDMX\"}]},{\"@type\":\"WebSite\",\"@id\":\"https:\\\/\\\/quehacerpolitico.mx\\\/#website\",\"url\":\"https:\\\/\\\/quehacerpolitico.mx\\\/\",\"name\":\"\",\"description\":\"\",\"potentialAction\":[{\"@type\":\"SearchAction\",\"target\":{\"@type\":\"EntryPoint\",\"urlTemplate\":\"https:\\\/\\\/quehacerpolitico.mx\\\/?s={search_term_string}\"},\"query-input\":{\"@type\":\"PropertyValueSpecification\",\"valueRequired\":true,\"valueName\":\"search_term_string\"}}],\"inLanguage\":\"es\"},{\"@type\":\"Person\",\"@id\":\"https:\\\/\\\/quehacerpolitico.mx\\\/#\\\/schema\\\/person\\\/496d8ad2d1d3f8036101dca7ee39e585\",\"name\":\"Redacci\u00f3n QP\",\"image\":{\"@type\":\"ImageObject\",\"inLanguage\":\"es\",\"@id\":\"https:\\\/\\\/secure.gravatar.com\\\/avatar\\\/c7164ed6fdec453195284ad24a5ae5b6e1eed2b848477fa2a4787ba9adf39a41?s=96&d=mm&r=g\",\"url\":\"https:\\\/\\\/secure.gravatar.com\\\/avatar\\\/c7164ed6fdec453195284ad24a5ae5b6e1eed2b848477fa2a4787ba9adf39a41?s=96&d=mm&r=g\",\"contentUrl\":\"https:\\\/\\\/secure.gravatar.com\\\/avatar\\\/c7164ed6fdec453195284ad24a5ae5b6e1eed2b848477fa2a4787ba9adf39a41?s=96&d=mm&r=g\",\"caption\":\"Redacci\u00f3n QP\"},\"url\":\"https:\\\/\\\/quehacerpolitico.mx\\\/?author=2\"}]}<\/script>\n<!-- \/ Yoast SEO plugin. -->","yoast_head_json":{"title":"Calor incesante hoy mi\u00e9rcoles 5 de junio en la CDMX -","robots":{"index":"index","follow":"follow","max-snippet":"max-snippet:-1","max-image-preview":"max-image-preview:large","max-video-preview":"max-video-preview:-1"},"canonical":"https:\/\/quehacerpolitico.mx\/?p=110589","og_locale":"es_MX","og_type":"article","og_title":"Calor incesante hoy mi\u00e9rcoles 5 de junio en la CDMX -","og_description":"Por Redacci\u00f3n QP Te decimos c\u00f3mo va a estar el clima este mi\u00e9rcoles 5 de...","og_url":"https:\/\/quehacerpolitico.mx\/?p=110589","article_published_time":"2024-06-05T14:52:31+00:00","article_modified_time":"2024-06-05T14:52:34+00:00","og_image":[{"width":679,"height":452,"url":"https:\/\/quehacerpolitico.mx\/wp-content\/uploads\/2024\/06\/IMG_6079.jpeg","type":"image\/jpeg"}],"author":"Redacci\u00f3n QP","twitter_card":"summary_large_image","twitter_misc":{"Escrito por":"Redacci\u00f3n QP","Tiempo de lectura":"3 minutos"},"schema":{"@context":"https:\/\/schema.org","@graph":[{"@type":"Article","@id":"https:\/\/quehacerpolitico.mx\/?p=110589#article","isPartOf":{"@id":"https:\/\/quehacerpolitico.mx\/?p=110589"},"author":{"name":"Redacci\u00f3n QP","@id":"https:\/\/quehacerpolitico.mx\/#\/schema\/person\/496d8ad2d1d3f8036101dca7ee39e585"},"headline":"Calor incesante hoy mi\u00e9rcoles 5 de junio en la CDMX","datePublished":"2024-06-05T14:52:31+00:00","dateModified":"2024-06-05T14:52:34+00:00","mainEntityOfPage":{"@id":"https:\/\/quehacerpolitico.mx\/?p=110589"},"wordCount":549,"commentCount":0,"image":{"@id":"https:\/\/quehacerpolitico.mx\/?p=110589#primaryimage"},"thumbnailUrl":"https:\/\/quehacerpolitico.mx\/wp-content\/uploads\/2024\/06\/IMG_6079.jpeg","articleSection":["CDMX"],"inLanguage":"es","potentialAction":[{"@type":"CommentAction","name":"Comment","target":["https:\/\/quehacerpolitico.mx\/?p=110589#respond"]}]},{"@type":"WebPage","@id":"https:\/\/quehacerpolitico.mx\/?p=110589","url":"https:\/\/quehacerpolitico.mx\/?p=110589","name":"Calor incesante hoy mi\u00e9rcoles 5 de junio en la CDMX -","isPartOf":{"@id":"https:\/\/quehacerpolitico.mx\/#website"},"primaryImageOfPage":{"@id":"https:\/\/quehacerpolitico.mx\/?p=110589#primaryimage"},"image":{"@id":"https:\/\/quehacerpolitico.mx\/?p=110589#primaryimage"},"thumbnailUrl":"https:\/\/quehacerpolitico.mx\/wp-content\/uploads\/2024\/06\/IMG_6079.jpeg","datePublished":"2024-06-05T14:52:31+00:00","dateModified":"2024-06-05T14:52:34+00:00","author":{"@id":"https:\/\/quehacerpolitico.mx\/#\/schema\/person\/496d8ad2d1d3f8036101dca7ee39e585"},"breadcrumb":{"@id":"https:\/\/quehacerpolitico.mx\/?p=110589#breadcrumb"},"inLanguage":"es","potentialAction":[{"@type":"ReadAction","target":["https:\/\/quehacerpolitico.mx\/?p=110589"]}]},{"@type":"ImageObject","inLanguage":"es","@id":"https:\/\/quehacerpolitico.mx\/?p=110589#primaryimage","url":"https:\/\/quehacerpolitico.mx\/wp-content\/uploads\/2024\/06\/IMG_6079.jpeg","contentUrl":"https:\/\/quehacerpolitico.mx\/wp-content\/uploads\/2024\/06\/IMG_6079.jpeg","width":679,"height":452},{"@type":"BreadcrumbList","@id":"https:\/\/quehacerpolitico.mx\/?p=110589#breadcrumb","itemListElement":[{"@type":"ListItem","position":1,"name":"Inicio","item":"https:\/\/quehacerpolitico.mx\/"},{"@type":"ListItem","position":2,"name":"Calor incesante hoy mi\u00e9rcoles 5 de junio en la CDMX"}]},{"@type":"WebSite","@id":"https:\/\/quehacerpolitico.mx\/#website","url":"https:\/\/quehacerpolitico.mx\/","name":"","description":"","potentialAction":[{"@type":"SearchAction","target":{"@type":"EntryPoint","urlTemplate":"https:\/\/quehacerpolitico.mx\/?s={search_term_string}"},"query-input":{"@type":"PropertyValueSpecification","valueRequired":true,"valueName":"search_term_string"}}],"inLanguage":"es"},{"@type":"Person","@id":"https:\/\/quehacerpolitico.mx\/#\/schema\/person\/496d8ad2d1d3f8036101dca7ee39e585","name":"Redacci\u00f3n QP","image":{"@type":"ImageObject","inLanguage":"es","@id":"https:\/\/secure.gravatar.com\/avatar\/c7164ed6fdec453195284ad24a5ae5b6e1eed2b848477fa2a4787ba9adf39a41?s=96&d=mm&r=g","url":"https:\/\/secure.gravatar.com\/avatar\/c7164ed6fdec453195284ad24a5ae5b6e1eed2b848477fa2a4787ba9adf39a41?s=96&d=mm&r=g","contentUrl":"https:\/\/secure.gravatar.com\/avatar\/c7164ed6fdec453195284ad24a5ae5b6e1eed2b848477fa2a4787ba9adf39a41?s=96&d=mm&r=g","caption":"Redacci\u00f3n QP"},"url":"https:\/\/quehacerpolitico.mx\/?author=2"}]}},"featured_image_urls":{"full":["https:\/\/quehacerpolitico.mx\/wp-content\/uploads\/2024\/06\/IMG_6079.jpeg",679,452,false],"thumbnail":["https:\/\/quehacerpolitico.mx\/wp-content\/uploads\/2024\/06\/IMG_6079-150x150.jpeg",150,150,true],"medium":["https:\/\/quehacerpolitico.mx\/wp-content\/uploads\/2024\/06\/IMG_6079-300x200.jpeg",300,200,true],"medium_large":["https:\/\/quehacerpolitico.mx\/wp-content\/uploads\/2024\/06\/IMG_6079.jpeg",640,426,false],"large":["https:\/\/quehacerpolitico.mx\/wp-content\/uploads\/2024\/06\/IMG_6079.jpeg",640,426,false],"1536x1536":["https:\/\/quehacerpolitico.mx\/wp-content\/uploads\/2024\/06\/IMG_6079.jpeg",679,452,false],"2048x2048":["https:\/\/quehacerpolitico.mx\/wp-content\/uploads\/2024\/06\/IMG_6079.jpeg",679,452,false],"covernews-featured":["https:\/\/quehacerpolitico.mx\/wp-content\/uploads\/2024\/06\/IMG_6079.jpeg",679,452,false],"covernews-medium":["https:\/\/quehacerpolitico.mx\/wp-content\/uploads\/2024\/06\/IMG_6079.jpeg",511,340,false]},"author_info":{"display_name":"Redacci\u00f3n QP","author_link":"https:\/\/quehacerpolitico.mx\/?author=2"},"category_info":"<a href=\"https:\/\/quehacerpolitico.mx\/?cat=55\" rel=\"category\">CDMX<\/a>","tag_info":"CDMX","comment_count":"0","_links":{"self":[{"href":"https:\/\/quehacerpolitico.mx\/index.php?rest_route=\/wp\/v2\/posts\/110589","targetHints":{"allow":["GET"]}}],"collection":[{"href":"https:\/\/quehacerpolitico.mx\/index.php?rest_route=\/wp\/v2\/posts"}],"about":[{"href":"https:\/\/quehacerpolitico.mx\/index.php?rest_route=\/wp\/v2\/types\/post"}],"author":[{"embeddable":true,"href":"https:\/\/quehacerpolitico.mx\/index.php?rest_route=\/wp\/v2\/users\/2"}],"replies":[{"embeddable":true,"href":"https:\/\/quehacerpolitico.mx\/index.php?rest_route=%2Fwp%2Fv2%2Fcomments&post=110589"}],"version-history":[{"count":1,"href":"https:\/\/quehacerpolitico.mx\/index.php?rest_route=\/wp\/v2\/posts\/110589\/revisions"}],"predecessor-version":[{"id":110591,"href":"https:\/\/quehacerpolitico.mx\/index.php?rest_route=\/wp\/v2\/posts\/110589\/revisions\/110591"}],"wp:featuredmedia":[{"embeddable":true,"href":"https:\/\/quehacerpolitico.mx\/index.php?rest_route=\/wp\/v2\/media\/110590"}],"wp:attachment":[{"href":"https:\/\/quehacerpolitico.mx\/index.php?rest_route=%2Fwp%2Fv2%2Fmedia&parent=110589"}],"wp:term":[{"taxonomy":"category","embeddable":true,"href":"https:\/\/quehacerpolitico.mx\/index.php?rest_route=%2Fwp%2Fv2%2Fcategories&post=110589"},{"taxonomy":"post_tag","embeddable":true,"href":"https:\/\/quehacerpolitico.mx\/index.php?rest_route=%2Fwp%2Fv2%2Ftags&post=110589"}],"curies":[{"name":"wp","href":"https:\/\/api.w.org\/{rel}","templated":true}]}}