{"id":110574,"date":"2024-06-04T18:12:49","date_gmt":"2024-06-04T18:12:49","guid":{"rendered":"https:\/\/quehacerpolitico.mx\/?p=110574"},"modified":"2024-06-04T18:12:52","modified_gmt":"2024-06-04T18:12:52","slug":"lopez-obrador-atribuye-a-factores-externos-y-desinformacion-la-caida-del-peso-tras-el-triunfo-de-sheinbaum","status":"publish","type":"post","link":"https:\/\/quehacerpolitico.mx\/?p=110574","title":{"rendered":"L\u00f3pez Obrador atribuye a \u201cfactores externos y desinformaci\u00f3n\u201d la ca\u00edda del peso tras el triunfo de Sheinbaum"},"content":{"rendered":"\n<p>Por Redacci\u00f3n QP<\/p>\n\n\n\n<p>El presidente de M\u00e9xico,&nbsp;<strong>Andr\u00e9s Manuel L\u00f3pez Obrador<\/strong>, atribuy\u00f3 este martes a factores externos y a desinformaci\u00f3n de los&nbsp;<strong>analistas<\/strong>, la ca\u00edda del peso y la bolsa el lunes tras las elecciones, en las que Claudia Sheinbaum gan\u00f3 la&nbsp;<strong>presidencia<\/strong>&nbsp;y las mayor\u00edas en el&nbsp;<strong>Congreso<\/strong>.<\/p>\n\n\n\n<p>\u201cFactores externos tambi\u00e9n, esto sucede en<strong>Estados Unidos<\/strong>\u00a0y en otros mercados y tambi\u00e9n volvemos a lo mismo, como hay mucha\u00a0<strong>desinformaci\u00f3n<\/strong>, ellos se sorprenden\u201d, expres\u00f3 el mandatario federal en su conferencia matutina.<\/p>\n\n\n\n<figure class=\"wp-block-embed is-type-rich is-provider-twitter wp-block-embed-twitter\"><div class=\"wp-block-embed__wrapper\">\n<blockquote class=\"twitter-tweet\" data-width=\"550\" data-dnt=\"true\"><p lang=\"es\" dir=\"ltr\">&quot;La econom\u00eda de M\u00e9xico es s\u00f3lida\ud83d\udcb0&#8230; la ca\u00edda de 6.11% en la <a href=\"https:\/\/twitter.com\/hashtag\/BMV?src=hash&amp;ref_src=twsrc%5Etfw\">#BMV<\/a> fue por factores externos&quot;, dice AMLO <a href=\"https:\/\/t.co\/BQJKExQ1Lq\">pic.twitter.com\/BQJKExQ1Lq<\/a><\/p>&mdash; Manuel Lopez San Martin (@MLopezSanMartin) <a href=\"https:\/\/twitter.com\/MLopezSanMartin\/status\/1798018500046536840?ref_src=twsrc%5Etfw\">June 4, 2024<\/a><\/blockquote><script async src=\"https:\/\/platform.twitter.com\/widgets.js\" charset=\"utf-8\"><\/script>\n<\/div><\/figure>\n\n\n\n<p>Su declaraci\u00f3n se produce tras un \u201clunes negro\u201d en los mercados despu\u00e9s de las elecciones, donde la Bolsa Mexicana de Valores (<strong>BMV<\/strong>) se desplom\u00f3 un 6.11%, su peor ca\u00edda desde la pandemia de&nbsp;<strong>Covid-19&nbsp;<\/strong>en marzo de 2020, y el peso se depreci\u00f3 un 4.36% ante el d\u00f3lar al intercambiarse en 17.71 unidades.<\/p>\n\n\n\n<p>Analistas anticipaban la victoria de la candidata presidencial de Morena,&nbsp;<strong>Claudia Sheinbaum<\/strong>, quien gan\u00f3 con casi 60% de los votos, pero no preve\u00edan que su alianza de partidos obtuviera una mayor\u00eda calificada, de dos tercios, en el&nbsp;<strong>Congreso<\/strong>, con lo que puede reformar la Constituci\u00f3n sin negociar con la oposici\u00f3n.<\/p>\n\n\n\n<p>L\u00f3pez Obrador opin\u00f3 que los expertos financieros se&nbsp;<strong>sorprendieron<\/strong>&nbsp;por leer medios como&nbsp;<em>The Wall Street Journal<\/em>,&nbsp;<em>The New York Times<\/em>,&nbsp;<em>Bloomberg<\/em>&nbsp;y el&nbsp;<em>Financial Times<\/em>.<\/p>\n\n\n\n<p>\u201cDicen \u2018es que no ten\u00edamos&nbsp;<strong>contemplado<\/strong>&nbsp;que fuera tanto, que pudiese la coalici\u00f3n que est\u00e1 apoyando el proceso de transformaci\u00f3n en&nbsp;<strong>M\u00e9xico<\/strong>&nbsp;tener&nbsp;<strong>mayor\u00eda<\/strong>&nbsp;<strong>calificada<\/strong>. \u00bfY d\u00f3nde est\u00e1 la informaci\u00f3n? \u00bfQu\u00e9 no estaban viendo&nbsp;<strong>encuestas<\/strong>? \u00bfQu\u00e9 no estaban recogiendo los&nbsp;<strong>sentimientos<\/strong>&nbsp;del pueblo? \u00bfQui\u00e9nes son sus analistas?\u201d, cuestion\u00f3.<\/p>\n\n\n\n<p>Defendi\u00f3 que los resultados electorales se explican porque le \u201cha ido bien a la inmensa mayor\u00eda de los mexicanos, ha aumentado el salario, hay trabajo como no suced\u00eda en mucho tiempo, hay estabilidad econ\u00f3mica, est\u00e1 llegando&nbsp;<strong>inversi\u00f3n extranjera<\/strong>&nbsp;(\u2026) la gente est\u00e1 saliendo de la pobreza\u201d.<\/p>\n\n\n\n<p>El mandatario prometi\u00f3 que habr\u00e1 estabilidad econ\u00f3mica al recordar que el secretario de Hacienda,&nbsp;<strong>Rogelio Ram\u00edrez de la O<\/strong>, tambi\u00e9n estar\u00e1 en el gabinete de&nbsp;<strong>Sheinbaum<\/strong>, quien asumir\u00e1 el cargo el pr\u00f3ximo 1 de octubre.<\/p>\n\n\n\n<p>\u201cYa va a normalizarse todo, que hay mucha responsabilidad en el manejo de las finanzas p\u00fablicas y que la&nbsp;<strong>econom\u00eda de M\u00e9xico<\/strong>&nbsp;es s\u00f3lida y no va a cambiar la&nbsp;<strong>pol\u00edtica<\/strong>&nbsp;<strong>econ\u00f3mica<\/strong>que hemos venido aplicando y que ha dado muy buenos resultados\u201d, sostuvo.<\/p>\n\n\n\n<p>Entre las iniciativas constitucionales que causan nerviosismo est\u00e1n la reforma al\u00a0<strong>Poder Judicial<\/strong>\u00a0para elegir por voto popular a jueces y a la\u00a0<strong>Suprema Corte<\/strong>, una modificaci\u00f3n al sistema electoral y la eliminaci\u00f3n de reguladores aut\u00f3nomos.<\/p>\n","protected":false},"excerpt":{"rendered":"<p>Por Redacci\u00f3n QP El presidente de M\u00e9xico,&nbsp;Andr\u00e9s Manuel L\u00f3pez Obrador, atribuy\u00f3 este martes a factores&#8230;<\/p>\n","protected":false},"author":2,"featured_media":110575,"comment_status":"open","ping_status":"open","sticky":false,"template":"","format":"standard","meta":{"_monsterinsights_skip_tracking":false,"_monsterinsights_sitenote_active":false,"_monsterinsights_sitenote_note":"","_monsterinsights_sitenote_category":0,"footnotes":""},"categories":[56],"tags":[],"class_list":["post-110574","post","type-post","status-publish","format-standard","has-post-thumbnail","hentry","category-economia"],"yoast_head":"<!-- This site is optimized with the Yoast SEO plugin v27.3 - https:\/\/yoast.com\/product\/yoast-seo-wordpress\/ -->\n<title>L\u00f3pez Obrador atribuye a \u201cfactores externos y desinformaci\u00f3n\u201d la ca\u00edda del peso tras el triunfo de Sheinbaum -<\/title>\n<meta name=\"robots\" content=\"index, follow, max-snippet:-1, max-image-preview:large, max-video-preview:-1\" \/>\n<link rel=\"canonical\" href=\"https:\/\/quehacerpolitico.mx\/?p=110574\" \/>\n<meta property=\"og:locale\" content=\"es_MX\" \/>\n<meta property=\"og:type\" content=\"article\" \/>\n<meta property=\"og:title\" content=\"L\u00f3pez Obrador atribuye a \u201cfactores externos y desinformaci\u00f3n\u201d la ca\u00edda del peso tras el triunfo de Sheinbaum -\" \/>\n<meta property=\"og:description\" content=\"Por Redacci\u00f3n QP El presidente de M\u00e9xico,&nbsp;Andr\u00e9s Manuel L\u00f3pez Obrador, atribuy\u00f3 este martes a factores...\" \/>\n<meta property=\"og:url\" content=\"https:\/\/quehacerpolitico.mx\/?p=110574\" \/>\n<meta property=\"article:published_time\" content=\"2024-06-04T18:12:49+00:00\" \/>\n<meta property=\"article:modified_time\" content=\"2024-06-04T18:12:52+00:00\" \/>\n<meta property=\"og:image\" content=\"https:\/\/quehacerpolitico.mx\/wp-content\/uploads\/2024\/06\/IMG_6072.jpeg\" \/>\n\t<meta property=\"og:image:width\" content=\"1284\" \/>\n\t<meta property=\"og:image:height\" content=\"690\" \/>\n\t<meta property=\"og:image:type\" content=\"image\/jpeg\" \/>\n<meta name=\"author\" content=\"Redacci\u00f3n QP\" \/>\n<meta name=\"twitter:card\" content=\"summary_large_image\" \/>\n<meta name=\"twitter:label1\" content=\"Escrito por\" \/>\n\t<meta name=\"twitter:data1\" content=\"Redacci\u00f3n QP\" \/>\n\t<meta name=\"twitter:label2\" content=\"Tiempo de lectura\" \/>\n\t<meta name=\"twitter:data2\" content=\"3 minutos\" \/>\n<script type=\"application\/ld+json\" class=\"yoast-schema-graph\">{\"@context\":\"https:\\\/\\\/schema.org\",\"@graph\":[{\"@type\":\"Article\",\"@id\":\"https:\\\/\\\/quehacerpolitico.mx\\\/?p=110574#article\",\"isPartOf\":{\"@id\":\"https:\\\/\\\/quehacerpolitico.mx\\\/?p=110574\"},\"author\":{\"name\":\"Redacci\u00f3n QP\",\"@id\":\"https:\\\/\\\/quehacerpolitico.mx\\\/#\\\/schema\\\/person\\\/496d8ad2d1d3f8036101dca7ee39e585\"},\"headline\":\"L\u00f3pez Obrador atribuye a \u201cfactores externos y desinformaci\u00f3n\u201d la ca\u00edda del peso tras el triunfo de Sheinbaum\",\"datePublished\":\"2024-06-04T18:12:49+00:00\",\"dateModified\":\"2024-06-04T18:12:52+00:00\",\"mainEntityOfPage\":{\"@id\":\"https:\\\/\\\/quehacerpolitico.mx\\\/?p=110574\"},\"wordCount\":520,\"commentCount\":0,\"image\":{\"@id\":\"https:\\\/\\\/quehacerpolitico.mx\\\/?p=110574#primaryimage\"},\"thumbnailUrl\":\"https:\\\/\\\/quehacerpolitico.mx\\\/wp-content\\\/uploads\\\/2024\\\/06\\\/IMG_6072.jpeg\",\"articleSection\":[\"Econom\u00eda\"],\"inLanguage\":\"es\",\"potentialAction\":[{\"@type\":\"CommentAction\",\"name\":\"Comment\",\"target\":[\"https:\\\/\\\/quehacerpolitico.mx\\\/?p=110574#respond\"]}]},{\"@type\":\"WebPage\",\"@id\":\"https:\\\/\\\/quehacerpolitico.mx\\\/?p=110574\",\"url\":\"https:\\\/\\\/quehacerpolitico.mx\\\/?p=110574\",\"name\":\"L\u00f3pez Obrador atribuye a \u201cfactores externos y desinformaci\u00f3n\u201d la ca\u00edda del peso tras el triunfo de Sheinbaum -\",\"isPartOf\":{\"@id\":\"https:\\\/\\\/quehacerpolitico.mx\\\/#website\"},\"primaryImageOfPage\":{\"@id\":\"https:\\\/\\\/quehacerpolitico.mx\\\/?p=110574#primaryimage\"},\"image\":{\"@id\":\"https:\\\/\\\/quehacerpolitico.mx\\\/?p=110574#primaryimage\"},\"thumbnailUrl\":\"https:\\\/\\\/quehacerpolitico.mx\\\/wp-content\\\/uploads\\\/2024\\\/06\\\/IMG_6072.jpeg\",\"datePublished\":\"2024-06-04T18:12:49+00:00\",\"dateModified\":\"2024-06-04T18:12:52+00:00\",\"author\":{\"@id\":\"https:\\\/\\\/quehacerpolitico.mx\\\/#\\\/schema\\\/person\\\/496d8ad2d1d3f8036101dca7ee39e585\"},\"breadcrumb\":{\"@id\":\"https:\\\/\\\/quehacerpolitico.mx\\\/?p=110574#breadcrumb\"},\"inLanguage\":\"es\",\"potentialAction\":[{\"@type\":\"ReadAction\",\"target\":[\"https:\\\/\\\/quehacerpolitico.mx\\\/?p=110574\"]}]},{\"@type\":\"ImageObject\",\"inLanguage\":\"es\",\"@id\":\"https:\\\/\\\/quehacerpolitico.mx\\\/?p=110574#primaryimage\",\"url\":\"https:\\\/\\\/quehacerpolitico.mx\\\/wp-content\\\/uploads\\\/2024\\\/06\\\/IMG_6072.jpeg\",\"contentUrl\":\"https:\\\/\\\/quehacerpolitico.mx\\\/wp-content\\\/uploads\\\/2024\\\/06\\\/IMG_6072.jpeg\",\"width\":1284,\"height\":690,\"caption\":\"Screenshot\"},{\"@type\":\"BreadcrumbList\",\"@id\":\"https:\\\/\\\/quehacerpolitico.mx\\\/?p=110574#breadcrumb\",\"itemListElement\":[{\"@type\":\"ListItem\",\"position\":1,\"name\":\"Inicio\",\"item\":\"https:\\\/\\\/quehacerpolitico.mx\\\/\"},{\"@type\":\"ListItem\",\"position\":2,\"name\":\"L\u00f3pez Obrador atribuye a \u201cfactores externos y desinformaci\u00f3n\u201d la ca\u00edda del peso tras el triunfo de Sheinbaum\"}]},{\"@type\":\"WebSite\",\"@id\":\"https:\\\/\\\/quehacerpolitico.mx\\\/#website\",\"url\":\"https:\\\/\\\/quehacerpolitico.mx\\\/\",\"name\":\"\",\"description\":\"\",\"potentialAction\":[{\"@type\":\"SearchAction\",\"target\":{\"@type\":\"EntryPoint\",\"urlTemplate\":\"https:\\\/\\\/quehacerpolitico.mx\\\/?s={search_term_string}\"},\"query-input\":{\"@type\":\"PropertyValueSpecification\",\"valueRequired\":true,\"valueName\":\"search_term_string\"}}],\"inLanguage\":\"es\"},{\"@type\":\"Person\",\"@id\":\"https:\\\/\\\/quehacerpolitico.mx\\\/#\\\/schema\\\/person\\\/496d8ad2d1d3f8036101dca7ee39e585\",\"name\":\"Redacci\u00f3n QP\",\"image\":{\"@type\":\"ImageObject\",\"inLanguage\":\"es\",\"@id\":\"https:\\\/\\\/secure.gravatar.com\\\/avatar\\\/c7164ed6fdec453195284ad24a5ae5b6e1eed2b848477fa2a4787ba9adf39a41?s=96&d=mm&r=g\",\"url\":\"https:\\\/\\\/secure.gravatar.com\\\/avatar\\\/c7164ed6fdec453195284ad24a5ae5b6e1eed2b848477fa2a4787ba9adf39a41?s=96&d=mm&r=g\",\"contentUrl\":\"https:\\\/\\\/secure.gravatar.com\\\/avatar\\\/c7164ed6fdec453195284ad24a5ae5b6e1eed2b848477fa2a4787ba9adf39a41?s=96&d=mm&r=g\",\"caption\":\"Redacci\u00f3n QP\"},\"url\":\"https:\\\/\\\/quehacerpolitico.mx\\\/?author=2\"}]}<\/script>\n<!-- \/ Yoast SEO plugin. -->","yoast_head_json":{"title":"L\u00f3pez Obrador atribuye a \u201cfactores externos y desinformaci\u00f3n\u201d la ca\u00edda del peso tras el triunfo de Sheinbaum -","robots":{"index":"index","follow":"follow","max-snippet":"max-snippet:-1","max-image-preview":"max-image-preview:large","max-video-preview":"max-video-preview:-1"},"canonical":"https:\/\/quehacerpolitico.mx\/?p=110574","og_locale":"es_MX","og_type":"article","og_title":"L\u00f3pez Obrador atribuye a \u201cfactores externos y desinformaci\u00f3n\u201d la ca\u00edda del peso tras el triunfo de Sheinbaum -","og_description":"Por Redacci\u00f3n QP El presidente de M\u00e9xico,&nbsp;Andr\u00e9s Manuel L\u00f3pez Obrador, atribuy\u00f3 este martes a factores...","og_url":"https:\/\/quehacerpolitico.mx\/?p=110574","article_published_time":"2024-06-04T18:12:49+00:00","article_modified_time":"2024-06-04T18:12:52+00:00","og_image":[{"width":1284,"height":690,"url":"https:\/\/quehacerpolitico.mx\/wp-content\/uploads\/2024\/06\/IMG_6072.jpeg","type":"image\/jpeg"}],"author":"Redacci\u00f3n QP","twitter_card":"summary_large_image","twitter_misc":{"Escrito por":"Redacci\u00f3n QP","Tiempo de lectura":"3 minutos"},"schema":{"@context":"https:\/\/schema.org","@graph":[{"@type":"Article","@id":"https:\/\/quehacerpolitico.mx\/?p=110574#article","isPartOf":{"@id":"https:\/\/quehacerpolitico.mx\/?p=110574"},"author":{"name":"Redacci\u00f3n QP","@id":"https:\/\/quehacerpolitico.mx\/#\/schema\/person\/496d8ad2d1d3f8036101dca7ee39e585"},"headline":"L\u00f3pez Obrador atribuye a \u201cfactores externos y desinformaci\u00f3n\u201d la ca\u00edda del peso tras el triunfo de Sheinbaum","datePublished":"2024-06-04T18:12:49+00:00","dateModified":"2024-06-04T18:12:52+00:00","mainEntityOfPage":{"@id":"https:\/\/quehacerpolitico.mx\/?p=110574"},"wordCount":520,"commentCount":0,"image":{"@id":"https:\/\/quehacerpolitico.mx\/?p=110574#primaryimage"},"thumbnailUrl":"https:\/\/quehacerpolitico.mx\/wp-content\/uploads\/2024\/06\/IMG_6072.jpeg","articleSection":["Econom\u00eda"],"inLanguage":"es","potentialAction":[{"@type":"CommentAction","name":"Comment","target":["https:\/\/quehacerpolitico.mx\/?p=110574#respond"]}]},{"@type":"WebPage","@id":"https:\/\/quehacerpolitico.mx\/?p=110574","url":"https:\/\/quehacerpolitico.mx\/?p=110574","name":"L\u00f3pez Obrador atribuye a \u201cfactores externos y desinformaci\u00f3n\u201d la ca\u00edda del peso tras el triunfo de Sheinbaum -","isPartOf":{"@id":"https:\/\/quehacerpolitico.mx\/#website"},"primaryImageOfPage":{"@id":"https:\/\/quehacerpolitico.mx\/?p=110574#primaryimage"},"image":{"@id":"https:\/\/quehacerpolitico.mx\/?p=110574#primaryimage"},"thumbnailUrl":"https:\/\/quehacerpolitico.mx\/wp-content\/uploads\/2024\/06\/IMG_6072.jpeg","datePublished":"2024-06-04T18:12:49+00:00","dateModified":"2024-06-04T18:12:52+00:00","author":{"@id":"https:\/\/quehacerpolitico.mx\/#\/schema\/person\/496d8ad2d1d3f8036101dca7ee39e585"},"breadcrumb":{"@id":"https:\/\/quehacerpolitico.mx\/?p=110574#breadcrumb"},"inLanguage":"es","potentialAction":[{"@type":"ReadAction","target":["https:\/\/quehacerpolitico.mx\/?p=110574"]}]},{"@type":"ImageObject","inLanguage":"es","@id":"https:\/\/quehacerpolitico.mx\/?p=110574#primaryimage","url":"https:\/\/quehacerpolitico.mx\/wp-content\/uploads\/2024\/06\/IMG_6072.jpeg","contentUrl":"https:\/\/quehacerpolitico.mx\/wp-content\/uploads\/2024\/06\/IMG_6072.jpeg","width":1284,"height":690,"caption":"Screenshot"},{"@type":"BreadcrumbList","@id":"https:\/\/quehacerpolitico.mx\/?p=110574#breadcrumb","itemListElement":[{"@type":"ListItem","position":1,"name":"Inicio","item":"https:\/\/quehacerpolitico.mx\/"},{"@type":"ListItem","position":2,"name":"L\u00f3pez Obrador atribuye a \u201cfactores externos y desinformaci\u00f3n\u201d la ca\u00edda del peso tras el triunfo de Sheinbaum"}]},{"@type":"WebSite","@id":"https:\/\/quehacerpolitico.mx\/#website","url":"https:\/\/quehacerpolitico.mx\/","name":"","description":"","potentialAction":[{"@type":"SearchAction","target":{"@type":"EntryPoint","urlTemplate":"https:\/\/quehacerpolitico.mx\/?s={search_term_string}"},"query-input":{"@type":"PropertyValueSpecification","valueRequired":true,"valueName":"search_term_string"}}],"inLanguage":"es"},{"@type":"Person","@id":"https:\/\/quehacerpolitico.mx\/#\/schema\/person\/496d8ad2d1d3f8036101dca7ee39e585","name":"Redacci\u00f3n QP","image":{"@type":"ImageObject","inLanguage":"es","@id":"https:\/\/secure.gravatar.com\/avatar\/c7164ed6fdec453195284ad24a5ae5b6e1eed2b848477fa2a4787ba9adf39a41?s=96&d=mm&r=g","url":"https:\/\/secure.gravatar.com\/avatar\/c7164ed6fdec453195284ad24a5ae5b6e1eed2b848477fa2a4787ba9adf39a41?s=96&d=mm&r=g","contentUrl":"https:\/\/secure.gravatar.com\/avatar\/c7164ed6fdec453195284ad24a5ae5b6e1eed2b848477fa2a4787ba9adf39a41?s=96&d=mm&r=g","caption":"Redacci\u00f3n QP"},"url":"https:\/\/quehacerpolitico.mx\/?author=2"}]}},"featured_image_urls":{"full":["https:\/\/quehacerpolitico.mx\/wp-content\/uploads\/2024\/06\/IMG_6072.jpeg",1284,690,false],"thumbnail":["https:\/\/quehacerpolitico.mx\/wp-content\/uploads\/2024\/06\/IMG_6072-150x150.jpeg",150,150,true],"medium":["https:\/\/quehacerpolitico.mx\/wp-content\/uploads\/2024\/06\/IMG_6072-300x161.jpeg",300,161,true],"medium_large":["https:\/\/quehacerpolitico.mx\/wp-content\/uploads\/2024\/06\/IMG_6072-768x413.jpeg",640,344,true],"large":["https:\/\/quehacerpolitico.mx\/wp-content\/uploads\/2024\/06\/IMG_6072-1024x550.jpeg",640,344,true],"1536x1536":["https:\/\/quehacerpolitico.mx\/wp-content\/uploads\/2024\/06\/IMG_6072.jpeg",1284,690,false],"2048x2048":["https:\/\/quehacerpolitico.mx\/wp-content\/uploads\/2024\/06\/IMG_6072.jpeg",1284,690,false],"covernews-featured":["https:\/\/quehacerpolitico.mx\/wp-content\/uploads\/2024\/06\/IMG_6072.jpeg",1024,550,false],"covernews-medium":["https:\/\/quehacerpolitico.mx\/wp-content\/uploads\/2024\/06\/IMG_6072.jpeg",540,290,false]},"author_info":{"display_name":"Redacci\u00f3n QP","author_link":"https:\/\/quehacerpolitico.mx\/?author=2"},"category_info":"<a href=\"https:\/\/quehacerpolitico.mx\/?cat=56\" rel=\"category\">Econom\u00eda<\/a>","tag_info":"Econom\u00eda","comment_count":"0","_links":{"self":[{"href":"https:\/\/quehacerpolitico.mx\/index.php?rest_route=\/wp\/v2\/posts\/110574","targetHints":{"allow":["GET"]}}],"collection":[{"href":"https:\/\/quehacerpolitico.mx\/index.php?rest_route=\/wp\/v2\/posts"}],"about":[{"href":"https:\/\/quehacerpolitico.mx\/index.php?rest_route=\/wp\/v2\/types\/post"}],"author":[{"embeddable":true,"href":"https:\/\/quehacerpolitico.mx\/index.php?rest_route=\/wp\/v2\/users\/2"}],"replies":[{"embeddable":true,"href":"https:\/\/quehacerpolitico.mx\/index.php?rest_route=%2Fwp%2Fv2%2Fcomments&post=110574"}],"version-history":[{"count":1,"href":"https:\/\/quehacerpolitico.mx\/index.php?rest_route=\/wp\/v2\/posts\/110574\/revisions"}],"predecessor-version":[{"id":110576,"href":"https:\/\/quehacerpolitico.mx\/index.php?rest_route=\/wp\/v2\/posts\/110574\/revisions\/110576"}],"wp:featuredmedia":[{"embeddable":true,"href":"https:\/\/quehacerpolitico.mx\/index.php?rest_route=\/wp\/v2\/media\/110575"}],"wp:attachment":[{"href":"https:\/\/quehacerpolitico.mx\/index.php?rest_route=%2Fwp%2Fv2%2Fmedia&parent=110574"}],"wp:term":[{"taxonomy":"category","embeddable":true,"href":"https:\/\/quehacerpolitico.mx\/index.php?rest_route=%2Fwp%2Fv2%2Fcategories&post=110574"},{"taxonomy":"post_tag","embeddable":true,"href":"https:\/\/quehacerpolitico.mx\/index.php?rest_route=%2Fwp%2Fv2%2Ftags&post=110574"}],"curies":[{"name":"wp","href":"https:\/\/api.w.org\/{rel}","templated":true}]}}