{"id":110554,"date":"2024-06-04T15:51:41","date_gmt":"2024-06-04T15:51:41","guid":{"rendered":"https:\/\/quehacerpolitico.mx\/?p=110554"},"modified":"2024-06-04T15:51:46","modified_gmt":"2024-06-04T15:51:46","slug":"el-clima-para-hoy-martes-4-de-junio-en-la-cdmx-cuidate-de-los-rayos-del-sol","status":"publish","type":"post","link":"https:\/\/quehacerpolitico.mx\/?p=110554","title":{"rendered":"El clima para hoy martes 4 de junio en la CDMX cu\u00eddate de los rayos del sol"},"content":{"rendered":"\n<p>Por Redacci\u00f3n QP<\/p>\n\n\n\n<p>Te compartimos c\u00f3mo estar\u00e1 el clima para este martes 4 de junio en la Ciudad de M\u00e9xico.<\/p>\n\n\n\n<p>Las altas temperaturas contin\u00faan en la\u00a0Ciudad de M\u00e9xico por lo que el registro de nuevos <em>r\u00e9cords<\/em>\u00a0se ha mantenido actualizando estos \u00faltimos d\u00edas y el pasado 3 de junio la capital del pa\u00eds report\u00f3 una nueva cifra, pues rompi\u00f3 r\u00e9cord de temperatura alcanzando\u00a0<strong>33.8 grados<\/strong>.<\/p>\n\n\n\n<p>Dichas condiciones fueron registradas en el observatorio de Tacubaya, mismo que inform\u00f3 que el clima super\u00f3 la cifra que se registr\u00f3 justo el mismo d\u00eda pero de hace 19 a\u00f1os. Por tanto, ante las olas de calor que enfrenta la urbe, en\u00a0Quehacer Pol\u00edtico te compartimos c\u00f3mo estar\u00e1 el clima este<strong>\u00a0martes 4 de junio<\/strong>.<\/p>\n\n\n\n<h2 class=\"wp-block-heading\">\u200b\u200b\u00bfD\u00f3nde habr\u00e1 alerta por altas temperaturas en CdMx?<\/h2>\n\n\n\n<p>La Secretar\u00eda de Gesti\u00f3n Integral de Riesgos y Protecci\u00f3n Civil (SGIRPC) emiti\u00f3\u00a0<strong>alerta amarilla y naranja<\/strong>\u00a0en las diversas alcald\u00edas, debido a que se esperan altas temperaturas durante el martes 4 de junio.<\/p>\n\n\n\n<figure class=\"wp-block-embed is-type-rich is-provider-twitter wp-block-embed-twitter\"><div class=\"wp-block-embed__wrapper\">\n<blockquote class=\"twitter-tweet\" data-width=\"550\" data-dnt=\"true\"><p lang=\"es\" dir=\"ltr\">Se activa <a href=\"https:\/\/twitter.com\/hashtag\/AlertaNaranja?src=hash&amp;ref_src=twsrc%5Etfw\">#AlertaNaranja<\/a> por pron\u00f3stico de temperaturas altas para la tarde del martes 04\/06\/2024 en las demarcaciones: <a href=\"https:\/\/twitter.com\/AzcapotzalcoMx?ref_src=twsrc%5Etfw\">@AzcapotzalcoMx<\/a>, <a href=\"https:\/\/twitter.com\/BJAlcaldia?ref_src=twsrc%5Etfw\">@BJAlcaldia<\/a>, <a href=\"https:\/\/twitter.com\/Alcaldia_Coy?ref_src=twsrc%5Etfw\">@Alcaldia_Coy<\/a>, <a href=\"https:\/\/twitter.com\/AlcCuauhtemocMx?ref_src=twsrc%5Etfw\">@AlcCuauhtemocMx<\/a>, <a href=\"https:\/\/twitter.com\/TuAlcaldiaGAM?ref_src=twsrc%5Etfw\">@TuAlcaldiaGAM<\/a>, <a href=\"https:\/\/twitter.com\/IztacalcoAl?ref_src=twsrc%5Etfw\">@IztacalcoAl<\/a>, <a href=\"https:\/\/twitter.com\/Alc_Iztapalapa?ref_src=twsrc%5Etfw\">@Alc_Iztapalapa<\/a>, <a href=\"https:\/\/twitter.com\/AlcaldiaMHmx?ref_src=twsrc%5Etfw\">@AlcaldiaMHmx<\/a>, <a href=\"https:\/\/twitter.com\/TlahuacRenace?ref_src=twsrc%5Etfw\">@TlahuacRenace<\/a>, <a href=\"https:\/\/twitter.com\/A_VCarranza?ref_src=twsrc%5Etfw\">@A_VCarranza<\/a> y\u2026 <a href=\"https:\/\/t.co\/5roxBlNvd1\">pic.twitter.com\/5roxBlNvd1<\/a><\/p>&mdash; Secretar\u00eda de Gesti\u00f3n Integral de Riesgos y PC (@SGIRPC_CDMX) <a href=\"https:\/\/twitter.com\/SGIRPC_CDMX\/status\/1797794014520864962?ref_src=twsrc%5Etfw\">June 4, 2024<\/a><\/blockquote><script async src=\"https:\/\/platform.twitter.com\/widgets.js\" charset=\"utf-8\"><\/script>\n<\/div><\/figure>\n\n\n\n<p>Por tanto, las demarcaciones afectadas por<strong>\u00a0temperaturas superiores a los 30\u00b0C<\/strong>\u00a0son: Azcapotzalco, Benito Ju\u00e1rez, Coyoac\u00e1n, Cuauht\u00e9moc, Gustavo A. Madero, Iztacalco, Iztapalapa, Miguel Hidalgo, Venustiano Carranza, Tl\u00e1huac y Xochimilco.<\/p>\n\n\n\n<figure class=\"wp-block-embed is-type-rich is-provider-twitter wp-block-embed-twitter\"><div class=\"wp-block-embed__wrapper\">\n<blockquote class=\"twitter-tweet\" data-width=\"550\" data-dnt=\"true\"><p lang=\"es\" dir=\"ltr\">Se activa <a href=\"https:\/\/twitter.com\/hashtag\/AlertaAmarilla?src=hash&amp;ref_src=twsrc%5Etfw\">#AlertaAmarilla<\/a> por pron\u00f3stico de temperaturas altas para la tarde del martes 04\/06\/2024 en las demarcaciones: <a href=\"https:\/\/twitter.com\/AlcaldiaAO?ref_src=twsrc%5Etfw\">@AlcaldiaAO<\/a>, <a href=\"https:\/\/twitter.com\/AlcCuajimalpa?ref_src=twsrc%5Etfw\">@AlcCuajimalpa<\/a>, <a href=\"https:\/\/twitter.com\/ALaMagdalenaC?ref_src=twsrc%5Etfw\">@ALaMagdalenaC<\/a>, <a href=\"https:\/\/twitter.com\/GobMilpaAlta?ref_src=twsrc%5Etfw\">@GobMilpaAlta<\/a> y <a href=\"https:\/\/twitter.com\/TlalpanAl?ref_src=twsrc%5Etfw\">@TlalpanAl<\/a> <a href=\"https:\/\/t.co\/yofPEahL4Y\">pic.twitter.com\/yofPEahL4Y<\/a><\/p>&mdash; Secretar\u00eda de Gesti\u00f3n Integral de Riesgos y PC (@SGIRPC_CDMX) <a href=\"https:\/\/twitter.com\/SGIRPC_CDMX\/status\/1797794327533695459?ref_src=twsrc%5Etfw\">June 4, 2024<\/a><\/blockquote><script async src=\"https:\/\/platform.twitter.com\/widgets.js\" charset=\"utf-8\"><\/script>\n<\/div><\/figure>\n\n\n\n<p>En tanto, las otras alcald\u00edas afectadas por altas temperaturas y que tienen alerta amarilla son: \u00c1lvaro Obreg\u00f3n, Cuajimalpa, Magdalena Contreras, Milpa Alta y Tlalpan.<\/p>\n\n\n\n<p>\u200b<strong>\u200b\u200b\u200b\u00bfA cu\u00e1ntos grados estaremos HOY 4 de junio en CdMx?<\/strong><\/p>\n\n\n\n<p>De acuerdo con el Servicio Meteorol\u00f3gico Nacional, este martes 4 de junio se espera un ambiente templado y cielo con nubes dispersas durante la ma\u00f1ana. Por la tarde, ambiente c\u00e1lido a caluroso, bruma, cielo medio nublado a nublado con probabilidad de lluvias e intervalos chubascos (5 a 25 mm en 24 h) en la\u00a0Ciudad de M\u00e9xico y\u00a0Estado de M\u00e9xico, los cuales podr\u00edan<\/p>\n\n\n\n<p><strong>a<\/strong><strong>compa\u00f1arse de descargas el\u00e9ctricas y posible ca\u00edda de granizo<\/strong>.<\/p>\n\n\n\n<ul class=\"wp-block-list\">\n<li>Temperatura m\u00e1xima estimada en la Ciudad de M\u00e9xico:\u00a0<strong>31 a 33 \u00b0C<\/strong><\/li>\n\n\n\n<li>Temperatura m\u00ednima estimada en la Ciudad de M\u00e9xico:\u00a0<strong>16 a 18 \u00b0C<\/strong><\/li>\n\n\n\n<li>Viento de direcci\u00f3n variable de 10 a 25 km\/h con rachas de 40 a 60 km\/h y posibles tolvaneras.<\/li>\n<\/ul>\n\n\n\n<h2 class=\"wp-block-heading\">Recomendaciones por altas temperaturas<\/h2>\n\n\n\n<p>Ante las altas temperaturas, y con el prop\u00f3sito de evitar golpes de calor, enfermedades estomacales y da\u00f1os a la piel, la SGIRPC emiti\u00f3 las siguientes recomendaciones:<\/p>\n\n\n\n<ul class=\"wp-block-list\">\n<li>Usar bloqueador<\/li>\n\n\n\n<li>Vestir con ropa de colores claros, usar gafas de sol, sombrero y\/o gorra<\/li>\n\n\n\n<li>Procurar no exponerse por tiempo prolongado al sol<\/li>\n\n\n\n<li>Evitar comer en la v\u00eda p\u00fablica, ya que los alimentos se descomponen r\u00e1pidamente<\/li>\n\n\n\n<li>Tomar agua y suero; evitar el consumo de bebidas azucaradas<\/li>\n<\/ul>\n\n\n\n<figure class=\"wp-block-embed is-type-rich is-provider-twitter wp-block-embed-twitter\"><div class=\"wp-block-embed__wrapper\">\n<blockquote class=\"twitter-tweet\" data-width=\"550\" data-dnt=\"true\"><p lang=\"es\" dir=\"ltr\">Ante las altas temperaturas que se registran en la Ciudad de M\u00e9xico, atiende las recomendaciones de Ollin, el chapul\u00edn de la prevenci\u00f3n:<br><br>\u2705Evita actividades al aire libre<br>\u2705Procura mantenerte en constante hidrataci\u00f3n<br>\u2705Presta especial atenci\u00f3n a menores de edad y adultos mayores\u2026 <a href=\"https:\/\/t.co\/IVGxaJQuDj\">pic.twitter.com\/IVGxaJQuDj<\/a><\/p>&mdash; Secretar\u00eda de Gesti\u00f3n Integral de Riesgos y PC (@SGIRPC_CDMX) <a href=\"https:\/\/twitter.com\/SGIRPC_CDMX\/status\/1797672966605402207?ref_src=twsrc%5Etfw\">June 3, 2024<\/a><\/blockquote><script async src=\"https:\/\/platform.twitter.com\/widgets.js\" charset=\"utf-8\"><\/script>\n<\/div><\/figure>\n\n\n\n<p>Asimismo,\u00a0<strong>es recomendable que bebas suficiente agua para prevenir la deshidrataci\u00f3n de tu cuerpo<\/strong>, especialmente si est\u00e1s expuesto al sol. Al igual que, no te automediques, acude al m\u00e9dico si experimentas alg\u00fan malestar relacionado con mareos y dolores de cabeza intensos.<\/p>\n","protected":false},"excerpt":{"rendered":"<p>Por Redacci\u00f3n QP Te compartimos c\u00f3mo estar\u00e1 el clima para este martes 4 de junio&#8230;<\/p>\n","protected":false},"author":2,"featured_media":110555,"comment_status":"open","ping_status":"open","sticky":false,"template":"","format":"standard","meta":{"_monsterinsights_skip_tracking":false,"_monsterinsights_sitenote_active":false,"_monsterinsights_sitenote_note":"","_monsterinsights_sitenote_category":0,"footnotes":""},"categories":[55],"tags":[],"class_list":["post-110554","post","type-post","status-publish","format-standard","has-post-thumbnail","hentry","category-cdmx"],"yoast_head":"<!-- This site is optimized with the Yoast SEO plugin v27.3 - https:\/\/yoast.com\/product\/yoast-seo-wordpress\/ -->\n<title>El clima para hoy martes 4 de junio en la CDMX cu\u00eddate de los rayos del sol -<\/title>\n<meta name=\"robots\" content=\"index, follow, max-snippet:-1, max-image-preview:large, max-video-preview:-1\" \/>\n<link rel=\"canonical\" href=\"https:\/\/quehacerpolitico.mx\/?p=110554\" \/>\n<meta property=\"og:locale\" content=\"es_MX\" \/>\n<meta property=\"og:type\" content=\"article\" \/>\n<meta property=\"og:title\" content=\"El clima para hoy martes 4 de junio en la CDMX cu\u00eddate de los rayos del sol -\" \/>\n<meta property=\"og:description\" content=\"Por Redacci\u00f3n QP Te compartimos c\u00f3mo estar\u00e1 el clima para este martes 4 de junio...\" \/>\n<meta property=\"og:url\" content=\"https:\/\/quehacerpolitico.mx\/?p=110554\" \/>\n<meta property=\"article:published_time\" content=\"2024-06-04T15:51:41+00:00\" \/>\n<meta property=\"article:modified_time\" content=\"2024-06-04T15:51:46+00:00\" \/>\n<meta property=\"og:image\" content=\"https:\/\/quehacerpolitico.mx\/wp-content\/uploads\/2024\/06\/IMG_6065.jpeg\" \/>\n\t<meta property=\"og:image:width\" content=\"739\" \/>\n\t<meta property=\"og:image:height\" content=\"415\" \/>\n\t<meta property=\"og:image:type\" content=\"image\/jpeg\" \/>\n<meta name=\"author\" content=\"Redacci\u00f3n QP\" \/>\n<meta name=\"twitter:card\" content=\"summary_large_image\" \/>\n<meta name=\"twitter:label1\" content=\"Escrito por\" \/>\n\t<meta name=\"twitter:data1\" content=\"Redacci\u00f3n QP\" \/>\n\t<meta name=\"twitter:label2\" content=\"Tiempo de lectura\" \/>\n\t<meta name=\"twitter:data2\" content=\"3 minutos\" \/>\n<script type=\"application\/ld+json\" class=\"yoast-schema-graph\">{\"@context\":\"https:\\\/\\\/schema.org\",\"@graph\":[{\"@type\":\"Article\",\"@id\":\"https:\\\/\\\/quehacerpolitico.mx\\\/?p=110554#article\",\"isPartOf\":{\"@id\":\"https:\\\/\\\/quehacerpolitico.mx\\\/?p=110554\"},\"author\":{\"name\":\"Redacci\u00f3n QP\",\"@id\":\"https:\\\/\\\/quehacerpolitico.mx\\\/#\\\/schema\\\/person\\\/496d8ad2d1d3f8036101dca7ee39e585\"},\"headline\":\"El clima para hoy martes 4 de junio en la CDMX cu\u00eddate de los rayos del sol\",\"datePublished\":\"2024-06-04T15:51:41+00:00\",\"dateModified\":\"2024-06-04T15:51:46+00:00\",\"mainEntityOfPage\":{\"@id\":\"https:\\\/\\\/quehacerpolitico.mx\\\/?p=110554\"},\"wordCount\":544,\"commentCount\":0,\"image\":{\"@id\":\"https:\\\/\\\/quehacerpolitico.mx\\\/?p=110554#primaryimage\"},\"thumbnailUrl\":\"https:\\\/\\\/quehacerpolitico.mx\\\/wp-content\\\/uploads\\\/2024\\\/06\\\/IMG_6065.jpeg\",\"articleSection\":[\"CDMX\"],\"inLanguage\":\"es\",\"potentialAction\":[{\"@type\":\"CommentAction\",\"name\":\"Comment\",\"target\":[\"https:\\\/\\\/quehacerpolitico.mx\\\/?p=110554#respond\"]}]},{\"@type\":\"WebPage\",\"@id\":\"https:\\\/\\\/quehacerpolitico.mx\\\/?p=110554\",\"url\":\"https:\\\/\\\/quehacerpolitico.mx\\\/?p=110554\",\"name\":\"El clima para hoy martes 4 de junio en la CDMX cu\u00eddate de los rayos del sol -\",\"isPartOf\":{\"@id\":\"https:\\\/\\\/quehacerpolitico.mx\\\/#website\"},\"primaryImageOfPage\":{\"@id\":\"https:\\\/\\\/quehacerpolitico.mx\\\/?p=110554#primaryimage\"},\"image\":{\"@id\":\"https:\\\/\\\/quehacerpolitico.mx\\\/?p=110554#primaryimage\"},\"thumbnailUrl\":\"https:\\\/\\\/quehacerpolitico.mx\\\/wp-content\\\/uploads\\\/2024\\\/06\\\/IMG_6065.jpeg\",\"datePublished\":\"2024-06-04T15:51:41+00:00\",\"dateModified\":\"2024-06-04T15:51:46+00:00\",\"author\":{\"@id\":\"https:\\\/\\\/quehacerpolitico.mx\\\/#\\\/schema\\\/person\\\/496d8ad2d1d3f8036101dca7ee39e585\"},\"breadcrumb\":{\"@id\":\"https:\\\/\\\/quehacerpolitico.mx\\\/?p=110554#breadcrumb\"},\"inLanguage\":\"es\",\"potentialAction\":[{\"@type\":\"ReadAction\",\"target\":[\"https:\\\/\\\/quehacerpolitico.mx\\\/?p=110554\"]}]},{\"@type\":\"ImageObject\",\"inLanguage\":\"es\",\"@id\":\"https:\\\/\\\/quehacerpolitico.mx\\\/?p=110554#primaryimage\",\"url\":\"https:\\\/\\\/quehacerpolitico.mx\\\/wp-content\\\/uploads\\\/2024\\\/06\\\/IMG_6065.jpeg\",\"contentUrl\":\"https:\\\/\\\/quehacerpolitico.mx\\\/wp-content\\\/uploads\\\/2024\\\/06\\\/IMG_6065.jpeg\",\"width\":739,\"height\":415},{\"@type\":\"BreadcrumbList\",\"@id\":\"https:\\\/\\\/quehacerpolitico.mx\\\/?p=110554#breadcrumb\",\"itemListElement\":[{\"@type\":\"ListItem\",\"position\":1,\"name\":\"Inicio\",\"item\":\"https:\\\/\\\/quehacerpolitico.mx\\\/\"},{\"@type\":\"ListItem\",\"position\":2,\"name\":\"El clima para hoy martes 4 de junio en la CDMX cu\u00eddate de los rayos del sol\"}]},{\"@type\":\"WebSite\",\"@id\":\"https:\\\/\\\/quehacerpolitico.mx\\\/#website\",\"url\":\"https:\\\/\\\/quehacerpolitico.mx\\\/\",\"name\":\"\",\"description\":\"\",\"potentialAction\":[{\"@type\":\"SearchAction\",\"target\":{\"@type\":\"EntryPoint\",\"urlTemplate\":\"https:\\\/\\\/quehacerpolitico.mx\\\/?s={search_term_string}\"},\"query-input\":{\"@type\":\"PropertyValueSpecification\",\"valueRequired\":true,\"valueName\":\"search_term_string\"}}],\"inLanguage\":\"es\"},{\"@type\":\"Person\",\"@id\":\"https:\\\/\\\/quehacerpolitico.mx\\\/#\\\/schema\\\/person\\\/496d8ad2d1d3f8036101dca7ee39e585\",\"name\":\"Redacci\u00f3n QP\",\"image\":{\"@type\":\"ImageObject\",\"inLanguage\":\"es\",\"@id\":\"https:\\\/\\\/secure.gravatar.com\\\/avatar\\\/c7164ed6fdec453195284ad24a5ae5b6e1eed2b848477fa2a4787ba9adf39a41?s=96&d=mm&r=g\",\"url\":\"https:\\\/\\\/secure.gravatar.com\\\/avatar\\\/c7164ed6fdec453195284ad24a5ae5b6e1eed2b848477fa2a4787ba9adf39a41?s=96&d=mm&r=g\",\"contentUrl\":\"https:\\\/\\\/secure.gravatar.com\\\/avatar\\\/c7164ed6fdec453195284ad24a5ae5b6e1eed2b848477fa2a4787ba9adf39a41?s=96&d=mm&r=g\",\"caption\":\"Redacci\u00f3n QP\"},\"url\":\"https:\\\/\\\/quehacerpolitico.mx\\\/?author=2\"}]}<\/script>\n<!-- \/ Yoast SEO plugin. -->","yoast_head_json":{"title":"El clima para hoy martes 4 de junio en la CDMX cu\u00eddate de los rayos del sol -","robots":{"index":"index","follow":"follow","max-snippet":"max-snippet:-1","max-image-preview":"max-image-preview:large","max-video-preview":"max-video-preview:-1"},"canonical":"https:\/\/quehacerpolitico.mx\/?p=110554","og_locale":"es_MX","og_type":"article","og_title":"El clima para hoy martes 4 de junio en la CDMX cu\u00eddate de los rayos del sol -","og_description":"Por Redacci\u00f3n QP Te compartimos c\u00f3mo estar\u00e1 el clima para este martes 4 de junio...","og_url":"https:\/\/quehacerpolitico.mx\/?p=110554","article_published_time":"2024-06-04T15:51:41+00:00","article_modified_time":"2024-06-04T15:51:46+00:00","og_image":[{"width":739,"height":415,"url":"https:\/\/quehacerpolitico.mx\/wp-content\/uploads\/2024\/06\/IMG_6065.jpeg","type":"image\/jpeg"}],"author":"Redacci\u00f3n QP","twitter_card":"summary_large_image","twitter_misc":{"Escrito por":"Redacci\u00f3n QP","Tiempo de lectura":"3 minutos"},"schema":{"@context":"https:\/\/schema.org","@graph":[{"@type":"Article","@id":"https:\/\/quehacerpolitico.mx\/?p=110554#article","isPartOf":{"@id":"https:\/\/quehacerpolitico.mx\/?p=110554"},"author":{"name":"Redacci\u00f3n QP","@id":"https:\/\/quehacerpolitico.mx\/#\/schema\/person\/496d8ad2d1d3f8036101dca7ee39e585"},"headline":"El clima para hoy martes 4 de junio en la CDMX cu\u00eddate de los rayos del sol","datePublished":"2024-06-04T15:51:41+00:00","dateModified":"2024-06-04T15:51:46+00:00","mainEntityOfPage":{"@id":"https:\/\/quehacerpolitico.mx\/?p=110554"},"wordCount":544,"commentCount":0,"image":{"@id":"https:\/\/quehacerpolitico.mx\/?p=110554#primaryimage"},"thumbnailUrl":"https:\/\/quehacerpolitico.mx\/wp-content\/uploads\/2024\/06\/IMG_6065.jpeg","articleSection":["CDMX"],"inLanguage":"es","potentialAction":[{"@type":"CommentAction","name":"Comment","target":["https:\/\/quehacerpolitico.mx\/?p=110554#respond"]}]},{"@type":"WebPage","@id":"https:\/\/quehacerpolitico.mx\/?p=110554","url":"https:\/\/quehacerpolitico.mx\/?p=110554","name":"El clima para hoy martes 4 de junio en la CDMX cu\u00eddate de los rayos del sol -","isPartOf":{"@id":"https:\/\/quehacerpolitico.mx\/#website"},"primaryImageOfPage":{"@id":"https:\/\/quehacerpolitico.mx\/?p=110554#primaryimage"},"image":{"@id":"https:\/\/quehacerpolitico.mx\/?p=110554#primaryimage"},"thumbnailUrl":"https:\/\/quehacerpolitico.mx\/wp-content\/uploads\/2024\/06\/IMG_6065.jpeg","datePublished":"2024-06-04T15:51:41+00:00","dateModified":"2024-06-04T15:51:46+00:00","author":{"@id":"https:\/\/quehacerpolitico.mx\/#\/schema\/person\/496d8ad2d1d3f8036101dca7ee39e585"},"breadcrumb":{"@id":"https:\/\/quehacerpolitico.mx\/?p=110554#breadcrumb"},"inLanguage":"es","potentialAction":[{"@type":"ReadAction","target":["https:\/\/quehacerpolitico.mx\/?p=110554"]}]},{"@type":"ImageObject","inLanguage":"es","@id":"https:\/\/quehacerpolitico.mx\/?p=110554#primaryimage","url":"https:\/\/quehacerpolitico.mx\/wp-content\/uploads\/2024\/06\/IMG_6065.jpeg","contentUrl":"https:\/\/quehacerpolitico.mx\/wp-content\/uploads\/2024\/06\/IMG_6065.jpeg","width":739,"height":415},{"@type":"BreadcrumbList","@id":"https:\/\/quehacerpolitico.mx\/?p=110554#breadcrumb","itemListElement":[{"@type":"ListItem","position":1,"name":"Inicio","item":"https:\/\/quehacerpolitico.mx\/"},{"@type":"ListItem","position":2,"name":"El clima para hoy martes 4 de junio en la CDMX cu\u00eddate de los rayos del sol"}]},{"@type":"WebSite","@id":"https:\/\/quehacerpolitico.mx\/#website","url":"https:\/\/quehacerpolitico.mx\/","name":"","description":"","potentialAction":[{"@type":"SearchAction","target":{"@type":"EntryPoint","urlTemplate":"https:\/\/quehacerpolitico.mx\/?s={search_term_string}"},"query-input":{"@type":"PropertyValueSpecification","valueRequired":true,"valueName":"search_term_string"}}],"inLanguage":"es"},{"@type":"Person","@id":"https:\/\/quehacerpolitico.mx\/#\/schema\/person\/496d8ad2d1d3f8036101dca7ee39e585","name":"Redacci\u00f3n QP","image":{"@type":"ImageObject","inLanguage":"es","@id":"https:\/\/secure.gravatar.com\/avatar\/c7164ed6fdec453195284ad24a5ae5b6e1eed2b848477fa2a4787ba9adf39a41?s=96&d=mm&r=g","url":"https:\/\/secure.gravatar.com\/avatar\/c7164ed6fdec453195284ad24a5ae5b6e1eed2b848477fa2a4787ba9adf39a41?s=96&d=mm&r=g","contentUrl":"https:\/\/secure.gravatar.com\/avatar\/c7164ed6fdec453195284ad24a5ae5b6e1eed2b848477fa2a4787ba9adf39a41?s=96&d=mm&r=g","caption":"Redacci\u00f3n QP"},"url":"https:\/\/quehacerpolitico.mx\/?author=2"}]}},"featured_image_urls":{"full":["https:\/\/quehacerpolitico.mx\/wp-content\/uploads\/2024\/06\/IMG_6065.jpeg",739,415,false],"thumbnail":["https:\/\/quehacerpolitico.mx\/wp-content\/uploads\/2024\/06\/IMG_6065-150x150.jpeg",150,150,true],"medium":["https:\/\/quehacerpolitico.mx\/wp-content\/uploads\/2024\/06\/IMG_6065-300x168.jpeg",300,168,true],"medium_large":["https:\/\/quehacerpolitico.mx\/wp-content\/uploads\/2024\/06\/IMG_6065.jpeg",640,359,false],"large":["https:\/\/quehacerpolitico.mx\/wp-content\/uploads\/2024\/06\/IMG_6065.jpeg",640,359,false],"1536x1536":["https:\/\/quehacerpolitico.mx\/wp-content\/uploads\/2024\/06\/IMG_6065.jpeg",739,415,false],"2048x2048":["https:\/\/quehacerpolitico.mx\/wp-content\/uploads\/2024\/06\/IMG_6065.jpeg",739,415,false],"covernews-featured":["https:\/\/quehacerpolitico.mx\/wp-content\/uploads\/2024\/06\/IMG_6065.jpeg",739,415,false],"covernews-medium":["https:\/\/quehacerpolitico.mx\/wp-content\/uploads\/2024\/06\/IMG_6065.jpeg",540,303,false]},"author_info":{"display_name":"Redacci\u00f3n QP","author_link":"https:\/\/quehacerpolitico.mx\/?author=2"},"category_info":"<a href=\"https:\/\/quehacerpolitico.mx\/?cat=55\" rel=\"category\">CDMX<\/a>","tag_info":"CDMX","comment_count":"0","_links":{"self":[{"href":"https:\/\/quehacerpolitico.mx\/index.php?rest_route=\/wp\/v2\/posts\/110554","targetHints":{"allow":["GET"]}}],"collection":[{"href":"https:\/\/quehacerpolitico.mx\/index.php?rest_route=\/wp\/v2\/posts"}],"about":[{"href":"https:\/\/quehacerpolitico.mx\/index.php?rest_route=\/wp\/v2\/types\/post"}],"author":[{"embeddable":true,"href":"https:\/\/quehacerpolitico.mx\/index.php?rest_route=\/wp\/v2\/users\/2"}],"replies":[{"embeddable":true,"href":"https:\/\/quehacerpolitico.mx\/index.php?rest_route=%2Fwp%2Fv2%2Fcomments&post=110554"}],"version-history":[{"count":1,"href":"https:\/\/quehacerpolitico.mx\/index.php?rest_route=\/wp\/v2\/posts\/110554\/revisions"}],"predecessor-version":[{"id":110556,"href":"https:\/\/quehacerpolitico.mx\/index.php?rest_route=\/wp\/v2\/posts\/110554\/revisions\/110556"}],"wp:featuredmedia":[{"embeddable":true,"href":"https:\/\/quehacerpolitico.mx\/index.php?rest_route=\/wp\/v2\/media\/110555"}],"wp:attachment":[{"href":"https:\/\/quehacerpolitico.mx\/index.php?rest_route=%2Fwp%2Fv2%2Fmedia&parent=110554"}],"wp:term":[{"taxonomy":"category","embeddable":true,"href":"https:\/\/quehacerpolitico.mx\/index.php?rest_route=%2Fwp%2Fv2%2Fcategories&post=110554"},{"taxonomy":"post_tag","embeddable":true,"href":"https:\/\/quehacerpolitico.mx\/index.php?rest_route=%2Fwp%2Fv2%2Ftags&post=110554"}],"curies":[{"name":"wp","href":"https:\/\/api.w.org\/{rel}","templated":true}]}}