{"id":11053,"date":"2018-12-05T23:07:34","date_gmt":"2018-12-05T23:07:34","guid":{"rendered":"http:\/\/quehacerpolitico.mx\/y-ahora-bermudez-jefe-de-policia-con-javier-duarte-y-acusado-de-desapariciones-esta-en-libertad\/"},"modified":"2018-12-05T23:07:34","modified_gmt":"2018-12-05T23:07:34","slug":"y-ahora-bermudez-jefe-de-policia-con-javier-duarte-y-acusado-de-desapariciones-esta-en-libertad","status":"publish","type":"post","link":"https:\/\/quehacerpolitico.mx\/?p=11053","title":{"rendered":"Y ahora Berm\u00fadez, jefe de polic\u00eda con Javier Duarte y acusado de desapariciones, est\u00e1 en libertad"},"content":{"rendered":"<h1>Y ahora Berm\u00fadez, jefe de polic\u00eda con Javier Duarte y acusado de desapariciones, est\u00e1 en libertad<\/h1>\n<p>Por Redacci\u00f3n QP<\/p>\n<p><strong>Arturo Berm\u00fadez\u00a0Zurita<\/strong>, quien se desempe\u00f1ara como <strong>Secretario de Seguridad P\u00fablica de Veracruz<\/strong> durante la administraci\u00f3n de <strong>Javier Duarte de Ochoa<\/strong>, obtuvo un amparo que lo dejar\u00e1 continuar su <strong>proceso en libertad.\u00a0<\/strong><\/p>\n<p>Rodolfo de la Guarda, el abogado del ex funcionario, se\u00f1al\u00f3 que se pagar\u00e1 un mill\u00f3n de pesos de garant\u00eda. Adem\u00e1s, Berm\u00fadez tendr\u00e1 que asistir cada ocho d\u00edas ante una autoridad y entregar\u00e1 su pasaporte.<\/p>\n<blockquote>\n<p>Berm\u00fadez\u00a0Zurita se hallaba detenido en la c\u00e1rcel de Pancho Viejo, en el municipio de Coatepec, en Veracruz.<\/p>\n<\/blockquote>\n<p>El sujeto fue acusado por desapariciones forzadas en la entidad que gobernaba Duarte.<\/p>\n<div id=\"attachment_3507145\" class=\"wp-caption alignnone\"><img loading=\"lazy\" decoding=\"async\" class=\"wp-image-3507145 size-full\" src=\"https:\/\/www.sinembargo.mx\/wp-content\/uploads\/2018\/12\/salida_arturo_bermudez_zurita-3_2.jpg\" sizes=\"auto, (max-width: 700px) 100vw, 700px\" srcset=\"https:\/\/www.sinembargo.mx\/wp-content\/uploads\/2018\/12\/salida_arturo_bermudez_zurita-3_2.jpg 700w, https:\/\/www.sinembargo.mx\/wp-content\/uploads\/2018\/12\/salida_arturo_bermudez_zurita-3_2-300x200.jpg 300w\" alt=\"\" width=\"700\" height=\"467\" \/><\/p>\n<p class=\"wp-caption-text\">Momento en el que Arturo Berm\u00fadez deja la prisi\u00f3n. Foto: Cuartoscuro<\/p>\n<\/div>\n<div id=\"attachment_3507146\" class=\"wp-caption alignnone\"><img loading=\"lazy\" decoding=\"async\" class=\"wp-image-3507146 size-full\" src=\"https:\/\/www.sinembargo.mx\/wp-content\/uploads\/2018\/12\/salida_arturo_bermudez_zurita-2.jpg\" sizes=\"auto, (max-width: 700px) 100vw, 700px\" srcset=\"https:\/\/www.sinembargo.mx\/wp-content\/uploads\/2018\/12\/salida_arturo_bermudez_zurita-2.jpg 700w, https:\/\/www.sinembargo.mx\/wp-content\/uploads\/2018\/12\/salida_arturo_bermudez_zurita-2-300x200.jpg 300w\" alt=\"\" width=\"700\" height=\"467\" \/><\/p>\n<p class=\"wp-caption-text\">Momento en el que Arturo Berm\u00fadez deja la prisi\u00f3n. Foto: Cuartoscuro<\/p>\n<\/div>\n<p>El 3 de febrero del 2017, Berm\u00fadez Zurita fue detenido por los cargos de abuso de autoridad, tr\u00e1fico de influencias y enriquecimiento il\u00edcito.<\/p>\n<blockquote>\n<p>Berm\u00fadez Zurita, originario de la Ciudad de M\u00e9xico, fue funcionario del \u00e1rea de finanzas con Miguel Alem\u00e1n Velasco. Posteriormente, apoyado por su cu\u00f1ado, el ex Diputado Alejandro Montano, hizo carrera en el Gobierno de Fidel Herrera Beltr\u00e1n, como encargado del C-4.<\/p>\n<\/blockquote>\n<p>En el Gobierno de Javier Duarte de Ochoa, pasa a sub secretario de Seguridad P\u00fablica, cargo que deja para escalar a jefe a la salida del general retirado Sergio L\u00f3pez Squer, despu\u00e9s de que este fuera amenazado por un grupo de la delincuencia con diversos atentados.<\/p>\n<p>Dej\u00f3 la dependencia meses antes de concluir el gobierno de Duarte, en medio de acusaciones por corrupci\u00f3n y la compra de residencias en los Estados Unidos.<\/p>\n<p>El ex funcionario del Gobierno veracruzano fue considerado por el ex mandatario de Veracruz, Miguel \u00c1ngel Yunes Linares, como el brazo derecho de Javier Duarte y quien presuntamente encabeza las operaciones de lavado de dinero en el Estado.<\/p>\n<p>De acuerdo con familias afectadas por cr\u00edmenes en Veracruz, el hoy ex funcionario debe responder tambi\u00e9n por la probable participaci\u00f3n de las fuerzas a su cargo en diversos hechos delictivos, como los ataques a periodistas y defensores a derechos humanos e, incluso, en desapariciones forzadas.<\/p>\n<p><strong>LA FISCAL\u00cdA LAMENTA LA LIBERACI\u00d3N\u00a0<\/strong><\/p>\n<p>La Fiscal\u00eda General del Estado de Veracruz emiti\u00f3 un comunicado en el que se conden\u00f3 que\u00a0\u201cresponsables del saqueo y desaparici\u00f3n forzada de personas en Veracruz, enfrenten sus procesos en libertad\u201d.<\/p>\n<blockquote>\n<p>\u201cDentro de la carpeta de investigaci\u00f3n en contra del ex secretario de Seguridad P\u00fablica, existen testimonios de v\u00edctimas sobrevivientes, testigos presenciales, dict\u00e1menes t\u00e9cnicos y periciales, as\u00ed como evidencia documental que exhibe que la Secretar\u00eda de Seguridad P\u00fablica, bajo el mando de Arturo, documentaba las desapariciones forzadas\u201d, detall\u00f3.<\/p>\n<\/blockquote>\n<p>La autoridad se\u00f1al\u00f3 que hoy se tienen datos s\u00f3lidos\u00a0\u201cque acreditan la probabilidad de que Arturo encabez\u00f3 una estructura organizada que desde la Secretar\u00eda de Seguridad P\u00fablica cometi\u00f3 de manera sistem\u00e1tica desapariciones forzadas, la FGE considera que la \u00fanica medida cautelar posible es la prisi\u00f3n preventiva\u201d.<\/p>\n<blockquote>\n<p>\u00a0\u201cLa Fiscal\u00eda General del Estado de Veracruz rechaza la resoluci\u00f3n emitida el d\u00eda de hoy, en el sentido de que el delito de desaparici\u00f3n forzada de personas no es grave y por lo tanto no amerita prisi\u00f3n preventiva oficiosa\u201d, indic\u00f3.<\/p>\n<\/blockquote>\n<p>Tambi\u00e9n rechaz\u00f3 que\u00a0Berm\u00fadez\u00a0Zurita siga su proceso en libertad.\u00a0\u201cLa presentaci\u00f3n peri\u00f3dica semanal, la garant\u00eda de un mill\u00f3n de pesos y la prohibici\u00f3n de acercarse a v\u00edctimas y testigos, no resulta suficiente en la opini\u00f3n de la Fiscal\u00eda para asegurar la integridad de estos \u00faltimos\u201d, a\u00f1adi\u00f3.<\/p>\n<p><em>Con informaci\u00f3n de Plumas Libres.\u00a0<\/em><\/p>\n","protected":false},"excerpt":{"rendered":"<p>Y ahora Berm\u00fadez, jefe de polic\u00eda con Javier Duarte y acusado de desapariciones, est\u00e1 en libertad<br \/>\nPor Redacci\u00f3n QP<\/p>\n","protected":false},"author":2,"featured_media":11052,"comment_status":"open","ping_status":"open","sticky":false,"template":"","format":"standard","meta":{"_monsterinsights_skip_tracking":false,"_monsterinsights_sitenote_active":false,"_monsterinsights_sitenote_note":"","_monsterinsights_sitenote_category":0,"footnotes":""},"categories":[2],"tags":[],"class_list":["post-11053","post","type-post","status-publish","format-standard","has-post-thumbnail","hentry","category-noticias"],"yoast_head":"<!-- This site is optimized with the Yoast SEO plugin v27.3 - https:\/\/yoast.com\/product\/yoast-seo-wordpress\/ -->\n<title>Y ahora Berm\u00fadez, jefe de polic\u00eda con Javier Duarte y acusado de desapariciones, est\u00e1 en libertad -<\/title>\n<meta name=\"robots\" content=\"index, follow, max-snippet:-1, max-image-preview:large, max-video-preview:-1\" \/>\n<link rel=\"canonical\" href=\"https:\/\/quehacerpolitico.mx\/?p=11053\" \/>\n<meta property=\"og:locale\" content=\"es_MX\" \/>\n<meta property=\"og:type\" content=\"article\" \/>\n<meta property=\"og:title\" content=\"Y ahora Berm\u00fadez, jefe de polic\u00eda con Javier Duarte y acusado de desapariciones, est\u00e1 en libertad -\" \/>\n<meta property=\"og:description\" content=\"Y ahora Berm\u00fadez, jefe de polic\u00eda con Javier Duarte y acusado de desapariciones, est\u00e1 en libertad Por Redacci\u00f3n QP\" \/>\n<meta property=\"og:url\" content=\"https:\/\/quehacerpolitico.mx\/?p=11053\" \/>\n<meta property=\"article:published_time\" content=\"2018-12-05T23:07:34+00:00\" \/>\n<meta name=\"author\" content=\"Redacci\u00f3n QP\" \/>\n<meta name=\"twitter:card\" content=\"summary_large_image\" \/>\n<meta name=\"twitter:label1\" content=\"Escrito por\" \/>\n\t<meta name=\"twitter:data1\" content=\"Redacci\u00f3n QP\" \/>\n\t<meta name=\"twitter:label2\" content=\"Tiempo de lectura\" \/>\n\t<meta name=\"twitter:data2\" content=\"3 minutos\" \/>\n<script type=\"application\/ld+json\" class=\"yoast-schema-graph\">{\"@context\":\"https:\\\/\\\/schema.org\",\"@graph\":[{\"@type\":\"Article\",\"@id\":\"https:\\\/\\\/quehacerpolitico.mx\\\/?p=11053#article\",\"isPartOf\":{\"@id\":\"https:\\\/\\\/quehacerpolitico.mx\\\/?p=11053\"},\"author\":{\"name\":\"Redacci\u00f3n QP\",\"@id\":\"https:\\\/\\\/quehacerpolitico.mx\\\/#\\\/schema\\\/person\\\/496d8ad2d1d3f8036101dca7ee39e585\"},\"headline\":\"Y ahora Berm\u00fadez, jefe de polic\u00eda con Javier Duarte y acusado de desapariciones, est\u00e1 en libertad\",\"datePublished\":\"2018-12-05T23:07:34+00:00\",\"mainEntityOfPage\":{\"@id\":\"https:\\\/\\\/quehacerpolitico.mx\\\/?p=11053\"},\"wordCount\":662,\"commentCount\":0,\"image\":{\"@id\":\"https:\\\/\\\/quehacerpolitico.mx\\\/?p=11053#primaryimage\"},\"thumbnailUrl\":\"\",\"articleSection\":[\"Noticias\"],\"inLanguage\":\"es\",\"potentialAction\":[{\"@type\":\"CommentAction\",\"name\":\"Comment\",\"target\":[\"https:\\\/\\\/quehacerpolitico.mx\\\/?p=11053#respond\"]}]},{\"@type\":\"WebPage\",\"@id\":\"https:\\\/\\\/quehacerpolitico.mx\\\/?p=11053\",\"url\":\"https:\\\/\\\/quehacerpolitico.mx\\\/?p=11053\",\"name\":\"Y ahora Berm\u00fadez, jefe de polic\u00eda con Javier Duarte y acusado de desapariciones, est\u00e1 en libertad -\",\"isPartOf\":{\"@id\":\"https:\\\/\\\/quehacerpolitico.mx\\\/#website\"},\"primaryImageOfPage\":{\"@id\":\"https:\\\/\\\/quehacerpolitico.mx\\\/?p=11053#primaryimage\"},\"image\":{\"@id\":\"https:\\\/\\\/quehacerpolitico.mx\\\/?p=11053#primaryimage\"},\"thumbnailUrl\":\"\",\"datePublished\":\"2018-12-05T23:07:34+00:00\",\"author\":{\"@id\":\"https:\\\/\\\/quehacerpolitico.mx\\\/#\\\/schema\\\/person\\\/496d8ad2d1d3f8036101dca7ee39e585\"},\"breadcrumb\":{\"@id\":\"https:\\\/\\\/quehacerpolitico.mx\\\/?p=11053#breadcrumb\"},\"inLanguage\":\"es\",\"potentialAction\":[{\"@type\":\"ReadAction\",\"target\":[\"https:\\\/\\\/quehacerpolitico.mx\\\/?p=11053\"]}]},{\"@type\":\"ImageObject\",\"inLanguage\":\"es\",\"@id\":\"https:\\\/\\\/quehacerpolitico.mx\\\/?p=11053#primaryimage\",\"url\":\"\",\"contentUrl\":\"\"},{\"@type\":\"BreadcrumbList\",\"@id\":\"https:\\\/\\\/quehacerpolitico.mx\\\/?p=11053#breadcrumb\",\"itemListElement\":[{\"@type\":\"ListItem\",\"position\":1,\"name\":\"Inicio\",\"item\":\"https:\\\/\\\/quehacerpolitico.mx\\\/\"},{\"@type\":\"ListItem\",\"position\":2,\"name\":\"Y ahora Berm\u00fadez, jefe de polic\u00eda con Javier Duarte y acusado de desapariciones, est\u00e1 en libertad\"}]},{\"@type\":\"WebSite\",\"@id\":\"https:\\\/\\\/quehacerpolitico.mx\\\/#website\",\"url\":\"https:\\\/\\\/quehacerpolitico.mx\\\/\",\"name\":\"\",\"description\":\"\",\"potentialAction\":[{\"@type\":\"SearchAction\",\"target\":{\"@type\":\"EntryPoint\",\"urlTemplate\":\"https:\\\/\\\/quehacerpolitico.mx\\\/?s={search_term_string}\"},\"query-input\":{\"@type\":\"PropertyValueSpecification\",\"valueRequired\":true,\"valueName\":\"search_term_string\"}}],\"inLanguage\":\"es\"},{\"@type\":\"Person\",\"@id\":\"https:\\\/\\\/quehacerpolitico.mx\\\/#\\\/schema\\\/person\\\/496d8ad2d1d3f8036101dca7ee39e585\",\"name\":\"Redacci\u00f3n QP\",\"image\":{\"@type\":\"ImageObject\",\"inLanguage\":\"es\",\"@id\":\"https:\\\/\\\/secure.gravatar.com\\\/avatar\\\/c7164ed6fdec453195284ad24a5ae5b6e1eed2b848477fa2a4787ba9adf39a41?s=96&d=mm&r=g\",\"url\":\"https:\\\/\\\/secure.gravatar.com\\\/avatar\\\/c7164ed6fdec453195284ad24a5ae5b6e1eed2b848477fa2a4787ba9adf39a41?s=96&d=mm&r=g\",\"contentUrl\":\"https:\\\/\\\/secure.gravatar.com\\\/avatar\\\/c7164ed6fdec453195284ad24a5ae5b6e1eed2b848477fa2a4787ba9adf39a41?s=96&d=mm&r=g\",\"caption\":\"Redacci\u00f3n QP\"},\"url\":\"https:\\\/\\\/quehacerpolitico.mx\\\/?author=2\"}]}<\/script>\n<!-- \/ Yoast SEO plugin. -->","yoast_head_json":{"title":"Y ahora Berm\u00fadez, jefe de polic\u00eda con Javier Duarte y acusado de desapariciones, est\u00e1 en libertad -","robots":{"index":"index","follow":"follow","max-snippet":"max-snippet:-1","max-image-preview":"max-image-preview:large","max-video-preview":"max-video-preview:-1"},"canonical":"https:\/\/quehacerpolitico.mx\/?p=11053","og_locale":"es_MX","og_type":"article","og_title":"Y ahora Berm\u00fadez, jefe de polic\u00eda con Javier Duarte y acusado de desapariciones, est\u00e1 en libertad -","og_description":"Y ahora Berm\u00fadez, jefe de polic\u00eda con Javier Duarte y acusado de desapariciones, est\u00e1 en libertad Por Redacci\u00f3n QP","og_url":"https:\/\/quehacerpolitico.mx\/?p=11053","article_published_time":"2018-12-05T23:07:34+00:00","author":"Redacci\u00f3n QP","twitter_card":"summary_large_image","twitter_misc":{"Escrito por":"Redacci\u00f3n QP","Tiempo de lectura":"3 minutos"},"schema":{"@context":"https:\/\/schema.org","@graph":[{"@type":"Article","@id":"https:\/\/quehacerpolitico.mx\/?p=11053#article","isPartOf":{"@id":"https:\/\/quehacerpolitico.mx\/?p=11053"},"author":{"name":"Redacci\u00f3n QP","@id":"https:\/\/quehacerpolitico.mx\/#\/schema\/person\/496d8ad2d1d3f8036101dca7ee39e585"},"headline":"Y ahora Berm\u00fadez, jefe de polic\u00eda con Javier Duarte y acusado de desapariciones, est\u00e1 en libertad","datePublished":"2018-12-05T23:07:34+00:00","mainEntityOfPage":{"@id":"https:\/\/quehacerpolitico.mx\/?p=11053"},"wordCount":662,"commentCount":0,"image":{"@id":"https:\/\/quehacerpolitico.mx\/?p=11053#primaryimage"},"thumbnailUrl":"","articleSection":["Noticias"],"inLanguage":"es","potentialAction":[{"@type":"CommentAction","name":"Comment","target":["https:\/\/quehacerpolitico.mx\/?p=11053#respond"]}]},{"@type":"WebPage","@id":"https:\/\/quehacerpolitico.mx\/?p=11053","url":"https:\/\/quehacerpolitico.mx\/?p=11053","name":"Y ahora Berm\u00fadez, jefe de polic\u00eda con Javier Duarte y acusado de desapariciones, est\u00e1 en libertad -","isPartOf":{"@id":"https:\/\/quehacerpolitico.mx\/#website"},"primaryImageOfPage":{"@id":"https:\/\/quehacerpolitico.mx\/?p=11053#primaryimage"},"image":{"@id":"https:\/\/quehacerpolitico.mx\/?p=11053#primaryimage"},"thumbnailUrl":"","datePublished":"2018-12-05T23:07:34+00:00","author":{"@id":"https:\/\/quehacerpolitico.mx\/#\/schema\/person\/496d8ad2d1d3f8036101dca7ee39e585"},"breadcrumb":{"@id":"https:\/\/quehacerpolitico.mx\/?p=11053#breadcrumb"},"inLanguage":"es","potentialAction":[{"@type":"ReadAction","target":["https:\/\/quehacerpolitico.mx\/?p=11053"]}]},{"@type":"ImageObject","inLanguage":"es","@id":"https:\/\/quehacerpolitico.mx\/?p=11053#primaryimage","url":"","contentUrl":""},{"@type":"BreadcrumbList","@id":"https:\/\/quehacerpolitico.mx\/?p=11053#breadcrumb","itemListElement":[{"@type":"ListItem","position":1,"name":"Inicio","item":"https:\/\/quehacerpolitico.mx\/"},{"@type":"ListItem","position":2,"name":"Y ahora Berm\u00fadez, jefe de polic\u00eda con Javier Duarte y acusado de desapariciones, est\u00e1 en libertad"}]},{"@type":"WebSite","@id":"https:\/\/quehacerpolitico.mx\/#website","url":"https:\/\/quehacerpolitico.mx\/","name":"","description":"","potentialAction":[{"@type":"SearchAction","target":{"@type":"EntryPoint","urlTemplate":"https:\/\/quehacerpolitico.mx\/?s={search_term_string}"},"query-input":{"@type":"PropertyValueSpecification","valueRequired":true,"valueName":"search_term_string"}}],"inLanguage":"es"},{"@type":"Person","@id":"https:\/\/quehacerpolitico.mx\/#\/schema\/person\/496d8ad2d1d3f8036101dca7ee39e585","name":"Redacci\u00f3n QP","image":{"@type":"ImageObject","inLanguage":"es","@id":"https:\/\/secure.gravatar.com\/avatar\/c7164ed6fdec453195284ad24a5ae5b6e1eed2b848477fa2a4787ba9adf39a41?s=96&d=mm&r=g","url":"https:\/\/secure.gravatar.com\/avatar\/c7164ed6fdec453195284ad24a5ae5b6e1eed2b848477fa2a4787ba9adf39a41?s=96&d=mm&r=g","contentUrl":"https:\/\/secure.gravatar.com\/avatar\/c7164ed6fdec453195284ad24a5ae5b6e1eed2b848477fa2a4787ba9adf39a41?s=96&d=mm&r=g","caption":"Redacci\u00f3n QP"},"url":"https:\/\/quehacerpolitico.mx\/?author=2"}]}},"featured_image_urls":{"full":"","thumbnail":"","medium":"","medium_large":"","large":"","1536x1536":"","2048x2048":"","covernews-featured":"","covernews-medium":""},"author_info":{"display_name":"Redacci\u00f3n QP","author_link":"https:\/\/quehacerpolitico.mx\/?author=2"},"category_info":"<a href=\"https:\/\/quehacerpolitico.mx\/?cat=2\" rel=\"category\">Noticias<\/a>","tag_info":"Noticias","comment_count":"0","_links":{"self":[{"href":"https:\/\/quehacerpolitico.mx\/index.php?rest_route=\/wp\/v2\/posts\/11053","targetHints":{"allow":["GET"]}}],"collection":[{"href":"https:\/\/quehacerpolitico.mx\/index.php?rest_route=\/wp\/v2\/posts"}],"about":[{"href":"https:\/\/quehacerpolitico.mx\/index.php?rest_route=\/wp\/v2\/types\/post"}],"author":[{"embeddable":true,"href":"https:\/\/quehacerpolitico.mx\/index.php?rest_route=\/wp\/v2\/users\/2"}],"replies":[{"embeddable":true,"href":"https:\/\/quehacerpolitico.mx\/index.php?rest_route=%2Fwp%2Fv2%2Fcomments&post=11053"}],"version-history":[{"count":0,"href":"https:\/\/quehacerpolitico.mx\/index.php?rest_route=\/wp\/v2\/posts\/11053\/revisions"}],"wp:featuredmedia":[{"embeddable":true,"href":"https:\/\/quehacerpolitico.mx\/index.php?rest_route=\/"}],"wp:attachment":[{"href":"https:\/\/quehacerpolitico.mx\/index.php?rest_route=%2Fwp%2Fv2%2Fmedia&parent=11053"}],"wp:term":[{"taxonomy":"category","embeddable":true,"href":"https:\/\/quehacerpolitico.mx\/index.php?rest_route=%2Fwp%2Fv2%2Fcategories&post=11053"},{"taxonomy":"post_tag","embeddable":true,"href":"https:\/\/quehacerpolitico.mx\/index.php?rest_route=%2Fwp%2Fv2%2Ftags&post=11053"}],"curies":[{"name":"wp","href":"https:\/\/api.w.org\/{rel}","templated":true}]}}