{"id":110508,"date":"2024-06-03T15:44:59","date_gmt":"2024-06-03T15:44:59","guid":{"rendered":"https:\/\/quehacerpolitico.mx\/?p=110508"},"modified":"2024-06-03T15:45:01","modified_gmt":"2024-06-03T15:45:01","slug":"el-quehacer-politico-a-traves-de-la-opinion-tonatiuh-viniegra-da-paula-oliveira-mexico-en-caida-libre","status":"publish","type":"post","link":"https:\/\/quehacerpolitico.mx\/?p=110508","title":{"rendered":"El Quehacer Pol\u00edtico a trav\u00e9s de la opini\u00f3n\/\/\/Tonatiuh Viniegra Da Paula Oliveira\/\/\/Mexico en ca\u00edda libre"},"content":{"rendered":"\n<p>Por Tonatiuh Viniegra Da Paula Oliveira<\/p>\n\n\n\n<p>Analista<\/p>\n\n\n\n<p>Este 2 de junio,&nbsp;millones que conforman la poblaci\u00f3n deM\u00e9xico,&nbsp;han&nbsp;decidido darle continuidad a la 4T, la cuarta destrucci\u00f3n de la patria. \u00bfPor qu\u00e9 el pueblo decidi\u00f3 arruinar su pa\u00eds votando nuevamente por MORENA? Simple, ceguera autoinducida. Hay que decirlo, da gusto ver a una mujer como presidenta de la naci\u00f3n, totalmente. Pero, carajo, darle continuidad al proyecto de MORENA para destruir al pa\u00eds, que error tan grande ha cometido nuestro pueblo. El panorama va desde lo menos malo y mejorar un poquito, lo que ser\u00eda una fortuna. La otra, es que sigamos seis a\u00f1os igual\u2026.o 12, por que para la pr\u00f3xima, podr\u00edamos seguir en las mismas a nivel ideol\u00f3gico. Sin embargo, hay la posibilidad de que todo empeore y mucho. Y es que, para el pr\u00f3ximo a\u00f1o, hay cambio de ministro en la suprema corte;&nbsp;y nuestra nueva presidenta podr\u00eda poner a alguien a modo&nbsp;para acabar de destruir a la suprema corte y convertirla en una instituci\u00f3n de chocolate, sin ninguna pisca de autonom\u00eda ni de contrapeso. Los amparos, se ir\u00edan al carajo, al igual que cualquier limite para la voluntad arbitraria de la presidenta.&nbsp;Y una vez que termine de caer la suprema corte, habr\u00e1 ca\u00eddo el estado de derecho del pa\u00eds, iniciando un contexto dictatorial. Otro riesgo es que aumente la intervenci\u00f3n en la econom\u00eda. Si esto sucede, la econom\u00eda ira poco a poco colapsando, hasta que el sector privado solo sea manejado por unos cuantos oligarcas amigos del r\u00e9gimen;&nbsp;y todos los dem\u00e1s emprendimientos ir\u00e1n poco a poco quebrando, hasta que todo quede en manos del gobierno y de unos cuantos oligarcas. La intervenci\u00f3n de los militares avanzar\u00eda a\u00fan m\u00e1s. Hasta tener un poder gigantesco, por encima de todo en el pa\u00eds, torn\u00e1ndose en una fuerza de coacci\u00f3n sobre de la poblaci\u00f3n civil. Acallando toda voz disidente. La libertad de prensa desaparecer\u00eda, en caso de que la presidenta avance hacia ese contexto totalitario. Para lo cual, guarden como objeto de colecci\u00f3n este articulo prof\u00e9tico. Y, bueno, de libertades individuales, podr\u00edamos irnos olvidando por mucho tiempo.&nbsp;<\/p>\n\n\n\n<p>En un contexto de tal \u00edndole, seria ya muy dif\u00edcil salir del r\u00e9gimen, y la continuidad no tendr\u00eda fin. Ya sin suprema corte, sin libertad de prensa ni libertades individuales;&nbsp;con la econom\u00eda colapsada,&nbsp;en manos del gobierno y con los militares como perros guardianes del r\u00e9gimen, podr\u00eda pasar mucho, pero mucho tiempo para que M\u00e9xico se libre. Por supuesto, el camino para llegar a esas&nbsp;circunstancias,&nbsp;no es inmediato:&nbsp;El pa\u00eds lleva una tercera parte del camino de la destrucci\u00f3n necesaria de las instituciones, la econom\u00eda, las libertades y el tejido social. De aqu\u00ed a seis a\u00f1os, el proceso podr\u00eda avanzar otro tercio o agarrar velocidad y completar el proceso. A Hugo Chavez le tomo 10 a\u00f1os destruir por completo a las instituciones y el tejido social. A Fidel Castro tambi\u00e9n le tomo otros diez a\u00f1os debilitar lo suficiente a la estructura del pa\u00eds.&nbsp;Por qu\u00e9, para que&nbsp;se d\u00e9&nbsp;este&nbsp;proceso de degradaci\u00f3n al que&nbsp;los tiranos en el poder suelen aspirar, tarda mucho tiempo. Es un proceso largo, muy largo de degradaci\u00f3n de la econom\u00eda, del tejido social, de la democracia, del estado de derecho, de las instituciones y de las libertades individuales. El proceso, no ser\u00e1 de un d\u00eda para otro, pero, sin duda, que es posible. Y es que, con cada paso en que el gobierno centraliza todo, les quita autonom\u00eda a las instituciones, elimina la transparencia, ataca a los periodistas y controla al ej\u00e9rcito, en esa medida, paso a paso, el pa\u00eds se va acercando al cl\u00e1sico contexto de las dictaduras latinoamericanas que tan bien conocemos y tantas veces hemos visto que se repiten.<\/p>\n\n\n\n<p>La expectativa es de gris a oscura. Pero, claro, solo son especulaciones, ni que nuestro pa\u00eds fuera el R\u00e9bsamen, el agua contaminada con gasolina o la l\u00ednea 12, como para preocuparnos. Cierto, es posible que nuestra presidenta nos sorprenda gratamente y, cuando menos, se mantenga en la misma l\u00ednea de corrupci\u00f3n y autocracia en la que deja AMLO al pa\u00eds, pero que no empeore m\u00e1s la situaci\u00f3n. Incluso, podr\u00eda ser que el pa\u00eds progresara en alg\u00fan grado, en alg\u00fan aspecto, en alguna medida y, cuando menos, se recuperara el terreno que con AMLO se perdi\u00f3.&nbsp;O,&nbsp;es m\u00e1s, ya poni\u00e9ndonos bien optimistas, podr\u00eda ser que Claudia Sheinbaum decida darle un giro de tim\u00f3n radical al pa\u00eds, contrario a todos sus discursos. Y convierta a M\u00e9xico en un pa\u00eds ejemplarmente libre en lo econ\u00f3mico y libre en lo individual, la Suiza de&nbsp;Am\u00e9ricaLatina, quien sabe y en una de esas.&nbsp;Vaya, nunca se sabe, aunque, ciertamente ese si que es un panorama muy poco probable.<\/p>\n\n\n\n<p>Habr\u00e1 quienes me recriminen que acaba de llegar a la presidencia, que no puedo saber que va a pasar, que el pensamiento l\u00f3gico y las inferencias son cuentos de hadas, que la historia no sirve como referencia, que las implicaciones de su narrativa y de sus propuestas no pueden discernirse ni evaluarse, ni cuantitativa ni cualitativamente. Y, sobre todo, que, de sus gestiones anteriores, no es posible sacar conclusiones sobre lo que podr\u00eda ser su gesti\u00f3n actual. A todos ellos, quiero responderles que usar la materia gris, no es sat\u00e1nico, ni esta, a\u00fan, prohibido. En fin, que vea quien quiera ver, que escuche quien quiera escuchar y que piense quien tenga a\u00fan ganas de pensar.&nbsp;<\/p>\n\n\n\n<p>Cuantos han dicho:&nbsp;A&nbsp;m\u00ed&nbsp;no me va a pasar. Porque, claro, el pensamiento m\u00e1gico domina a las masas. Por que la l\u00f3gica, las inferencias y la historia, no concuerdan nunca con esas idealizaciones tan lindas que las masas guardan como reliquias -de la muerte- en sus mentes. Pareciera inevitable que, si el pa\u00eds acabo mal con AMLO, que acaba a\u00fan peor con Sheinbaum. Ojal\u00e1 y me equivoque radicalmente, as\u00ed como deseaba sinceramente equivocarme con AMLO. Aunque, desgraciadamente, hay elementos muy claros que no dan mucha esperanza. Que quede este articulo como testigo y como testamento, para que en pr\u00f3ximas ocasiones, las masas intenten razonar un poco, solo un poco m\u00e1s antes de elegir\u2026\u2026.claro, en caso de que, despu\u00e9s de este r\u00e9gimen, aun exista democracia en el pa\u00eds y a\u00fan sea posible elegir.&nbsp;<\/p>\n\n\n\n<p>Pensemos en t\u00e9rminos m\u00e1s generales.&nbsp;Las cuestiones a considerar&nbsp;en cada proceso de elecci\u00f3n de gobernantes son amplias y muchas veces difusas para los ojos no entrenados. Por lo que las cuestiones mas fundamentales suelen pasarse por alto o de plano ni de lejos se alcanzan a ver. Por ejemplo:La divisi\u00f3n de poderes. Este punto, debe ser siempre una cuesti\u00f3n fundamental a la hora de elegir gobernantes. Si un actor pol\u00edtico manifiesta rechazo por la divisi\u00f3n de poderes y muestra inclinaciones por la centralizaci\u00f3n del poder, las masas deber\u00edan desechar de una a tal actor pol\u00edtico. Desgraciadamente, a las masas les fascinan los actores pol\u00edticos autoritarios y generalmente son a quienes tienden a votar, a pesar de que la l\u00f3gica y la historia muestra claramente que es la peor decisi\u00f3n que un pueblo puede tomar. Pero, las masas no aprenden ni de la historia ni de los hechos ni de los datos concretos ni de la l\u00f3gica. Otra se\u00f1al es la negaci\u00f3n de lo que sale mal. Si en una gesti\u00f3n anterior, el actor pol\u00edtico niega sistem\u00e1ticamente las cosas que han salido mal, pueden estar seguros de que ser\u00e1 un gobernante que se pasar\u00e1 por el arco del triunfo todos y cada uno de los problemas del pa\u00eds. El rechazo a las instituciones. Un actor pol\u00edtico que manifiesta desprecio por las instituciones es un actor pol\u00edtico que desprecia la estructura social que le da libertades y derechos al pueblo;&nbsp;y ser\u00e1 un peligro para la naci\u00f3n. La militarizaci\u00f3n del pa\u00eds y los v\u00ednculos excesivos con los militares. El ejercito es una gran instituci\u00f3n que merece de todo el respeto y agradecimiento por su&nbsp;enorme&nbsp;labor. Sin embargo, cuando el ejercito se pone a las ordenes de la voluntad de un pol\u00edtico, en lugar de estar al servicio de los intereses de la naci\u00f3n, las cosas pueden ir a mal, a muy mal. Y si los pol\u00edticos compran a los militares con la gesti\u00f3n y administraci\u00f3n de proyectos que deber\u00edan de realizar los privados, entonces tendremos a un ejercito a las&nbsp;\u00f3rdenes&nbsp;del r\u00e9gimen, olvid\u00e1ndose por completo de su labor de servicio a la naci\u00f3n, para volverse la milicia personal del tirano en turno. La corrupci\u00f3n en obras p\u00fablicas. Si en las gestiones anteriores, el actor pol\u00edtico ha incurrido en actos de corrupci\u00f3n o ha estado coludido o vinculado con actos de corrupci\u00f3n, seria muy ingenuo pensar que, durante su nueva gesti\u00f3n, ser\u00e1 una persona integra. Si uno o varios de estos puntos se corresponden con la nueva presidenta, muchaches, que me queda por decirles m\u00e1s&nbsp;qu\u00e9&nbsp;que&nbsp;no tenemos muy buenos augurios.&nbsp;<\/p>\n\n\n\n<p>En conclusi\u00f3n: sin ser pesimista, dir\u00eda que es muy probable que nos dirigimos hacia un contexto bastante lamentable. Ojal\u00e1 y me est\u00e9 equivocando radicalmente y el d\u00eda de ma\u00f1ana me tenga que comer cada una de mis palabras. Pero, sinceramente, todos los indicios muestran que la direcci\u00f3n de las cosas no ser\u00e1 nada buena. \u00bfQue quedara de nuestro querido M\u00e9xico despu\u00e9s de todo esto? Ya lo veremos en unos a\u00f1os m\u00e1s. &nbsp;Ahora, solo nos queda subirnos a la ola y surfearla lo mejor que nos sea posible.&nbsp;Trataremos, siempre, de seguir aportando lo mejor para nuestra naci\u00f3n y las futuras generaciones. M\u00e9xico,&nbsp;tuvo la oportunidad, una vez m\u00e1s, de elegir bien, de darle un giro a la direcci\u00f3n del pa\u00eds, de abrirse al mundo y avanzar un poquito mas hacia la modernidad, hacia la ilustraci\u00f3n.&nbsp;Pero el pueblo decidi\u00f3 que&nbsp;Nuestro pa\u00eds vaya, de ahora en adelante, en ca\u00edda libre.<\/p>\n","protected":false},"excerpt":{"rendered":"<p>Por Tonatiuh Viniegra Da Paula Oliveira Analista Este 2 de junio,&nbsp;millones que conforman la poblaci\u00f3n&#8230;<\/p>\n","protected":false},"author":2,"featured_media":110509,"comment_status":"open","ping_status":"open","sticky":false,"template":"","format":"standard","meta":{"_monsterinsights_skip_tracking":false,"_monsterinsights_sitenote_active":false,"_monsterinsights_sitenote_note":"","_monsterinsights_sitenote_category":0,"footnotes":""},"categories":[2],"tags":[],"class_list":["post-110508","post","type-post","status-publish","format-standard","has-post-thumbnail","hentry","category-noticias"],"yoast_head":"<!-- This site is optimized with the Yoast SEO plugin v27.3 - https:\/\/yoast.com\/product\/yoast-seo-wordpress\/ -->\n<title>El Quehacer Pol\u00edtico a trav\u00e9s de la opini\u00f3n\/\/\/Tonatiuh Viniegra Da Paula Oliveira\/\/\/Mexico en ca\u00edda libre -<\/title>\n<meta name=\"robots\" content=\"index, follow, max-snippet:-1, max-image-preview:large, max-video-preview:-1\" \/>\n<link rel=\"canonical\" href=\"https:\/\/quehacerpolitico.mx\/?p=110508\" \/>\n<meta property=\"og:locale\" content=\"es_MX\" \/>\n<meta property=\"og:type\" content=\"article\" \/>\n<meta property=\"og:title\" content=\"El Quehacer Pol\u00edtico a trav\u00e9s de la opini\u00f3n\/\/\/Tonatiuh Viniegra Da Paula Oliveira\/\/\/Mexico en ca\u00edda libre -\" \/>\n<meta property=\"og:description\" content=\"Por Tonatiuh Viniegra Da Paula Oliveira Analista Este 2 de junio,&nbsp;millones que conforman la poblaci\u00f3n...\" \/>\n<meta property=\"og:url\" content=\"https:\/\/quehacerpolitico.mx\/?p=110508\" \/>\n<meta property=\"article:published_time\" content=\"2024-06-03T15:44:59+00:00\" \/>\n<meta property=\"article:modified_time\" content=\"2024-06-03T15:45:01+00:00\" \/>\n<meta property=\"og:image\" content=\"https:\/\/quehacerpolitico.mx\/wp-content\/uploads\/2024\/06\/0fa1d8c9-6b2c-4cdc-9bfd-ccdc4321e887.jpeg\" \/>\n\t<meta property=\"og:image:width\" content=\"963\" \/>\n\t<meta property=\"og:image:height\" content=\"493\" \/>\n\t<meta property=\"og:image:type\" content=\"image\/jpeg\" \/>\n<meta name=\"author\" content=\"Redacci\u00f3n QP\" \/>\n<meta name=\"twitter:card\" content=\"summary_large_image\" \/>\n<meta name=\"twitter:label1\" content=\"Escrito por\" \/>\n\t<meta name=\"twitter:data1\" content=\"Redacci\u00f3n QP\" \/>\n\t<meta name=\"twitter:label2\" content=\"Tiempo de lectura\" \/>\n\t<meta name=\"twitter:data2\" content=\"9 minutos\" \/>\n<script type=\"application\/ld+json\" class=\"yoast-schema-graph\">{\"@context\":\"https:\\\/\\\/schema.org\",\"@graph\":[{\"@type\":\"Article\",\"@id\":\"https:\\\/\\\/quehacerpolitico.mx\\\/?p=110508#article\",\"isPartOf\":{\"@id\":\"https:\\\/\\\/quehacerpolitico.mx\\\/?p=110508\"},\"author\":{\"name\":\"Redacci\u00f3n QP\",\"@id\":\"https:\\\/\\\/quehacerpolitico.mx\\\/#\\\/schema\\\/person\\\/496d8ad2d1d3f8036101dca7ee39e585\"},\"headline\":\"El Quehacer Pol\u00edtico a trav\u00e9s de la opini\u00f3n\\\/\\\/\\\/Tonatiuh Viniegra Da Paula Oliveira\\\/\\\/\\\/Mexico en ca\u00edda libre\",\"datePublished\":\"2024-06-03T15:44:59+00:00\",\"dateModified\":\"2024-06-03T15:45:01+00:00\",\"mainEntityOfPage\":{\"@id\":\"https:\\\/\\\/quehacerpolitico.mx\\\/?p=110508\"},\"wordCount\":1833,\"commentCount\":0,\"image\":{\"@id\":\"https:\\\/\\\/quehacerpolitico.mx\\\/?p=110508#primaryimage\"},\"thumbnailUrl\":\"https:\\\/\\\/quehacerpolitico.mx\\\/wp-content\\\/uploads\\\/2024\\\/06\\\/0fa1d8c9-6b2c-4cdc-9bfd-ccdc4321e887.jpeg\",\"articleSection\":[\"Noticias\"],\"inLanguage\":\"es\",\"potentialAction\":[{\"@type\":\"CommentAction\",\"name\":\"Comment\",\"target\":[\"https:\\\/\\\/quehacerpolitico.mx\\\/?p=110508#respond\"]}]},{\"@type\":\"WebPage\",\"@id\":\"https:\\\/\\\/quehacerpolitico.mx\\\/?p=110508\",\"url\":\"https:\\\/\\\/quehacerpolitico.mx\\\/?p=110508\",\"name\":\"El Quehacer Pol\u00edtico a trav\u00e9s de la opini\u00f3n\\\/\\\/\\\/Tonatiuh Viniegra Da Paula Oliveira\\\/\\\/\\\/Mexico en ca\u00edda libre -\",\"isPartOf\":{\"@id\":\"https:\\\/\\\/quehacerpolitico.mx\\\/#website\"},\"primaryImageOfPage\":{\"@id\":\"https:\\\/\\\/quehacerpolitico.mx\\\/?p=110508#primaryimage\"},\"image\":{\"@id\":\"https:\\\/\\\/quehacerpolitico.mx\\\/?p=110508#primaryimage\"},\"thumbnailUrl\":\"https:\\\/\\\/quehacerpolitico.mx\\\/wp-content\\\/uploads\\\/2024\\\/06\\\/0fa1d8c9-6b2c-4cdc-9bfd-ccdc4321e887.jpeg\",\"datePublished\":\"2024-06-03T15:44:59+00:00\",\"dateModified\":\"2024-06-03T15:45:01+00:00\",\"author\":{\"@id\":\"https:\\\/\\\/quehacerpolitico.mx\\\/#\\\/schema\\\/person\\\/496d8ad2d1d3f8036101dca7ee39e585\"},\"breadcrumb\":{\"@id\":\"https:\\\/\\\/quehacerpolitico.mx\\\/?p=110508#breadcrumb\"},\"inLanguage\":\"es\",\"potentialAction\":[{\"@type\":\"ReadAction\",\"target\":[\"https:\\\/\\\/quehacerpolitico.mx\\\/?p=110508\"]}]},{\"@type\":\"ImageObject\",\"inLanguage\":\"es\",\"@id\":\"https:\\\/\\\/quehacerpolitico.mx\\\/?p=110508#primaryimage\",\"url\":\"https:\\\/\\\/quehacerpolitico.mx\\\/wp-content\\\/uploads\\\/2024\\\/06\\\/0fa1d8c9-6b2c-4cdc-9bfd-ccdc4321e887.jpeg\",\"contentUrl\":\"https:\\\/\\\/quehacerpolitico.mx\\\/wp-content\\\/uploads\\\/2024\\\/06\\\/0fa1d8c9-6b2c-4cdc-9bfd-ccdc4321e887.jpeg\",\"width\":963,\"height\":493},{\"@type\":\"BreadcrumbList\",\"@id\":\"https:\\\/\\\/quehacerpolitico.mx\\\/?p=110508#breadcrumb\",\"itemListElement\":[{\"@type\":\"ListItem\",\"position\":1,\"name\":\"Inicio\",\"item\":\"https:\\\/\\\/quehacerpolitico.mx\\\/\"},{\"@type\":\"ListItem\",\"position\":2,\"name\":\"El Quehacer Pol\u00edtico a trav\u00e9s de la opini\u00f3n\\\/\\\/\\\/Tonatiuh Viniegra Da Paula Oliveira\\\/\\\/\\\/Mexico en ca\u00edda libre\"}]},{\"@type\":\"WebSite\",\"@id\":\"https:\\\/\\\/quehacerpolitico.mx\\\/#website\",\"url\":\"https:\\\/\\\/quehacerpolitico.mx\\\/\",\"name\":\"\",\"description\":\"\",\"potentialAction\":[{\"@type\":\"SearchAction\",\"target\":{\"@type\":\"EntryPoint\",\"urlTemplate\":\"https:\\\/\\\/quehacerpolitico.mx\\\/?s={search_term_string}\"},\"query-input\":{\"@type\":\"PropertyValueSpecification\",\"valueRequired\":true,\"valueName\":\"search_term_string\"}}],\"inLanguage\":\"es\"},{\"@type\":\"Person\",\"@id\":\"https:\\\/\\\/quehacerpolitico.mx\\\/#\\\/schema\\\/person\\\/496d8ad2d1d3f8036101dca7ee39e585\",\"name\":\"Redacci\u00f3n QP\",\"image\":{\"@type\":\"ImageObject\",\"inLanguage\":\"es\",\"@id\":\"https:\\\/\\\/secure.gravatar.com\\\/avatar\\\/c7164ed6fdec453195284ad24a5ae5b6e1eed2b848477fa2a4787ba9adf39a41?s=96&d=mm&r=g\",\"url\":\"https:\\\/\\\/secure.gravatar.com\\\/avatar\\\/c7164ed6fdec453195284ad24a5ae5b6e1eed2b848477fa2a4787ba9adf39a41?s=96&d=mm&r=g\",\"contentUrl\":\"https:\\\/\\\/secure.gravatar.com\\\/avatar\\\/c7164ed6fdec453195284ad24a5ae5b6e1eed2b848477fa2a4787ba9adf39a41?s=96&d=mm&r=g\",\"caption\":\"Redacci\u00f3n QP\"},\"url\":\"https:\\\/\\\/quehacerpolitico.mx\\\/?author=2\"}]}<\/script>\n<!-- \/ Yoast SEO plugin. -->","yoast_head_json":{"title":"El Quehacer Pol\u00edtico a trav\u00e9s de la opini\u00f3n\/\/\/Tonatiuh Viniegra Da Paula Oliveira\/\/\/Mexico en ca\u00edda libre -","robots":{"index":"index","follow":"follow","max-snippet":"max-snippet:-1","max-image-preview":"max-image-preview:large","max-video-preview":"max-video-preview:-1"},"canonical":"https:\/\/quehacerpolitico.mx\/?p=110508","og_locale":"es_MX","og_type":"article","og_title":"El Quehacer Pol\u00edtico a trav\u00e9s de la opini\u00f3n\/\/\/Tonatiuh Viniegra Da Paula Oliveira\/\/\/Mexico en ca\u00edda libre -","og_description":"Por Tonatiuh Viniegra Da Paula Oliveira Analista Este 2 de junio,&nbsp;millones que conforman la poblaci\u00f3n...","og_url":"https:\/\/quehacerpolitico.mx\/?p=110508","article_published_time":"2024-06-03T15:44:59+00:00","article_modified_time":"2024-06-03T15:45:01+00:00","og_image":[{"width":963,"height":493,"url":"https:\/\/quehacerpolitico.mx\/wp-content\/uploads\/2024\/06\/0fa1d8c9-6b2c-4cdc-9bfd-ccdc4321e887.jpeg","type":"image\/jpeg"}],"author":"Redacci\u00f3n QP","twitter_card":"summary_large_image","twitter_misc":{"Escrito por":"Redacci\u00f3n QP","Tiempo de lectura":"9 minutos"},"schema":{"@context":"https:\/\/schema.org","@graph":[{"@type":"Article","@id":"https:\/\/quehacerpolitico.mx\/?p=110508#article","isPartOf":{"@id":"https:\/\/quehacerpolitico.mx\/?p=110508"},"author":{"name":"Redacci\u00f3n QP","@id":"https:\/\/quehacerpolitico.mx\/#\/schema\/person\/496d8ad2d1d3f8036101dca7ee39e585"},"headline":"El Quehacer Pol\u00edtico a trav\u00e9s de la opini\u00f3n\/\/\/Tonatiuh Viniegra Da Paula Oliveira\/\/\/Mexico en ca\u00edda libre","datePublished":"2024-06-03T15:44:59+00:00","dateModified":"2024-06-03T15:45:01+00:00","mainEntityOfPage":{"@id":"https:\/\/quehacerpolitico.mx\/?p=110508"},"wordCount":1833,"commentCount":0,"image":{"@id":"https:\/\/quehacerpolitico.mx\/?p=110508#primaryimage"},"thumbnailUrl":"https:\/\/quehacerpolitico.mx\/wp-content\/uploads\/2024\/06\/0fa1d8c9-6b2c-4cdc-9bfd-ccdc4321e887.jpeg","articleSection":["Noticias"],"inLanguage":"es","potentialAction":[{"@type":"CommentAction","name":"Comment","target":["https:\/\/quehacerpolitico.mx\/?p=110508#respond"]}]},{"@type":"WebPage","@id":"https:\/\/quehacerpolitico.mx\/?p=110508","url":"https:\/\/quehacerpolitico.mx\/?p=110508","name":"El Quehacer Pol\u00edtico a trav\u00e9s de la opini\u00f3n\/\/\/Tonatiuh Viniegra Da Paula Oliveira\/\/\/Mexico en ca\u00edda libre -","isPartOf":{"@id":"https:\/\/quehacerpolitico.mx\/#website"},"primaryImageOfPage":{"@id":"https:\/\/quehacerpolitico.mx\/?p=110508#primaryimage"},"image":{"@id":"https:\/\/quehacerpolitico.mx\/?p=110508#primaryimage"},"thumbnailUrl":"https:\/\/quehacerpolitico.mx\/wp-content\/uploads\/2024\/06\/0fa1d8c9-6b2c-4cdc-9bfd-ccdc4321e887.jpeg","datePublished":"2024-06-03T15:44:59+00:00","dateModified":"2024-06-03T15:45:01+00:00","author":{"@id":"https:\/\/quehacerpolitico.mx\/#\/schema\/person\/496d8ad2d1d3f8036101dca7ee39e585"},"breadcrumb":{"@id":"https:\/\/quehacerpolitico.mx\/?p=110508#breadcrumb"},"inLanguage":"es","potentialAction":[{"@type":"ReadAction","target":["https:\/\/quehacerpolitico.mx\/?p=110508"]}]},{"@type":"ImageObject","inLanguage":"es","@id":"https:\/\/quehacerpolitico.mx\/?p=110508#primaryimage","url":"https:\/\/quehacerpolitico.mx\/wp-content\/uploads\/2024\/06\/0fa1d8c9-6b2c-4cdc-9bfd-ccdc4321e887.jpeg","contentUrl":"https:\/\/quehacerpolitico.mx\/wp-content\/uploads\/2024\/06\/0fa1d8c9-6b2c-4cdc-9bfd-ccdc4321e887.jpeg","width":963,"height":493},{"@type":"BreadcrumbList","@id":"https:\/\/quehacerpolitico.mx\/?p=110508#breadcrumb","itemListElement":[{"@type":"ListItem","position":1,"name":"Inicio","item":"https:\/\/quehacerpolitico.mx\/"},{"@type":"ListItem","position":2,"name":"El Quehacer Pol\u00edtico a trav\u00e9s de la opini\u00f3n\/\/\/Tonatiuh Viniegra Da Paula Oliveira\/\/\/Mexico en ca\u00edda libre"}]},{"@type":"WebSite","@id":"https:\/\/quehacerpolitico.mx\/#website","url":"https:\/\/quehacerpolitico.mx\/","name":"","description":"","potentialAction":[{"@type":"SearchAction","target":{"@type":"EntryPoint","urlTemplate":"https:\/\/quehacerpolitico.mx\/?s={search_term_string}"},"query-input":{"@type":"PropertyValueSpecification","valueRequired":true,"valueName":"search_term_string"}}],"inLanguage":"es"},{"@type":"Person","@id":"https:\/\/quehacerpolitico.mx\/#\/schema\/person\/496d8ad2d1d3f8036101dca7ee39e585","name":"Redacci\u00f3n QP","image":{"@type":"ImageObject","inLanguage":"es","@id":"https:\/\/secure.gravatar.com\/avatar\/c7164ed6fdec453195284ad24a5ae5b6e1eed2b848477fa2a4787ba9adf39a41?s=96&d=mm&r=g","url":"https:\/\/secure.gravatar.com\/avatar\/c7164ed6fdec453195284ad24a5ae5b6e1eed2b848477fa2a4787ba9adf39a41?s=96&d=mm&r=g","contentUrl":"https:\/\/secure.gravatar.com\/avatar\/c7164ed6fdec453195284ad24a5ae5b6e1eed2b848477fa2a4787ba9adf39a41?s=96&d=mm&r=g","caption":"Redacci\u00f3n QP"},"url":"https:\/\/quehacerpolitico.mx\/?author=2"}]}},"featured_image_urls":{"full":["https:\/\/quehacerpolitico.mx\/wp-content\/uploads\/2024\/06\/0fa1d8c9-6b2c-4cdc-9bfd-ccdc4321e887.jpeg",963,493,false],"thumbnail":["https:\/\/quehacerpolitico.mx\/wp-content\/uploads\/2024\/06\/0fa1d8c9-6b2c-4cdc-9bfd-ccdc4321e887-150x150.jpeg",150,150,true],"medium":["https:\/\/quehacerpolitico.mx\/wp-content\/uploads\/2024\/06\/0fa1d8c9-6b2c-4cdc-9bfd-ccdc4321e887-300x154.jpeg",300,154,true],"medium_large":["https:\/\/quehacerpolitico.mx\/wp-content\/uploads\/2024\/06\/0fa1d8c9-6b2c-4cdc-9bfd-ccdc4321e887-768x393.jpeg",640,328,true],"large":["https:\/\/quehacerpolitico.mx\/wp-content\/uploads\/2024\/06\/0fa1d8c9-6b2c-4cdc-9bfd-ccdc4321e887.jpeg",640,328,false],"1536x1536":["https:\/\/quehacerpolitico.mx\/wp-content\/uploads\/2024\/06\/0fa1d8c9-6b2c-4cdc-9bfd-ccdc4321e887.jpeg",963,493,false],"2048x2048":["https:\/\/quehacerpolitico.mx\/wp-content\/uploads\/2024\/06\/0fa1d8c9-6b2c-4cdc-9bfd-ccdc4321e887.jpeg",963,493,false],"covernews-featured":["https:\/\/quehacerpolitico.mx\/wp-content\/uploads\/2024\/06\/0fa1d8c9-6b2c-4cdc-9bfd-ccdc4321e887.jpeg",963,493,false],"covernews-medium":["https:\/\/quehacerpolitico.mx\/wp-content\/uploads\/2024\/06\/0fa1d8c9-6b2c-4cdc-9bfd-ccdc4321e887.jpeg",540,276,false]},"author_info":{"display_name":"Redacci\u00f3n QP","author_link":"https:\/\/quehacerpolitico.mx\/?author=2"},"category_info":"<a href=\"https:\/\/quehacerpolitico.mx\/?cat=2\" rel=\"category\">Noticias<\/a>","tag_info":"Noticias","comment_count":"0","_links":{"self":[{"href":"https:\/\/quehacerpolitico.mx\/index.php?rest_route=\/wp\/v2\/posts\/110508","targetHints":{"allow":["GET"]}}],"collection":[{"href":"https:\/\/quehacerpolitico.mx\/index.php?rest_route=\/wp\/v2\/posts"}],"about":[{"href":"https:\/\/quehacerpolitico.mx\/index.php?rest_route=\/wp\/v2\/types\/post"}],"author":[{"embeddable":true,"href":"https:\/\/quehacerpolitico.mx\/index.php?rest_route=\/wp\/v2\/users\/2"}],"replies":[{"embeddable":true,"href":"https:\/\/quehacerpolitico.mx\/index.php?rest_route=%2Fwp%2Fv2%2Fcomments&post=110508"}],"version-history":[{"count":1,"href":"https:\/\/quehacerpolitico.mx\/index.php?rest_route=\/wp\/v2\/posts\/110508\/revisions"}],"predecessor-version":[{"id":110510,"href":"https:\/\/quehacerpolitico.mx\/index.php?rest_route=\/wp\/v2\/posts\/110508\/revisions\/110510"}],"wp:featuredmedia":[{"embeddable":true,"href":"https:\/\/quehacerpolitico.mx\/index.php?rest_route=\/wp\/v2\/media\/110509"}],"wp:attachment":[{"href":"https:\/\/quehacerpolitico.mx\/index.php?rest_route=%2Fwp%2Fv2%2Fmedia&parent=110508"}],"wp:term":[{"taxonomy":"category","embeddable":true,"href":"https:\/\/quehacerpolitico.mx\/index.php?rest_route=%2Fwp%2Fv2%2Fcategories&post=110508"},{"taxonomy":"post_tag","embeddable":true,"href":"https:\/\/quehacerpolitico.mx\/index.php?rest_route=%2Fwp%2Fv2%2Ftags&post=110508"}],"curies":[{"name":"wp","href":"https:\/\/api.w.org\/{rel}","templated":true}]}}