{"id":110502,"date":"2024-06-03T14:57:14","date_gmt":"2024-06-03T14:57:14","guid":{"rendered":"https:\/\/quehacerpolitico.mx\/?p=110502"},"modified":"2024-06-03T14:57:17","modified_gmt":"2024-06-03T14:57:17","slug":"el-quehacer-politico-jose-alberto-prado-angeles-ya-pasaron-las-elecciones-y-ahora-que","status":"publish","type":"post","link":"https:\/\/quehacerpolitico.mx\/?p=110502","title":{"rendered":"El Quehacer Pol\u00edtico\/\/\/Jose Alberto Prado \u00c1ngeles\/\/\/Ya pasaron las elecciones y ahora que?"},"content":{"rendered":"\n<p>Por Jos\u00e9 Alberto Prado \u00c1ngeles <\/p>\n\n\n\n<p>Director General y Editor<\/p>\n\n\n\n<p>Ya acab\u00f3 el proceso electoral, un periodo caracterizado por la polarizaci\u00f3n, las descalificaciones y acusaciones, con o sin sustento, y por la presencia de propuestas de Gobierno que suelen ser de mucha forma y de poco fondo. Muchos prospectos a candidaturas no llegaron a formar parte de la boleta unos manchados de sangre y de igual forma muchos de los que estar\u00e1n en la boleta no lograr\u00e1n un espacio de representaci\u00f3n.&nbsp;<\/p>\n\n\n\n<p>Ahora despu\u00e9s del anuncio de los resultados oficiales, las personas que no lograron un buen resultado se sentir\u00e1n apesadumbradas y pasar\u00e1n a tener un fuerte sentimiento de incredulidad y pocas expectativas en torno a las nuevas administraciones de Gobierno, es posible tambi\u00e9n que se conviertan en oposici\u00f3n activa y persistente de quienes les ganaron en la contienda; en paralelo, las y los ganadores correr\u00e1n el riesgo de tomar una posici\u00f3n de arrogancia, asimismo sus simpatizantes, este escenario podr\u00eda mantener la polarizaci\u00f3n que tanto ha mermado el di\u00e1logo y los acuerdos en los \u00faltimos tiempos en nuestro pa\u00eds.&nbsp;<\/p>\n\n\n\n<p>Ante este escenario que puede anticipar la persistencia de la divisi\u00f3n y el conflicto pol\u00edtico social que se ha nutrido en estas campa\u00f1as, es necesario actuar, poner resistencia y dejar las l\u00f3gicas futboleras en la pol\u00edtica, porque, tras el 2 de junio, llegar\u00e1 la hora de hacer Gobierno y esa es una tarea que nos deber\u00e1 ocupar a todos, a las y los ganadores y por supuesto a la ciudadan\u00eda, a quienes votaron por los nuevos gobiernos, pero tambi\u00e9n a quienes votaron en contra e incluso a quienes se abstuvieron de votar, porque el futuro de nuestras comunidades depender\u00e1 de que nos involucremos sin tamices ni equipos, con disposici\u00f3n para llegar a los acuerdos que eviten se paralicen las decisiones, vigilando el ejercicio de nuestros representantes y participando en la definici\u00f3n e implementaci\u00f3n de pol\u00edticas p\u00fablicas. En este orden de ideas, me permito replantear el tema de fondo que nos deber\u00e1 ocupar a partir del 3 de junio. \u00bfC\u00f3mo van a resolver los problemas que m\u00e1s nos aquejan a los mexicanos, los proyectos legislativos y de gobierno de los tres \u00f3rdenes de que lograr\u00e1n el triunfo electoral?&nbsp;<\/p>\n\n\n\n<p>El primer desaf\u00edo ser\u00e1 sobrevivir a la transici\u00f3n de Gobierno, proceso altamente complejo que implica la construcci\u00f3n de acuerdos entre los equipos salientes y los entrantes en temas de alta tensi\u00f3n como la configuraci\u00f3n y aprobaci\u00f3n de los presupuestos, ya que el equipo que sale, dise\u00f1a y aprueba un presupuesto que podr\u00eda determinar el ejercicio del primer a\u00f1o de Gobierno del equipo entrante; otros temas delicados de esta agenda son: la verificaci\u00f3n de quienes entran, del estado institucional y de sus recursos, y los acuerdos con liderazgos de las burocracias que se movilizan para negociar la posible permanencia del funcionariado, momento determinado por la inexistencia del servicio profesional de carrera en casi toda la administraci\u00f3n p\u00fablica en M\u00e9xico. Asimismo de las condiciones en que se d\u00e9 este trabajo depender\u00e1 la continuidad de proyectos y pol\u00edticas p\u00fablicas que pese a ser exitosas o a haber demostrado sus beneficios, estar\u00e1n en riesgo de ser suspendidas por contraponerse a las enarboladas por el nuevo Gobierno durante la campa\u00f1a. Si los equipos entran en posiciones de no cooperaci\u00f3n, el proceso puede incluso llegar a afectar la gobernabilidad.<\/p>\n\n\n\n<p>El segundo desaf\u00edo ser\u00e1 para los nuevos gobiernos, definir una hoja de ruta que les permita actuar de inmediato para responder a la expectativa que generaron, pasar a la acci\u00f3n y tratar de responder con claridad y efectividad a esos problemas que llamaron impostergables.&nbsp;<\/p>\n\n\n\n<p>Para ahondar en esta idea, acudamos a las elecciones del 2018. Muchas personas votaron por una propuesta de seguridad que promet\u00eda cambiar el paradigma de acci\u00f3n y regresar al Ej\u00e9rcito a los cuarteles, como respuesta al claro recrudecimiento de la violencia que hab\u00eda acarreado la declarada guerra contra el narcotr\u00e1fico. A seis a\u00f1os y tras una ausente pol\u00edtica de fortalecimiento y coordinaci\u00f3n efectiva con las polic\u00edas estatales y municipales, somos testigos de c\u00f3mo las violencias y enfrentamientos de los grupos del crimen organizado persisten y se han recrudecido y de c\u00f3mo los c\u00e1rteles han multiplicado sus acciones delictivas cercando por ejemplo con el cobro de piso al comercio en las ciudades; la consecuci\u00f3n de la paz sigue siendo una deuda y la principal demanda ciudadana a lo largo y ancho de nuestro pa\u00eds, un fracaso que ha conllevado implicaciones catastr\u00f3ficas para los ciudadanos expuestos al crimen organizado.&nbsp;<\/p>\n\n\n\n<p>Adem\u00e1s de la seguridad como prioridad, los nuevos gobiernos tienen otros cuatro temas urgentes en el tablero, el primero de ellos, la crisis h\u00eddrica, de la que hablamos en este espacio hace unas semanas. La Conagua estim\u00f3 el fin de semana que hay un 23% de d\u00e9ficit de agua en todo el pa\u00eds. Por su parte, el Banco Mundial se\u00f1ala que la disponibilidad promedio anual per c\u00e1pita del vital l\u00edquido en M\u00e9xico podr\u00eda pasar de 4 mil metros c\u00fabicos en 2012 a 3 mil en 2030, una tendencia grav\u00edsima si consideramos que en 1960 cont\u00e1bamos con 10 mil metros c\u00fabicos per c\u00e1pita. Hoy los niveles de nuestras presas son los m\u00e1s bajos desde 2015 y no parece que vaya a mejorar pronto con una sequ\u00eda que ya cubre este a\u00f1o al 70% del territorio nacional.&nbsp;<\/p>\n\n\n\n<p>Por su parte, la desigualdad en todas sus formas es un problema complejo y su atenci\u00f3n es impostergable, algunos datos que dimensionan este desaf\u00edo son que el ingreso mensual de los hogares m\u00e1s ricos puede llegar a ser hasta 38 veces mayor que el de los m\u00e1s pobres; somos el pa\u00eds de la OCDE que m\u00e1s trabaja y menos salario percibe en promedio; aunado a ello, en nuestro pa\u00eds persisten las diferencias respecto al ingreso que por el mismo trabajo reciben hombres y mujeres y en cuanto al tiempo que ambos dedican al trabajo dom\u00e9stico no remunerado; 4 de cada 10 mexicanos no tienen acceso a servicios de salud y la lista podr\u00eda seguir. La desigualdad persistente demanda pol\u00edticas articuladas de largo plazo para atender las vulnerabilidades, multiplicar las oportunidades para dar garant\u00eda de piso parejo que nos permitan avanzar en los \u00edndices de calidad de vida, pero sobre todo para ser una naci\u00f3n justa para todas y todos.&nbsp;<\/p>\n\n\n\n<p>El tercer problema urgente es aprovechar el fen\u00f3meno del nearshoring, lo que va a requerir de los gobiernos municipales y estatales, garantizar el suministro de servicios para la inversi\u00f3n, seguridad, agua, energ\u00eda, sin que esto sacrifique el acceso de los ciudadanos a los mismos. Para el Gobierno federal, existe un reto a mayor escala, la transici\u00f3n obligada a energ\u00edas amigables con el medio ambiente, condici\u00f3n no negociable de muchas compa\u00f1\u00edas que se quieren instalar en el territorio nacional, tan solo la Asociaci\u00f3n Mexicana de la Industria Automotriz necesita ya que el 30% de su energ\u00eda sea de fuentes limpias y renovables.&nbsp;<\/p>\n\n\n\n<p>Finalmente, en el plano internacional, los nuevos gobiernos enfrentar\u00e1n un contexto que parece modificar el status quo de las relaciones de poder entre las potencias econ\u00f3micas mundiales. La guerra entre Israel y el pueblo Palestino polariza los mercados, levanta las alarmas de los ministerios de defensa y le suma importancia al trabajo diplom\u00e1tico para evitar escaladas en las tensiones que existen en otras regiones. Conflictos de esta escala repercuten en la pol\u00edtica nacional de los pa\u00edses latinoamericanos que tambi\u00e9n est\u00e1n atravesando redefiniciones en su papel en la econom\u00eda y pol\u00edtica mundial.&nbsp;<\/p>\n\n\n\n<p>Ya qued\u00f3 quien qued\u00f3, ahora har\u00e1 frente a los problemas y retos que he planteado, es responsabilidad de las y los ciudadanos responsabilizar y vigilar a quien obtuvo la victoria el hist\u00f3rico domingo 2 de junio de 2024, en el escrutinio p\u00fablico, para exigir que hagan el trabajo al que se comprometieron, gobernar para lograr el bienestar de todas y todos. No quitemos el dedo del rengl\u00f3n.<\/p>\n\n\n\n<p>Por el bien de todos hagan bien las cosas, hagan historia.<\/p>\n\n\n\n<p>As\u00ed el Quehacer Pol\u00edtico Desde 1980, inquiriendo en la pol\u00edtica de M\u00e9xico, cuestionando, exponiendo, revelando y razonando.Es cuanto.<\/p>\n","protected":false},"excerpt":{"rendered":"<p>Por Jos\u00e9 Alberto Prado \u00c1ngeles Director General y Editor Ya acab\u00f3 el proceso electoral, un&#8230;<\/p>\n","protected":false},"author":2,"featured_media":110503,"comment_status":"open","ping_status":"open","sticky":false,"template":"","format":"standard","meta":{"_monsterinsights_skip_tracking":false,"_monsterinsights_sitenote_active":false,"_monsterinsights_sitenote_note":"","_monsterinsights_sitenote_category":0,"footnotes":""},"categories":[2],"tags":[],"class_list":["post-110502","post","type-post","status-publish","format-standard","has-post-thumbnail","hentry","category-noticias"],"yoast_head":"<!-- This site is optimized with the Yoast SEO plugin v27.3 - https:\/\/yoast.com\/product\/yoast-seo-wordpress\/ -->\n<title>El Quehacer Pol\u00edtico\/\/\/Jose Alberto Prado \u00c1ngeles\/\/\/Ya pasaron las elecciones y ahora que? -<\/title>\n<meta name=\"robots\" content=\"index, follow, max-snippet:-1, max-image-preview:large, max-video-preview:-1\" \/>\n<link rel=\"canonical\" href=\"https:\/\/quehacerpolitico.mx\/?p=110502\" \/>\n<meta property=\"og:locale\" content=\"es_MX\" \/>\n<meta property=\"og:type\" content=\"article\" \/>\n<meta property=\"og:title\" content=\"El Quehacer Pol\u00edtico\/\/\/Jose Alberto Prado \u00c1ngeles\/\/\/Ya pasaron las elecciones y ahora que? -\" \/>\n<meta property=\"og:description\" content=\"Por Jos\u00e9 Alberto Prado \u00c1ngeles Director General y Editor Ya acab\u00f3 el proceso electoral, un...\" \/>\n<meta property=\"og:url\" content=\"https:\/\/quehacerpolitico.mx\/?p=110502\" \/>\n<meta property=\"article:published_time\" content=\"2024-06-03T14:57:14+00:00\" \/>\n<meta property=\"article:modified_time\" content=\"2024-06-03T14:57:17+00:00\" \/>\n<meta property=\"og:image\" content=\"https:\/\/quehacerpolitico.mx\/wp-content\/uploads\/2024\/06\/2f2c152e-bb96-4c06-8e02-4e9a1a9677ca.jpeg\" \/>\n\t<meta property=\"og:image:width\" content=\"963\" \/>\n\t<meta property=\"og:image:height\" content=\"493\" \/>\n\t<meta property=\"og:image:type\" content=\"image\/jpeg\" \/>\n<meta name=\"author\" content=\"Redacci\u00f3n QP\" \/>\n<meta name=\"twitter:card\" content=\"summary_large_image\" \/>\n<meta name=\"twitter:label1\" content=\"Escrito por\" \/>\n\t<meta name=\"twitter:data1\" content=\"Redacci\u00f3n QP\" \/>\n\t<meta name=\"twitter:label2\" content=\"Tiempo de lectura\" \/>\n\t<meta name=\"twitter:data2\" content=\"7 minutos\" \/>\n<script type=\"application\/ld+json\" class=\"yoast-schema-graph\">{\"@context\":\"https:\\\/\\\/schema.org\",\"@graph\":[{\"@type\":\"Article\",\"@id\":\"https:\\\/\\\/quehacerpolitico.mx\\\/?p=110502#article\",\"isPartOf\":{\"@id\":\"https:\\\/\\\/quehacerpolitico.mx\\\/?p=110502\"},\"author\":{\"name\":\"Redacci\u00f3n QP\",\"@id\":\"https:\\\/\\\/quehacerpolitico.mx\\\/#\\\/schema\\\/person\\\/496d8ad2d1d3f8036101dca7ee39e585\"},\"headline\":\"El Quehacer Pol\u00edtico\\\/\\\/\\\/Jose Alberto Prado \u00c1ngeles\\\/\\\/\\\/Ya pasaron las elecciones y ahora que?\",\"datePublished\":\"2024-06-03T14:57:14+00:00\",\"dateModified\":\"2024-06-03T14:57:17+00:00\",\"mainEntityOfPage\":{\"@id\":\"https:\\\/\\\/quehacerpolitico.mx\\\/?p=110502\"},\"wordCount\":1444,\"commentCount\":0,\"image\":{\"@id\":\"https:\\\/\\\/quehacerpolitico.mx\\\/?p=110502#primaryimage\"},\"thumbnailUrl\":\"https:\\\/\\\/quehacerpolitico.mx\\\/wp-content\\\/uploads\\\/2024\\\/06\\\/2f2c152e-bb96-4c06-8e02-4e9a1a9677ca.jpeg\",\"articleSection\":[\"Noticias\"],\"inLanguage\":\"es\",\"potentialAction\":[{\"@type\":\"CommentAction\",\"name\":\"Comment\",\"target\":[\"https:\\\/\\\/quehacerpolitico.mx\\\/?p=110502#respond\"]}]},{\"@type\":\"WebPage\",\"@id\":\"https:\\\/\\\/quehacerpolitico.mx\\\/?p=110502\",\"url\":\"https:\\\/\\\/quehacerpolitico.mx\\\/?p=110502\",\"name\":\"El Quehacer Pol\u00edtico\\\/\\\/\\\/Jose Alberto Prado \u00c1ngeles\\\/\\\/\\\/Ya pasaron las elecciones y ahora que? -\",\"isPartOf\":{\"@id\":\"https:\\\/\\\/quehacerpolitico.mx\\\/#website\"},\"primaryImageOfPage\":{\"@id\":\"https:\\\/\\\/quehacerpolitico.mx\\\/?p=110502#primaryimage\"},\"image\":{\"@id\":\"https:\\\/\\\/quehacerpolitico.mx\\\/?p=110502#primaryimage\"},\"thumbnailUrl\":\"https:\\\/\\\/quehacerpolitico.mx\\\/wp-content\\\/uploads\\\/2024\\\/06\\\/2f2c152e-bb96-4c06-8e02-4e9a1a9677ca.jpeg\",\"datePublished\":\"2024-06-03T14:57:14+00:00\",\"dateModified\":\"2024-06-03T14:57:17+00:00\",\"author\":{\"@id\":\"https:\\\/\\\/quehacerpolitico.mx\\\/#\\\/schema\\\/person\\\/496d8ad2d1d3f8036101dca7ee39e585\"},\"breadcrumb\":{\"@id\":\"https:\\\/\\\/quehacerpolitico.mx\\\/?p=110502#breadcrumb\"},\"inLanguage\":\"es\",\"potentialAction\":[{\"@type\":\"ReadAction\",\"target\":[\"https:\\\/\\\/quehacerpolitico.mx\\\/?p=110502\"]}]},{\"@type\":\"ImageObject\",\"inLanguage\":\"es\",\"@id\":\"https:\\\/\\\/quehacerpolitico.mx\\\/?p=110502#primaryimage\",\"url\":\"https:\\\/\\\/quehacerpolitico.mx\\\/wp-content\\\/uploads\\\/2024\\\/06\\\/2f2c152e-bb96-4c06-8e02-4e9a1a9677ca.jpeg\",\"contentUrl\":\"https:\\\/\\\/quehacerpolitico.mx\\\/wp-content\\\/uploads\\\/2024\\\/06\\\/2f2c152e-bb96-4c06-8e02-4e9a1a9677ca.jpeg\",\"width\":963,\"height\":493},{\"@type\":\"BreadcrumbList\",\"@id\":\"https:\\\/\\\/quehacerpolitico.mx\\\/?p=110502#breadcrumb\",\"itemListElement\":[{\"@type\":\"ListItem\",\"position\":1,\"name\":\"Inicio\",\"item\":\"https:\\\/\\\/quehacerpolitico.mx\\\/\"},{\"@type\":\"ListItem\",\"position\":2,\"name\":\"El Quehacer Pol\u00edtico\\\/\\\/\\\/Jose Alberto Prado \u00c1ngeles\\\/\\\/\\\/Ya pasaron las elecciones y ahora que?\"}]},{\"@type\":\"WebSite\",\"@id\":\"https:\\\/\\\/quehacerpolitico.mx\\\/#website\",\"url\":\"https:\\\/\\\/quehacerpolitico.mx\\\/\",\"name\":\"\",\"description\":\"\",\"potentialAction\":[{\"@type\":\"SearchAction\",\"target\":{\"@type\":\"EntryPoint\",\"urlTemplate\":\"https:\\\/\\\/quehacerpolitico.mx\\\/?s={search_term_string}\"},\"query-input\":{\"@type\":\"PropertyValueSpecification\",\"valueRequired\":true,\"valueName\":\"search_term_string\"}}],\"inLanguage\":\"es\"},{\"@type\":\"Person\",\"@id\":\"https:\\\/\\\/quehacerpolitico.mx\\\/#\\\/schema\\\/person\\\/496d8ad2d1d3f8036101dca7ee39e585\",\"name\":\"Redacci\u00f3n QP\",\"image\":{\"@type\":\"ImageObject\",\"inLanguage\":\"es\",\"@id\":\"https:\\\/\\\/secure.gravatar.com\\\/avatar\\\/c7164ed6fdec453195284ad24a5ae5b6e1eed2b848477fa2a4787ba9adf39a41?s=96&d=mm&r=g\",\"url\":\"https:\\\/\\\/secure.gravatar.com\\\/avatar\\\/c7164ed6fdec453195284ad24a5ae5b6e1eed2b848477fa2a4787ba9adf39a41?s=96&d=mm&r=g\",\"contentUrl\":\"https:\\\/\\\/secure.gravatar.com\\\/avatar\\\/c7164ed6fdec453195284ad24a5ae5b6e1eed2b848477fa2a4787ba9adf39a41?s=96&d=mm&r=g\",\"caption\":\"Redacci\u00f3n QP\"},\"url\":\"https:\\\/\\\/quehacerpolitico.mx\\\/?author=2\"}]}<\/script>\n<!-- \/ Yoast SEO plugin. -->","yoast_head_json":{"title":"El Quehacer Pol\u00edtico\/\/\/Jose Alberto Prado \u00c1ngeles\/\/\/Ya pasaron las elecciones y ahora que? -","robots":{"index":"index","follow":"follow","max-snippet":"max-snippet:-1","max-image-preview":"max-image-preview:large","max-video-preview":"max-video-preview:-1"},"canonical":"https:\/\/quehacerpolitico.mx\/?p=110502","og_locale":"es_MX","og_type":"article","og_title":"El Quehacer Pol\u00edtico\/\/\/Jose Alberto Prado \u00c1ngeles\/\/\/Ya pasaron las elecciones y ahora que? -","og_description":"Por Jos\u00e9 Alberto Prado \u00c1ngeles Director General y Editor Ya acab\u00f3 el proceso electoral, un...","og_url":"https:\/\/quehacerpolitico.mx\/?p=110502","article_published_time":"2024-06-03T14:57:14+00:00","article_modified_time":"2024-06-03T14:57:17+00:00","og_image":[{"width":963,"height":493,"url":"https:\/\/quehacerpolitico.mx\/wp-content\/uploads\/2024\/06\/2f2c152e-bb96-4c06-8e02-4e9a1a9677ca.jpeg","type":"image\/jpeg"}],"author":"Redacci\u00f3n QP","twitter_card":"summary_large_image","twitter_misc":{"Escrito por":"Redacci\u00f3n QP","Tiempo de lectura":"7 minutos"},"schema":{"@context":"https:\/\/schema.org","@graph":[{"@type":"Article","@id":"https:\/\/quehacerpolitico.mx\/?p=110502#article","isPartOf":{"@id":"https:\/\/quehacerpolitico.mx\/?p=110502"},"author":{"name":"Redacci\u00f3n QP","@id":"https:\/\/quehacerpolitico.mx\/#\/schema\/person\/496d8ad2d1d3f8036101dca7ee39e585"},"headline":"El Quehacer Pol\u00edtico\/\/\/Jose Alberto Prado \u00c1ngeles\/\/\/Ya pasaron las elecciones y ahora que?","datePublished":"2024-06-03T14:57:14+00:00","dateModified":"2024-06-03T14:57:17+00:00","mainEntityOfPage":{"@id":"https:\/\/quehacerpolitico.mx\/?p=110502"},"wordCount":1444,"commentCount":0,"image":{"@id":"https:\/\/quehacerpolitico.mx\/?p=110502#primaryimage"},"thumbnailUrl":"https:\/\/quehacerpolitico.mx\/wp-content\/uploads\/2024\/06\/2f2c152e-bb96-4c06-8e02-4e9a1a9677ca.jpeg","articleSection":["Noticias"],"inLanguage":"es","potentialAction":[{"@type":"CommentAction","name":"Comment","target":["https:\/\/quehacerpolitico.mx\/?p=110502#respond"]}]},{"@type":"WebPage","@id":"https:\/\/quehacerpolitico.mx\/?p=110502","url":"https:\/\/quehacerpolitico.mx\/?p=110502","name":"El Quehacer Pol\u00edtico\/\/\/Jose Alberto Prado \u00c1ngeles\/\/\/Ya pasaron las elecciones y ahora que? -","isPartOf":{"@id":"https:\/\/quehacerpolitico.mx\/#website"},"primaryImageOfPage":{"@id":"https:\/\/quehacerpolitico.mx\/?p=110502#primaryimage"},"image":{"@id":"https:\/\/quehacerpolitico.mx\/?p=110502#primaryimage"},"thumbnailUrl":"https:\/\/quehacerpolitico.mx\/wp-content\/uploads\/2024\/06\/2f2c152e-bb96-4c06-8e02-4e9a1a9677ca.jpeg","datePublished":"2024-06-03T14:57:14+00:00","dateModified":"2024-06-03T14:57:17+00:00","author":{"@id":"https:\/\/quehacerpolitico.mx\/#\/schema\/person\/496d8ad2d1d3f8036101dca7ee39e585"},"breadcrumb":{"@id":"https:\/\/quehacerpolitico.mx\/?p=110502#breadcrumb"},"inLanguage":"es","potentialAction":[{"@type":"ReadAction","target":["https:\/\/quehacerpolitico.mx\/?p=110502"]}]},{"@type":"ImageObject","inLanguage":"es","@id":"https:\/\/quehacerpolitico.mx\/?p=110502#primaryimage","url":"https:\/\/quehacerpolitico.mx\/wp-content\/uploads\/2024\/06\/2f2c152e-bb96-4c06-8e02-4e9a1a9677ca.jpeg","contentUrl":"https:\/\/quehacerpolitico.mx\/wp-content\/uploads\/2024\/06\/2f2c152e-bb96-4c06-8e02-4e9a1a9677ca.jpeg","width":963,"height":493},{"@type":"BreadcrumbList","@id":"https:\/\/quehacerpolitico.mx\/?p=110502#breadcrumb","itemListElement":[{"@type":"ListItem","position":1,"name":"Inicio","item":"https:\/\/quehacerpolitico.mx\/"},{"@type":"ListItem","position":2,"name":"El Quehacer Pol\u00edtico\/\/\/Jose Alberto Prado \u00c1ngeles\/\/\/Ya pasaron las elecciones y ahora que?"}]},{"@type":"WebSite","@id":"https:\/\/quehacerpolitico.mx\/#website","url":"https:\/\/quehacerpolitico.mx\/","name":"","description":"","potentialAction":[{"@type":"SearchAction","target":{"@type":"EntryPoint","urlTemplate":"https:\/\/quehacerpolitico.mx\/?s={search_term_string}"},"query-input":{"@type":"PropertyValueSpecification","valueRequired":true,"valueName":"search_term_string"}}],"inLanguage":"es"},{"@type":"Person","@id":"https:\/\/quehacerpolitico.mx\/#\/schema\/person\/496d8ad2d1d3f8036101dca7ee39e585","name":"Redacci\u00f3n QP","image":{"@type":"ImageObject","inLanguage":"es","@id":"https:\/\/secure.gravatar.com\/avatar\/c7164ed6fdec453195284ad24a5ae5b6e1eed2b848477fa2a4787ba9adf39a41?s=96&d=mm&r=g","url":"https:\/\/secure.gravatar.com\/avatar\/c7164ed6fdec453195284ad24a5ae5b6e1eed2b848477fa2a4787ba9adf39a41?s=96&d=mm&r=g","contentUrl":"https:\/\/secure.gravatar.com\/avatar\/c7164ed6fdec453195284ad24a5ae5b6e1eed2b848477fa2a4787ba9adf39a41?s=96&d=mm&r=g","caption":"Redacci\u00f3n QP"},"url":"https:\/\/quehacerpolitico.mx\/?author=2"}]}},"featured_image_urls":{"full":["https:\/\/quehacerpolitico.mx\/wp-content\/uploads\/2024\/06\/2f2c152e-bb96-4c06-8e02-4e9a1a9677ca.jpeg",963,493,false],"thumbnail":["https:\/\/quehacerpolitico.mx\/wp-content\/uploads\/2024\/06\/2f2c152e-bb96-4c06-8e02-4e9a1a9677ca-150x150.jpeg",150,150,true],"medium":["https:\/\/quehacerpolitico.mx\/wp-content\/uploads\/2024\/06\/2f2c152e-bb96-4c06-8e02-4e9a1a9677ca-300x154.jpeg",300,154,true],"medium_large":["https:\/\/quehacerpolitico.mx\/wp-content\/uploads\/2024\/06\/2f2c152e-bb96-4c06-8e02-4e9a1a9677ca-768x393.jpeg",640,328,true],"large":["https:\/\/quehacerpolitico.mx\/wp-content\/uploads\/2024\/06\/2f2c152e-bb96-4c06-8e02-4e9a1a9677ca.jpeg",640,328,false],"1536x1536":["https:\/\/quehacerpolitico.mx\/wp-content\/uploads\/2024\/06\/2f2c152e-bb96-4c06-8e02-4e9a1a9677ca.jpeg",963,493,false],"2048x2048":["https:\/\/quehacerpolitico.mx\/wp-content\/uploads\/2024\/06\/2f2c152e-bb96-4c06-8e02-4e9a1a9677ca.jpeg",963,493,false],"covernews-featured":["https:\/\/quehacerpolitico.mx\/wp-content\/uploads\/2024\/06\/2f2c152e-bb96-4c06-8e02-4e9a1a9677ca.jpeg",963,493,false],"covernews-medium":["https:\/\/quehacerpolitico.mx\/wp-content\/uploads\/2024\/06\/2f2c152e-bb96-4c06-8e02-4e9a1a9677ca.jpeg",540,276,false]},"author_info":{"display_name":"Redacci\u00f3n QP","author_link":"https:\/\/quehacerpolitico.mx\/?author=2"},"category_info":"<a href=\"https:\/\/quehacerpolitico.mx\/?cat=2\" rel=\"category\">Noticias<\/a>","tag_info":"Noticias","comment_count":"0","_links":{"self":[{"href":"https:\/\/quehacerpolitico.mx\/index.php?rest_route=\/wp\/v2\/posts\/110502","targetHints":{"allow":["GET"]}}],"collection":[{"href":"https:\/\/quehacerpolitico.mx\/index.php?rest_route=\/wp\/v2\/posts"}],"about":[{"href":"https:\/\/quehacerpolitico.mx\/index.php?rest_route=\/wp\/v2\/types\/post"}],"author":[{"embeddable":true,"href":"https:\/\/quehacerpolitico.mx\/index.php?rest_route=\/wp\/v2\/users\/2"}],"replies":[{"embeddable":true,"href":"https:\/\/quehacerpolitico.mx\/index.php?rest_route=%2Fwp%2Fv2%2Fcomments&post=110502"}],"version-history":[{"count":1,"href":"https:\/\/quehacerpolitico.mx\/index.php?rest_route=\/wp\/v2\/posts\/110502\/revisions"}],"predecessor-version":[{"id":110504,"href":"https:\/\/quehacerpolitico.mx\/index.php?rest_route=\/wp\/v2\/posts\/110502\/revisions\/110504"}],"wp:featuredmedia":[{"embeddable":true,"href":"https:\/\/quehacerpolitico.mx\/index.php?rest_route=\/wp\/v2\/media\/110503"}],"wp:attachment":[{"href":"https:\/\/quehacerpolitico.mx\/index.php?rest_route=%2Fwp%2Fv2%2Fmedia&parent=110502"}],"wp:term":[{"taxonomy":"category","embeddable":true,"href":"https:\/\/quehacerpolitico.mx\/index.php?rest_route=%2Fwp%2Fv2%2Fcategories&post=110502"},{"taxonomy":"post_tag","embeddable":true,"href":"https:\/\/quehacerpolitico.mx\/index.php?rest_route=%2Fwp%2Fv2%2Ftags&post=110502"}],"curies":[{"name":"wp","href":"https:\/\/api.w.org\/{rel}","templated":true}]}}