{"id":110480,"date":"2024-05-31T22:02:12","date_gmt":"2024-05-31T22:02:12","guid":{"rendered":"https:\/\/quehacerpolitico.mx\/?p=110480"},"modified":"2024-05-31T22:02:15","modified_gmt":"2024-05-31T22:02:15","slug":"cuantos-jovenes-podran-votar-el-proximo-domingo-2-de-junio","status":"publish","type":"post","link":"https:\/\/quehacerpolitico.mx\/?p=110480","title":{"rendered":"\u00bfCu\u00e1ntos j\u00f3venes podr\u00e1n votar el pr\u00f3ximo domingo 2 de junio?"},"content":{"rendered":"\n<p>Por Redacci\u00f3n QP<\/p>\n\n\n\n<p>Las personas j\u00f3venes en M\u00e9xico son aquellas de entre 12 y 29 a\u00f1os. Seg\u00fan el Inegi, este grupo representa el 30% de la poblaci\u00f3n nacional<\/p>\n\n\n\n<p>Todo est\u00e1 listo para la elecci\u00f3n m\u00e1s grande M\u00e9xico el pr\u00f3ximo 2 de junio, donde se elegira\u00e1n m\u00e1s de 19 mil cargos de elecci\u00f3n popular.<\/p>\n\n\n\n<p><mark><strong>Alrededor de 26 millones 59 mil 618 personas de entre 18 y 29 a\u00f1os podr\u00e1n ejercer su voto en las elecciones de este domingo<\/strong><\/mark>, cantidad que podr\u00eda darle un giro a los comicios, comenta Luz Mar\u00eda Cruz Parcero, profesora de la Facultad de Ciencias Pol\u00edticas y Sociales (FCPyS), quien asegura que\u00a0<strong>este sector poblacional son los que menos participan en los comicios<\/strong>.<\/p>\n\n\n\n<p>&#8220;Es una cantidad muy alta y tiene la capacidad de darle un giro a cualquier elecci\u00f3n. Sin embargo, los j\u00f3venes son quienes menos participan en los procesos electorales, en las votaciones. Hay que hacer mucho trabajo para revisar qu\u00e9 los desincentiva. Podemos mencionar algunos elementos, como la crisis de la democracia o que no se sienten representados en los partidos&#8221;, dice.<\/p>\n\n\n\n<p><strong>Este domingo 2 de junio se realizar\u00e1n elecciones en M\u00e9xico<\/strong>. En estas\u00a0<strong>se elegir\u00e1 a quien encabezar\u00e1 la Presidencia del pa\u00eds, adem\u00e1s de ocho gubernaturas, la Jefatura de Gobierno de Ciudad de M\u00e9xico, 128 senadur\u00edas y 500 diputaciones federales, 31 congresos locales y ayuntamientos en 30 entidades<\/strong>. M\u00e1s de 26 millones de j\u00f3venes podr\u00e1n acudir a votar, aunque esa no es la \u00fanica forma en que este grupo poblacional incide en la vida pol\u00edtica nacional.<\/p>\n\n\n\n<figure class=\"wp-block-embed is-type-video is-provider-youtube wp-block-embed-youtube wp-embed-aspect-16-9 wp-has-aspect-ratio\"><div class=\"wp-block-embed__wrapper\">\n<iframe loading=\"lazy\" title=\"Unos 26 millones de j\u00f3venes votan en M\u00e9xico. Tres nos dicen qu\u00e9 los motiva | Noticias Telemundo\" width=\"640\" height=\"360\" src=\"https:\/\/www.youtube.com\/embed\/-q-zCtOuzCQ?feature=oembed\" frameborder=\"0\" allow=\"accelerometer; autoplay; clipboard-write; encrypted-media; gyroscope; picture-in-picture; web-share\" referrerpolicy=\"strict-origin-when-cross-origin\" allowfullscreen><\/iframe>\n<\/div><\/figure>\n\n\n\n<p>\u201cLas juventudes y otros sectores participan de diversas maneras, no se restringen al \u00e1mbito electoral. Muchas veces se inscriben en el campo no institucional, como en manifestaciones o actividades dentro de sus comunidades\u201d.<\/p>\n\n\n\n<p>Al hablar de la vida pol\u00edtica de M\u00e9xico se hace referencia a la capacidad de la ciudadan\u00eda de participar e intervenir en los asuntos p\u00fablicos y de inter\u00e9s com\u00fan, dice Luz Mar\u00eda.&nbsp;<strong>En muchas ocasiones esa participaci\u00f3n se reduce a la \u00e9poca electoral del pa\u00eds, en espec\u00edfico al ejercicio del voto, pero hay otras formas en que las y los j\u00f3venes se involucran<\/strong>.<\/p>\n\n\n\n<p>El Instituto de la Juventud determina que las personas j\u00f3venes en\u00a0Mexico son aquellas de entre 12 y 29 a\u00f1os. Seg\u00fan el Inegi,\u00a0<mark><strong>este grupo representa el 30% de la poblaci\u00f3n nacional<\/strong><\/mark>. &#8220;Ese porcentaje debe manifestar sus intereses, necesidades y preocupaciones en la vida pol\u00edtica, social y comunitaria. Es necesario escucharlos&#8221;.<\/p>\n\n\n\n<p>Movimientos como el del 68 en M\u00e9xico, el del 76 en Argentina, la Primavera \u00c1rabe, la cuarta ola del feminismo o las protestas universitarias por Palestina del 2024 son ejemplos de su participaci\u00f3n e impacto.<\/p>\n\n\n\n<p>Cruz Parcero se\u00f1ala que en distintos momentos las juventudes han dado visibilizaci\u00f3n a problemas que, desde otros \u00e1mbitos o desde la pol\u00edtica institucional, no han tenido. &#8220;El movimiento del 68 fue primordialmente de j\u00f3venes universitarios y represent\u00f3 un parteaguas para su inclusi\u00f3n democr\u00e1tica en los procesos de decisi\u00f3n ante un Estado muy autoritario&#8221;.<\/p>\n\n\n\n<p>Su participaci\u00f3n tambi\u00e9n est\u00e1 presente en espacios no tan visibles o no considerados en algunos estudios, como ocurre con las acciones que llevan a cabo para atender problemas al interior de sus comunidades.<\/p>\n\n\n\n<p>De acuerdo con la Encuesta Nacional de Cultura C\u00edvica 2020,\u00a0<strong>el 78 % de las personas de entre 15 y 17 a\u00f1os; el 81.3 de 18 y 19, y el 83.2 de 20 a 29, tienen mucho o algo de preocupaci\u00f3n o inter\u00e9s por los asuntos del pa\u00eds<\/strong>. &#8220;Esto nos habla de que no son ap\u00e1ticos, el punto es ver qu\u00e9 espacios de acci\u00f3n tienen, formales e informales. Desafortunadamente, en los congresos, como funcionarios o en los gobiernos, no hay una apertura total para ellos&#8221;.<\/p>\n\n\n\n<p>La participaci\u00f3n juvenil radica en la capacidad de incorporar nuevas ideas, visiones de c\u00f3mo hacer la pol\u00edtica, perspectivas de di\u00e1logo y la inclusi\u00f3n de demandas que se aborden en el espacio p\u00fablico, enfatiza la acad\u00e9mica.<\/p>\n\n\n\n<p>&#8220;Es fundamental que los sistemas de representaci\u00f3n vean a las juventudes y dejen de obviar los temas que les interesan. Deben incorporarlas en las agendas y crear pol\u00edticas p\u00fablicas concretas que las beneficien&#8221;.<\/p>\n\n\n\n<p><strong>Un estudio, realizado por el INE \u2013con informaci\u00f3n estad\u00edstica de las elecciones federales de 2018\u2013, identifica que los niveles m\u00e1s bajos de participaci\u00f3n o con mayor abstenci\u00f3n electoral se registraron en los rangos de 19 a 34 a\u00f1os y de 80 o m\u00e1s<\/strong>.<\/p>\n\n\n\n<p>Por ello, enfatiza Cruz Parcero, es necesario partir de la construcci\u00f3n de una cultura c\u00edvica. &#8220;Es preciso crear conciencia comunitaria de que si participamos en todos los niveles: escuela, comunidad y casa, podemos mejorar las condiciones de nuestro entorno. Debemos ser receptivos y abiertos a que las juventudes intervengan en m\u00e1s \u00e1mbitos, as\u00ed como escuchar sus preocupaciones y demandas. Ese es el mejor ejercicio para promover una participaci\u00f3n en los espacios de representaci\u00f3n&#8221;.<\/p>\n\n\n\n<p>Con informaci\u00f3n de SUN<\/p>\n","protected":false},"excerpt":{"rendered":"<p>Por Redacci\u00f3n QP Las personas j\u00f3venes en M\u00e9xico son aquellas de entre 12 y 29&#8230;<\/p>\n","protected":false},"author":2,"featured_media":110481,"comment_status":"open","ping_status":"open","sticky":false,"template":"","format":"standard","meta":{"_monsterinsights_skip_tracking":false,"_monsterinsights_sitenote_active":false,"_monsterinsights_sitenote_note":"","_monsterinsights_sitenote_category":0,"footnotes":""},"categories":[2],"tags":[],"class_list":["post-110480","post","type-post","status-publish","format-standard","has-post-thumbnail","hentry","category-noticias"],"yoast_head":"<!-- This site is optimized with the Yoast SEO plugin v27.3 - https:\/\/yoast.com\/product\/yoast-seo-wordpress\/ -->\n<title>\u00bfCu\u00e1ntos j\u00f3venes podr\u00e1n votar el pr\u00f3ximo domingo 2 de junio? -<\/title>\n<meta name=\"robots\" content=\"index, follow, max-snippet:-1, max-image-preview:large, max-video-preview:-1\" \/>\n<link rel=\"canonical\" href=\"https:\/\/quehacerpolitico.mx\/?p=110480\" \/>\n<meta property=\"og:locale\" content=\"es_MX\" \/>\n<meta property=\"og:type\" content=\"article\" \/>\n<meta property=\"og:title\" content=\"\u00bfCu\u00e1ntos j\u00f3venes podr\u00e1n votar el pr\u00f3ximo domingo 2 de junio? -\" \/>\n<meta property=\"og:description\" content=\"Por Redacci\u00f3n QP Las personas j\u00f3venes en M\u00e9xico son aquellas de entre 12 y 29...\" \/>\n<meta property=\"og:url\" content=\"https:\/\/quehacerpolitico.mx\/?p=110480\" \/>\n<meta property=\"article:published_time\" content=\"2024-05-31T22:02:12+00:00\" \/>\n<meta property=\"article:modified_time\" content=\"2024-05-31T22:02:15+00:00\" \/>\n<meta property=\"og:image\" content=\"https:\/\/quehacerpolitico.mx\/wp-content\/uploads\/2024\/05\/IMG_5984.jpeg\" \/>\n\t<meta property=\"og:image:width\" content=\"728\" \/>\n\t<meta property=\"og:image:height\" content=\"421\" \/>\n\t<meta property=\"og:image:type\" content=\"image\/jpeg\" \/>\n<meta name=\"author\" content=\"Redacci\u00f3n QP\" \/>\n<meta name=\"twitter:card\" content=\"summary_large_image\" \/>\n<meta name=\"twitter:label1\" content=\"Escrito por\" \/>\n\t<meta name=\"twitter:data1\" content=\"Redacci\u00f3n QP\" \/>\n\t<meta name=\"twitter:label2\" content=\"Tiempo de lectura\" \/>\n\t<meta name=\"twitter:data2\" content=\"4 minutos\" \/>\n<script type=\"application\/ld+json\" class=\"yoast-schema-graph\">{\"@context\":\"https:\\\/\\\/schema.org\",\"@graph\":[{\"@type\":\"Article\",\"@id\":\"https:\\\/\\\/quehacerpolitico.mx\\\/?p=110480#article\",\"isPartOf\":{\"@id\":\"https:\\\/\\\/quehacerpolitico.mx\\\/?p=110480\"},\"author\":{\"name\":\"Redacci\u00f3n QP\",\"@id\":\"https:\\\/\\\/quehacerpolitico.mx\\\/#\\\/schema\\\/person\\\/496d8ad2d1d3f8036101dca7ee39e585\"},\"headline\":\"\u00bfCu\u00e1ntos j\u00f3venes podr\u00e1n votar el pr\u00f3ximo domingo 2 de junio?\",\"datePublished\":\"2024-05-31T22:02:12+00:00\",\"dateModified\":\"2024-05-31T22:02:15+00:00\",\"mainEntityOfPage\":{\"@id\":\"https:\\\/\\\/quehacerpolitico.mx\\\/?p=110480\"},\"wordCount\":863,\"commentCount\":0,\"image\":{\"@id\":\"https:\\\/\\\/quehacerpolitico.mx\\\/?p=110480#primaryimage\"},\"thumbnailUrl\":\"https:\\\/\\\/quehacerpolitico.mx\\\/wp-content\\\/uploads\\\/2024\\\/05\\\/IMG_5984.jpeg\",\"articleSection\":[\"Noticias\"],\"inLanguage\":\"es\",\"potentialAction\":[{\"@type\":\"CommentAction\",\"name\":\"Comment\",\"target\":[\"https:\\\/\\\/quehacerpolitico.mx\\\/?p=110480#respond\"]}]},{\"@type\":\"WebPage\",\"@id\":\"https:\\\/\\\/quehacerpolitico.mx\\\/?p=110480\",\"url\":\"https:\\\/\\\/quehacerpolitico.mx\\\/?p=110480\",\"name\":\"\u00bfCu\u00e1ntos j\u00f3venes podr\u00e1n votar el pr\u00f3ximo domingo 2 de junio? -\",\"isPartOf\":{\"@id\":\"https:\\\/\\\/quehacerpolitico.mx\\\/#website\"},\"primaryImageOfPage\":{\"@id\":\"https:\\\/\\\/quehacerpolitico.mx\\\/?p=110480#primaryimage\"},\"image\":{\"@id\":\"https:\\\/\\\/quehacerpolitico.mx\\\/?p=110480#primaryimage\"},\"thumbnailUrl\":\"https:\\\/\\\/quehacerpolitico.mx\\\/wp-content\\\/uploads\\\/2024\\\/05\\\/IMG_5984.jpeg\",\"datePublished\":\"2024-05-31T22:02:12+00:00\",\"dateModified\":\"2024-05-31T22:02:15+00:00\",\"author\":{\"@id\":\"https:\\\/\\\/quehacerpolitico.mx\\\/#\\\/schema\\\/person\\\/496d8ad2d1d3f8036101dca7ee39e585\"},\"breadcrumb\":{\"@id\":\"https:\\\/\\\/quehacerpolitico.mx\\\/?p=110480#breadcrumb\"},\"inLanguage\":\"es\",\"potentialAction\":[{\"@type\":\"ReadAction\",\"target\":[\"https:\\\/\\\/quehacerpolitico.mx\\\/?p=110480\"]}]},{\"@type\":\"ImageObject\",\"inLanguage\":\"es\",\"@id\":\"https:\\\/\\\/quehacerpolitico.mx\\\/?p=110480#primaryimage\",\"url\":\"https:\\\/\\\/quehacerpolitico.mx\\\/wp-content\\\/uploads\\\/2024\\\/05\\\/IMG_5984.jpeg\",\"contentUrl\":\"https:\\\/\\\/quehacerpolitico.mx\\\/wp-content\\\/uploads\\\/2024\\\/05\\\/IMG_5984.jpeg\",\"width\":728,\"height\":421},{\"@type\":\"BreadcrumbList\",\"@id\":\"https:\\\/\\\/quehacerpolitico.mx\\\/?p=110480#breadcrumb\",\"itemListElement\":[{\"@type\":\"ListItem\",\"position\":1,\"name\":\"Inicio\",\"item\":\"https:\\\/\\\/quehacerpolitico.mx\\\/\"},{\"@type\":\"ListItem\",\"position\":2,\"name\":\"\u00bfCu\u00e1ntos j\u00f3venes podr\u00e1n votar el pr\u00f3ximo domingo 2 de junio?\"}]},{\"@type\":\"WebSite\",\"@id\":\"https:\\\/\\\/quehacerpolitico.mx\\\/#website\",\"url\":\"https:\\\/\\\/quehacerpolitico.mx\\\/\",\"name\":\"\",\"description\":\"\",\"potentialAction\":[{\"@type\":\"SearchAction\",\"target\":{\"@type\":\"EntryPoint\",\"urlTemplate\":\"https:\\\/\\\/quehacerpolitico.mx\\\/?s={search_term_string}\"},\"query-input\":{\"@type\":\"PropertyValueSpecification\",\"valueRequired\":true,\"valueName\":\"search_term_string\"}}],\"inLanguage\":\"es\"},{\"@type\":\"Person\",\"@id\":\"https:\\\/\\\/quehacerpolitico.mx\\\/#\\\/schema\\\/person\\\/496d8ad2d1d3f8036101dca7ee39e585\",\"name\":\"Redacci\u00f3n QP\",\"image\":{\"@type\":\"ImageObject\",\"inLanguage\":\"es\",\"@id\":\"https:\\\/\\\/secure.gravatar.com\\\/avatar\\\/c7164ed6fdec453195284ad24a5ae5b6e1eed2b848477fa2a4787ba9adf39a41?s=96&d=mm&r=g\",\"url\":\"https:\\\/\\\/secure.gravatar.com\\\/avatar\\\/c7164ed6fdec453195284ad24a5ae5b6e1eed2b848477fa2a4787ba9adf39a41?s=96&d=mm&r=g\",\"contentUrl\":\"https:\\\/\\\/secure.gravatar.com\\\/avatar\\\/c7164ed6fdec453195284ad24a5ae5b6e1eed2b848477fa2a4787ba9adf39a41?s=96&d=mm&r=g\",\"caption\":\"Redacci\u00f3n QP\"},\"url\":\"https:\\\/\\\/quehacerpolitico.mx\\\/?author=2\"}]}<\/script>\n<!-- \/ Yoast SEO plugin. -->","yoast_head_json":{"title":"\u00bfCu\u00e1ntos j\u00f3venes podr\u00e1n votar el pr\u00f3ximo domingo 2 de junio? -","robots":{"index":"index","follow":"follow","max-snippet":"max-snippet:-1","max-image-preview":"max-image-preview:large","max-video-preview":"max-video-preview:-1"},"canonical":"https:\/\/quehacerpolitico.mx\/?p=110480","og_locale":"es_MX","og_type":"article","og_title":"\u00bfCu\u00e1ntos j\u00f3venes podr\u00e1n votar el pr\u00f3ximo domingo 2 de junio? -","og_description":"Por Redacci\u00f3n QP Las personas j\u00f3venes en M\u00e9xico son aquellas de entre 12 y 29...","og_url":"https:\/\/quehacerpolitico.mx\/?p=110480","article_published_time":"2024-05-31T22:02:12+00:00","article_modified_time":"2024-05-31T22:02:15+00:00","og_image":[{"width":728,"height":421,"url":"https:\/\/quehacerpolitico.mx\/wp-content\/uploads\/2024\/05\/IMG_5984.jpeg","type":"image\/jpeg"}],"author":"Redacci\u00f3n QP","twitter_card":"summary_large_image","twitter_misc":{"Escrito por":"Redacci\u00f3n QP","Tiempo de lectura":"4 minutos"},"schema":{"@context":"https:\/\/schema.org","@graph":[{"@type":"Article","@id":"https:\/\/quehacerpolitico.mx\/?p=110480#article","isPartOf":{"@id":"https:\/\/quehacerpolitico.mx\/?p=110480"},"author":{"name":"Redacci\u00f3n QP","@id":"https:\/\/quehacerpolitico.mx\/#\/schema\/person\/496d8ad2d1d3f8036101dca7ee39e585"},"headline":"\u00bfCu\u00e1ntos j\u00f3venes podr\u00e1n votar el pr\u00f3ximo domingo 2 de junio?","datePublished":"2024-05-31T22:02:12+00:00","dateModified":"2024-05-31T22:02:15+00:00","mainEntityOfPage":{"@id":"https:\/\/quehacerpolitico.mx\/?p=110480"},"wordCount":863,"commentCount":0,"image":{"@id":"https:\/\/quehacerpolitico.mx\/?p=110480#primaryimage"},"thumbnailUrl":"https:\/\/quehacerpolitico.mx\/wp-content\/uploads\/2024\/05\/IMG_5984.jpeg","articleSection":["Noticias"],"inLanguage":"es","potentialAction":[{"@type":"CommentAction","name":"Comment","target":["https:\/\/quehacerpolitico.mx\/?p=110480#respond"]}]},{"@type":"WebPage","@id":"https:\/\/quehacerpolitico.mx\/?p=110480","url":"https:\/\/quehacerpolitico.mx\/?p=110480","name":"\u00bfCu\u00e1ntos j\u00f3venes podr\u00e1n votar el pr\u00f3ximo domingo 2 de junio? -","isPartOf":{"@id":"https:\/\/quehacerpolitico.mx\/#website"},"primaryImageOfPage":{"@id":"https:\/\/quehacerpolitico.mx\/?p=110480#primaryimage"},"image":{"@id":"https:\/\/quehacerpolitico.mx\/?p=110480#primaryimage"},"thumbnailUrl":"https:\/\/quehacerpolitico.mx\/wp-content\/uploads\/2024\/05\/IMG_5984.jpeg","datePublished":"2024-05-31T22:02:12+00:00","dateModified":"2024-05-31T22:02:15+00:00","author":{"@id":"https:\/\/quehacerpolitico.mx\/#\/schema\/person\/496d8ad2d1d3f8036101dca7ee39e585"},"breadcrumb":{"@id":"https:\/\/quehacerpolitico.mx\/?p=110480#breadcrumb"},"inLanguage":"es","potentialAction":[{"@type":"ReadAction","target":["https:\/\/quehacerpolitico.mx\/?p=110480"]}]},{"@type":"ImageObject","inLanguage":"es","@id":"https:\/\/quehacerpolitico.mx\/?p=110480#primaryimage","url":"https:\/\/quehacerpolitico.mx\/wp-content\/uploads\/2024\/05\/IMG_5984.jpeg","contentUrl":"https:\/\/quehacerpolitico.mx\/wp-content\/uploads\/2024\/05\/IMG_5984.jpeg","width":728,"height":421},{"@type":"BreadcrumbList","@id":"https:\/\/quehacerpolitico.mx\/?p=110480#breadcrumb","itemListElement":[{"@type":"ListItem","position":1,"name":"Inicio","item":"https:\/\/quehacerpolitico.mx\/"},{"@type":"ListItem","position":2,"name":"\u00bfCu\u00e1ntos j\u00f3venes podr\u00e1n votar el pr\u00f3ximo domingo 2 de junio?"}]},{"@type":"WebSite","@id":"https:\/\/quehacerpolitico.mx\/#website","url":"https:\/\/quehacerpolitico.mx\/","name":"","description":"","potentialAction":[{"@type":"SearchAction","target":{"@type":"EntryPoint","urlTemplate":"https:\/\/quehacerpolitico.mx\/?s={search_term_string}"},"query-input":{"@type":"PropertyValueSpecification","valueRequired":true,"valueName":"search_term_string"}}],"inLanguage":"es"},{"@type":"Person","@id":"https:\/\/quehacerpolitico.mx\/#\/schema\/person\/496d8ad2d1d3f8036101dca7ee39e585","name":"Redacci\u00f3n QP","image":{"@type":"ImageObject","inLanguage":"es","@id":"https:\/\/secure.gravatar.com\/avatar\/c7164ed6fdec453195284ad24a5ae5b6e1eed2b848477fa2a4787ba9adf39a41?s=96&d=mm&r=g","url":"https:\/\/secure.gravatar.com\/avatar\/c7164ed6fdec453195284ad24a5ae5b6e1eed2b848477fa2a4787ba9adf39a41?s=96&d=mm&r=g","contentUrl":"https:\/\/secure.gravatar.com\/avatar\/c7164ed6fdec453195284ad24a5ae5b6e1eed2b848477fa2a4787ba9adf39a41?s=96&d=mm&r=g","caption":"Redacci\u00f3n QP"},"url":"https:\/\/quehacerpolitico.mx\/?author=2"}]}},"featured_image_urls":{"full":["https:\/\/quehacerpolitico.mx\/wp-content\/uploads\/2024\/05\/IMG_5984.jpeg",728,421,false],"thumbnail":["https:\/\/quehacerpolitico.mx\/wp-content\/uploads\/2024\/05\/IMG_5984-150x150.jpeg",150,150,true],"medium":["https:\/\/quehacerpolitico.mx\/wp-content\/uploads\/2024\/05\/IMG_5984-300x173.jpeg",300,173,true],"medium_large":["https:\/\/quehacerpolitico.mx\/wp-content\/uploads\/2024\/05\/IMG_5984.jpeg",640,370,false],"large":["https:\/\/quehacerpolitico.mx\/wp-content\/uploads\/2024\/05\/IMG_5984.jpeg",640,370,false],"1536x1536":["https:\/\/quehacerpolitico.mx\/wp-content\/uploads\/2024\/05\/IMG_5984.jpeg",728,421,false],"2048x2048":["https:\/\/quehacerpolitico.mx\/wp-content\/uploads\/2024\/05\/IMG_5984.jpeg",728,421,false],"covernews-featured":["https:\/\/quehacerpolitico.mx\/wp-content\/uploads\/2024\/05\/IMG_5984.jpeg",728,421,false],"covernews-medium":["https:\/\/quehacerpolitico.mx\/wp-content\/uploads\/2024\/05\/IMG_5984.jpeg",540,312,false]},"author_info":{"display_name":"Redacci\u00f3n QP","author_link":"https:\/\/quehacerpolitico.mx\/?author=2"},"category_info":"<a href=\"https:\/\/quehacerpolitico.mx\/?cat=2\" rel=\"category\">Noticias<\/a>","tag_info":"Noticias","comment_count":"0","_links":{"self":[{"href":"https:\/\/quehacerpolitico.mx\/index.php?rest_route=\/wp\/v2\/posts\/110480","targetHints":{"allow":["GET"]}}],"collection":[{"href":"https:\/\/quehacerpolitico.mx\/index.php?rest_route=\/wp\/v2\/posts"}],"about":[{"href":"https:\/\/quehacerpolitico.mx\/index.php?rest_route=\/wp\/v2\/types\/post"}],"author":[{"embeddable":true,"href":"https:\/\/quehacerpolitico.mx\/index.php?rest_route=\/wp\/v2\/users\/2"}],"replies":[{"embeddable":true,"href":"https:\/\/quehacerpolitico.mx\/index.php?rest_route=%2Fwp%2Fv2%2Fcomments&post=110480"}],"version-history":[{"count":1,"href":"https:\/\/quehacerpolitico.mx\/index.php?rest_route=\/wp\/v2\/posts\/110480\/revisions"}],"predecessor-version":[{"id":110482,"href":"https:\/\/quehacerpolitico.mx\/index.php?rest_route=\/wp\/v2\/posts\/110480\/revisions\/110482"}],"wp:featuredmedia":[{"embeddable":true,"href":"https:\/\/quehacerpolitico.mx\/index.php?rest_route=\/wp\/v2\/media\/110481"}],"wp:attachment":[{"href":"https:\/\/quehacerpolitico.mx\/index.php?rest_route=%2Fwp%2Fv2%2Fmedia&parent=110480"}],"wp:term":[{"taxonomy":"category","embeddable":true,"href":"https:\/\/quehacerpolitico.mx\/index.php?rest_route=%2Fwp%2Fv2%2Fcategories&post=110480"},{"taxonomy":"post_tag","embeddable":true,"href":"https:\/\/quehacerpolitico.mx\/index.php?rest_route=%2Fwp%2Fv2%2Ftags&post=110480"}],"curies":[{"name":"wp","href":"https:\/\/api.w.org\/{rel}","templated":true}]}}