{"id":110426,"date":"2024-05-30T18:51:04","date_gmt":"2024-05-30T18:51:04","guid":{"rendered":"https:\/\/quehacerpolitico.mx\/?p=110426"},"modified":"2024-05-30T18:51:06","modified_gmt":"2024-05-30T18:51:06","slug":"el-quehacer-politico-internacional-carolina-alonso-romei-la-fiscalia-general-de-ucrania-informo-este-jueves-de-que-ya-han-muerto-550-ninos-en-ataques-rusos","status":"publish","type":"post","link":"https:\/\/quehacerpolitico.mx\/?p=110426","title":{"rendered":"El Quehacer Pol\u00edtico Internacional\/\/\/Carolina Alonso Romei\/\/\/La\u00a0Fiscal\u00eda General de Ucrania\u00a0inform\u00f3 este jueves de que ya han muerto 550\u00a0ni\u00f1os en\u00a0ataques rusos"},"content":{"rendered":"\n<p>Por Carolina Alonso Romei<\/p>\n\n\n\n<p>Internacionalista <\/p>\n\n\n\n<p>La Fiscal\u00eda General de Ucrania detall\u00f3 tambi\u00e9n que m\u00e1s de mil 354 menores han resultado heridos en la invasi\u00f3n rusa<\/p>\n\n\n\n<p>La\u00a0<strong>Fiscal\u00eda General de Ucrania<\/strong>\u00a0inform\u00f3 este jueves de que ya<strong> han muerto 550\u00a0<\/strong>ni\u00f1os en\u00a0<strong>ataques rusos<\/strong>\u00a0desde que comenz\u00f3 la\u00a0<strong>invasi\u00f3n<\/strong>\u00a0contra el territorio ucraniano el 24 de febrero de 2022.<\/p>\n\n\n\n<figure class=\"wp-block-embed is-type-video is-provider-youtube wp-block-embed-youtube wp-embed-aspect-16-9 wp-has-aspect-ratio\"><div class=\"wp-block-embed__wrapper\">\n<iframe loading=\"lazy\" title=\"Ucrania | Al menos 500 ni\u00f1os han muerto desde el inicio de la invasi\u00f3n rusa\" width=\"640\" height=\"360\" src=\"https:\/\/www.youtube.com\/embed\/tVV7CWLXmik?feature=oembed\" frameborder=\"0\" allow=\"accelerometer; autoplay; clipboard-write; encrypted-media; gyroscope; picture-in-picture; web-share\" referrerpolicy=\"strict-origin-when-cross-origin\" allowfullscreen><\/iframe>\n<\/div><\/figure>\n\n\n\n<p>\u201cHasta la ma\u00f1ana del 30 de mayo de 2024, seg\u00fan la informaci\u00f3n oficial de los fiscales de menores, 550 ni\u00f1os murieron y m\u00e1s de mil 354 resultaron heridos de diversa gravedad\u201d, escribi\u00f3 en su canal de Telegram la Fiscal\u00eda General de Ucrania.<\/p>\n\n\n\n<p>El ministerio p\u00fablico ucraniano especific\u00f3 en sus informaciones las regiones donde han causado mayor n\u00famero de v\u00edctimas infantiles los ataques rusos.<\/p>\n\n\n\n<figure class=\"wp-block-image size-large\"><img loading=\"lazy\" decoding=\"async\" width=\"581\" height=\"1024\" src=\"https:\/\/quehacerpolitico.mx\/wp-content\/uploads\/2024\/05\/image-44-581x1024.jpeg\" alt=\"\" class=\"wp-image-110429\" srcset=\"https:\/\/quehacerpolitico.mx\/wp-content\/uploads\/2024\/05\/image-44-581x1024.jpeg 581w, https:\/\/quehacerpolitico.mx\/wp-content\/uploads\/2024\/05\/image-44-170x300.jpeg 170w, https:\/\/quehacerpolitico.mx\/wp-content\/uploads\/2024\/05\/image-44-768x1354.jpeg 768w, https:\/\/quehacerpolitico.mx\/wp-content\/uploads\/2024\/05\/image-44-872x1536.jpeg 872w, https:\/\/quehacerpolitico.mx\/wp-content\/uploads\/2024\/05\/image-44-1162x2048.jpeg 1162w, https:\/\/quehacerpolitico.mx\/wp-content\/uploads\/2024\/05\/image-44-83x146.jpeg 83w, https:\/\/quehacerpolitico.mx\/wp-content\/uploads\/2024\/05\/image-44-28x50.jpeg 28w, https:\/\/quehacerpolitico.mx\/wp-content\/uploads\/2024\/05\/image-44-43x75.jpeg 43w, https:\/\/quehacerpolitico.mx\/wp-content\/uploads\/2024\/05\/image-44.jpeg 1284w\" sizes=\"auto, (max-width: 581px) 100vw, 581px\" \/><figcaption class=\"wp-element-caption\">Screenshot<\/figcaption><\/figure>\n\n\n\n<p>Destac\u00f3 los 534 ni\u00f1os muertos o heridos contabilizados en la regi\u00f3n de&nbsp;<strong>Donestk<\/strong>&nbsp;(este), los 379 de la zona de&nbsp;<strong>Jers\u00f3n<\/strong>&nbsp;(sur), los 152 de&nbsp;<strong>Dnipr\u00f3<\/strong>&nbsp;y sus alrededores (centro) y los 139 de&nbsp;<strong>Kiev<\/strong>&nbsp;y su \u00e1rea circundante.<\/p>\n\n\n\n<p>La Fiscal\u00eda General de Ucrania tambi\u00e9n recoge en sus informaciones publicadas este jueves las \u00faltimas v\u00edctimas menores registradas hasta la fecha.<\/p>\n\n\n\n<p>Se trata de dos varones, uno de trece a\u00f1os que muri\u00f3 tras un bombardeo de tropas rusas en la ciudad de Selidove, en la regi\u00f3n de Donetsk, y otro de cuatro a\u00f1os fallecido en un ataque con bombas en el pueblo de Oleksievo-Druzkuvka, cerca de la ciudad de&nbsp;<strong>Kramatorsk<\/strong>, tambi\u00e9n en Donetsk.<\/p>\n\n\n\n<p>Con informaci\u00f3n de EFE<\/p>\n","protected":false},"excerpt":{"rendered":"<p>Por Carolina Alonso Romei Internacionalista La Fiscal\u00eda General de Ucrania detall\u00f3 tambi\u00e9n que m\u00e1s de&#8230;<\/p>\n","protected":false},"author":2,"featured_media":110428,"comment_status":"open","ping_status":"open","sticky":false,"template":"","format":"standard","meta":{"_monsterinsights_skip_tracking":false,"_monsterinsights_sitenote_active":false,"_monsterinsights_sitenote_note":"","_monsterinsights_sitenote_category":0,"footnotes":""},"categories":[1],"tags":[],"class_list":["post-110426","post","type-post","status-publish","format-standard","has-post-thumbnail","hentry","category-sin-categoria"],"yoast_head":"<!-- This site is optimized with the Yoast SEO plugin v27.3 - https:\/\/yoast.com\/product\/yoast-seo-wordpress\/ -->\n<title>El Quehacer Pol\u00edtico Internacional\/\/\/Carolina Alonso Romei\/\/\/La\u00a0Fiscal\u00eda General de Ucrania\u00a0inform\u00f3 este jueves de que ya han muerto 550\u00a0ni\u00f1os en\u00a0ataques rusos -<\/title>\n<meta name=\"robots\" content=\"index, follow, max-snippet:-1, max-image-preview:large, max-video-preview:-1\" \/>\n<link rel=\"canonical\" href=\"https:\/\/quehacerpolitico.mx\/?p=110426\" \/>\n<meta property=\"og:locale\" content=\"es_MX\" \/>\n<meta property=\"og:type\" content=\"article\" \/>\n<meta property=\"og:title\" content=\"El Quehacer Pol\u00edtico Internacional\/\/\/Carolina Alonso Romei\/\/\/La\u00a0Fiscal\u00eda General de Ucrania\u00a0inform\u00f3 este jueves de que ya han muerto 550\u00a0ni\u00f1os en\u00a0ataques rusos -\" \/>\n<meta property=\"og:description\" content=\"Por Carolina Alonso Romei Internacionalista La Fiscal\u00eda General de Ucrania detall\u00f3 tambi\u00e9n que m\u00e1s de...\" \/>\n<meta property=\"og:url\" content=\"https:\/\/quehacerpolitico.mx\/?p=110426\" \/>\n<meta property=\"article:published_time\" content=\"2024-05-30T18:51:04+00:00\" \/>\n<meta property=\"article:modified_time\" content=\"2024-05-30T18:51:06+00:00\" \/>\n<meta property=\"og:image\" content=\"https:\/\/quehacerpolitico.mx\/wp-content\/uploads\/2024\/05\/73e1444e-4b17-4ee5-aa11-c102ecdb7153-4.jpeg\" \/>\n\t<meta property=\"og:image:width\" content=\"963\" \/>\n\t<meta property=\"og:image:height\" content=\"493\" \/>\n\t<meta property=\"og:image:type\" content=\"image\/jpeg\" \/>\n<meta name=\"author\" content=\"Redacci\u00f3n QP\" \/>\n<meta name=\"twitter:card\" content=\"summary_large_image\" \/>\n<meta name=\"twitter:label1\" content=\"Escrito por\" \/>\n\t<meta name=\"twitter:data1\" content=\"Redacci\u00f3n QP\" \/>\n\t<meta name=\"twitter:label2\" content=\"Tiempo de lectura\" \/>\n\t<meta name=\"twitter:data2\" content=\"1 minuto\" \/>\n<script type=\"application\/ld+json\" class=\"yoast-schema-graph\">{\"@context\":\"https:\\\/\\\/schema.org\",\"@graph\":[{\"@type\":\"Article\",\"@id\":\"https:\\\/\\\/quehacerpolitico.mx\\\/?p=110426#article\",\"isPartOf\":{\"@id\":\"https:\\\/\\\/quehacerpolitico.mx\\\/?p=110426\"},\"author\":{\"name\":\"Redacci\u00f3n QP\",\"@id\":\"https:\\\/\\\/quehacerpolitico.mx\\\/#\\\/schema\\\/person\\\/496d8ad2d1d3f8036101dca7ee39e585\"},\"headline\":\"El Quehacer Pol\u00edtico Internacional\\\/\\\/\\\/Carolina Alonso Romei\\\/\\\/\\\/La\u00a0Fiscal\u00eda General de Ucrania\u00a0inform\u00f3 este jueves de que ya han muerto 550\u00a0ni\u00f1os en\u00a0ataques rusos\",\"datePublished\":\"2024-05-30T18:51:04+00:00\",\"dateModified\":\"2024-05-30T18:51:06+00:00\",\"mainEntityOfPage\":{\"@id\":\"https:\\\/\\\/quehacerpolitico.mx\\\/?p=110426\"},\"wordCount\":297,\"commentCount\":0,\"image\":{\"@id\":\"https:\\\/\\\/quehacerpolitico.mx\\\/?p=110426#primaryimage\"},\"thumbnailUrl\":\"https:\\\/\\\/quehacerpolitico.mx\\\/wp-content\\\/uploads\\\/2024\\\/05\\\/73e1444e-4b17-4ee5-aa11-c102ecdb7153-4.jpeg\",\"articleSection\":[\"Internacionales\"],\"inLanguage\":\"es\",\"potentialAction\":[{\"@type\":\"CommentAction\",\"name\":\"Comment\",\"target\":[\"https:\\\/\\\/quehacerpolitico.mx\\\/?p=110426#respond\"]}]},{\"@type\":\"WebPage\",\"@id\":\"https:\\\/\\\/quehacerpolitico.mx\\\/?p=110426\",\"url\":\"https:\\\/\\\/quehacerpolitico.mx\\\/?p=110426\",\"name\":\"El Quehacer Pol\u00edtico Internacional\\\/\\\/\\\/Carolina Alonso Romei\\\/\\\/\\\/La\u00a0Fiscal\u00eda General de Ucrania\u00a0inform\u00f3 este jueves de que ya han muerto 550\u00a0ni\u00f1os en\u00a0ataques rusos -\",\"isPartOf\":{\"@id\":\"https:\\\/\\\/quehacerpolitico.mx\\\/#website\"},\"primaryImageOfPage\":{\"@id\":\"https:\\\/\\\/quehacerpolitico.mx\\\/?p=110426#primaryimage\"},\"image\":{\"@id\":\"https:\\\/\\\/quehacerpolitico.mx\\\/?p=110426#primaryimage\"},\"thumbnailUrl\":\"https:\\\/\\\/quehacerpolitico.mx\\\/wp-content\\\/uploads\\\/2024\\\/05\\\/73e1444e-4b17-4ee5-aa11-c102ecdb7153-4.jpeg\",\"datePublished\":\"2024-05-30T18:51:04+00:00\",\"dateModified\":\"2024-05-30T18:51:06+00:00\",\"author\":{\"@id\":\"https:\\\/\\\/quehacerpolitico.mx\\\/#\\\/schema\\\/person\\\/496d8ad2d1d3f8036101dca7ee39e585\"},\"breadcrumb\":{\"@id\":\"https:\\\/\\\/quehacerpolitico.mx\\\/?p=110426#breadcrumb\"},\"inLanguage\":\"es\",\"potentialAction\":[{\"@type\":\"ReadAction\",\"target\":[\"https:\\\/\\\/quehacerpolitico.mx\\\/?p=110426\"]}]},{\"@type\":\"ImageObject\",\"inLanguage\":\"es\",\"@id\":\"https:\\\/\\\/quehacerpolitico.mx\\\/?p=110426#primaryimage\",\"url\":\"https:\\\/\\\/quehacerpolitico.mx\\\/wp-content\\\/uploads\\\/2024\\\/05\\\/73e1444e-4b17-4ee5-aa11-c102ecdb7153-4.jpeg\",\"contentUrl\":\"https:\\\/\\\/quehacerpolitico.mx\\\/wp-content\\\/uploads\\\/2024\\\/05\\\/73e1444e-4b17-4ee5-aa11-c102ecdb7153-4.jpeg\",\"width\":963,\"height\":493},{\"@type\":\"BreadcrumbList\",\"@id\":\"https:\\\/\\\/quehacerpolitico.mx\\\/?p=110426#breadcrumb\",\"itemListElement\":[{\"@type\":\"ListItem\",\"position\":1,\"name\":\"Inicio\",\"item\":\"https:\\\/\\\/quehacerpolitico.mx\\\/\"},{\"@type\":\"ListItem\",\"position\":2,\"name\":\"El Quehacer Pol\u00edtico Internacional\\\/\\\/\\\/Carolina Alonso Romei\\\/\\\/\\\/La\u00a0Fiscal\u00eda General de Ucrania\u00a0inform\u00f3 este jueves de que ya han muerto 550\u00a0ni\u00f1os en\u00a0ataques rusos\"}]},{\"@type\":\"WebSite\",\"@id\":\"https:\\\/\\\/quehacerpolitico.mx\\\/#website\",\"url\":\"https:\\\/\\\/quehacerpolitico.mx\\\/\",\"name\":\"\",\"description\":\"\",\"potentialAction\":[{\"@type\":\"SearchAction\",\"target\":{\"@type\":\"EntryPoint\",\"urlTemplate\":\"https:\\\/\\\/quehacerpolitico.mx\\\/?s={search_term_string}\"},\"query-input\":{\"@type\":\"PropertyValueSpecification\",\"valueRequired\":true,\"valueName\":\"search_term_string\"}}],\"inLanguage\":\"es\"},{\"@type\":\"Person\",\"@id\":\"https:\\\/\\\/quehacerpolitico.mx\\\/#\\\/schema\\\/person\\\/496d8ad2d1d3f8036101dca7ee39e585\",\"name\":\"Redacci\u00f3n QP\",\"image\":{\"@type\":\"ImageObject\",\"inLanguage\":\"es\",\"@id\":\"https:\\\/\\\/secure.gravatar.com\\\/avatar\\\/c7164ed6fdec453195284ad24a5ae5b6e1eed2b848477fa2a4787ba9adf39a41?s=96&d=mm&r=g\",\"url\":\"https:\\\/\\\/secure.gravatar.com\\\/avatar\\\/c7164ed6fdec453195284ad24a5ae5b6e1eed2b848477fa2a4787ba9adf39a41?s=96&d=mm&r=g\",\"contentUrl\":\"https:\\\/\\\/secure.gravatar.com\\\/avatar\\\/c7164ed6fdec453195284ad24a5ae5b6e1eed2b848477fa2a4787ba9adf39a41?s=96&d=mm&r=g\",\"caption\":\"Redacci\u00f3n QP\"},\"url\":\"https:\\\/\\\/quehacerpolitico.mx\\\/?author=2\"}]}<\/script>\n<!-- \/ Yoast SEO plugin. -->","yoast_head_json":{"title":"El Quehacer Pol\u00edtico Internacional\/\/\/Carolina Alonso Romei\/\/\/La\u00a0Fiscal\u00eda General de Ucrania\u00a0inform\u00f3 este jueves de que ya han muerto 550\u00a0ni\u00f1os en\u00a0ataques rusos -","robots":{"index":"index","follow":"follow","max-snippet":"max-snippet:-1","max-image-preview":"max-image-preview:large","max-video-preview":"max-video-preview:-1"},"canonical":"https:\/\/quehacerpolitico.mx\/?p=110426","og_locale":"es_MX","og_type":"article","og_title":"El Quehacer Pol\u00edtico Internacional\/\/\/Carolina Alonso Romei\/\/\/La\u00a0Fiscal\u00eda General de Ucrania\u00a0inform\u00f3 este jueves de que ya han muerto 550\u00a0ni\u00f1os en\u00a0ataques rusos -","og_description":"Por Carolina Alonso Romei Internacionalista La Fiscal\u00eda General de Ucrania detall\u00f3 tambi\u00e9n que m\u00e1s de...","og_url":"https:\/\/quehacerpolitico.mx\/?p=110426","article_published_time":"2024-05-30T18:51:04+00:00","article_modified_time":"2024-05-30T18:51:06+00:00","og_image":[{"width":963,"height":493,"url":"https:\/\/quehacerpolitico.mx\/wp-content\/uploads\/2024\/05\/73e1444e-4b17-4ee5-aa11-c102ecdb7153-4.jpeg","type":"image\/jpeg"}],"author":"Redacci\u00f3n QP","twitter_card":"summary_large_image","twitter_misc":{"Escrito por":"Redacci\u00f3n QP","Tiempo de lectura":"1 minuto"},"schema":{"@context":"https:\/\/schema.org","@graph":[{"@type":"Article","@id":"https:\/\/quehacerpolitico.mx\/?p=110426#article","isPartOf":{"@id":"https:\/\/quehacerpolitico.mx\/?p=110426"},"author":{"name":"Redacci\u00f3n QP","@id":"https:\/\/quehacerpolitico.mx\/#\/schema\/person\/496d8ad2d1d3f8036101dca7ee39e585"},"headline":"El Quehacer Pol\u00edtico Internacional\/\/\/Carolina Alonso Romei\/\/\/La\u00a0Fiscal\u00eda General de Ucrania\u00a0inform\u00f3 este jueves de que ya han muerto 550\u00a0ni\u00f1os en\u00a0ataques rusos","datePublished":"2024-05-30T18:51:04+00:00","dateModified":"2024-05-30T18:51:06+00:00","mainEntityOfPage":{"@id":"https:\/\/quehacerpolitico.mx\/?p=110426"},"wordCount":297,"commentCount":0,"image":{"@id":"https:\/\/quehacerpolitico.mx\/?p=110426#primaryimage"},"thumbnailUrl":"https:\/\/quehacerpolitico.mx\/wp-content\/uploads\/2024\/05\/73e1444e-4b17-4ee5-aa11-c102ecdb7153-4.jpeg","articleSection":["Internacionales"],"inLanguage":"es","potentialAction":[{"@type":"CommentAction","name":"Comment","target":["https:\/\/quehacerpolitico.mx\/?p=110426#respond"]}]},{"@type":"WebPage","@id":"https:\/\/quehacerpolitico.mx\/?p=110426","url":"https:\/\/quehacerpolitico.mx\/?p=110426","name":"El Quehacer Pol\u00edtico Internacional\/\/\/Carolina Alonso Romei\/\/\/La\u00a0Fiscal\u00eda General de Ucrania\u00a0inform\u00f3 este jueves de que ya han muerto 550\u00a0ni\u00f1os en\u00a0ataques rusos -","isPartOf":{"@id":"https:\/\/quehacerpolitico.mx\/#website"},"primaryImageOfPage":{"@id":"https:\/\/quehacerpolitico.mx\/?p=110426#primaryimage"},"image":{"@id":"https:\/\/quehacerpolitico.mx\/?p=110426#primaryimage"},"thumbnailUrl":"https:\/\/quehacerpolitico.mx\/wp-content\/uploads\/2024\/05\/73e1444e-4b17-4ee5-aa11-c102ecdb7153-4.jpeg","datePublished":"2024-05-30T18:51:04+00:00","dateModified":"2024-05-30T18:51:06+00:00","author":{"@id":"https:\/\/quehacerpolitico.mx\/#\/schema\/person\/496d8ad2d1d3f8036101dca7ee39e585"},"breadcrumb":{"@id":"https:\/\/quehacerpolitico.mx\/?p=110426#breadcrumb"},"inLanguage":"es","potentialAction":[{"@type":"ReadAction","target":["https:\/\/quehacerpolitico.mx\/?p=110426"]}]},{"@type":"ImageObject","inLanguage":"es","@id":"https:\/\/quehacerpolitico.mx\/?p=110426#primaryimage","url":"https:\/\/quehacerpolitico.mx\/wp-content\/uploads\/2024\/05\/73e1444e-4b17-4ee5-aa11-c102ecdb7153-4.jpeg","contentUrl":"https:\/\/quehacerpolitico.mx\/wp-content\/uploads\/2024\/05\/73e1444e-4b17-4ee5-aa11-c102ecdb7153-4.jpeg","width":963,"height":493},{"@type":"BreadcrumbList","@id":"https:\/\/quehacerpolitico.mx\/?p=110426#breadcrumb","itemListElement":[{"@type":"ListItem","position":1,"name":"Inicio","item":"https:\/\/quehacerpolitico.mx\/"},{"@type":"ListItem","position":2,"name":"El Quehacer Pol\u00edtico Internacional\/\/\/Carolina Alonso Romei\/\/\/La\u00a0Fiscal\u00eda General de Ucrania\u00a0inform\u00f3 este jueves de que ya han muerto 550\u00a0ni\u00f1os en\u00a0ataques rusos"}]},{"@type":"WebSite","@id":"https:\/\/quehacerpolitico.mx\/#website","url":"https:\/\/quehacerpolitico.mx\/","name":"","description":"","potentialAction":[{"@type":"SearchAction","target":{"@type":"EntryPoint","urlTemplate":"https:\/\/quehacerpolitico.mx\/?s={search_term_string}"},"query-input":{"@type":"PropertyValueSpecification","valueRequired":true,"valueName":"search_term_string"}}],"inLanguage":"es"},{"@type":"Person","@id":"https:\/\/quehacerpolitico.mx\/#\/schema\/person\/496d8ad2d1d3f8036101dca7ee39e585","name":"Redacci\u00f3n QP","image":{"@type":"ImageObject","inLanguage":"es","@id":"https:\/\/secure.gravatar.com\/avatar\/c7164ed6fdec453195284ad24a5ae5b6e1eed2b848477fa2a4787ba9adf39a41?s=96&d=mm&r=g","url":"https:\/\/secure.gravatar.com\/avatar\/c7164ed6fdec453195284ad24a5ae5b6e1eed2b848477fa2a4787ba9adf39a41?s=96&d=mm&r=g","contentUrl":"https:\/\/secure.gravatar.com\/avatar\/c7164ed6fdec453195284ad24a5ae5b6e1eed2b848477fa2a4787ba9adf39a41?s=96&d=mm&r=g","caption":"Redacci\u00f3n QP"},"url":"https:\/\/quehacerpolitico.mx\/?author=2"}]}},"featured_image_urls":{"full":["https:\/\/quehacerpolitico.mx\/wp-content\/uploads\/2024\/05\/73e1444e-4b17-4ee5-aa11-c102ecdb7153-4.jpeg",963,493,false],"thumbnail":["https:\/\/quehacerpolitico.mx\/wp-content\/uploads\/2024\/05\/73e1444e-4b17-4ee5-aa11-c102ecdb7153-4-150x150.jpeg",150,150,true],"medium":["https:\/\/quehacerpolitico.mx\/wp-content\/uploads\/2024\/05\/73e1444e-4b17-4ee5-aa11-c102ecdb7153-4-300x154.jpeg",300,154,true],"medium_large":["https:\/\/quehacerpolitico.mx\/wp-content\/uploads\/2024\/05\/73e1444e-4b17-4ee5-aa11-c102ecdb7153-4-768x393.jpeg",640,328,true],"large":["https:\/\/quehacerpolitico.mx\/wp-content\/uploads\/2024\/05\/73e1444e-4b17-4ee5-aa11-c102ecdb7153-4.jpeg",640,328,false],"1536x1536":["https:\/\/quehacerpolitico.mx\/wp-content\/uploads\/2024\/05\/73e1444e-4b17-4ee5-aa11-c102ecdb7153-4.jpeg",963,493,false],"2048x2048":["https:\/\/quehacerpolitico.mx\/wp-content\/uploads\/2024\/05\/73e1444e-4b17-4ee5-aa11-c102ecdb7153-4.jpeg",963,493,false],"covernews-featured":["https:\/\/quehacerpolitico.mx\/wp-content\/uploads\/2024\/05\/73e1444e-4b17-4ee5-aa11-c102ecdb7153-4.jpeg",963,493,false],"covernews-medium":["https:\/\/quehacerpolitico.mx\/wp-content\/uploads\/2024\/05\/73e1444e-4b17-4ee5-aa11-c102ecdb7153-4.jpeg",540,276,false]},"author_info":{"display_name":"Redacci\u00f3n QP","author_link":"https:\/\/quehacerpolitico.mx\/?author=2"},"category_info":"<a href=\"https:\/\/quehacerpolitico.mx\/?cat=1\" rel=\"category\">Internacionales<\/a>","tag_info":"Internacionales","comment_count":"0","_links":{"self":[{"href":"https:\/\/quehacerpolitico.mx\/index.php?rest_route=\/wp\/v2\/posts\/110426","targetHints":{"allow":["GET"]}}],"collection":[{"href":"https:\/\/quehacerpolitico.mx\/index.php?rest_route=\/wp\/v2\/posts"}],"about":[{"href":"https:\/\/quehacerpolitico.mx\/index.php?rest_route=\/wp\/v2\/types\/post"}],"author":[{"embeddable":true,"href":"https:\/\/quehacerpolitico.mx\/index.php?rest_route=\/wp\/v2\/users\/2"}],"replies":[{"embeddable":true,"href":"https:\/\/quehacerpolitico.mx\/index.php?rest_route=%2Fwp%2Fv2%2Fcomments&post=110426"}],"version-history":[{"count":1,"href":"https:\/\/quehacerpolitico.mx\/index.php?rest_route=\/wp\/v2\/posts\/110426\/revisions"}],"predecessor-version":[{"id":110430,"href":"https:\/\/quehacerpolitico.mx\/index.php?rest_route=\/wp\/v2\/posts\/110426\/revisions\/110430"}],"wp:featuredmedia":[{"embeddable":true,"href":"https:\/\/quehacerpolitico.mx\/index.php?rest_route=\/wp\/v2\/media\/110428"}],"wp:attachment":[{"href":"https:\/\/quehacerpolitico.mx\/index.php?rest_route=%2Fwp%2Fv2%2Fmedia&parent=110426"}],"wp:term":[{"taxonomy":"category","embeddable":true,"href":"https:\/\/quehacerpolitico.mx\/index.php?rest_route=%2Fwp%2Fv2%2Fcategories&post=110426"},{"taxonomy":"post_tag","embeddable":true,"href":"https:\/\/quehacerpolitico.mx\/index.php?rest_route=%2Fwp%2Fv2%2Ftags&post=110426"}],"curies":[{"name":"wp","href":"https:\/\/api.w.org\/{rel}","templated":true}]}}