{"id":110420,"date":"2024-05-30T17:37:04","date_gmt":"2024-05-30T17:37:04","guid":{"rendered":"https:\/\/quehacerpolitico.mx\/?p=110420"},"modified":"2024-05-30T17:37:07","modified_gmt":"2024-05-30T17:37:07","slug":"paola-espinosa-candidata-de-la-alianza-pri-pan-y-prd-a-diputada-federal-por-el-distrito-8-de-jalisco-no-descarta-llegar-a-la-conade","status":"publish","type":"post","link":"https:\/\/quehacerpolitico.mx\/?p=110420","title":{"rendered":"Paola Espinosa, candidata de la alianza PRI, PAN y PRD a diputada federal por el Distrito 8 de Jalisco, no descarta llegar a la Conade"},"content":{"rendered":"\n<p>Por Redacci\u00f3n QP<\/p>\n\n\n\n<p>Paola Espinosa es candidata de la alianza PRI, PAN y PRD a diputada federal por el Distrito 8 de Jalisco, pero no descarta llegar a la Conade.<\/p>\n\n\n\n<p>La\u00a0<strong>exclavadista y medallista ol\u00edmpica mexicana Paola Espinosa<\/strong>\u00a0contender\u00e1 en las elecciones del 2 de junio por un lugar como<strong> diputada federal<\/strong>\u00a0por el\u00a0<strong>Distrito 8 de\u00a0<\/strong>Jalisco; sin embargo, no descart\u00f3 m\u00e1s adelante dirigir la Comisi\u00f3n Nacional del Deporte (Conade).<\/p>\n\n\n\n<p>Espinosa ha sido cr\u00edtica con la gesti\u00f3n de Ana Gabriela Guevara, la cual en su momento calific\u00f3 como \u201c<strong>la peor de la historia<\/strong>\u201d, por ello se\u00f1al\u00f3 que de llegar a dicho cargo su misi\u00f3n principal ser\u00e1 \u201c<strong>ayudar<\/strong>\u201d a los deportistas.<\/p>\n\n\n\n<p>\u201c<strong>No es algo descabellado para m\u00ed (dirigir la Conade)<\/strong>, me encanta el deporte, he estado en muchas administraciones a lo largo de mis m\u00e1s de 27 a\u00f1os de profesional y no es algo que me asuste.<\/p>\n\n\n\n<p>\u201cLo que s\u00ed tengo muy claro es que&nbsp;<strong>los papeles se cambian cuando llegas ah\u00ed<\/strong>, ya no puedes llegar como una deportista, tienes que hacerlo como una exdeportista que&nbsp;<strong>viene a ayudar a los dem\u00e1s atletas<\/strong>. Es la manera en la que sigo aportando al deporte y esperaremos ese momento, y si no desde otro lado seguir\u00e9 haciendo lo que me toca\u201d, dijo para La Afici\u00f3n la candidata de la alianza del PRI, PAN y PRD.<\/p>\n\n\n\n<p>Por otra parte, Paola asegur\u00f3 que en caso de ganar la diputaci\u00f3n su labor principal ser\u00e1 acercar el deporte a la mayor cantidad de gente.<\/p>\n\n\n\n<p>\u201cLo que quiero hacer es acercar la activaci\u00f3n f\u00edsica a toda la gente, ni\u00f1os, adolescentes, j\u00f3venes, adultos, adultos mayores, crearles el h\u00e1bito de hacer deporte y dejarles la herramienta de algo positivo pensando en la prevenci\u00f3n del delito.&nbsp;<\/p>\n\n\n\n<p>\u201cQuiero crear santuarios deportivos en donde toda la gente pueda estar y disfrutar de albercas, gimnasios, vel\u00f3dromos, canchas, cualquier tipo de deporte, quiero que los tengan al alcance y est\u00e9n abiertos las 24 horas al d\u00eda para que puedan ir cuando lo necesiten\u201d, agreg\u00f3 en la entrevista citada.<\/p>\n","protected":false},"excerpt":{"rendered":"<p>Por Redacci\u00f3n QP Paola Espinosa es candidata de la alianza PRI, PAN y PRD a&#8230;<\/p>\n","protected":false},"author":2,"featured_media":110421,"comment_status":"open","ping_status":"open","sticky":false,"template":"","format":"standard","meta":{"_monsterinsights_skip_tracking":false,"_monsterinsights_sitenote_active":false,"_monsterinsights_sitenote_note":"","_monsterinsights_sitenote_category":0,"footnotes":""},"categories":[2],"tags":[],"class_list":["post-110420","post","type-post","status-publish","format-standard","has-post-thumbnail","hentry","category-noticias"],"yoast_head":"<!-- This site is optimized with the Yoast SEO plugin v27.3 - https:\/\/yoast.com\/product\/yoast-seo-wordpress\/ -->\n<title>Paola Espinosa, candidata de la alianza PRI, PAN y PRD a diputada federal por el Distrito 8 de Jalisco, no descarta llegar a la Conade -<\/title>\n<meta name=\"robots\" content=\"index, follow, max-snippet:-1, max-image-preview:large, max-video-preview:-1\" \/>\n<link rel=\"canonical\" href=\"https:\/\/quehacerpolitico.mx\/?p=110420\" \/>\n<meta property=\"og:locale\" content=\"es_MX\" \/>\n<meta property=\"og:type\" content=\"article\" \/>\n<meta property=\"og:title\" content=\"Paola Espinosa, candidata de la alianza PRI, PAN y PRD a diputada federal por el Distrito 8 de Jalisco, no descarta llegar a la Conade -\" \/>\n<meta property=\"og:description\" content=\"Por Redacci\u00f3n QP Paola Espinosa es candidata de la alianza PRI, PAN y PRD a...\" \/>\n<meta property=\"og:url\" content=\"https:\/\/quehacerpolitico.mx\/?p=110420\" \/>\n<meta property=\"article:published_time\" content=\"2024-05-30T17:37:04+00:00\" \/>\n<meta property=\"article:modified_time\" content=\"2024-05-30T17:37:07+00:00\" \/>\n<meta property=\"og:image\" content=\"https:\/\/quehacerpolitico.mx\/wp-content\/uploads\/2024\/05\/IMG_5955.jpeg\" \/>\n\t<meta property=\"og:image:width\" content=\"687\" \/>\n\t<meta property=\"og:image:height\" content=\"446\" \/>\n\t<meta property=\"og:image:type\" content=\"image\/jpeg\" \/>\n<meta name=\"author\" content=\"Redacci\u00f3n QP\" \/>\n<meta name=\"twitter:card\" content=\"summary_large_image\" \/>\n<meta name=\"twitter:label1\" content=\"Escrito por\" \/>\n\t<meta name=\"twitter:data1\" content=\"Redacci\u00f3n QP\" \/>\n\t<meta name=\"twitter:label2\" content=\"Tiempo de lectura\" \/>\n\t<meta name=\"twitter:data2\" content=\"2 minutos\" \/>\n<script type=\"application\/ld+json\" class=\"yoast-schema-graph\">{\"@context\":\"https:\\\/\\\/schema.org\",\"@graph\":[{\"@type\":\"Article\",\"@id\":\"https:\\\/\\\/quehacerpolitico.mx\\\/?p=110420#article\",\"isPartOf\":{\"@id\":\"https:\\\/\\\/quehacerpolitico.mx\\\/?p=110420\"},\"author\":{\"name\":\"Redacci\u00f3n QP\",\"@id\":\"https:\\\/\\\/quehacerpolitico.mx\\\/#\\\/schema\\\/person\\\/496d8ad2d1d3f8036101dca7ee39e585\"},\"headline\":\"Paola Espinosa, candidata de la alianza PRI, PAN y PRD a diputada federal por el Distrito 8 de Jalisco, no descarta llegar a la Conade\",\"datePublished\":\"2024-05-30T17:37:04+00:00\",\"dateModified\":\"2024-05-30T17:37:07+00:00\",\"mainEntityOfPage\":{\"@id\":\"https:\\\/\\\/quehacerpolitico.mx\\\/?p=110420\"},\"wordCount\":378,\"commentCount\":0,\"image\":{\"@id\":\"https:\\\/\\\/quehacerpolitico.mx\\\/?p=110420#primaryimage\"},\"thumbnailUrl\":\"https:\\\/\\\/quehacerpolitico.mx\\\/wp-content\\\/uploads\\\/2024\\\/05\\\/IMG_5955.jpeg\",\"articleSection\":[\"Noticias\"],\"inLanguage\":\"es\",\"potentialAction\":[{\"@type\":\"CommentAction\",\"name\":\"Comment\",\"target\":[\"https:\\\/\\\/quehacerpolitico.mx\\\/?p=110420#respond\"]}]},{\"@type\":\"WebPage\",\"@id\":\"https:\\\/\\\/quehacerpolitico.mx\\\/?p=110420\",\"url\":\"https:\\\/\\\/quehacerpolitico.mx\\\/?p=110420\",\"name\":\"Paola Espinosa, candidata de la alianza PRI, PAN y PRD a diputada federal por el Distrito 8 de Jalisco, no descarta llegar a la Conade -\",\"isPartOf\":{\"@id\":\"https:\\\/\\\/quehacerpolitico.mx\\\/#website\"},\"primaryImageOfPage\":{\"@id\":\"https:\\\/\\\/quehacerpolitico.mx\\\/?p=110420#primaryimage\"},\"image\":{\"@id\":\"https:\\\/\\\/quehacerpolitico.mx\\\/?p=110420#primaryimage\"},\"thumbnailUrl\":\"https:\\\/\\\/quehacerpolitico.mx\\\/wp-content\\\/uploads\\\/2024\\\/05\\\/IMG_5955.jpeg\",\"datePublished\":\"2024-05-30T17:37:04+00:00\",\"dateModified\":\"2024-05-30T17:37:07+00:00\",\"author\":{\"@id\":\"https:\\\/\\\/quehacerpolitico.mx\\\/#\\\/schema\\\/person\\\/496d8ad2d1d3f8036101dca7ee39e585\"},\"breadcrumb\":{\"@id\":\"https:\\\/\\\/quehacerpolitico.mx\\\/?p=110420#breadcrumb\"},\"inLanguage\":\"es\",\"potentialAction\":[{\"@type\":\"ReadAction\",\"target\":[\"https:\\\/\\\/quehacerpolitico.mx\\\/?p=110420\"]}]},{\"@type\":\"ImageObject\",\"inLanguage\":\"es\",\"@id\":\"https:\\\/\\\/quehacerpolitico.mx\\\/?p=110420#primaryimage\",\"url\":\"https:\\\/\\\/quehacerpolitico.mx\\\/wp-content\\\/uploads\\\/2024\\\/05\\\/IMG_5955.jpeg\",\"contentUrl\":\"https:\\\/\\\/quehacerpolitico.mx\\\/wp-content\\\/uploads\\\/2024\\\/05\\\/IMG_5955.jpeg\",\"width\":687,\"height\":446},{\"@type\":\"BreadcrumbList\",\"@id\":\"https:\\\/\\\/quehacerpolitico.mx\\\/?p=110420#breadcrumb\",\"itemListElement\":[{\"@type\":\"ListItem\",\"position\":1,\"name\":\"Inicio\",\"item\":\"https:\\\/\\\/quehacerpolitico.mx\\\/\"},{\"@type\":\"ListItem\",\"position\":2,\"name\":\"Paola Espinosa, candidata de la alianza PRI, PAN y PRD a diputada federal por el Distrito 8 de Jalisco, no descarta llegar a la Conade\"}]},{\"@type\":\"WebSite\",\"@id\":\"https:\\\/\\\/quehacerpolitico.mx\\\/#website\",\"url\":\"https:\\\/\\\/quehacerpolitico.mx\\\/\",\"name\":\"\",\"description\":\"\",\"potentialAction\":[{\"@type\":\"SearchAction\",\"target\":{\"@type\":\"EntryPoint\",\"urlTemplate\":\"https:\\\/\\\/quehacerpolitico.mx\\\/?s={search_term_string}\"},\"query-input\":{\"@type\":\"PropertyValueSpecification\",\"valueRequired\":true,\"valueName\":\"search_term_string\"}}],\"inLanguage\":\"es\"},{\"@type\":\"Person\",\"@id\":\"https:\\\/\\\/quehacerpolitico.mx\\\/#\\\/schema\\\/person\\\/496d8ad2d1d3f8036101dca7ee39e585\",\"name\":\"Redacci\u00f3n QP\",\"image\":{\"@type\":\"ImageObject\",\"inLanguage\":\"es\",\"@id\":\"https:\\\/\\\/secure.gravatar.com\\\/avatar\\\/c7164ed6fdec453195284ad24a5ae5b6e1eed2b848477fa2a4787ba9adf39a41?s=96&d=mm&r=g\",\"url\":\"https:\\\/\\\/secure.gravatar.com\\\/avatar\\\/c7164ed6fdec453195284ad24a5ae5b6e1eed2b848477fa2a4787ba9adf39a41?s=96&d=mm&r=g\",\"contentUrl\":\"https:\\\/\\\/secure.gravatar.com\\\/avatar\\\/c7164ed6fdec453195284ad24a5ae5b6e1eed2b848477fa2a4787ba9adf39a41?s=96&d=mm&r=g\",\"caption\":\"Redacci\u00f3n QP\"},\"url\":\"https:\\\/\\\/quehacerpolitico.mx\\\/?author=2\"}]}<\/script>\n<!-- \/ Yoast SEO plugin. -->","yoast_head_json":{"title":"Paola Espinosa, candidata de la alianza PRI, PAN y PRD a diputada federal por el Distrito 8 de Jalisco, no descarta llegar a la Conade -","robots":{"index":"index","follow":"follow","max-snippet":"max-snippet:-1","max-image-preview":"max-image-preview:large","max-video-preview":"max-video-preview:-1"},"canonical":"https:\/\/quehacerpolitico.mx\/?p=110420","og_locale":"es_MX","og_type":"article","og_title":"Paola Espinosa, candidata de la alianza PRI, PAN y PRD a diputada federal por el Distrito 8 de Jalisco, no descarta llegar a la Conade -","og_description":"Por Redacci\u00f3n QP Paola Espinosa es candidata de la alianza PRI, PAN y PRD a...","og_url":"https:\/\/quehacerpolitico.mx\/?p=110420","article_published_time":"2024-05-30T17:37:04+00:00","article_modified_time":"2024-05-30T17:37:07+00:00","og_image":[{"width":687,"height":446,"url":"https:\/\/quehacerpolitico.mx\/wp-content\/uploads\/2024\/05\/IMG_5955.jpeg","type":"image\/jpeg"}],"author":"Redacci\u00f3n QP","twitter_card":"summary_large_image","twitter_misc":{"Escrito por":"Redacci\u00f3n QP","Tiempo de lectura":"2 minutos"},"schema":{"@context":"https:\/\/schema.org","@graph":[{"@type":"Article","@id":"https:\/\/quehacerpolitico.mx\/?p=110420#article","isPartOf":{"@id":"https:\/\/quehacerpolitico.mx\/?p=110420"},"author":{"name":"Redacci\u00f3n QP","@id":"https:\/\/quehacerpolitico.mx\/#\/schema\/person\/496d8ad2d1d3f8036101dca7ee39e585"},"headline":"Paola Espinosa, candidata de la alianza PRI, PAN y PRD a diputada federal por el Distrito 8 de Jalisco, no descarta llegar a la Conade","datePublished":"2024-05-30T17:37:04+00:00","dateModified":"2024-05-30T17:37:07+00:00","mainEntityOfPage":{"@id":"https:\/\/quehacerpolitico.mx\/?p=110420"},"wordCount":378,"commentCount":0,"image":{"@id":"https:\/\/quehacerpolitico.mx\/?p=110420#primaryimage"},"thumbnailUrl":"https:\/\/quehacerpolitico.mx\/wp-content\/uploads\/2024\/05\/IMG_5955.jpeg","articleSection":["Noticias"],"inLanguage":"es","potentialAction":[{"@type":"CommentAction","name":"Comment","target":["https:\/\/quehacerpolitico.mx\/?p=110420#respond"]}]},{"@type":"WebPage","@id":"https:\/\/quehacerpolitico.mx\/?p=110420","url":"https:\/\/quehacerpolitico.mx\/?p=110420","name":"Paola Espinosa, candidata de la alianza PRI, PAN y PRD a diputada federal por el Distrito 8 de Jalisco, no descarta llegar a la Conade -","isPartOf":{"@id":"https:\/\/quehacerpolitico.mx\/#website"},"primaryImageOfPage":{"@id":"https:\/\/quehacerpolitico.mx\/?p=110420#primaryimage"},"image":{"@id":"https:\/\/quehacerpolitico.mx\/?p=110420#primaryimage"},"thumbnailUrl":"https:\/\/quehacerpolitico.mx\/wp-content\/uploads\/2024\/05\/IMG_5955.jpeg","datePublished":"2024-05-30T17:37:04+00:00","dateModified":"2024-05-30T17:37:07+00:00","author":{"@id":"https:\/\/quehacerpolitico.mx\/#\/schema\/person\/496d8ad2d1d3f8036101dca7ee39e585"},"breadcrumb":{"@id":"https:\/\/quehacerpolitico.mx\/?p=110420#breadcrumb"},"inLanguage":"es","potentialAction":[{"@type":"ReadAction","target":["https:\/\/quehacerpolitico.mx\/?p=110420"]}]},{"@type":"ImageObject","inLanguage":"es","@id":"https:\/\/quehacerpolitico.mx\/?p=110420#primaryimage","url":"https:\/\/quehacerpolitico.mx\/wp-content\/uploads\/2024\/05\/IMG_5955.jpeg","contentUrl":"https:\/\/quehacerpolitico.mx\/wp-content\/uploads\/2024\/05\/IMG_5955.jpeg","width":687,"height":446},{"@type":"BreadcrumbList","@id":"https:\/\/quehacerpolitico.mx\/?p=110420#breadcrumb","itemListElement":[{"@type":"ListItem","position":1,"name":"Inicio","item":"https:\/\/quehacerpolitico.mx\/"},{"@type":"ListItem","position":2,"name":"Paola Espinosa, candidata de la alianza PRI, PAN y PRD a diputada federal por el Distrito 8 de Jalisco, no descarta llegar a la Conade"}]},{"@type":"WebSite","@id":"https:\/\/quehacerpolitico.mx\/#website","url":"https:\/\/quehacerpolitico.mx\/","name":"","description":"","potentialAction":[{"@type":"SearchAction","target":{"@type":"EntryPoint","urlTemplate":"https:\/\/quehacerpolitico.mx\/?s={search_term_string}"},"query-input":{"@type":"PropertyValueSpecification","valueRequired":true,"valueName":"search_term_string"}}],"inLanguage":"es"},{"@type":"Person","@id":"https:\/\/quehacerpolitico.mx\/#\/schema\/person\/496d8ad2d1d3f8036101dca7ee39e585","name":"Redacci\u00f3n QP","image":{"@type":"ImageObject","inLanguage":"es","@id":"https:\/\/secure.gravatar.com\/avatar\/c7164ed6fdec453195284ad24a5ae5b6e1eed2b848477fa2a4787ba9adf39a41?s=96&d=mm&r=g","url":"https:\/\/secure.gravatar.com\/avatar\/c7164ed6fdec453195284ad24a5ae5b6e1eed2b848477fa2a4787ba9adf39a41?s=96&d=mm&r=g","contentUrl":"https:\/\/secure.gravatar.com\/avatar\/c7164ed6fdec453195284ad24a5ae5b6e1eed2b848477fa2a4787ba9adf39a41?s=96&d=mm&r=g","caption":"Redacci\u00f3n QP"},"url":"https:\/\/quehacerpolitico.mx\/?author=2"}]}},"featured_image_urls":{"full":["https:\/\/quehacerpolitico.mx\/wp-content\/uploads\/2024\/05\/IMG_5955.jpeg",687,446,false],"thumbnail":["https:\/\/quehacerpolitico.mx\/wp-content\/uploads\/2024\/05\/IMG_5955-150x150.jpeg",150,150,true],"medium":["https:\/\/quehacerpolitico.mx\/wp-content\/uploads\/2024\/05\/IMG_5955-300x195.jpeg",300,195,true],"medium_large":["https:\/\/quehacerpolitico.mx\/wp-content\/uploads\/2024\/05\/IMG_5955.jpeg",640,415,false],"large":["https:\/\/quehacerpolitico.mx\/wp-content\/uploads\/2024\/05\/IMG_5955.jpeg",640,415,false],"1536x1536":["https:\/\/quehacerpolitico.mx\/wp-content\/uploads\/2024\/05\/IMG_5955.jpeg",687,446,false],"2048x2048":["https:\/\/quehacerpolitico.mx\/wp-content\/uploads\/2024\/05\/IMG_5955.jpeg",687,446,false],"covernews-featured":["https:\/\/quehacerpolitico.mx\/wp-content\/uploads\/2024\/05\/IMG_5955.jpeg",687,446,false],"covernews-medium":["https:\/\/quehacerpolitico.mx\/wp-content\/uploads\/2024\/05\/IMG_5955.jpeg",524,340,false]},"author_info":{"display_name":"Redacci\u00f3n QP","author_link":"https:\/\/quehacerpolitico.mx\/?author=2"},"category_info":"<a href=\"https:\/\/quehacerpolitico.mx\/?cat=2\" rel=\"category\">Noticias<\/a>","tag_info":"Noticias","comment_count":"0","_links":{"self":[{"href":"https:\/\/quehacerpolitico.mx\/index.php?rest_route=\/wp\/v2\/posts\/110420","targetHints":{"allow":["GET"]}}],"collection":[{"href":"https:\/\/quehacerpolitico.mx\/index.php?rest_route=\/wp\/v2\/posts"}],"about":[{"href":"https:\/\/quehacerpolitico.mx\/index.php?rest_route=\/wp\/v2\/types\/post"}],"author":[{"embeddable":true,"href":"https:\/\/quehacerpolitico.mx\/index.php?rest_route=\/wp\/v2\/users\/2"}],"replies":[{"embeddable":true,"href":"https:\/\/quehacerpolitico.mx\/index.php?rest_route=%2Fwp%2Fv2%2Fcomments&post=110420"}],"version-history":[{"count":1,"href":"https:\/\/quehacerpolitico.mx\/index.php?rest_route=\/wp\/v2\/posts\/110420\/revisions"}],"predecessor-version":[{"id":110422,"href":"https:\/\/quehacerpolitico.mx\/index.php?rest_route=\/wp\/v2\/posts\/110420\/revisions\/110422"}],"wp:featuredmedia":[{"embeddable":true,"href":"https:\/\/quehacerpolitico.mx\/index.php?rest_route=\/wp\/v2\/media\/110421"}],"wp:attachment":[{"href":"https:\/\/quehacerpolitico.mx\/index.php?rest_route=%2Fwp%2Fv2%2Fmedia&parent=110420"}],"wp:term":[{"taxonomy":"category","embeddable":true,"href":"https:\/\/quehacerpolitico.mx\/index.php?rest_route=%2Fwp%2Fv2%2Fcategories&post=110420"},{"taxonomy":"post_tag","embeddable":true,"href":"https:\/\/quehacerpolitico.mx\/index.php?rest_route=%2Fwp%2Fv2%2Ftags&post=110420"}],"curies":[{"name":"wp","href":"https:\/\/api.w.org\/{rel}","templated":true}]}}