{"id":11042,"date":"2018-12-05T19:02:04","date_gmt":"2018-12-05T19:02:04","guid":{"rendered":"http:\/\/quehacerpolitico.mx\/roma-del-cineasta-alfonso-cuaron-sera-proyectada-en-los-pinos-y-de-manera-gratuita\/"},"modified":"2018-12-05T19:02:04","modified_gmt":"2018-12-05T19:02:04","slug":"roma-del-cineasta-alfonso-cuaron-sera-proyectada-en-los-pinos-y-de-manera-gratuita","status":"publish","type":"post","link":"https:\/\/quehacerpolitico.mx\/?p=11042","title":{"rendered":"Roma, del cineasta Alfonso Cuar\u00f3n, ser\u00e1 proyectada en Los Pinos y de manera gratuita"},"content":{"rendered":"<h1><em>Roma<\/em>, del cineasta Alfonso Cuar\u00f3n, ser\u00e1 proyectada en Los Pinos y de manera gratuita<\/h1>\n<p>Por Redacci\u00f3n QP<\/p>\n<p><strong><em>Roma<\/em><\/strong>, la renocida pel\u00edcula del cineasta mexicano <strong>Alfonso Cuar\u00f3n<\/strong>, ser\u00e1 proyectada en <strong>Los Pinos<\/strong>, la casa que alberg\u00f3 a las familias presidenciales de M\u00e9xico hasta este a\u00f1o y que ahora es un museo.<\/p>\n<p>Cada vez m\u00e1s salas de cine se suman a la proyecci\u00f3n de<em> Roma<\/em>, pero el que la cinta se proyecte en Los Pinos es toda una haza\u00f1a a d\u00edas de que Enrique Pe\u00f1a Nieto y su familia se mudaran de la residencia que alberg\u00f3 a los presidentes de M\u00e9xico desde 1934.<\/p>\n<p>Fue el cineasta quien dio la noticia trav\u00e9s de su cuenta de Twitter y quien inform\u00f3 que la proyecci\u00f3n de la cinta ya suma 97 salas en todo el pa\u00eds. Es decir, el doble de cines que cuando se estren\u00f3 el pasado 21 de noviembre.<\/p>\n<blockquote class=\"twitter-tweet\" data-width=\"550\" data-dnt=\"true\">\n<p lang=\"es\" dir=\"ltr\">\u00a1Se suman <a href=\"https:\/\/twitter.com\/hashtag\/Los?src=hash&amp;ref_src=twsrc%5Etfw\">#Los<\/a> Pinos a exhibir ROMA!<\/p>\n<p>\u00a1Con esta nueva sala, a partir del 6 de diciembre, ya sumar\u00e1n 97 en todo el pais!  <\/p>\n<p>Para informaci\u00f3n y horarios de las salas del pa\u00eds visiten:<a href=\"https:\/\/t.co\/o3N6kqNRQp\">https:\/\/t.co\/o3N6kqNRQp<\/a> <a href=\"https:\/\/t.co\/PqR4P3593L\">pic.twitter.com\/PqR4P3593L<\/a><\/p>\n<p>&mdash; Alfonso Cuaron (@alfonsocuaron) <a href=\"https:\/\/twitter.com\/alfonsocuaron\/status\/1070203901952057344?ref_src=twsrc%5Etfw\">December 5, 2018<\/a><\/p><\/blockquote>\n<p><script async src=\"https:\/\/platform.twitter.com\/widgets.js\" charset=\"utf-8\"><\/script><\/p>\n<p>Este martes se inform\u00f3 que a cuatro d\u00edas de la apertura del Los Pinos como centro cultural, casi 100 mil personas\u00a0han visitado, seg\u00fan el peri\u00f3dico <em>Reforma<\/em>.<\/p>\n<p>El diario nacional detall\u00f3 que tan s\u00f3lo el s\u00e1bado, d\u00eda de la toma de posesi\u00f3n de Andr\u00e9s Manuel L\u00f3pez Orador como Presidente, 30 mil personas\u00a0visitaron el nuevo museo, y unas 60 mil el domingo.<\/p>\n<p>El Presidente L\u00e1zaro C\u00e1rdenas (1934-1940) estableci\u00f3 el rancho de la Hormida como residencia oficial y la nombr\u00f3 Los Pinos en recuerdo de una finca con ese nombre que ten\u00eda en el estado occidental de Michoac\u00e1n en donde conoci\u00f3 a su esposa Amalia Sol\u00f3rzano.<\/p>\n<p>C\u00e1rdenas rehus\u00f3 vivir por ostentoso en El Castillo de Chapultepec, que sirvi\u00f3 de residencia de los gobernantes de M\u00e9xico tras el triunfo del bando liberal en la guerra contra los conservadores y el imperio franc\u00e9s.<\/p>\n<p>La apertura de Los Pinos al p\u00fablico en M\u00e9xico s\u00f3lo puede ser comparado con la situaci\u00f3n de la Revoluci\u00f3n de 1910, cuando los campesinos tomaron las haciendas y conocieron el boato de los terratenientes y que se reproduce en muchas pel\u00edculas sobre esta \u00e9poca.<\/p>\n<p>El complejo de Los Pinos, en el hist\u00f3rico Bosque de Chapultepec, comprende una superficie de 56 mil metros cuadrados y es catorce veces m\u00e1s grande que la Casa Blanca, residencia del presidente de Estados Unidos.<\/p>\n<p><em>\u2013Con informaci\u00f3n de EFE<\/em><\/p>\n","protected":false},"excerpt":{"rendered":"<p>Roma, del cineasta Alfonso Cuar\u00f3n, ser\u00e1 proyectada en Los Pinos y de manera gratuita<br \/>\nPor Redacci\u00f3n QP<\/p>\n","protected":false},"author":2,"featured_media":11041,"comment_status":"open","ping_status":"open","sticky":false,"template":"","format":"standard","meta":{"_monsterinsights_skip_tracking":false,"_monsterinsights_sitenote_active":false,"_monsterinsights_sitenote_note":"","_monsterinsights_sitenote_category":0,"footnotes":""},"categories":[58],"tags":[],"class_list":["post-11042","post","type-post","status-publish","format-standard","has-post-thumbnail","hentry","category-cultura"],"yoast_head":"<!-- This site is optimized with the Yoast SEO plugin v27.3 - https:\/\/yoast.com\/product\/yoast-seo-wordpress\/ -->\n<title>Roma, del cineasta Alfonso Cuar\u00f3n, ser\u00e1 proyectada en Los Pinos y de manera gratuita -<\/title>\n<meta name=\"robots\" content=\"index, follow, max-snippet:-1, max-image-preview:large, max-video-preview:-1\" \/>\n<link rel=\"canonical\" href=\"https:\/\/quehacerpolitico.mx\/?p=11042\" \/>\n<meta property=\"og:locale\" content=\"es_MX\" \/>\n<meta property=\"og:type\" content=\"article\" \/>\n<meta property=\"og:title\" content=\"Roma, del cineasta Alfonso Cuar\u00f3n, ser\u00e1 proyectada en Los Pinos y de manera gratuita -\" \/>\n<meta property=\"og:description\" content=\"Roma, del cineasta Alfonso Cuar\u00f3n, ser\u00e1 proyectada en Los Pinos y de manera gratuita Por Redacci\u00f3n QP\" \/>\n<meta property=\"og:url\" content=\"https:\/\/quehacerpolitico.mx\/?p=11042\" \/>\n<meta property=\"article:published_time\" content=\"2018-12-05T19:02:04+00:00\" \/>\n<meta name=\"author\" content=\"Redacci\u00f3n QP\" \/>\n<meta name=\"twitter:card\" content=\"summary_large_image\" \/>\n<meta name=\"twitter:label1\" content=\"Escrito por\" \/>\n\t<meta name=\"twitter:data1\" content=\"Redacci\u00f3n QP\" \/>\n\t<meta name=\"twitter:label2\" content=\"Tiempo de lectura\" \/>\n\t<meta name=\"twitter:data2\" content=\"2 minutos\" \/>\n<script type=\"application\/ld+json\" class=\"yoast-schema-graph\">{\"@context\":\"https:\\\/\\\/schema.org\",\"@graph\":[{\"@type\":\"Article\",\"@id\":\"https:\\\/\\\/quehacerpolitico.mx\\\/?p=11042#article\",\"isPartOf\":{\"@id\":\"https:\\\/\\\/quehacerpolitico.mx\\\/?p=11042\"},\"author\":{\"name\":\"Redacci\u00f3n QP\",\"@id\":\"https:\\\/\\\/quehacerpolitico.mx\\\/#\\\/schema\\\/person\\\/496d8ad2d1d3f8036101dca7ee39e585\"},\"headline\":\"Roma, del cineasta Alfonso Cuar\u00f3n, ser\u00e1 proyectada en Los Pinos y de manera gratuita\",\"datePublished\":\"2018-12-05T19:02:04+00:00\",\"mainEntityOfPage\":{\"@id\":\"https:\\\/\\\/quehacerpolitico.mx\\\/?p=11042\"},\"wordCount\":423,\"commentCount\":0,\"image\":{\"@id\":\"https:\\\/\\\/quehacerpolitico.mx\\\/?p=11042#primaryimage\"},\"thumbnailUrl\":\"\",\"articleSection\":[\"Cultura y Entretenimiento\"],\"inLanguage\":\"es\",\"potentialAction\":[{\"@type\":\"CommentAction\",\"name\":\"Comment\",\"target\":[\"https:\\\/\\\/quehacerpolitico.mx\\\/?p=11042#respond\"]}]},{\"@type\":\"WebPage\",\"@id\":\"https:\\\/\\\/quehacerpolitico.mx\\\/?p=11042\",\"url\":\"https:\\\/\\\/quehacerpolitico.mx\\\/?p=11042\",\"name\":\"Roma, del cineasta Alfonso Cuar\u00f3n, ser\u00e1 proyectada en Los Pinos y de manera gratuita -\",\"isPartOf\":{\"@id\":\"https:\\\/\\\/quehacerpolitico.mx\\\/#website\"},\"primaryImageOfPage\":{\"@id\":\"https:\\\/\\\/quehacerpolitico.mx\\\/?p=11042#primaryimage\"},\"image\":{\"@id\":\"https:\\\/\\\/quehacerpolitico.mx\\\/?p=11042#primaryimage\"},\"thumbnailUrl\":\"\",\"datePublished\":\"2018-12-05T19:02:04+00:00\",\"author\":{\"@id\":\"https:\\\/\\\/quehacerpolitico.mx\\\/#\\\/schema\\\/person\\\/496d8ad2d1d3f8036101dca7ee39e585\"},\"breadcrumb\":{\"@id\":\"https:\\\/\\\/quehacerpolitico.mx\\\/?p=11042#breadcrumb\"},\"inLanguage\":\"es\",\"potentialAction\":[{\"@type\":\"ReadAction\",\"target\":[\"https:\\\/\\\/quehacerpolitico.mx\\\/?p=11042\"]}]},{\"@type\":\"ImageObject\",\"inLanguage\":\"es\",\"@id\":\"https:\\\/\\\/quehacerpolitico.mx\\\/?p=11042#primaryimage\",\"url\":\"\",\"contentUrl\":\"\"},{\"@type\":\"BreadcrumbList\",\"@id\":\"https:\\\/\\\/quehacerpolitico.mx\\\/?p=11042#breadcrumb\",\"itemListElement\":[{\"@type\":\"ListItem\",\"position\":1,\"name\":\"Inicio\",\"item\":\"https:\\\/\\\/quehacerpolitico.mx\\\/\"},{\"@type\":\"ListItem\",\"position\":2,\"name\":\"Roma, del cineasta Alfonso Cuar\u00f3n, ser\u00e1 proyectada en Los Pinos y de manera gratuita\"}]},{\"@type\":\"WebSite\",\"@id\":\"https:\\\/\\\/quehacerpolitico.mx\\\/#website\",\"url\":\"https:\\\/\\\/quehacerpolitico.mx\\\/\",\"name\":\"\",\"description\":\"\",\"potentialAction\":[{\"@type\":\"SearchAction\",\"target\":{\"@type\":\"EntryPoint\",\"urlTemplate\":\"https:\\\/\\\/quehacerpolitico.mx\\\/?s={search_term_string}\"},\"query-input\":{\"@type\":\"PropertyValueSpecification\",\"valueRequired\":true,\"valueName\":\"search_term_string\"}}],\"inLanguage\":\"es\"},{\"@type\":\"Person\",\"@id\":\"https:\\\/\\\/quehacerpolitico.mx\\\/#\\\/schema\\\/person\\\/496d8ad2d1d3f8036101dca7ee39e585\",\"name\":\"Redacci\u00f3n QP\",\"image\":{\"@type\":\"ImageObject\",\"inLanguage\":\"es\",\"@id\":\"https:\\\/\\\/secure.gravatar.com\\\/avatar\\\/c7164ed6fdec453195284ad24a5ae5b6e1eed2b848477fa2a4787ba9adf39a41?s=96&d=mm&r=g\",\"url\":\"https:\\\/\\\/secure.gravatar.com\\\/avatar\\\/c7164ed6fdec453195284ad24a5ae5b6e1eed2b848477fa2a4787ba9adf39a41?s=96&d=mm&r=g\",\"contentUrl\":\"https:\\\/\\\/secure.gravatar.com\\\/avatar\\\/c7164ed6fdec453195284ad24a5ae5b6e1eed2b848477fa2a4787ba9adf39a41?s=96&d=mm&r=g\",\"caption\":\"Redacci\u00f3n QP\"},\"url\":\"https:\\\/\\\/quehacerpolitico.mx\\\/?author=2\"}]}<\/script>\n<!-- \/ Yoast SEO plugin. -->","yoast_head_json":{"title":"Roma, del cineasta Alfonso Cuar\u00f3n, ser\u00e1 proyectada en Los Pinos y de manera gratuita -","robots":{"index":"index","follow":"follow","max-snippet":"max-snippet:-1","max-image-preview":"max-image-preview:large","max-video-preview":"max-video-preview:-1"},"canonical":"https:\/\/quehacerpolitico.mx\/?p=11042","og_locale":"es_MX","og_type":"article","og_title":"Roma, del cineasta Alfonso Cuar\u00f3n, ser\u00e1 proyectada en Los Pinos y de manera gratuita -","og_description":"Roma, del cineasta Alfonso Cuar\u00f3n, ser\u00e1 proyectada en Los Pinos y de manera gratuita Por Redacci\u00f3n QP","og_url":"https:\/\/quehacerpolitico.mx\/?p=11042","article_published_time":"2018-12-05T19:02:04+00:00","author":"Redacci\u00f3n QP","twitter_card":"summary_large_image","twitter_misc":{"Escrito por":"Redacci\u00f3n QP","Tiempo de lectura":"2 minutos"},"schema":{"@context":"https:\/\/schema.org","@graph":[{"@type":"Article","@id":"https:\/\/quehacerpolitico.mx\/?p=11042#article","isPartOf":{"@id":"https:\/\/quehacerpolitico.mx\/?p=11042"},"author":{"name":"Redacci\u00f3n QP","@id":"https:\/\/quehacerpolitico.mx\/#\/schema\/person\/496d8ad2d1d3f8036101dca7ee39e585"},"headline":"Roma, del cineasta Alfonso Cuar\u00f3n, ser\u00e1 proyectada en Los Pinos y de manera gratuita","datePublished":"2018-12-05T19:02:04+00:00","mainEntityOfPage":{"@id":"https:\/\/quehacerpolitico.mx\/?p=11042"},"wordCount":423,"commentCount":0,"image":{"@id":"https:\/\/quehacerpolitico.mx\/?p=11042#primaryimage"},"thumbnailUrl":"","articleSection":["Cultura y Entretenimiento"],"inLanguage":"es","potentialAction":[{"@type":"CommentAction","name":"Comment","target":["https:\/\/quehacerpolitico.mx\/?p=11042#respond"]}]},{"@type":"WebPage","@id":"https:\/\/quehacerpolitico.mx\/?p=11042","url":"https:\/\/quehacerpolitico.mx\/?p=11042","name":"Roma, del cineasta Alfonso Cuar\u00f3n, ser\u00e1 proyectada en Los Pinos y de manera gratuita -","isPartOf":{"@id":"https:\/\/quehacerpolitico.mx\/#website"},"primaryImageOfPage":{"@id":"https:\/\/quehacerpolitico.mx\/?p=11042#primaryimage"},"image":{"@id":"https:\/\/quehacerpolitico.mx\/?p=11042#primaryimage"},"thumbnailUrl":"","datePublished":"2018-12-05T19:02:04+00:00","author":{"@id":"https:\/\/quehacerpolitico.mx\/#\/schema\/person\/496d8ad2d1d3f8036101dca7ee39e585"},"breadcrumb":{"@id":"https:\/\/quehacerpolitico.mx\/?p=11042#breadcrumb"},"inLanguage":"es","potentialAction":[{"@type":"ReadAction","target":["https:\/\/quehacerpolitico.mx\/?p=11042"]}]},{"@type":"ImageObject","inLanguage":"es","@id":"https:\/\/quehacerpolitico.mx\/?p=11042#primaryimage","url":"","contentUrl":""},{"@type":"BreadcrumbList","@id":"https:\/\/quehacerpolitico.mx\/?p=11042#breadcrumb","itemListElement":[{"@type":"ListItem","position":1,"name":"Inicio","item":"https:\/\/quehacerpolitico.mx\/"},{"@type":"ListItem","position":2,"name":"Roma, del cineasta Alfonso Cuar\u00f3n, ser\u00e1 proyectada en Los Pinos y de manera gratuita"}]},{"@type":"WebSite","@id":"https:\/\/quehacerpolitico.mx\/#website","url":"https:\/\/quehacerpolitico.mx\/","name":"","description":"","potentialAction":[{"@type":"SearchAction","target":{"@type":"EntryPoint","urlTemplate":"https:\/\/quehacerpolitico.mx\/?s={search_term_string}"},"query-input":{"@type":"PropertyValueSpecification","valueRequired":true,"valueName":"search_term_string"}}],"inLanguage":"es"},{"@type":"Person","@id":"https:\/\/quehacerpolitico.mx\/#\/schema\/person\/496d8ad2d1d3f8036101dca7ee39e585","name":"Redacci\u00f3n QP","image":{"@type":"ImageObject","inLanguage":"es","@id":"https:\/\/secure.gravatar.com\/avatar\/c7164ed6fdec453195284ad24a5ae5b6e1eed2b848477fa2a4787ba9adf39a41?s=96&d=mm&r=g","url":"https:\/\/secure.gravatar.com\/avatar\/c7164ed6fdec453195284ad24a5ae5b6e1eed2b848477fa2a4787ba9adf39a41?s=96&d=mm&r=g","contentUrl":"https:\/\/secure.gravatar.com\/avatar\/c7164ed6fdec453195284ad24a5ae5b6e1eed2b848477fa2a4787ba9adf39a41?s=96&d=mm&r=g","caption":"Redacci\u00f3n QP"},"url":"https:\/\/quehacerpolitico.mx\/?author=2"}]}},"featured_image_urls":{"full":"","thumbnail":"","medium":"","medium_large":"","large":"","1536x1536":"","2048x2048":"","covernews-featured":"","covernews-medium":""},"author_info":{"display_name":"Redacci\u00f3n QP","author_link":"https:\/\/quehacerpolitico.mx\/?author=2"},"category_info":"<a href=\"https:\/\/quehacerpolitico.mx\/?cat=58\" rel=\"category\">Cultura y Entretenimiento<\/a>","tag_info":"Cultura y Entretenimiento","comment_count":"0","_links":{"self":[{"href":"https:\/\/quehacerpolitico.mx\/index.php?rest_route=\/wp\/v2\/posts\/11042","targetHints":{"allow":["GET"]}}],"collection":[{"href":"https:\/\/quehacerpolitico.mx\/index.php?rest_route=\/wp\/v2\/posts"}],"about":[{"href":"https:\/\/quehacerpolitico.mx\/index.php?rest_route=\/wp\/v2\/types\/post"}],"author":[{"embeddable":true,"href":"https:\/\/quehacerpolitico.mx\/index.php?rest_route=\/wp\/v2\/users\/2"}],"replies":[{"embeddable":true,"href":"https:\/\/quehacerpolitico.mx\/index.php?rest_route=%2Fwp%2Fv2%2Fcomments&post=11042"}],"version-history":[{"count":0,"href":"https:\/\/quehacerpolitico.mx\/index.php?rest_route=\/wp\/v2\/posts\/11042\/revisions"}],"wp:featuredmedia":[{"embeddable":true,"href":"https:\/\/quehacerpolitico.mx\/index.php?rest_route=\/"}],"wp:attachment":[{"href":"https:\/\/quehacerpolitico.mx\/index.php?rest_route=%2Fwp%2Fv2%2Fmedia&parent=11042"}],"wp:term":[{"taxonomy":"category","embeddable":true,"href":"https:\/\/quehacerpolitico.mx\/index.php?rest_route=%2Fwp%2Fv2%2Fcategories&post=11042"},{"taxonomy":"post_tag","embeddable":true,"href":"https:\/\/quehacerpolitico.mx\/index.php?rest_route=%2Fwp%2Fv2%2Ftags&post=11042"}],"curies":[{"name":"wp","href":"https:\/\/api.w.org\/{rel}","templated":true}]}}