{"id":11040,"date":"2018-12-05T18:51:51","date_gmt":"2018-12-05T18:51:51","guid":{"rendered":"http:\/\/quehacerpolitico.mx\/sheinbaum-honrara-la-confianza-que-los-cuidadnos-depositaron-en-ella-martin-del-campo\/"},"modified":"2018-12-05T18:51:51","modified_gmt":"2018-12-05T18:51:51","slug":"sheinbaum-honrara-la-confianza-que-los-cuidadnos-depositaron-en-ella-martin-del-campo","status":"publish","type":"post","link":"https:\/\/quehacerpolitico.mx\/?p=11040","title":{"rendered":"Sheinbaum honrar\u00e1 la confianza que los cuidadnos depositaron en ella: Mart\u00edn del Campo"},"content":{"rendered":"<h3 class=\"mtitle\">Sheinbaum honrar\u00e1 la confianza que los cuidadnos depositaron en ella: Mart\u00edn del Campo<\/h3>\n<p>Por Redacci\u00f3n QP<\/p>\n<div class=\"sumary single\">\n<p>Mencion\u00f3 que se enorgullece que la nueva Jefa de Gobierno lograra uno de los puntos que buscaban en 1968, la desaparici\u00f3n del cuerpo de granaderos.<\/p>\n<\/div>\n<div class=\"singleNote\">\n<p>Mart\u00edn del Campo, l\u00edder de la Mesa Directiva de la Primer legislatura del<strong> Congreso de la Ciudad de M\u00e9xico<\/strong> felicit\u00f3 a Claudia Sheinbaum por su triunfo como la primera <strong>Jefa de Gobierno<\/strong> y dijo que a partir de ahora har\u00e1 honor a la confianza que los ciudadanos depositaron en las urnas.<\/p>\n<p>Mencion\u00f3 que a lo largo de los meses transcurridos desde las elecciones del 1 de julio, Sheinbaum ha presentado propuestas y proyectos que demuestran que ser\u00e1 un gobierno de honestidad.<\/p>\n<blockquote>\n<p>\u201cAs\u00ed como dijo el presidente de la Rep\u00fablica Andr\u00e9s Manuel L\u00f3pez Obrador: No tenemos derecho a fallar. Y s\u00e9 que la doctora Claudia Sheinbaum no lo har\u00e1\u201d.<\/p>\n<\/blockquote>\n<p>Del Campo dijo que les enorgullece que Sheinbaum, quien particip\u00f3 en el<strong> movimiento estudiantil,<\/strong> sea quien encabece el nuevo gobierno de la CDMX.<\/p>\n<p>Logrando uno de los puntos que buscaban en <strong>1968<\/strong>, la <strong>desaparici\u00f3n<\/strong> del cuerpo de granaderos.<\/p>\n<blockquote>\n<p>\u201cEstamo seguros que el de Sheinbaum ser\u00e1 un gobierno que sabr\u00e1 honrar a las mujeres, ver por los m\u00e1s d\u00e9biles y que no pondr\u00e1 los deseos de una minor\u00eda sobre los de la mayor\u00eda\u201d.<\/p>\n<\/blockquote>\n<p>Tambi\u00e9n felicit\u00f3 al gobierno de <strong>L\u00f3pez Obrador,<\/strong>con quien conf\u00eda tendr\u00e1n como sello el decidido combate a la corrupci\u00f3n, pues \u201clleg\u00f3 la hora del cambio de ra\u00edz, de construir todos juntos una ciudad de derechos. Lleg\u00f3 la hora de la justicia, de la paz y de la libertad\u201d.<\/p>\n<\/div>\n","protected":false},"excerpt":{"rendered":"<p>Sheinbaum honrar\u00e1 la confianza que los cuidadnos depositaron en ella: Mart\u00edn del Campo<br \/>\nPor Redacci\u00f3n QP<\/p>\n","protected":false},"author":2,"featured_media":11039,"comment_status":"open","ping_status":"open","sticky":false,"template":"","format":"standard","meta":{"_monsterinsights_skip_tracking":false,"_monsterinsights_sitenote_active":false,"_monsterinsights_sitenote_note":"","_monsterinsights_sitenote_category":0,"footnotes":""},"categories":[55],"tags":[],"class_list":["post-11040","post","type-post","status-publish","format-standard","has-post-thumbnail","hentry","category-cdmx"],"yoast_head":"<!-- This site is optimized with the Yoast SEO plugin v27.3 - https:\/\/yoast.com\/product\/yoast-seo-wordpress\/ -->\n<title>Sheinbaum honrar\u00e1 la confianza que los cuidadnos depositaron en ella: Mart\u00edn del Campo -<\/title>\n<meta name=\"robots\" content=\"index, follow, max-snippet:-1, max-image-preview:large, max-video-preview:-1\" \/>\n<link rel=\"canonical\" href=\"https:\/\/quehacerpolitico.mx\/?p=11040\" \/>\n<meta property=\"og:locale\" content=\"es_MX\" \/>\n<meta property=\"og:type\" content=\"article\" \/>\n<meta property=\"og:title\" content=\"Sheinbaum honrar\u00e1 la confianza que los cuidadnos depositaron en ella: Mart\u00edn del Campo -\" \/>\n<meta property=\"og:description\" content=\"Sheinbaum honrar\u00e1 la confianza que los cuidadnos depositaron en ella: Mart\u00edn del Campo Por Redacci\u00f3n QP\" \/>\n<meta property=\"og:url\" content=\"https:\/\/quehacerpolitico.mx\/?p=11040\" \/>\n<meta property=\"article:published_time\" content=\"2018-12-05T18:51:51+00:00\" \/>\n<meta name=\"author\" content=\"Redacci\u00f3n QP\" \/>\n<meta name=\"twitter:card\" content=\"summary_large_image\" \/>\n<meta name=\"twitter:label1\" content=\"Escrito por\" \/>\n\t<meta name=\"twitter:data1\" content=\"Redacci\u00f3n QP\" \/>\n\t<meta name=\"twitter:label2\" content=\"Tiempo de lectura\" \/>\n\t<meta name=\"twitter:data2\" content=\"1 minuto\" \/>\n<script type=\"application\/ld+json\" class=\"yoast-schema-graph\">{\"@context\":\"https:\\\/\\\/schema.org\",\"@graph\":[{\"@type\":\"Article\",\"@id\":\"https:\\\/\\\/quehacerpolitico.mx\\\/?p=11040#article\",\"isPartOf\":{\"@id\":\"https:\\\/\\\/quehacerpolitico.mx\\\/?p=11040\"},\"author\":{\"name\":\"Redacci\u00f3n QP\",\"@id\":\"https:\\\/\\\/quehacerpolitico.mx\\\/#\\\/schema\\\/person\\\/496d8ad2d1d3f8036101dca7ee39e585\"},\"headline\":\"Sheinbaum honrar\u00e1 la confianza que los cuidadnos depositaron en ella: Mart\u00edn del Campo\",\"datePublished\":\"2018-12-05T18:51:51+00:00\",\"mainEntityOfPage\":{\"@id\":\"https:\\\/\\\/quehacerpolitico.mx\\\/?p=11040\"},\"wordCount\":300,\"commentCount\":0,\"image\":{\"@id\":\"https:\\\/\\\/quehacerpolitico.mx\\\/?p=11040#primaryimage\"},\"thumbnailUrl\":\"\",\"articleSection\":[\"CDMX\"],\"inLanguage\":\"es\",\"potentialAction\":[{\"@type\":\"CommentAction\",\"name\":\"Comment\",\"target\":[\"https:\\\/\\\/quehacerpolitico.mx\\\/?p=11040#respond\"]}]},{\"@type\":\"WebPage\",\"@id\":\"https:\\\/\\\/quehacerpolitico.mx\\\/?p=11040\",\"url\":\"https:\\\/\\\/quehacerpolitico.mx\\\/?p=11040\",\"name\":\"Sheinbaum honrar\u00e1 la confianza que los cuidadnos depositaron en ella: Mart\u00edn del Campo -\",\"isPartOf\":{\"@id\":\"https:\\\/\\\/quehacerpolitico.mx\\\/#website\"},\"primaryImageOfPage\":{\"@id\":\"https:\\\/\\\/quehacerpolitico.mx\\\/?p=11040#primaryimage\"},\"image\":{\"@id\":\"https:\\\/\\\/quehacerpolitico.mx\\\/?p=11040#primaryimage\"},\"thumbnailUrl\":\"\",\"datePublished\":\"2018-12-05T18:51:51+00:00\",\"author\":{\"@id\":\"https:\\\/\\\/quehacerpolitico.mx\\\/#\\\/schema\\\/person\\\/496d8ad2d1d3f8036101dca7ee39e585\"},\"breadcrumb\":{\"@id\":\"https:\\\/\\\/quehacerpolitico.mx\\\/?p=11040#breadcrumb\"},\"inLanguage\":\"es\",\"potentialAction\":[{\"@type\":\"ReadAction\",\"target\":[\"https:\\\/\\\/quehacerpolitico.mx\\\/?p=11040\"]}]},{\"@type\":\"ImageObject\",\"inLanguage\":\"es\",\"@id\":\"https:\\\/\\\/quehacerpolitico.mx\\\/?p=11040#primaryimage\",\"url\":\"\",\"contentUrl\":\"\"},{\"@type\":\"BreadcrumbList\",\"@id\":\"https:\\\/\\\/quehacerpolitico.mx\\\/?p=11040#breadcrumb\",\"itemListElement\":[{\"@type\":\"ListItem\",\"position\":1,\"name\":\"Inicio\",\"item\":\"https:\\\/\\\/quehacerpolitico.mx\\\/\"},{\"@type\":\"ListItem\",\"position\":2,\"name\":\"Sheinbaum honrar\u00e1 la confianza que los cuidadnos depositaron en ella: Mart\u00edn del Campo\"}]},{\"@type\":\"WebSite\",\"@id\":\"https:\\\/\\\/quehacerpolitico.mx\\\/#website\",\"url\":\"https:\\\/\\\/quehacerpolitico.mx\\\/\",\"name\":\"\",\"description\":\"\",\"potentialAction\":[{\"@type\":\"SearchAction\",\"target\":{\"@type\":\"EntryPoint\",\"urlTemplate\":\"https:\\\/\\\/quehacerpolitico.mx\\\/?s={search_term_string}\"},\"query-input\":{\"@type\":\"PropertyValueSpecification\",\"valueRequired\":true,\"valueName\":\"search_term_string\"}}],\"inLanguage\":\"es\"},{\"@type\":\"Person\",\"@id\":\"https:\\\/\\\/quehacerpolitico.mx\\\/#\\\/schema\\\/person\\\/496d8ad2d1d3f8036101dca7ee39e585\",\"name\":\"Redacci\u00f3n QP\",\"image\":{\"@type\":\"ImageObject\",\"inLanguage\":\"es\",\"@id\":\"https:\\\/\\\/secure.gravatar.com\\\/avatar\\\/c7164ed6fdec453195284ad24a5ae5b6e1eed2b848477fa2a4787ba9adf39a41?s=96&d=mm&r=g\",\"url\":\"https:\\\/\\\/secure.gravatar.com\\\/avatar\\\/c7164ed6fdec453195284ad24a5ae5b6e1eed2b848477fa2a4787ba9adf39a41?s=96&d=mm&r=g\",\"contentUrl\":\"https:\\\/\\\/secure.gravatar.com\\\/avatar\\\/c7164ed6fdec453195284ad24a5ae5b6e1eed2b848477fa2a4787ba9adf39a41?s=96&d=mm&r=g\",\"caption\":\"Redacci\u00f3n QP\"},\"url\":\"https:\\\/\\\/quehacerpolitico.mx\\\/?author=2\"}]}<\/script>\n<!-- \/ Yoast SEO plugin. -->","yoast_head_json":{"title":"Sheinbaum honrar\u00e1 la confianza que los cuidadnos depositaron en ella: Mart\u00edn del Campo -","robots":{"index":"index","follow":"follow","max-snippet":"max-snippet:-1","max-image-preview":"max-image-preview:large","max-video-preview":"max-video-preview:-1"},"canonical":"https:\/\/quehacerpolitico.mx\/?p=11040","og_locale":"es_MX","og_type":"article","og_title":"Sheinbaum honrar\u00e1 la confianza que los cuidadnos depositaron en ella: Mart\u00edn del Campo -","og_description":"Sheinbaum honrar\u00e1 la confianza que los cuidadnos depositaron en ella: Mart\u00edn del Campo Por Redacci\u00f3n QP","og_url":"https:\/\/quehacerpolitico.mx\/?p=11040","article_published_time":"2018-12-05T18:51:51+00:00","author":"Redacci\u00f3n QP","twitter_card":"summary_large_image","twitter_misc":{"Escrito por":"Redacci\u00f3n QP","Tiempo de lectura":"1 minuto"},"schema":{"@context":"https:\/\/schema.org","@graph":[{"@type":"Article","@id":"https:\/\/quehacerpolitico.mx\/?p=11040#article","isPartOf":{"@id":"https:\/\/quehacerpolitico.mx\/?p=11040"},"author":{"name":"Redacci\u00f3n QP","@id":"https:\/\/quehacerpolitico.mx\/#\/schema\/person\/496d8ad2d1d3f8036101dca7ee39e585"},"headline":"Sheinbaum honrar\u00e1 la confianza que los cuidadnos depositaron en ella: Mart\u00edn del Campo","datePublished":"2018-12-05T18:51:51+00:00","mainEntityOfPage":{"@id":"https:\/\/quehacerpolitico.mx\/?p=11040"},"wordCount":300,"commentCount":0,"image":{"@id":"https:\/\/quehacerpolitico.mx\/?p=11040#primaryimage"},"thumbnailUrl":"","articleSection":["CDMX"],"inLanguage":"es","potentialAction":[{"@type":"CommentAction","name":"Comment","target":["https:\/\/quehacerpolitico.mx\/?p=11040#respond"]}]},{"@type":"WebPage","@id":"https:\/\/quehacerpolitico.mx\/?p=11040","url":"https:\/\/quehacerpolitico.mx\/?p=11040","name":"Sheinbaum honrar\u00e1 la confianza que los cuidadnos depositaron en ella: Mart\u00edn del Campo -","isPartOf":{"@id":"https:\/\/quehacerpolitico.mx\/#website"},"primaryImageOfPage":{"@id":"https:\/\/quehacerpolitico.mx\/?p=11040#primaryimage"},"image":{"@id":"https:\/\/quehacerpolitico.mx\/?p=11040#primaryimage"},"thumbnailUrl":"","datePublished":"2018-12-05T18:51:51+00:00","author":{"@id":"https:\/\/quehacerpolitico.mx\/#\/schema\/person\/496d8ad2d1d3f8036101dca7ee39e585"},"breadcrumb":{"@id":"https:\/\/quehacerpolitico.mx\/?p=11040#breadcrumb"},"inLanguage":"es","potentialAction":[{"@type":"ReadAction","target":["https:\/\/quehacerpolitico.mx\/?p=11040"]}]},{"@type":"ImageObject","inLanguage":"es","@id":"https:\/\/quehacerpolitico.mx\/?p=11040#primaryimage","url":"","contentUrl":""},{"@type":"BreadcrumbList","@id":"https:\/\/quehacerpolitico.mx\/?p=11040#breadcrumb","itemListElement":[{"@type":"ListItem","position":1,"name":"Inicio","item":"https:\/\/quehacerpolitico.mx\/"},{"@type":"ListItem","position":2,"name":"Sheinbaum honrar\u00e1 la confianza que los cuidadnos depositaron en ella: Mart\u00edn del Campo"}]},{"@type":"WebSite","@id":"https:\/\/quehacerpolitico.mx\/#website","url":"https:\/\/quehacerpolitico.mx\/","name":"","description":"","potentialAction":[{"@type":"SearchAction","target":{"@type":"EntryPoint","urlTemplate":"https:\/\/quehacerpolitico.mx\/?s={search_term_string}"},"query-input":{"@type":"PropertyValueSpecification","valueRequired":true,"valueName":"search_term_string"}}],"inLanguage":"es"},{"@type":"Person","@id":"https:\/\/quehacerpolitico.mx\/#\/schema\/person\/496d8ad2d1d3f8036101dca7ee39e585","name":"Redacci\u00f3n QP","image":{"@type":"ImageObject","inLanguage":"es","@id":"https:\/\/secure.gravatar.com\/avatar\/c7164ed6fdec453195284ad24a5ae5b6e1eed2b848477fa2a4787ba9adf39a41?s=96&d=mm&r=g","url":"https:\/\/secure.gravatar.com\/avatar\/c7164ed6fdec453195284ad24a5ae5b6e1eed2b848477fa2a4787ba9adf39a41?s=96&d=mm&r=g","contentUrl":"https:\/\/secure.gravatar.com\/avatar\/c7164ed6fdec453195284ad24a5ae5b6e1eed2b848477fa2a4787ba9adf39a41?s=96&d=mm&r=g","caption":"Redacci\u00f3n QP"},"url":"https:\/\/quehacerpolitico.mx\/?author=2"}]}},"featured_image_urls":{"full":"","thumbnail":"","medium":"","medium_large":"","large":"","1536x1536":"","2048x2048":"","covernews-featured":"","covernews-medium":""},"author_info":{"display_name":"Redacci\u00f3n QP","author_link":"https:\/\/quehacerpolitico.mx\/?author=2"},"category_info":"<a href=\"https:\/\/quehacerpolitico.mx\/?cat=55\" rel=\"category\">CDMX<\/a>","tag_info":"CDMX","comment_count":"0","_links":{"self":[{"href":"https:\/\/quehacerpolitico.mx\/index.php?rest_route=\/wp\/v2\/posts\/11040","targetHints":{"allow":["GET"]}}],"collection":[{"href":"https:\/\/quehacerpolitico.mx\/index.php?rest_route=\/wp\/v2\/posts"}],"about":[{"href":"https:\/\/quehacerpolitico.mx\/index.php?rest_route=\/wp\/v2\/types\/post"}],"author":[{"embeddable":true,"href":"https:\/\/quehacerpolitico.mx\/index.php?rest_route=\/wp\/v2\/users\/2"}],"replies":[{"embeddable":true,"href":"https:\/\/quehacerpolitico.mx\/index.php?rest_route=%2Fwp%2Fv2%2Fcomments&post=11040"}],"version-history":[{"count":0,"href":"https:\/\/quehacerpolitico.mx\/index.php?rest_route=\/wp\/v2\/posts\/11040\/revisions"}],"wp:featuredmedia":[{"embeddable":true,"href":"https:\/\/quehacerpolitico.mx\/index.php?rest_route=\/"}],"wp:attachment":[{"href":"https:\/\/quehacerpolitico.mx\/index.php?rest_route=%2Fwp%2Fv2%2Fmedia&parent=11040"}],"wp:term":[{"taxonomy":"category","embeddable":true,"href":"https:\/\/quehacerpolitico.mx\/index.php?rest_route=%2Fwp%2Fv2%2Fcategories&post=11040"},{"taxonomy":"post_tag","embeddable":true,"href":"https:\/\/quehacerpolitico.mx\/index.php?rest_route=%2Fwp%2Fv2%2Ftags&post=11040"}],"curies":[{"name":"wp","href":"https:\/\/api.w.org\/{rel}","templated":true}]}}