{"id":110396,"date":"2024-05-28T22:37:58","date_gmt":"2024-05-28T22:37:58","guid":{"rendered":"https:\/\/quehacerpolitico.mx\/?p=110396"},"modified":"2024-05-28T22:45:22","modified_gmt":"2024-05-28T22:45:22","slug":"como-se-si-cuento-con-un-credito-infonavit","status":"publish","type":"post","link":"https:\/\/quehacerpolitico.mx\/?p=110396","title":{"rendered":"C\u00f3mo s\u00e9 si cuento con un cr\u00e9dito Infonavit"},"content":{"rendered":"\n<p>Por Redacci\u00f3n NotiExpress | La Revista del Sector Inmobiliario<\/p>\n\n\n\n<p>El Infonavit cuenta con diversas formas en las que los trabajadores pueden utilizar su cr\u00e9dito. As\u00ed puedes saber si tienes.<\/p>\n\n\n\n<p>Planificar una vida independiente forma parte de una de las tantas obligaciones de las personas en la adultez, esto para&nbsp;<strong>asegurar un futuro estable tanto para ellos como para sus familias,<\/strong>&nbsp;por lo que al comenzar a trabajar el tema que mayor inter\u00e9s genera es contar con un cr\u00e9dito ante el Instituto del Fondo Nacional de la Vivienda para los Trabajadores (Infonavit)<\/p>\n\n\n\n<p>El Infonavit cuenta con diversas formas en las que los trabajadores pueden utilizar su cr\u00e9dito. Quienes sean derechohabientes pueden solicitar un apoyo para adquirir una<strong> casa nueva, construir una vivienda, remodelar una que ya se tiene, liquidar una hipoteca o comprar un terreno.<\/strong><\/p>\n\n\n\n<h2 class=\"wp-block-heading\">\u00bfC\u00f3mo s\u00e9 si tengo Infonavit?<\/h2>\n\n\n\n<p>Aunque muchos ans\u00edan poder sacar su propia casa con ayuda del Infonavit, es importante saber que no todos tienen acceso a este servicio, pues al igual que muchos tr\u00e1mites en M\u00e9xico, para ello&nbsp;<strong>se tienen que cumplir con algunos requisitos<\/strong>&nbsp;y con ello saber si puedo o no tener un cr\u00e9dito<\/p>\n\n\n\n<p>Lo primero y m\u00e1s importante que se debe tener para poder sacar una casa en Infonavit es un empleo formal activo, pues adem\u00e1s de que se deben comprobar los ingresos de una persona para poder otorgar un cr\u00e9dito,&nbsp;<strong>ser trabajador cuenta con muchos beneficios.<\/strong><\/p>\n\n\n\n<figure class=\"wp-block-embed is-type-video is-provider-youtube wp-block-embed-youtube wp-embed-aspect-16-9 wp-has-aspect-ratio\"><div class=\"wp-block-embed__wrapper\">\n<iframe loading=\"lazy\" title=\"C\u00d3MO CHECAR TU PRECALIFICACI\u00d3N Y PUNTOS INFONAVIT ESTE 2024 \ud83d\ude2f\" width=\"640\" height=\"360\" src=\"https:\/\/www.youtube.com\/embed\/YjVJ7ktM63E?feature=oembed\" frameborder=\"0\" allow=\"accelerometer; autoplay; clipboard-write; encrypted-media; gyroscope; picture-in-picture; web-share\" referrerpolicy=\"strict-origin-when-cross-origin\" allowfullscreen><\/iframe>\n<\/div><\/figure>\n\n\n\n<p>Y es que en un trabajo formal, cada empleado debe estar asegurado ante el&nbsp;Instituto Mexicano del Seguro Social (IMSS), mismo que de forma inmediata permite que los trabajadores sean derechohabientes del Infonavit.&nbsp;<\/p>\n\n\n\n<p>Por este motivo, si est\u00e1s trabajando y&nbsp;te encuentras cotizando en el IMSS, muy seguramente ya puedes acceder a los diferentes servicios que ofrece el Infonavit, los cuales puedes consultar&nbsp;<strong>al registrarte a trav\u00e9s de su sitio de internet.<\/strong><\/p>\n\n\n\n<p><strong>\u00bfQu\u00e9 necesito para sacar un cr\u00e9dito Infonavit?<\/strong><\/p>\n\n\n\n<p>Si tienes un empleo formal ya cuentas con lo m\u00e1s importante para poder adquirir tu propia casa, pero alto ah\u00ed, tambi\u00e9n&nbsp;<strong>se deben cumplir algunos otros requisitos<\/strong>&nbsp;los cuales son indispensables para que inicies tu solicitud. Son los siguientes:<\/p>\n\n\n\n<ul class=\"wp-block-list\">\n<li>Ser derechohabiente del Infonavit con relaci\u00f3n laboral vigente.<\/li>\n\n\n\n<li>Contar con 1080 puntos.<\/li>\n<\/ul>\n\n\n\n<ul class=\"wp-block-list\">\n<li>Precalif\u00edcate en Mi Cuenta Infonavit para conocer el tipo de cr\u00e9dito que te corresponde.<\/li>\n\n\n\n<li>Tramita tu Carta Saldo condicionada al pago con la Entidad Financiera donde tienes contratado tu cr\u00e9dito hipotecario.<\/li>\n\n\n\n<li>Solicita tu aval\u00fao con alguna unidad de valuaci\u00f3n registrada en el Infonavit.<\/li>\n\n\n\n<li>Realizar el curso en l\u00ednea Saber m\u00e1s para decidir mejor, el cual es gratuito y se encuentra en Mi Cuenta Infonavit.<\/li>\n\n\n\n<li>Inscribe tu cr\u00e9dito, llenando tu solicitud y entreg\u00e1ndola a tu Centro de Servicio Infonavit (Cesi) m\u00e1s cercano con los documentos requeridos.<\/li>\n<\/ul>\n\n\n\n<figure class=\"wp-block-embed is-type-rich is-provider-twitter wp-block-embed-twitter\"><div class=\"wp-block-embed__wrapper\">\n<blockquote class=\"twitter-tweet\" data-width=\"550\" data-dnt=\"true\"><p lang=\"es\" dir=\"ltr\">\u231a\ud83d\udcf2 En el Cesi te esperamos con los brazos abiertos, saca una cita desde: <a href=\"https:\/\/t.co\/eaqoZ36HJl\">https:\/\/t.co\/eaqoZ36HJl<\/a> <a href=\"https:\/\/t.co\/oTPc07ylXB\">pic.twitter.com\/oTPc07ylXB<\/a><\/p>&mdash; Infonavit (@Infonavit) <a href=\"https:\/\/twitter.com\/Infonavit\/status\/1794086628635382220?ref_src=twsrc%5Etfw\">May 24, 2024<\/a><\/blockquote><script async src=\"https:\/\/platform.twitter.com\/widgets.js\" charset=\"utf-8\"><\/script>\n<\/div><\/figure>\n\n\n\n<h2 class=\"wp-block-heading\">\u00bfC\u00f3mo creo mi cuenta en Infonavit?<\/h2>\n\n\n\n<p>Si ya cuentas con todo lo necesario para solicitar un&nbsp;cr\u00e9dito Infonavit el siguiente paso es crear una cuenta en el sitio de internet, en donde adem\u00e1s de conocer los datos m\u00e1s importantes de este servicio, tambi\u00e9n podr\u00e1s saber el&nbsp;<strong>monto que se te puede otorgar.&nbsp;<\/strong><\/p>\n\n\n\n<ul class=\"wp-block-list\">\n<li>Realizar el registro es f\u00e1cil y r\u00e1pido. S\u00f3lo debes ingresar en&nbsp;<strong>Mi Cuenta Infonavit&nbsp;<\/strong>y colocar los siguientes datos:<\/li>\n\n\n\n<li>N\u00famero de Seguridad Social (NSS)<\/li>\n\n\n\n<li>Clave \u00danica de Registro de Poblaci\u00f3n (CURP)<\/li>\n\n\n\n<li>Registro Federal de Contribuyentes (RFC).<\/li>\n\n\n\n<li>El sistema te pedir\u00e1 verificar tu nombre y proporcionar un n\u00famero celular, el tel\u00e9fono de tu casa y un correo electr\u00f3nico.<\/li>\n<\/ul>\n\n\n\n<p>A tu correo llegar\u00e1 un mensaje para que actives tu cuenta. \u00a1Listo!, ya puedes acceder.<\/p>\n\n\n\n<p>No se te olvide que?<\/p>\n\n\n\n<p>En\u00a0NotiExpress | La Revista del Sector Inmobiliario nos ocupamos en la difusi\u00f3n de la industria inmobiliaria generamos contenidos que te ayudar\u00e1n a mantenerte a la vanguardia en tecnolog\u00eda y en tendencias del sector inmobiliario para que puedas ofrecer el mejor servicio y generar m\u00e1s clientes.<\/p>\n\n\n\n<p>\u00c9chale una miradita a nuestra revista mensual donde encontrar\u00e1s la informaci\u00f3n precisa y oportuna con todo lo relacionado al sector inmobiliario aqu\u00ed \ud83d\udc49\u00a0<a href=\"https:\/\/issuu.com\/notiexpressmx\/docs\/notiexpress_07\">https:\/\/issuu.com\/notiexpressmx\/docs\/notiexpress_07\u00a0<\/a>\u00a0NotiExpress | La Revista del Sector Inmobiliario<\/p>\n\n\n\n<figure class=\"wp-block-image size-large\"><img loading=\"lazy\" decoding=\"async\" width=\"1024\" height=\"378\" src=\"https:\/\/quehacerpolitico.mx\/wp-content\/uploads\/2024\/05\/image-43-1024x378.jpeg\" alt=\"\" class=\"wp-image-110400\" srcset=\"https:\/\/quehacerpolitico.mx\/wp-content\/uploads\/2024\/05\/image-43-1024x378.jpeg 1024w, https:\/\/quehacerpolitico.mx\/wp-content\/uploads\/2024\/05\/image-43-300x111.jpeg 300w, https:\/\/quehacerpolitico.mx\/wp-content\/uploads\/2024\/05\/image-43-768x284.jpeg 768w, https:\/\/quehacerpolitico.mx\/wp-content\/uploads\/2024\/05\/image-43-260x96.jpeg 260w, https:\/\/quehacerpolitico.mx\/wp-content\/uploads\/2024\/05\/image-43-50x18.jpeg 50w, https:\/\/quehacerpolitico.mx\/wp-content\/uploads\/2024\/05\/image-43-150x55.jpeg 150w, https:\/\/quehacerpolitico.mx\/wp-content\/uploads\/2024\/05\/image-43.jpeg 1280w\" sizes=\"auto, (max-width: 1024px) 100vw, 1024px\" \/><\/figure>\n","protected":false},"excerpt":{"rendered":"<p>Por Redacci\u00f3n NotiExpress | La Revista del Sector Inmobiliario El Infonavit cuenta con diversas formas&#8230;<\/p>\n","protected":false},"author":2,"featured_media":110397,"comment_status":"open","ping_status":"open","sticky":false,"template":"","format":"standard","meta":{"_monsterinsights_skip_tracking":false,"_monsterinsights_sitenote_active":false,"_monsterinsights_sitenote_note":"","_monsterinsights_sitenote_category":0,"footnotes":""},"categories":[56],"tags":[],"class_list":["post-110396","post","type-post","status-publish","format-standard","has-post-thumbnail","hentry","category-economia"],"yoast_head":"<!-- This site is optimized with the Yoast SEO plugin v27.3 - https:\/\/yoast.com\/product\/yoast-seo-wordpress\/ -->\n<title>C\u00f3mo s\u00e9 si cuento con un cr\u00e9dito Infonavit -<\/title>\n<meta name=\"robots\" content=\"index, follow, max-snippet:-1, max-image-preview:large, max-video-preview:-1\" \/>\n<link rel=\"canonical\" href=\"https:\/\/quehacerpolitico.mx\/?p=110396\" \/>\n<meta property=\"og:locale\" content=\"es_MX\" \/>\n<meta property=\"og:type\" content=\"article\" \/>\n<meta property=\"og:title\" content=\"C\u00f3mo s\u00e9 si cuento con un cr\u00e9dito Infonavit -\" \/>\n<meta property=\"og:description\" content=\"Por Redacci\u00f3n NotiExpress | La Revista del Sector Inmobiliario El Infonavit cuenta con diversas formas...\" \/>\n<meta property=\"og:url\" content=\"https:\/\/quehacerpolitico.mx\/?p=110396\" \/>\n<meta property=\"article:published_time\" content=\"2024-05-28T22:37:58+00:00\" \/>\n<meta property=\"article:modified_time\" content=\"2024-05-28T22:45:22+00:00\" \/>\n<meta property=\"og:image\" content=\"https:\/\/quehacerpolitico.mx\/wp-content\/uploads\/2024\/05\/photo-output-2.jpeg\" \/>\n\t<meta property=\"og:image:width\" content=\"2046\" \/>\n\t<meta property=\"og:image:height\" content=\"1070\" \/>\n\t<meta property=\"og:image:type\" content=\"image\/jpeg\" \/>\n<meta name=\"author\" content=\"Redacci\u00f3n QP\" \/>\n<meta name=\"twitter:card\" content=\"summary_large_image\" \/>\n<meta name=\"twitter:label1\" content=\"Escrito por\" \/>\n\t<meta name=\"twitter:data1\" content=\"Redacci\u00f3n QP\" \/>\n\t<meta name=\"twitter:label2\" content=\"Tiempo de lectura\" \/>\n\t<meta name=\"twitter:data2\" content=\"4 minutos\" \/>\n<script type=\"application\/ld+json\" class=\"yoast-schema-graph\">{\"@context\":\"https:\\\/\\\/schema.org\",\"@graph\":[{\"@type\":\"Article\",\"@id\":\"https:\\\/\\\/quehacerpolitico.mx\\\/?p=110396#article\",\"isPartOf\":{\"@id\":\"https:\\\/\\\/quehacerpolitico.mx\\\/?p=110396\"},\"author\":{\"name\":\"Redacci\u00f3n QP\",\"@id\":\"https:\\\/\\\/quehacerpolitico.mx\\\/#\\\/schema\\\/person\\\/496d8ad2d1d3f8036101dca7ee39e585\"},\"headline\":\"C\u00f3mo s\u00e9 si cuento con un cr\u00e9dito Infonavit\",\"datePublished\":\"2024-05-28T22:37:58+00:00\",\"dateModified\":\"2024-05-28T22:45:22+00:00\",\"mainEntityOfPage\":{\"@id\":\"https:\\\/\\\/quehacerpolitico.mx\\\/?p=110396\"},\"wordCount\":751,\"commentCount\":0,\"image\":{\"@id\":\"https:\\\/\\\/quehacerpolitico.mx\\\/?p=110396#primaryimage\"},\"thumbnailUrl\":\"https:\\\/\\\/quehacerpolitico.mx\\\/wp-content\\\/uploads\\\/2024\\\/05\\\/photo-output-2.jpeg\",\"articleSection\":[\"Econom\u00eda\"],\"inLanguage\":\"es\",\"potentialAction\":[{\"@type\":\"CommentAction\",\"name\":\"Comment\",\"target\":[\"https:\\\/\\\/quehacerpolitico.mx\\\/?p=110396#respond\"]}]},{\"@type\":\"WebPage\",\"@id\":\"https:\\\/\\\/quehacerpolitico.mx\\\/?p=110396\",\"url\":\"https:\\\/\\\/quehacerpolitico.mx\\\/?p=110396\",\"name\":\"C\u00f3mo s\u00e9 si cuento con un cr\u00e9dito Infonavit -\",\"isPartOf\":{\"@id\":\"https:\\\/\\\/quehacerpolitico.mx\\\/#website\"},\"primaryImageOfPage\":{\"@id\":\"https:\\\/\\\/quehacerpolitico.mx\\\/?p=110396#primaryimage\"},\"image\":{\"@id\":\"https:\\\/\\\/quehacerpolitico.mx\\\/?p=110396#primaryimage\"},\"thumbnailUrl\":\"https:\\\/\\\/quehacerpolitico.mx\\\/wp-content\\\/uploads\\\/2024\\\/05\\\/photo-output-2.jpeg\",\"datePublished\":\"2024-05-28T22:37:58+00:00\",\"dateModified\":\"2024-05-28T22:45:22+00:00\",\"author\":{\"@id\":\"https:\\\/\\\/quehacerpolitico.mx\\\/#\\\/schema\\\/person\\\/496d8ad2d1d3f8036101dca7ee39e585\"},\"breadcrumb\":{\"@id\":\"https:\\\/\\\/quehacerpolitico.mx\\\/?p=110396#breadcrumb\"},\"inLanguage\":\"es\",\"potentialAction\":[{\"@type\":\"ReadAction\",\"target\":[\"https:\\\/\\\/quehacerpolitico.mx\\\/?p=110396\"]}]},{\"@type\":\"ImageObject\",\"inLanguage\":\"es\",\"@id\":\"https:\\\/\\\/quehacerpolitico.mx\\\/?p=110396#primaryimage\",\"url\":\"https:\\\/\\\/quehacerpolitico.mx\\\/wp-content\\\/uploads\\\/2024\\\/05\\\/photo-output-2.jpeg\",\"contentUrl\":\"https:\\\/\\\/quehacerpolitico.mx\\\/wp-content\\\/uploads\\\/2024\\\/05\\\/photo-output-2.jpeg\",\"width\":2046,\"height\":1070},{\"@type\":\"BreadcrumbList\",\"@id\":\"https:\\\/\\\/quehacerpolitico.mx\\\/?p=110396#breadcrumb\",\"itemListElement\":[{\"@type\":\"ListItem\",\"position\":1,\"name\":\"Inicio\",\"item\":\"https:\\\/\\\/quehacerpolitico.mx\\\/\"},{\"@type\":\"ListItem\",\"position\":2,\"name\":\"C\u00f3mo s\u00e9 si cuento con un cr\u00e9dito Infonavit\"}]},{\"@type\":\"WebSite\",\"@id\":\"https:\\\/\\\/quehacerpolitico.mx\\\/#website\",\"url\":\"https:\\\/\\\/quehacerpolitico.mx\\\/\",\"name\":\"\",\"description\":\"\",\"potentialAction\":[{\"@type\":\"SearchAction\",\"target\":{\"@type\":\"EntryPoint\",\"urlTemplate\":\"https:\\\/\\\/quehacerpolitico.mx\\\/?s={search_term_string}\"},\"query-input\":{\"@type\":\"PropertyValueSpecification\",\"valueRequired\":true,\"valueName\":\"search_term_string\"}}],\"inLanguage\":\"es\"},{\"@type\":\"Person\",\"@id\":\"https:\\\/\\\/quehacerpolitico.mx\\\/#\\\/schema\\\/person\\\/496d8ad2d1d3f8036101dca7ee39e585\",\"name\":\"Redacci\u00f3n QP\",\"image\":{\"@type\":\"ImageObject\",\"inLanguage\":\"es\",\"@id\":\"https:\\\/\\\/secure.gravatar.com\\\/avatar\\\/c7164ed6fdec453195284ad24a5ae5b6e1eed2b848477fa2a4787ba9adf39a41?s=96&d=mm&r=g\",\"url\":\"https:\\\/\\\/secure.gravatar.com\\\/avatar\\\/c7164ed6fdec453195284ad24a5ae5b6e1eed2b848477fa2a4787ba9adf39a41?s=96&d=mm&r=g\",\"contentUrl\":\"https:\\\/\\\/secure.gravatar.com\\\/avatar\\\/c7164ed6fdec453195284ad24a5ae5b6e1eed2b848477fa2a4787ba9adf39a41?s=96&d=mm&r=g\",\"caption\":\"Redacci\u00f3n QP\"},\"url\":\"https:\\\/\\\/quehacerpolitico.mx\\\/?author=2\"}]}<\/script>\n<!-- \/ Yoast SEO plugin. -->","yoast_head_json":{"title":"C\u00f3mo s\u00e9 si cuento con un cr\u00e9dito Infonavit -","robots":{"index":"index","follow":"follow","max-snippet":"max-snippet:-1","max-image-preview":"max-image-preview:large","max-video-preview":"max-video-preview:-1"},"canonical":"https:\/\/quehacerpolitico.mx\/?p=110396","og_locale":"es_MX","og_type":"article","og_title":"C\u00f3mo s\u00e9 si cuento con un cr\u00e9dito Infonavit -","og_description":"Por Redacci\u00f3n NotiExpress | La Revista del Sector Inmobiliario El Infonavit cuenta con diversas formas...","og_url":"https:\/\/quehacerpolitico.mx\/?p=110396","article_published_time":"2024-05-28T22:37:58+00:00","article_modified_time":"2024-05-28T22:45:22+00:00","og_image":[{"width":2046,"height":1070,"url":"https:\/\/quehacerpolitico.mx\/wp-content\/uploads\/2024\/05\/photo-output-2.jpeg","type":"image\/jpeg"}],"author":"Redacci\u00f3n QP","twitter_card":"summary_large_image","twitter_misc":{"Escrito por":"Redacci\u00f3n QP","Tiempo de lectura":"4 minutos"},"schema":{"@context":"https:\/\/schema.org","@graph":[{"@type":"Article","@id":"https:\/\/quehacerpolitico.mx\/?p=110396#article","isPartOf":{"@id":"https:\/\/quehacerpolitico.mx\/?p=110396"},"author":{"name":"Redacci\u00f3n QP","@id":"https:\/\/quehacerpolitico.mx\/#\/schema\/person\/496d8ad2d1d3f8036101dca7ee39e585"},"headline":"C\u00f3mo s\u00e9 si cuento con un cr\u00e9dito Infonavit","datePublished":"2024-05-28T22:37:58+00:00","dateModified":"2024-05-28T22:45:22+00:00","mainEntityOfPage":{"@id":"https:\/\/quehacerpolitico.mx\/?p=110396"},"wordCount":751,"commentCount":0,"image":{"@id":"https:\/\/quehacerpolitico.mx\/?p=110396#primaryimage"},"thumbnailUrl":"https:\/\/quehacerpolitico.mx\/wp-content\/uploads\/2024\/05\/photo-output-2.jpeg","articleSection":["Econom\u00eda"],"inLanguage":"es","potentialAction":[{"@type":"CommentAction","name":"Comment","target":["https:\/\/quehacerpolitico.mx\/?p=110396#respond"]}]},{"@type":"WebPage","@id":"https:\/\/quehacerpolitico.mx\/?p=110396","url":"https:\/\/quehacerpolitico.mx\/?p=110396","name":"C\u00f3mo s\u00e9 si cuento con un cr\u00e9dito Infonavit -","isPartOf":{"@id":"https:\/\/quehacerpolitico.mx\/#website"},"primaryImageOfPage":{"@id":"https:\/\/quehacerpolitico.mx\/?p=110396#primaryimage"},"image":{"@id":"https:\/\/quehacerpolitico.mx\/?p=110396#primaryimage"},"thumbnailUrl":"https:\/\/quehacerpolitico.mx\/wp-content\/uploads\/2024\/05\/photo-output-2.jpeg","datePublished":"2024-05-28T22:37:58+00:00","dateModified":"2024-05-28T22:45:22+00:00","author":{"@id":"https:\/\/quehacerpolitico.mx\/#\/schema\/person\/496d8ad2d1d3f8036101dca7ee39e585"},"breadcrumb":{"@id":"https:\/\/quehacerpolitico.mx\/?p=110396#breadcrumb"},"inLanguage":"es","potentialAction":[{"@type":"ReadAction","target":["https:\/\/quehacerpolitico.mx\/?p=110396"]}]},{"@type":"ImageObject","inLanguage":"es","@id":"https:\/\/quehacerpolitico.mx\/?p=110396#primaryimage","url":"https:\/\/quehacerpolitico.mx\/wp-content\/uploads\/2024\/05\/photo-output-2.jpeg","contentUrl":"https:\/\/quehacerpolitico.mx\/wp-content\/uploads\/2024\/05\/photo-output-2.jpeg","width":2046,"height":1070},{"@type":"BreadcrumbList","@id":"https:\/\/quehacerpolitico.mx\/?p=110396#breadcrumb","itemListElement":[{"@type":"ListItem","position":1,"name":"Inicio","item":"https:\/\/quehacerpolitico.mx\/"},{"@type":"ListItem","position":2,"name":"C\u00f3mo s\u00e9 si cuento con un cr\u00e9dito Infonavit"}]},{"@type":"WebSite","@id":"https:\/\/quehacerpolitico.mx\/#website","url":"https:\/\/quehacerpolitico.mx\/","name":"","description":"","potentialAction":[{"@type":"SearchAction","target":{"@type":"EntryPoint","urlTemplate":"https:\/\/quehacerpolitico.mx\/?s={search_term_string}"},"query-input":{"@type":"PropertyValueSpecification","valueRequired":true,"valueName":"search_term_string"}}],"inLanguage":"es"},{"@type":"Person","@id":"https:\/\/quehacerpolitico.mx\/#\/schema\/person\/496d8ad2d1d3f8036101dca7ee39e585","name":"Redacci\u00f3n QP","image":{"@type":"ImageObject","inLanguage":"es","@id":"https:\/\/secure.gravatar.com\/avatar\/c7164ed6fdec453195284ad24a5ae5b6e1eed2b848477fa2a4787ba9adf39a41?s=96&d=mm&r=g","url":"https:\/\/secure.gravatar.com\/avatar\/c7164ed6fdec453195284ad24a5ae5b6e1eed2b848477fa2a4787ba9adf39a41?s=96&d=mm&r=g","contentUrl":"https:\/\/secure.gravatar.com\/avatar\/c7164ed6fdec453195284ad24a5ae5b6e1eed2b848477fa2a4787ba9adf39a41?s=96&d=mm&r=g","caption":"Redacci\u00f3n QP"},"url":"https:\/\/quehacerpolitico.mx\/?author=2"}]}},"featured_image_urls":{"full":["https:\/\/quehacerpolitico.mx\/wp-content\/uploads\/2024\/05\/photo-output-2.jpeg",2046,1070,false],"thumbnail":["https:\/\/quehacerpolitico.mx\/wp-content\/uploads\/2024\/05\/photo-output-2-150x150.jpeg",150,150,true],"medium":["https:\/\/quehacerpolitico.mx\/wp-content\/uploads\/2024\/05\/photo-output-2-300x157.jpeg",300,157,true],"medium_large":["https:\/\/quehacerpolitico.mx\/wp-content\/uploads\/2024\/05\/photo-output-2-768x402.jpeg",640,335,true],"large":["https:\/\/quehacerpolitico.mx\/wp-content\/uploads\/2024\/05\/photo-output-2-1024x536.jpeg",640,335,true],"1536x1536":["https:\/\/quehacerpolitico.mx\/wp-content\/uploads\/2024\/05\/photo-output-2-1536x803.jpeg",1536,803,true],"2048x2048":["https:\/\/quehacerpolitico.mx\/wp-content\/uploads\/2024\/05\/photo-output-2.jpeg",2046,1070,false],"covernews-featured":["https:\/\/quehacerpolitico.mx\/wp-content\/uploads\/2024\/05\/photo-output-2.jpeg",1024,536,false],"covernews-medium":["https:\/\/quehacerpolitico.mx\/wp-content\/uploads\/2024\/05\/photo-output-2.jpeg",540,282,false]},"author_info":{"display_name":"Redacci\u00f3n QP","author_link":"https:\/\/quehacerpolitico.mx\/?author=2"},"category_info":"<a href=\"https:\/\/quehacerpolitico.mx\/?cat=56\" rel=\"category\">Econom\u00eda<\/a>","tag_info":"Econom\u00eda","comment_count":"0","_links":{"self":[{"href":"https:\/\/quehacerpolitico.mx\/index.php?rest_route=\/wp\/v2\/posts\/110396","targetHints":{"allow":["GET"]}}],"collection":[{"href":"https:\/\/quehacerpolitico.mx\/index.php?rest_route=\/wp\/v2\/posts"}],"about":[{"href":"https:\/\/quehacerpolitico.mx\/index.php?rest_route=\/wp\/v2\/types\/post"}],"author":[{"embeddable":true,"href":"https:\/\/quehacerpolitico.mx\/index.php?rest_route=\/wp\/v2\/users\/2"}],"replies":[{"embeddable":true,"href":"https:\/\/quehacerpolitico.mx\/index.php?rest_route=%2Fwp%2Fv2%2Fcomments&post=110396"}],"version-history":[{"count":2,"href":"https:\/\/quehacerpolitico.mx\/index.php?rest_route=\/wp\/v2\/posts\/110396\/revisions"}],"predecessor-version":[{"id":110401,"href":"https:\/\/quehacerpolitico.mx\/index.php?rest_route=\/wp\/v2\/posts\/110396\/revisions\/110401"}],"wp:featuredmedia":[{"embeddable":true,"href":"https:\/\/quehacerpolitico.mx\/index.php?rest_route=\/wp\/v2\/media\/110397"}],"wp:attachment":[{"href":"https:\/\/quehacerpolitico.mx\/index.php?rest_route=%2Fwp%2Fv2%2Fmedia&parent=110396"}],"wp:term":[{"taxonomy":"category","embeddable":true,"href":"https:\/\/quehacerpolitico.mx\/index.php?rest_route=%2Fwp%2Fv2%2Fcategories&post=110396"},{"taxonomy":"post_tag","embeddable":true,"href":"https:\/\/quehacerpolitico.mx\/index.php?rest_route=%2Fwp%2Fv2%2Ftags&post=110396"}],"curies":[{"name":"wp","href":"https:\/\/api.w.org\/{rel}","templated":true}]}}