{"id":110393,"date":"2024-05-28T20:36:38","date_gmt":"2024-05-28T20:36:38","guid":{"rendered":"https:\/\/quehacerpolitico.mx\/?p=110393"},"modified":"2024-05-28T20:36:43","modified_gmt":"2024-05-28T20:36:43","slug":"john-sutcliffe-confirma-la-salida-de-julian-quinones-del-club-america","status":"publish","type":"post","link":"https:\/\/quehacerpolitico.mx\/?p=110393","title":{"rendered":"John Sutcliffe confirma la salida de Juli\u00e1n Qui\u00f1ones del Club Am\u00e9rica"},"content":{"rendered":"\n<p>Por Redacci\u00f3n QP<\/p>\n\n\n\n<p>El periodista deportivo de ESPN asegur\u00f3 que Juli\u00e1n Qui\u00f1ones ser\u00e1 la primera baja del Am\u00e9rica de cara al siguiente torneo.<\/p>\n\n\n\n<p>El torneo mexicano termin\u00f3 apenas hace unos d\u00edas, con el\u00a0Am\u00e9rica coron\u00e1ndose como bicampe\u00f3n del m\u00e1ximo circuito, por lo que muchos podr\u00edan creer que despu\u00e9s de esto todo ser\u00eda celebraci\u00f3n y descanso para los de Coapa, pero no es as\u00ed.<\/p>\n\n\n\n<p>En las \u00faltimas horas, incluso antes del campeonato del Am\u00e9rica, comenz\u00f3 a sonar el rumor de que el centro delantero colombiano nacionalizado mexicano,\u00a0<strong>Juli\u00e1n Qui\u00f1ones<\/strong>, estar\u00eda abandonando el Nido para ir a<strong>\u00a0jugar al futbol de Arabia Saudita<\/strong>, donde actualmente militan estrellas como Cristiano Ronaldo, Neymar, entre otros.<\/p>\n\n\n\n<p>Hasta hace unas horas parec\u00eda ser solo eso, un rumor, pero este mismo martes 28 de mayo, el periodista deportivo de ESPN&nbsp;<strong>John Sutcliffe<\/strong>&nbsp;dio a conocer que la salida de Qui\u00f1ones es pr\u00e1cticamente un hecho, por lo que ser\u00eda la primera baja del Am\u00e9rica de cara al siguiente torneo.<\/p>\n\n\n\n<h2 class=\"wp-block-heading\">\u00bfQu\u00e9 dijo John Sutcliffe sobre la salida de Juli\u00e1n Qui\u00f1ones del Am\u00e9rica?<\/h2>\n\n\n\n<p>En un video que el periodista comparti\u00f3 en sus redes sociales, \u00e9ste indica que lo que se ven\u00eda escuchando\u00a0<strong>ahora ya est\u00e1 \u201cconfirmado\u201d.<\/strong><\/p>\n\n\n\n<figure class=\"wp-block-embed is-type-rich is-provider-twitter wp-block-embed-twitter\"><div class=\"wp-block-embed__wrapper\">\n<blockquote class=\"twitter-tweet\" data-width=\"550\" data-dnt=\"true\"><p lang=\"es\" dir=\"ltr\">Confirmado <a href=\"https:\/\/twitter.com\/julian_quiones3?ref_src=twsrc%5Etfw\">@julian_quiones3<\/a> sale del <a href=\"https:\/\/twitter.com\/ClubAmerica?ref_src=twsrc%5Etfw\">@clubamerica<\/a>, les cuento lo que s\u00e9.<br><br>Qui\u00e9n les gustar\u00eda que llegara en su lugar?<br><br>Los leo y les contesto \ud83d\udc40<a href=\"https:\/\/twitter.com\/hashtag\/soccer?src=hash&amp;ref_src=twsrc%5Etfw\">#soccer<\/a> <a href=\"https:\/\/twitter.com\/hashtag\/arabia?src=hash&amp;ref_src=twsrc%5Etfw\">#arabia<\/a> <a href=\"https:\/\/twitter.com\/hashtag\/clubamerica?src=hash&amp;ref_src=twsrc%5Etfw\">#clubamerica<\/a> <a href=\"https:\/\/t.co\/AecsujHfxM\">pic.twitter.com\/AecsujHfxM<\/a><\/p>&mdash; John Sutcliffe (@espnsutcliffe) <a href=\"https:\/\/twitter.com\/espnsutcliffe\/status\/1795505297596764355?ref_src=twsrc%5Etfw\">May 28, 2024<\/a><\/blockquote><script async src=\"https:\/\/platform.twitter.com\/widgets.js\" charset=\"utf-8\"><\/script>\n<\/div><\/figure>\n\n\n\n<blockquote class=\"wp-block-quote is-layout-flow wp-block-quote-is-layout-flow\">\n<p>\u201cConfirmado, Juli\u00e1n Qui\u00f1ones sale de las \u00c1guilas del Am\u00e9rica, lo que se ha manejado en las \u00faltimas horas se los pudo confirmar, se va al futbol de Arabia\u201d, comienza el video de Sutcliffe.<\/p>\n<\/blockquote>\n\n\n\n<p>El periodista no revel\u00f3 ning\u00fan monto ni nada por el estilo pero dio a entender que \u00e9ste puede ser muy elevado, e incluso asegur\u00f3 que<strong>&nbsp;no sabe cu\u00e1l es el equipo al que estar\u00e1 llegando<\/strong>&nbsp;el delantero, \u00fanicamente pudo afirmar que no se trata del equipo en el que juega la leyenda portuguesa Cristiano Ronaldo.<\/p>\n\n\n\n<blockquote class=\"wp-block-quote is-layout-flow wp-block-quote-is-layout-flow\">\n<p>\u201cHay que recordar que el fondo de inversi\u00f3n arabe le ha metido todo el billete, ha destruido otros deportes como el golf, ahora el tenis, el p\u00e1del y pues no puedes competir contra eso\u201d.<\/p>\n\n\n\n<p>Con esta baja, de acuerdo con Sutcliffe, el Am\u00e9rica ya tendr\u00eda disponibles dos plazas para extranjeros, siendo la otra la del uruguayo Jonathan \u2018Cabecita\u2019 Rodriguez, quien se fue hace unos meses del Nido, adem\u00e1s de que existe la posibilidad de que\u00a0<strong>otro que tambi\u00e9n se vaya pronto sea Brian Rodr\u00edguez.<\/strong><\/p>\n\n\n\n<p><strong>N\u00fameros de Qui\u00f1ones con el Am\u00e9rica<\/strong><\/p>\n\n\n\n<p>Juli\u00e1n Qui\u00f1ones lleg\u00f3 al Am\u00e9rica en 2023, jugando sus primeros minutos en el torneo de la Liga MX y la MLS,&nbsp;<strong>Leagues Cup<\/strong>.<\/p>\n\n\n\n<p>En el a\u00f1o que ha estado defendiendo los colores del Am\u00e9rica, el colombiano pudo jugar un total de&nbsp;<strong>52 partidos<\/strong>, en los que pudo anotar&nbsp;<strong>23 goles<\/strong>&nbsp;y aportar con 10 asistencias.<\/p>\n\n\n\n<p>En cuanto a t\u00edtulos, el nacionalizado mexicano pudo levantar dos trofeos, ambos de Liga MX,<strong>\u00a0uno del Apertura 2023 y otro del Clausura 2024<\/strong>, convirti\u00e9ndose en el\u00a0segundo jugador en levantar dos bicampeonatos ya que anteriormente lo hab\u00eda hecho con el Atlas.<\/p>\n<\/blockquote>\n","protected":false},"excerpt":{"rendered":"<p>Por Redacci\u00f3n QP El periodista deportivo de ESPN asegur\u00f3 que Juli\u00e1n Qui\u00f1ones ser\u00e1 la primera&#8230;<\/p>\n","protected":false},"author":2,"featured_media":110394,"comment_status":"open","ping_status":"open","sticky":false,"template":"","format":"standard","meta":{"_monsterinsights_skip_tracking":false,"_monsterinsights_sitenote_active":false,"_monsterinsights_sitenote_note":"","_monsterinsights_sitenote_category":0,"footnotes":""},"categories":[54],"tags":[],"class_list":["post-110393","post","type-post","status-publish","format-standard","has-post-thumbnail","hentry","category-deportes"],"yoast_head":"<!-- This site is optimized with the Yoast SEO plugin v27.3 - https:\/\/yoast.com\/product\/yoast-seo-wordpress\/ -->\n<title>John Sutcliffe confirma la salida de Juli\u00e1n Qui\u00f1ones del Club Am\u00e9rica -<\/title>\n<meta name=\"robots\" content=\"index, follow, max-snippet:-1, max-image-preview:large, max-video-preview:-1\" \/>\n<link rel=\"canonical\" href=\"https:\/\/quehacerpolitico.mx\/?p=110393\" \/>\n<meta property=\"og:locale\" content=\"es_MX\" \/>\n<meta property=\"og:type\" content=\"article\" \/>\n<meta property=\"og:title\" content=\"John Sutcliffe confirma la salida de Juli\u00e1n Qui\u00f1ones del Club Am\u00e9rica -\" \/>\n<meta property=\"og:description\" content=\"Por Redacci\u00f3n QP El periodista deportivo de ESPN asegur\u00f3 que Juli\u00e1n Qui\u00f1ones ser\u00e1 la primera...\" \/>\n<meta property=\"og:url\" content=\"https:\/\/quehacerpolitico.mx\/?p=110393\" \/>\n<meta property=\"article:published_time\" content=\"2024-05-28T20:36:38+00:00\" \/>\n<meta property=\"article:modified_time\" content=\"2024-05-28T20:36:43+00:00\" \/>\n<meta property=\"og:image\" content=\"https:\/\/quehacerpolitico.mx\/wp-content\/uploads\/2024\/05\/IMG_5926.jpeg\" \/>\n\t<meta property=\"og:image:width\" content=\"680\" \/>\n\t<meta property=\"og:image:height\" content=\"451\" \/>\n\t<meta property=\"og:image:type\" content=\"image\/jpeg\" \/>\n<meta name=\"author\" content=\"Redacci\u00f3n QP\" \/>\n<meta name=\"twitter:card\" content=\"summary_large_image\" \/>\n<meta name=\"twitter:label1\" content=\"Escrito por\" \/>\n\t<meta name=\"twitter:data1\" content=\"Redacci\u00f3n QP\" \/>\n\t<meta name=\"twitter:label2\" content=\"Tiempo de lectura\" \/>\n\t<meta name=\"twitter:data2\" content=\"3 minutos\" \/>\n<script type=\"application\/ld+json\" class=\"yoast-schema-graph\">{\"@context\":\"https:\\\/\\\/schema.org\",\"@graph\":[{\"@type\":\"Article\",\"@id\":\"https:\\\/\\\/quehacerpolitico.mx\\\/?p=110393#article\",\"isPartOf\":{\"@id\":\"https:\\\/\\\/quehacerpolitico.mx\\\/?p=110393\"},\"author\":{\"name\":\"Redacci\u00f3n QP\",\"@id\":\"https:\\\/\\\/quehacerpolitico.mx\\\/#\\\/schema\\\/person\\\/496d8ad2d1d3f8036101dca7ee39e585\"},\"headline\":\"John Sutcliffe confirma la salida de Juli\u00e1n Qui\u00f1ones del Club Am\u00e9rica\",\"datePublished\":\"2024-05-28T20:36:38+00:00\",\"dateModified\":\"2024-05-28T20:36:43+00:00\",\"mainEntityOfPage\":{\"@id\":\"https:\\\/\\\/quehacerpolitico.mx\\\/?p=110393\"},\"wordCount\":546,\"commentCount\":0,\"image\":{\"@id\":\"https:\\\/\\\/quehacerpolitico.mx\\\/?p=110393#primaryimage\"},\"thumbnailUrl\":\"https:\\\/\\\/quehacerpolitico.mx\\\/wp-content\\\/uploads\\\/2024\\\/05\\\/IMG_5926.jpeg\",\"articleSection\":[\"Deportes\"],\"inLanguage\":\"es\",\"potentialAction\":[{\"@type\":\"CommentAction\",\"name\":\"Comment\",\"target\":[\"https:\\\/\\\/quehacerpolitico.mx\\\/?p=110393#respond\"]}]},{\"@type\":\"WebPage\",\"@id\":\"https:\\\/\\\/quehacerpolitico.mx\\\/?p=110393\",\"url\":\"https:\\\/\\\/quehacerpolitico.mx\\\/?p=110393\",\"name\":\"John Sutcliffe confirma la salida de Juli\u00e1n Qui\u00f1ones del Club Am\u00e9rica -\",\"isPartOf\":{\"@id\":\"https:\\\/\\\/quehacerpolitico.mx\\\/#website\"},\"primaryImageOfPage\":{\"@id\":\"https:\\\/\\\/quehacerpolitico.mx\\\/?p=110393#primaryimage\"},\"image\":{\"@id\":\"https:\\\/\\\/quehacerpolitico.mx\\\/?p=110393#primaryimage\"},\"thumbnailUrl\":\"https:\\\/\\\/quehacerpolitico.mx\\\/wp-content\\\/uploads\\\/2024\\\/05\\\/IMG_5926.jpeg\",\"datePublished\":\"2024-05-28T20:36:38+00:00\",\"dateModified\":\"2024-05-28T20:36:43+00:00\",\"author\":{\"@id\":\"https:\\\/\\\/quehacerpolitico.mx\\\/#\\\/schema\\\/person\\\/496d8ad2d1d3f8036101dca7ee39e585\"},\"breadcrumb\":{\"@id\":\"https:\\\/\\\/quehacerpolitico.mx\\\/?p=110393#breadcrumb\"},\"inLanguage\":\"es\",\"potentialAction\":[{\"@type\":\"ReadAction\",\"target\":[\"https:\\\/\\\/quehacerpolitico.mx\\\/?p=110393\"]}]},{\"@type\":\"ImageObject\",\"inLanguage\":\"es\",\"@id\":\"https:\\\/\\\/quehacerpolitico.mx\\\/?p=110393#primaryimage\",\"url\":\"https:\\\/\\\/quehacerpolitico.mx\\\/wp-content\\\/uploads\\\/2024\\\/05\\\/IMG_5926.jpeg\",\"contentUrl\":\"https:\\\/\\\/quehacerpolitico.mx\\\/wp-content\\\/uploads\\\/2024\\\/05\\\/IMG_5926.jpeg\",\"width\":680,\"height\":451},{\"@type\":\"BreadcrumbList\",\"@id\":\"https:\\\/\\\/quehacerpolitico.mx\\\/?p=110393#breadcrumb\",\"itemListElement\":[{\"@type\":\"ListItem\",\"position\":1,\"name\":\"Inicio\",\"item\":\"https:\\\/\\\/quehacerpolitico.mx\\\/\"},{\"@type\":\"ListItem\",\"position\":2,\"name\":\"John Sutcliffe confirma la salida de Juli\u00e1n Qui\u00f1ones del Club Am\u00e9rica\"}]},{\"@type\":\"WebSite\",\"@id\":\"https:\\\/\\\/quehacerpolitico.mx\\\/#website\",\"url\":\"https:\\\/\\\/quehacerpolitico.mx\\\/\",\"name\":\"\",\"description\":\"\",\"potentialAction\":[{\"@type\":\"SearchAction\",\"target\":{\"@type\":\"EntryPoint\",\"urlTemplate\":\"https:\\\/\\\/quehacerpolitico.mx\\\/?s={search_term_string}\"},\"query-input\":{\"@type\":\"PropertyValueSpecification\",\"valueRequired\":true,\"valueName\":\"search_term_string\"}}],\"inLanguage\":\"es\"},{\"@type\":\"Person\",\"@id\":\"https:\\\/\\\/quehacerpolitico.mx\\\/#\\\/schema\\\/person\\\/496d8ad2d1d3f8036101dca7ee39e585\",\"name\":\"Redacci\u00f3n QP\",\"image\":{\"@type\":\"ImageObject\",\"inLanguage\":\"es\",\"@id\":\"https:\\\/\\\/secure.gravatar.com\\\/avatar\\\/c7164ed6fdec453195284ad24a5ae5b6e1eed2b848477fa2a4787ba9adf39a41?s=96&d=mm&r=g\",\"url\":\"https:\\\/\\\/secure.gravatar.com\\\/avatar\\\/c7164ed6fdec453195284ad24a5ae5b6e1eed2b848477fa2a4787ba9adf39a41?s=96&d=mm&r=g\",\"contentUrl\":\"https:\\\/\\\/secure.gravatar.com\\\/avatar\\\/c7164ed6fdec453195284ad24a5ae5b6e1eed2b848477fa2a4787ba9adf39a41?s=96&d=mm&r=g\",\"caption\":\"Redacci\u00f3n QP\"},\"url\":\"https:\\\/\\\/quehacerpolitico.mx\\\/?author=2\"}]}<\/script>\n<!-- \/ Yoast SEO plugin. -->","yoast_head_json":{"title":"John Sutcliffe confirma la salida de Juli\u00e1n Qui\u00f1ones del Club Am\u00e9rica -","robots":{"index":"index","follow":"follow","max-snippet":"max-snippet:-1","max-image-preview":"max-image-preview:large","max-video-preview":"max-video-preview:-1"},"canonical":"https:\/\/quehacerpolitico.mx\/?p=110393","og_locale":"es_MX","og_type":"article","og_title":"John Sutcliffe confirma la salida de Juli\u00e1n Qui\u00f1ones del Club Am\u00e9rica -","og_description":"Por Redacci\u00f3n QP El periodista deportivo de ESPN asegur\u00f3 que Juli\u00e1n Qui\u00f1ones ser\u00e1 la primera...","og_url":"https:\/\/quehacerpolitico.mx\/?p=110393","article_published_time":"2024-05-28T20:36:38+00:00","article_modified_time":"2024-05-28T20:36:43+00:00","og_image":[{"width":680,"height":451,"url":"https:\/\/quehacerpolitico.mx\/wp-content\/uploads\/2024\/05\/IMG_5926.jpeg","type":"image\/jpeg"}],"author":"Redacci\u00f3n QP","twitter_card":"summary_large_image","twitter_misc":{"Escrito por":"Redacci\u00f3n QP","Tiempo de lectura":"3 minutos"},"schema":{"@context":"https:\/\/schema.org","@graph":[{"@type":"Article","@id":"https:\/\/quehacerpolitico.mx\/?p=110393#article","isPartOf":{"@id":"https:\/\/quehacerpolitico.mx\/?p=110393"},"author":{"name":"Redacci\u00f3n QP","@id":"https:\/\/quehacerpolitico.mx\/#\/schema\/person\/496d8ad2d1d3f8036101dca7ee39e585"},"headline":"John Sutcliffe confirma la salida de Juli\u00e1n Qui\u00f1ones del Club Am\u00e9rica","datePublished":"2024-05-28T20:36:38+00:00","dateModified":"2024-05-28T20:36:43+00:00","mainEntityOfPage":{"@id":"https:\/\/quehacerpolitico.mx\/?p=110393"},"wordCount":546,"commentCount":0,"image":{"@id":"https:\/\/quehacerpolitico.mx\/?p=110393#primaryimage"},"thumbnailUrl":"https:\/\/quehacerpolitico.mx\/wp-content\/uploads\/2024\/05\/IMG_5926.jpeg","articleSection":["Deportes"],"inLanguage":"es","potentialAction":[{"@type":"CommentAction","name":"Comment","target":["https:\/\/quehacerpolitico.mx\/?p=110393#respond"]}]},{"@type":"WebPage","@id":"https:\/\/quehacerpolitico.mx\/?p=110393","url":"https:\/\/quehacerpolitico.mx\/?p=110393","name":"John Sutcliffe confirma la salida de Juli\u00e1n Qui\u00f1ones del Club Am\u00e9rica -","isPartOf":{"@id":"https:\/\/quehacerpolitico.mx\/#website"},"primaryImageOfPage":{"@id":"https:\/\/quehacerpolitico.mx\/?p=110393#primaryimage"},"image":{"@id":"https:\/\/quehacerpolitico.mx\/?p=110393#primaryimage"},"thumbnailUrl":"https:\/\/quehacerpolitico.mx\/wp-content\/uploads\/2024\/05\/IMG_5926.jpeg","datePublished":"2024-05-28T20:36:38+00:00","dateModified":"2024-05-28T20:36:43+00:00","author":{"@id":"https:\/\/quehacerpolitico.mx\/#\/schema\/person\/496d8ad2d1d3f8036101dca7ee39e585"},"breadcrumb":{"@id":"https:\/\/quehacerpolitico.mx\/?p=110393#breadcrumb"},"inLanguage":"es","potentialAction":[{"@type":"ReadAction","target":["https:\/\/quehacerpolitico.mx\/?p=110393"]}]},{"@type":"ImageObject","inLanguage":"es","@id":"https:\/\/quehacerpolitico.mx\/?p=110393#primaryimage","url":"https:\/\/quehacerpolitico.mx\/wp-content\/uploads\/2024\/05\/IMG_5926.jpeg","contentUrl":"https:\/\/quehacerpolitico.mx\/wp-content\/uploads\/2024\/05\/IMG_5926.jpeg","width":680,"height":451},{"@type":"BreadcrumbList","@id":"https:\/\/quehacerpolitico.mx\/?p=110393#breadcrumb","itemListElement":[{"@type":"ListItem","position":1,"name":"Inicio","item":"https:\/\/quehacerpolitico.mx\/"},{"@type":"ListItem","position":2,"name":"John Sutcliffe confirma la salida de Juli\u00e1n Qui\u00f1ones del Club Am\u00e9rica"}]},{"@type":"WebSite","@id":"https:\/\/quehacerpolitico.mx\/#website","url":"https:\/\/quehacerpolitico.mx\/","name":"","description":"","potentialAction":[{"@type":"SearchAction","target":{"@type":"EntryPoint","urlTemplate":"https:\/\/quehacerpolitico.mx\/?s={search_term_string}"},"query-input":{"@type":"PropertyValueSpecification","valueRequired":true,"valueName":"search_term_string"}}],"inLanguage":"es"},{"@type":"Person","@id":"https:\/\/quehacerpolitico.mx\/#\/schema\/person\/496d8ad2d1d3f8036101dca7ee39e585","name":"Redacci\u00f3n QP","image":{"@type":"ImageObject","inLanguage":"es","@id":"https:\/\/secure.gravatar.com\/avatar\/c7164ed6fdec453195284ad24a5ae5b6e1eed2b848477fa2a4787ba9adf39a41?s=96&d=mm&r=g","url":"https:\/\/secure.gravatar.com\/avatar\/c7164ed6fdec453195284ad24a5ae5b6e1eed2b848477fa2a4787ba9adf39a41?s=96&d=mm&r=g","contentUrl":"https:\/\/secure.gravatar.com\/avatar\/c7164ed6fdec453195284ad24a5ae5b6e1eed2b848477fa2a4787ba9adf39a41?s=96&d=mm&r=g","caption":"Redacci\u00f3n QP"},"url":"https:\/\/quehacerpolitico.mx\/?author=2"}]}},"featured_image_urls":{"full":["https:\/\/quehacerpolitico.mx\/wp-content\/uploads\/2024\/05\/IMG_5926.jpeg",680,451,false],"thumbnail":["https:\/\/quehacerpolitico.mx\/wp-content\/uploads\/2024\/05\/IMG_5926-150x150.jpeg",150,150,true],"medium":["https:\/\/quehacerpolitico.mx\/wp-content\/uploads\/2024\/05\/IMG_5926-300x199.jpeg",300,199,true],"medium_large":["https:\/\/quehacerpolitico.mx\/wp-content\/uploads\/2024\/05\/IMG_5926.jpeg",640,424,false],"large":["https:\/\/quehacerpolitico.mx\/wp-content\/uploads\/2024\/05\/IMG_5926.jpeg",640,424,false],"1536x1536":["https:\/\/quehacerpolitico.mx\/wp-content\/uploads\/2024\/05\/IMG_5926.jpeg",680,451,false],"2048x2048":["https:\/\/quehacerpolitico.mx\/wp-content\/uploads\/2024\/05\/IMG_5926.jpeg",680,451,false],"covernews-featured":["https:\/\/quehacerpolitico.mx\/wp-content\/uploads\/2024\/05\/IMG_5926.jpeg",680,451,false],"covernews-medium":["https:\/\/quehacerpolitico.mx\/wp-content\/uploads\/2024\/05\/IMG_5926.jpeg",513,340,false]},"author_info":{"display_name":"Redacci\u00f3n QP","author_link":"https:\/\/quehacerpolitico.mx\/?author=2"},"category_info":"<a href=\"https:\/\/quehacerpolitico.mx\/?cat=54\" rel=\"category\">Deportes<\/a>","tag_info":"Deportes","comment_count":"0","_links":{"self":[{"href":"https:\/\/quehacerpolitico.mx\/index.php?rest_route=\/wp\/v2\/posts\/110393","targetHints":{"allow":["GET"]}}],"collection":[{"href":"https:\/\/quehacerpolitico.mx\/index.php?rest_route=\/wp\/v2\/posts"}],"about":[{"href":"https:\/\/quehacerpolitico.mx\/index.php?rest_route=\/wp\/v2\/types\/post"}],"author":[{"embeddable":true,"href":"https:\/\/quehacerpolitico.mx\/index.php?rest_route=\/wp\/v2\/users\/2"}],"replies":[{"embeddable":true,"href":"https:\/\/quehacerpolitico.mx\/index.php?rest_route=%2Fwp%2Fv2%2Fcomments&post=110393"}],"version-history":[{"count":1,"href":"https:\/\/quehacerpolitico.mx\/index.php?rest_route=\/wp\/v2\/posts\/110393\/revisions"}],"predecessor-version":[{"id":110395,"href":"https:\/\/quehacerpolitico.mx\/index.php?rest_route=\/wp\/v2\/posts\/110393\/revisions\/110395"}],"wp:featuredmedia":[{"embeddable":true,"href":"https:\/\/quehacerpolitico.mx\/index.php?rest_route=\/wp\/v2\/media\/110394"}],"wp:attachment":[{"href":"https:\/\/quehacerpolitico.mx\/index.php?rest_route=%2Fwp%2Fv2%2Fmedia&parent=110393"}],"wp:term":[{"taxonomy":"category","embeddable":true,"href":"https:\/\/quehacerpolitico.mx\/index.php?rest_route=%2Fwp%2Fv2%2Fcategories&post=110393"},{"taxonomy":"post_tag","embeddable":true,"href":"https:\/\/quehacerpolitico.mx\/index.php?rest_route=%2Fwp%2Fv2%2Ftags&post=110393"}],"curies":[{"name":"wp","href":"https:\/\/api.w.org\/{rel}","templated":true}]}}