{"id":110390,"date":"2024-05-28T20:12:55","date_gmt":"2024-05-28T20:12:55","guid":{"rendered":"https:\/\/quehacerpolitico.mx\/?p=110390"},"modified":"2024-05-28T20:12:57","modified_gmt":"2024-05-28T20:12:57","slug":"proyectos-culturales-mexicanos-son-seleccionados-en-la-convocatoria-ibercultura-viva-2024","status":"publish","type":"post","link":"https:\/\/quehacerpolitico.mx\/?p=110390","title":{"rendered":"Proyectos culturales mexicanos son seleccionados en la Convocatoria IberCultura Viva 2024"},"content":{"rendered":"\n<p>Por Redacci\u00f3n QP<\/p>\n\n\n\n<ul class=\"wp-block-list\">\n<li><strong>Tem\u00e1ticas dirigidas a infancias y juventudes, di\u00e1logos culturales y la realizaci\u00f3n de un congreso son los enfoques de los proyectos ganadores en M\u00e9xico<\/strong><\/li>\n<\/ul>\n\n\n\n<p>El programa IberCultura Viva dio a conocer 37 proyectos ganadores de la Convocatoria de Apoyo a Redes y Proyectos de Trabajo Colaborativo 2024. Entre los seleccionados se encuentran tres proyectos mexicanos: \u201cLa Sonaja: 1\u00b0 Encuentro de Infancias y Adolescencias en las Culturas y los Territorios\u201d, \u201cEncuentro de Memoria y Futuro, Movimiento Latinoamericano de Cultura Viva Comunitaria\u201d y \u201cCuid\u00e1ndonos: Di\u00e1logos culturales sobre las pr\u00e1cticas de cuidados\u201d.<\/p>\n\n\n\n<p>Cabe destacar que IberCultura Viva es un programa de cooperaci\u00f3n t\u00e9cnica y financiera entre gobiernos con el objetivo de promover y fortalecer la diversidad cultural a partir de la realizaci\u00f3n de pol\u00edticas p\u00fablicas y el desarrollo de acciones culturales en Iberoam\u00e9rica.<\/p>\n\n\n\n<p>Las 37 propuestas ganadoras provienen de los 12 pa\u00edses miembros de IberCultura Viva: tres de Argentina, cuatro de Brasil, tres de Chile, cuatro de Colombia, tres de Costa Rica, tres de Ecuador, tres de Espa\u00f1a, dos de El Salvador, tres de M\u00e9xico, tres de Paraguay, tres de Per\u00fa y tres de Uruguay. Cada proyecto seleccionado recibir\u00e1 un est\u00edmulo econ\u00f3mico para cubrir gastos de producci\u00f3n y comunicaci\u00f3n del evento propuesto.<\/p>\n\n\n\n<p>Los proyectos fueron evaluados seg\u00fan su adecuaci\u00f3n a los objetivos estrat\u00e9gicos de IberCultura Viva, impactos art\u00edstico-culturales, econ\u00f3micos o sociales, experiencia de la red proponente, evaluaci\u00f3n t\u00e9cnica, coherencia del presupuesto y plan de trabajo.<\/p>\n\n\n\n<p>La edici\u00f3n 2024 de la Convocatoria estuvo abierta del 23 de enero al 13 de marzo y recibi\u00f3 256 postulaciones. Del total de proyectos enviados, 193 fueron los que enviaron la documentaci\u00f3n correctamente. Los 37 seleccionados fueron los que obtuvieron los m\u00e1s altos puntajes&nbsp;en&nbsp;cada&nbsp;pa\u00eds.<\/p>\n\n\n\n<p><strong>Proyectos de M\u00e9xico<\/strong><\/p>\n\n\n\n<p>\u201cLa Sonaja: 1\u00b0 Encuentro de Infancias y Adolescencias en las Culturas y los Territorios\u201d, articulado por la Red Voces y Resonancias de las Infancias y Juventudes en los Territorios, se realizar\u00e1 en Guadalajara, Jalisco. Su objetivo es visibilizar y reconocer a las infancias y juventudes en los ecosistemas culturales de los territorios. Este encuentro busca detonar un proceso l\u00fadico y de an\u00e1lisis para colocar al centro las miradas y lenguajes de ni\u00f1as, ni\u00f1os y adolescentes en la construcci\u00f3n de sus identidades.<\/p>\n\n\n\n<p>\u201cEncuentro de Memoria y Futuro, Movimiento Latinoamericano de Cultura Viva Comunitaria\u201d, a cargo de la Fogata de Memoria del Movimiento Latinoamericano de Cultura Viva Comunitaria, se realizar\u00e1 en julio de este a\u00f1o. Es una articulaci\u00f3n de agentes culturales que han participado en la construcci\u00f3n y sostenibilidad del movimiento latinoamericano de Cultura Viva Comunitaria. Su objetivo es fortalecer la realizaci\u00f3n del VI Congreso Latinoamericano con sede en M\u00e9xico y la articulaci\u00f3n de redes y organizaciones. Este encuentro desarrollar\u00e1 una metodolog\u00eda de participaci\u00f3n activa y colectiva para compartir conocimientos y aprendizajes del Movimiento Latinoamericano de Cultura Viva Comunitaria de los \u00faltimos 14 a\u00f1os y crear una ruta de trabajo colaborativo para 2024-2026.<\/p>\n\n\n\n<p>\u201cCuid\u00e1ndonos: Di\u00e1logos culturales sobre las pr\u00e1cticas de cuidados\u201d, articulado por la Comunidad de Creaci\u00f3n y Cuidados, se realizar\u00e1 en San Francisco Tetlanohcan, Tlaxcala. Busca reconocer las pr\u00e1cticas de cuidados como contranarrativas a las violencias cotidianas que enfrentan las mujeres de esa comunidad y promover la construcci\u00f3n de sus autonom\u00edas e identidades.<\/p>\n\n\n\n<p>El listado completo puede consultarse en la p\u00e1gina&nbsp;<em>web<\/em>&nbsp;de IberCultura Viva&nbsp;<a href=\"https:\/\/iberculturaviva.org\/34-propuestas-resultaron-seleccionadas-en-la-convocatoria-de-apoyo-a-redes-y-proyectos-de-trabajo-colaborativo-2024\/?lang=es\" target=\"_blank\" rel=\"noreferrer noopener\">iberculturaviva.org\/<\/a><\/p>\n","protected":false},"excerpt":{"rendered":"<p>Por Redacci\u00f3n QP El programa IberCultura Viva dio a conocer 37 proyectos ganadores de la&#8230;<\/p>\n","protected":false},"author":2,"featured_media":110391,"comment_status":"open","ping_status":"open","sticky":false,"template":"","format":"standard","meta":{"_monsterinsights_skip_tracking":false,"_monsterinsights_sitenote_active":false,"_monsterinsights_sitenote_note":"","_monsterinsights_sitenote_category":0,"footnotes":""},"categories":[58],"tags":[],"class_list":["post-110390","post","type-post","status-publish","format-standard","has-post-thumbnail","hentry","category-cultura"],"yoast_head":"<!-- This site is optimized with the Yoast SEO plugin v27.3 - https:\/\/yoast.com\/product\/yoast-seo-wordpress\/ -->\n<title>Proyectos culturales mexicanos son seleccionados en la Convocatoria IberCultura Viva 2024 -<\/title>\n<meta name=\"robots\" content=\"index, follow, max-snippet:-1, max-image-preview:large, max-video-preview:-1\" \/>\n<link rel=\"canonical\" href=\"https:\/\/quehacerpolitico.mx\/?p=110390\" \/>\n<meta property=\"og:locale\" content=\"es_MX\" \/>\n<meta property=\"og:type\" content=\"article\" \/>\n<meta property=\"og:title\" content=\"Proyectos culturales mexicanos son seleccionados en la Convocatoria IberCultura Viva 2024 -\" \/>\n<meta property=\"og:description\" content=\"Por Redacci\u00f3n QP El programa IberCultura Viva dio a conocer 37 proyectos ganadores de la...\" \/>\n<meta property=\"og:url\" content=\"https:\/\/quehacerpolitico.mx\/?p=110390\" \/>\n<meta property=\"article:published_time\" content=\"2024-05-28T20:12:55+00:00\" \/>\n<meta property=\"article:modified_time\" content=\"2024-05-28T20:12:57+00:00\" \/>\n<meta property=\"og:image\" content=\"https:\/\/quehacerpolitico.mx\/wp-content\/uploads\/2024\/05\/IMG_5925.jpeg\" \/>\n\t<meta property=\"og:image:width\" content=\"689\" \/>\n\t<meta property=\"og:image:height\" content=\"349\" \/>\n\t<meta property=\"og:image:type\" content=\"image\/jpeg\" \/>\n<meta name=\"author\" content=\"Redacci\u00f3n QP\" \/>\n<meta name=\"twitter:card\" content=\"summary_large_image\" \/>\n<meta name=\"twitter:label1\" content=\"Escrito por\" \/>\n\t<meta name=\"twitter:data1\" content=\"Redacci\u00f3n QP\" \/>\n\t<meta name=\"twitter:label2\" content=\"Tiempo de lectura\" \/>\n\t<meta name=\"twitter:data2\" content=\"3 minutos\" \/>\n<script type=\"application\/ld+json\" class=\"yoast-schema-graph\">{\"@context\":\"https:\\\/\\\/schema.org\",\"@graph\":[{\"@type\":\"Article\",\"@id\":\"https:\\\/\\\/quehacerpolitico.mx\\\/?p=110390#article\",\"isPartOf\":{\"@id\":\"https:\\\/\\\/quehacerpolitico.mx\\\/?p=110390\"},\"author\":{\"name\":\"Redacci\u00f3n QP\",\"@id\":\"https:\\\/\\\/quehacerpolitico.mx\\\/#\\\/schema\\\/person\\\/496d8ad2d1d3f8036101dca7ee39e585\"},\"headline\":\"Proyectos culturales mexicanos son seleccionados en la Convocatoria IberCultura Viva 2024\",\"datePublished\":\"2024-05-28T20:12:55+00:00\",\"dateModified\":\"2024-05-28T20:12:57+00:00\",\"mainEntityOfPage\":{\"@id\":\"https:\\\/\\\/quehacerpolitico.mx\\\/?p=110390\"},\"wordCount\":598,\"commentCount\":0,\"image\":{\"@id\":\"https:\\\/\\\/quehacerpolitico.mx\\\/?p=110390#primaryimage\"},\"thumbnailUrl\":\"https:\\\/\\\/quehacerpolitico.mx\\\/wp-content\\\/uploads\\\/2024\\\/05\\\/IMG_5925.jpeg\",\"articleSection\":[\"Cultura y Entretenimiento\"],\"inLanguage\":\"es\",\"potentialAction\":[{\"@type\":\"CommentAction\",\"name\":\"Comment\",\"target\":[\"https:\\\/\\\/quehacerpolitico.mx\\\/?p=110390#respond\"]}]},{\"@type\":\"WebPage\",\"@id\":\"https:\\\/\\\/quehacerpolitico.mx\\\/?p=110390\",\"url\":\"https:\\\/\\\/quehacerpolitico.mx\\\/?p=110390\",\"name\":\"Proyectos culturales mexicanos son seleccionados en la Convocatoria IberCultura Viva 2024 -\",\"isPartOf\":{\"@id\":\"https:\\\/\\\/quehacerpolitico.mx\\\/#website\"},\"primaryImageOfPage\":{\"@id\":\"https:\\\/\\\/quehacerpolitico.mx\\\/?p=110390#primaryimage\"},\"image\":{\"@id\":\"https:\\\/\\\/quehacerpolitico.mx\\\/?p=110390#primaryimage\"},\"thumbnailUrl\":\"https:\\\/\\\/quehacerpolitico.mx\\\/wp-content\\\/uploads\\\/2024\\\/05\\\/IMG_5925.jpeg\",\"datePublished\":\"2024-05-28T20:12:55+00:00\",\"dateModified\":\"2024-05-28T20:12:57+00:00\",\"author\":{\"@id\":\"https:\\\/\\\/quehacerpolitico.mx\\\/#\\\/schema\\\/person\\\/496d8ad2d1d3f8036101dca7ee39e585\"},\"breadcrumb\":{\"@id\":\"https:\\\/\\\/quehacerpolitico.mx\\\/?p=110390#breadcrumb\"},\"inLanguage\":\"es\",\"potentialAction\":[{\"@type\":\"ReadAction\",\"target\":[\"https:\\\/\\\/quehacerpolitico.mx\\\/?p=110390\"]}]},{\"@type\":\"ImageObject\",\"inLanguage\":\"es\",\"@id\":\"https:\\\/\\\/quehacerpolitico.mx\\\/?p=110390#primaryimage\",\"url\":\"https:\\\/\\\/quehacerpolitico.mx\\\/wp-content\\\/uploads\\\/2024\\\/05\\\/IMG_5925.jpeg\",\"contentUrl\":\"https:\\\/\\\/quehacerpolitico.mx\\\/wp-content\\\/uploads\\\/2024\\\/05\\\/IMG_5925.jpeg\",\"width\":689,\"height\":349},{\"@type\":\"BreadcrumbList\",\"@id\":\"https:\\\/\\\/quehacerpolitico.mx\\\/?p=110390#breadcrumb\",\"itemListElement\":[{\"@type\":\"ListItem\",\"position\":1,\"name\":\"Inicio\",\"item\":\"https:\\\/\\\/quehacerpolitico.mx\\\/\"},{\"@type\":\"ListItem\",\"position\":2,\"name\":\"Proyectos culturales mexicanos son seleccionados en la Convocatoria IberCultura Viva 2024\"}]},{\"@type\":\"WebSite\",\"@id\":\"https:\\\/\\\/quehacerpolitico.mx\\\/#website\",\"url\":\"https:\\\/\\\/quehacerpolitico.mx\\\/\",\"name\":\"\",\"description\":\"\",\"potentialAction\":[{\"@type\":\"SearchAction\",\"target\":{\"@type\":\"EntryPoint\",\"urlTemplate\":\"https:\\\/\\\/quehacerpolitico.mx\\\/?s={search_term_string}\"},\"query-input\":{\"@type\":\"PropertyValueSpecification\",\"valueRequired\":true,\"valueName\":\"search_term_string\"}}],\"inLanguage\":\"es\"},{\"@type\":\"Person\",\"@id\":\"https:\\\/\\\/quehacerpolitico.mx\\\/#\\\/schema\\\/person\\\/496d8ad2d1d3f8036101dca7ee39e585\",\"name\":\"Redacci\u00f3n QP\",\"image\":{\"@type\":\"ImageObject\",\"inLanguage\":\"es\",\"@id\":\"https:\\\/\\\/secure.gravatar.com\\\/avatar\\\/c7164ed6fdec453195284ad24a5ae5b6e1eed2b848477fa2a4787ba9adf39a41?s=96&d=mm&r=g\",\"url\":\"https:\\\/\\\/secure.gravatar.com\\\/avatar\\\/c7164ed6fdec453195284ad24a5ae5b6e1eed2b848477fa2a4787ba9adf39a41?s=96&d=mm&r=g\",\"contentUrl\":\"https:\\\/\\\/secure.gravatar.com\\\/avatar\\\/c7164ed6fdec453195284ad24a5ae5b6e1eed2b848477fa2a4787ba9adf39a41?s=96&d=mm&r=g\",\"caption\":\"Redacci\u00f3n QP\"},\"url\":\"https:\\\/\\\/quehacerpolitico.mx\\\/?author=2\"}]}<\/script>\n<!-- \/ Yoast SEO plugin. -->","yoast_head_json":{"title":"Proyectos culturales mexicanos son seleccionados en la Convocatoria IberCultura Viva 2024 -","robots":{"index":"index","follow":"follow","max-snippet":"max-snippet:-1","max-image-preview":"max-image-preview:large","max-video-preview":"max-video-preview:-1"},"canonical":"https:\/\/quehacerpolitico.mx\/?p=110390","og_locale":"es_MX","og_type":"article","og_title":"Proyectos culturales mexicanos son seleccionados en la Convocatoria IberCultura Viva 2024 -","og_description":"Por Redacci\u00f3n QP El programa IberCultura Viva dio a conocer 37 proyectos ganadores de la...","og_url":"https:\/\/quehacerpolitico.mx\/?p=110390","article_published_time":"2024-05-28T20:12:55+00:00","article_modified_time":"2024-05-28T20:12:57+00:00","og_image":[{"width":689,"height":349,"url":"https:\/\/quehacerpolitico.mx\/wp-content\/uploads\/2024\/05\/IMG_5925.jpeg","type":"image\/jpeg"}],"author":"Redacci\u00f3n QP","twitter_card":"summary_large_image","twitter_misc":{"Escrito por":"Redacci\u00f3n QP","Tiempo de lectura":"3 minutos"},"schema":{"@context":"https:\/\/schema.org","@graph":[{"@type":"Article","@id":"https:\/\/quehacerpolitico.mx\/?p=110390#article","isPartOf":{"@id":"https:\/\/quehacerpolitico.mx\/?p=110390"},"author":{"name":"Redacci\u00f3n QP","@id":"https:\/\/quehacerpolitico.mx\/#\/schema\/person\/496d8ad2d1d3f8036101dca7ee39e585"},"headline":"Proyectos culturales mexicanos son seleccionados en la Convocatoria IberCultura Viva 2024","datePublished":"2024-05-28T20:12:55+00:00","dateModified":"2024-05-28T20:12:57+00:00","mainEntityOfPage":{"@id":"https:\/\/quehacerpolitico.mx\/?p=110390"},"wordCount":598,"commentCount":0,"image":{"@id":"https:\/\/quehacerpolitico.mx\/?p=110390#primaryimage"},"thumbnailUrl":"https:\/\/quehacerpolitico.mx\/wp-content\/uploads\/2024\/05\/IMG_5925.jpeg","articleSection":["Cultura y Entretenimiento"],"inLanguage":"es","potentialAction":[{"@type":"CommentAction","name":"Comment","target":["https:\/\/quehacerpolitico.mx\/?p=110390#respond"]}]},{"@type":"WebPage","@id":"https:\/\/quehacerpolitico.mx\/?p=110390","url":"https:\/\/quehacerpolitico.mx\/?p=110390","name":"Proyectos culturales mexicanos son seleccionados en la Convocatoria IberCultura Viva 2024 -","isPartOf":{"@id":"https:\/\/quehacerpolitico.mx\/#website"},"primaryImageOfPage":{"@id":"https:\/\/quehacerpolitico.mx\/?p=110390#primaryimage"},"image":{"@id":"https:\/\/quehacerpolitico.mx\/?p=110390#primaryimage"},"thumbnailUrl":"https:\/\/quehacerpolitico.mx\/wp-content\/uploads\/2024\/05\/IMG_5925.jpeg","datePublished":"2024-05-28T20:12:55+00:00","dateModified":"2024-05-28T20:12:57+00:00","author":{"@id":"https:\/\/quehacerpolitico.mx\/#\/schema\/person\/496d8ad2d1d3f8036101dca7ee39e585"},"breadcrumb":{"@id":"https:\/\/quehacerpolitico.mx\/?p=110390#breadcrumb"},"inLanguage":"es","potentialAction":[{"@type":"ReadAction","target":["https:\/\/quehacerpolitico.mx\/?p=110390"]}]},{"@type":"ImageObject","inLanguage":"es","@id":"https:\/\/quehacerpolitico.mx\/?p=110390#primaryimage","url":"https:\/\/quehacerpolitico.mx\/wp-content\/uploads\/2024\/05\/IMG_5925.jpeg","contentUrl":"https:\/\/quehacerpolitico.mx\/wp-content\/uploads\/2024\/05\/IMG_5925.jpeg","width":689,"height":349},{"@type":"BreadcrumbList","@id":"https:\/\/quehacerpolitico.mx\/?p=110390#breadcrumb","itemListElement":[{"@type":"ListItem","position":1,"name":"Inicio","item":"https:\/\/quehacerpolitico.mx\/"},{"@type":"ListItem","position":2,"name":"Proyectos culturales mexicanos son seleccionados en la Convocatoria IberCultura Viva 2024"}]},{"@type":"WebSite","@id":"https:\/\/quehacerpolitico.mx\/#website","url":"https:\/\/quehacerpolitico.mx\/","name":"","description":"","potentialAction":[{"@type":"SearchAction","target":{"@type":"EntryPoint","urlTemplate":"https:\/\/quehacerpolitico.mx\/?s={search_term_string}"},"query-input":{"@type":"PropertyValueSpecification","valueRequired":true,"valueName":"search_term_string"}}],"inLanguage":"es"},{"@type":"Person","@id":"https:\/\/quehacerpolitico.mx\/#\/schema\/person\/496d8ad2d1d3f8036101dca7ee39e585","name":"Redacci\u00f3n QP","image":{"@type":"ImageObject","inLanguage":"es","@id":"https:\/\/secure.gravatar.com\/avatar\/c7164ed6fdec453195284ad24a5ae5b6e1eed2b848477fa2a4787ba9adf39a41?s=96&d=mm&r=g","url":"https:\/\/secure.gravatar.com\/avatar\/c7164ed6fdec453195284ad24a5ae5b6e1eed2b848477fa2a4787ba9adf39a41?s=96&d=mm&r=g","contentUrl":"https:\/\/secure.gravatar.com\/avatar\/c7164ed6fdec453195284ad24a5ae5b6e1eed2b848477fa2a4787ba9adf39a41?s=96&d=mm&r=g","caption":"Redacci\u00f3n QP"},"url":"https:\/\/quehacerpolitico.mx\/?author=2"}]}},"featured_image_urls":{"full":["https:\/\/quehacerpolitico.mx\/wp-content\/uploads\/2024\/05\/IMG_5925.jpeg",689,349,false],"thumbnail":["https:\/\/quehacerpolitico.mx\/wp-content\/uploads\/2024\/05\/IMG_5925-150x150.jpeg",150,150,true],"medium":["https:\/\/quehacerpolitico.mx\/wp-content\/uploads\/2024\/05\/IMG_5925-300x152.jpeg",300,152,true],"medium_large":["https:\/\/quehacerpolitico.mx\/wp-content\/uploads\/2024\/05\/IMG_5925.jpeg",640,324,false],"large":["https:\/\/quehacerpolitico.mx\/wp-content\/uploads\/2024\/05\/IMG_5925.jpeg",640,324,false],"1536x1536":["https:\/\/quehacerpolitico.mx\/wp-content\/uploads\/2024\/05\/IMG_5925.jpeg",689,349,false],"2048x2048":["https:\/\/quehacerpolitico.mx\/wp-content\/uploads\/2024\/05\/IMG_5925.jpeg",689,349,false],"covernews-featured":["https:\/\/quehacerpolitico.mx\/wp-content\/uploads\/2024\/05\/IMG_5925.jpeg",689,349,false],"covernews-medium":["https:\/\/quehacerpolitico.mx\/wp-content\/uploads\/2024\/05\/IMG_5925.jpeg",540,274,false]},"author_info":{"display_name":"Redacci\u00f3n QP","author_link":"https:\/\/quehacerpolitico.mx\/?author=2"},"category_info":"<a href=\"https:\/\/quehacerpolitico.mx\/?cat=58\" rel=\"category\">Cultura y Entretenimiento<\/a>","tag_info":"Cultura y Entretenimiento","comment_count":"0","_links":{"self":[{"href":"https:\/\/quehacerpolitico.mx\/index.php?rest_route=\/wp\/v2\/posts\/110390","targetHints":{"allow":["GET"]}}],"collection":[{"href":"https:\/\/quehacerpolitico.mx\/index.php?rest_route=\/wp\/v2\/posts"}],"about":[{"href":"https:\/\/quehacerpolitico.mx\/index.php?rest_route=\/wp\/v2\/types\/post"}],"author":[{"embeddable":true,"href":"https:\/\/quehacerpolitico.mx\/index.php?rest_route=\/wp\/v2\/users\/2"}],"replies":[{"embeddable":true,"href":"https:\/\/quehacerpolitico.mx\/index.php?rest_route=%2Fwp%2Fv2%2Fcomments&post=110390"}],"version-history":[{"count":1,"href":"https:\/\/quehacerpolitico.mx\/index.php?rest_route=\/wp\/v2\/posts\/110390\/revisions"}],"predecessor-version":[{"id":110392,"href":"https:\/\/quehacerpolitico.mx\/index.php?rest_route=\/wp\/v2\/posts\/110390\/revisions\/110392"}],"wp:featuredmedia":[{"embeddable":true,"href":"https:\/\/quehacerpolitico.mx\/index.php?rest_route=\/wp\/v2\/media\/110391"}],"wp:attachment":[{"href":"https:\/\/quehacerpolitico.mx\/index.php?rest_route=%2Fwp%2Fv2%2Fmedia&parent=110390"}],"wp:term":[{"taxonomy":"category","embeddable":true,"href":"https:\/\/quehacerpolitico.mx\/index.php?rest_route=%2Fwp%2Fv2%2Fcategories&post=110390"},{"taxonomy":"post_tag","embeddable":true,"href":"https:\/\/quehacerpolitico.mx\/index.php?rest_route=%2Fwp%2Fv2%2Ftags&post=110390"}],"curies":[{"name":"wp","href":"https:\/\/api.w.org\/{rel}","templated":true}]}}