{"id":110374,"date":"2024-05-28T18:10:21","date_gmt":"2024-05-28T18:10:21","guid":{"rendered":"https:\/\/quehacerpolitico.mx\/?p=110374"},"modified":"2024-05-28T18:10:23","modified_gmt":"2024-05-28T18:10:23","slug":"el-quehacer-politico-internacional-carolina-alonso-romei-el-estado-de-palestina-de-incomprensible-a-audaz-para-israelies-o-palestinos","status":"publish","type":"post","link":"https:\/\/quehacerpolitico.mx\/?p=110374","title":{"rendered":"El Quehacer Pol\u00edtico Internacional\/\/\/Carolina Alonso Romei\/\/\/El Estado de Palestina: de &#8220;incomprensible&#8221; a &#8220;audaz&#8221; para israel\u00edes o palestinos"},"content":{"rendered":"\n<p>Por Carolina Alonso Romei<\/p>\n\n\n\n<p>Internacionalista <\/p>\n\n\n\n<p>Tras la decisi\u00f3n de Espa\u00f1a, Irlanda y Noruega, de reconocer oficialmente el Estado de Palestina, se generaron diferentes opiniones sobre el devenir entre Israel y Palestina<\/p>\n\n\n\n<p>Este martes,\u00a0<strong>Espa\u00f1a, en conjunto con Irlanda y Noruega<\/strong>,\u00a0<mark>reconocieron oficialmente el Estado de Palestina<\/mark>, acci\u00f3n que el\u00a0<strong>Gobierno de Israel<\/strong>\u00a0calific\u00f3 como<em>\u00a0\u201cc\u00f3mplice de incitar el genocidio jud\u00edo\u201d<\/em>, por el contrario de la<strong>\u00a0Autoridad Nacional Palestina<\/strong>\u00a0que lo consider\u00f3\u00a0<em>\u201cvaliente\u201d<\/em>, dividiendo a las sociedades de ambos lados.<\/p>\n\n\n\n<figure class=\"wp-block-image size-full\"><img loading=\"lazy\" decoding=\"async\" width=\"355\" height=\"223\" src=\"https:\/\/quehacerpolitico.mx\/wp-content\/uploads\/2024\/05\/image-42.jpeg\" alt=\"\" class=\"wp-image-110376\" srcset=\"https:\/\/quehacerpolitico.mx\/wp-content\/uploads\/2024\/05\/image-42.jpeg 355w, https:\/\/quehacerpolitico.mx\/wp-content\/uploads\/2024\/05\/image-42-300x188.jpeg 300w, https:\/\/quehacerpolitico.mx\/wp-content\/uploads\/2024\/05\/image-42-232x146.jpeg 232w, https:\/\/quehacerpolitico.mx\/wp-content\/uploads\/2024\/05\/image-42-50x31.jpeg 50w, https:\/\/quehacerpolitico.mx\/wp-content\/uploads\/2024\/05\/image-42-119x75.jpeg 119w\" sizes=\"auto, (max-width: 355px) 100vw, 355px\" \/><\/figure>\n\n\n\n<p><strong>Mahmud Ab\u00e1s<\/strong>, Presidente palestino,&nbsp;<mark>apreci\u00f3 el reconocimiento formal de los tres pa\u00edses europeos hacia Palestina, describiendo la decisi\u00f3n como \u201cvaliente y audaz\u201d<\/mark>, que a su parecer, muestra un<em>&#8220;consenso internacional&#8221;<\/em>&nbsp;para poner fin a la guerra en la&nbsp;<strong>Franja de Gaza<\/strong>, donde las personas que han perdido la vida superan las&nbsp;<strong>36.000.<\/strong><\/p>\n\n\n\n<p>Por el contrario,<strong>\u00a0Israel Katz<\/strong>, ministro de Exteriores israel\u00ed, acus\u00f3 a\u00a0<strong>Pedro S\u00e1nchez<\/strong>, Presidente de Espa\u00f1a, de\u00a0<mark>ser &#8220;c\u00f3mplice de incitar al genocidio jud\u00edo&#8221; por reconocer al Estado palestino<\/mark>\u00a0y por no dimitir a la vicepresidenta\u00a0<strong>Yolanda D\u00edaz<\/strong>\u00a0cuando dijo que<em>\u00a0&#8220;Palestina ser\u00e1 libre desde el r\u00edo hasta el mar&#8221;.<\/em><\/p>\n\n\n\n<figure class=\"wp-block-embed is-type-rich is-provider-twitter wp-block-embed-twitter\"><div class=\"wp-block-embed__wrapper\">\n<blockquote class=\"twitter-tweet\" data-width=\"550\" data-dnt=\"true\"><p lang=\"es\" dir=\"ltr\">Khamenei <a href=\"https:\/\/twitter.com\/khamenei_ir?ref_src=twsrc%5Etfw\">@khamenei_ir<\/a>, Sinwar y la Vicepresidenta de Espa\u00f1a <a href=\"https:\/\/twitter.com\/Yolanda_Diaz_?ref_src=twsrc%5Etfw\">@yolanda_diaz_<\/a> &#8211; llaman a la desaparici\u00f3n del Estado de Israel y el establecimiento de un estado terrorista isl\u00e1mico palestino desde el r\u00edo hasta el mar.<br><br>Presidente <a href=\"https:\/\/twitter.com\/sanchezcastejon?ref_src=twsrc%5Etfw\">@sanchezcastejon<\/a> &#8211; al no despedir a <a href=\"https:\/\/twitter.com\/Yolanda_Diaz_?ref_src=twsrc%5Etfw\">@yolanda_diaz_<\/a> y\u2026 <a href=\"https:\/\/t.co\/Gq4mcRlndo\">pic.twitter.com\/Gq4mcRlndo<\/a><\/p>&mdash; \u05d9\u05e9\u05e8\u05d0\u05dc \u05db\u201d\u05e5 Israel Katz (@Israel_katz) <a href=\"https:\/\/twitter.com\/Israel_katz\/status\/1795351884359737665?ref_src=twsrc%5Etfw\">May 28, 2024<\/a><\/blockquote><script async src=\"https:\/\/platform.twitter.com\/widgets.js\" charset=\"utf-8\"><\/script>\n<\/div><\/figure>\n\n\n\n<p>En un mensaje en la red social<strong>&nbsp;X<\/strong>, tanto en espa\u00f1ol como en hebreo,&nbsp;<mark>Katz acus\u00f3 a D\u00edaz de buscar la eliminaci\u00f3n de Israel y el establecimiento de un &#8220;Estado terrorista&#8221; palestino<\/mark>&nbsp;y la compar\u00f3 con el l\u00edder supremo iran\u00ed, Ali Jamene\u00ed, y con el l\u00edder de Ham\u00e1s en Gaza, Yahya Sinwar.<\/p>\n\n\n\n<p>Las implicaciones de esta decisi\u00f3n, que ha provocado una\u00a0<strong>grave crisis diplom\u00e1tica entre Israel y Espa\u00f1a<\/strong>, se ven de forma muy distinta para unos y otros. Para los palestinos,\u00a0<mark>la guerra en Gaza ha horrorizado tanto a la comunidad internacional que se ha abierto una puerta al Estado palestino y a un posible &#8220;efecto llamada&#8221;.<\/mark><\/p>\n\n\n\n<p>Los israel\u00edes, sin embargo, creen que el ataque de Ham\u00e1s llev\u00f3 al proceso de paz a un&nbsp;<em>&#8220;lugar completamente distinto&#8221;<\/em>, y que hace incomprensible la&nbsp;<mark>existencia de un Estado palestino, visto ahora por ellos como un &#8220;premio al terrorismo&#8221;.<\/mark><\/p>\n\n\n\n<p><em>&#8220;Reconocer unilateralmente al Estado palestino no ayuda al p\u00fablico israel\u00ed a progresar&#8221;<\/em>, indic\u00f3&nbsp;<strong>Lianne Pollad-David<\/strong>, asesora de la oficina del primer ministro entre 2008 y 2011 entre los gobiernos de Ehud Olmert y el actual l\u00edder del Ejecutivo, Benjam\u00edn Netanyahu.<\/p>\n\n\n\n<p><em>\u201cRefuerza el sentimiento israel\u00ed de &#8216;No nos entienden&#8217; o \u2018El mundo est\u00e1 contra nosotros\u201d<\/em>explic\u00f3 sobre el sentir popular en Israel,&nbsp;<mark>alej\u00e1ndolos de una soluci\u00f3n pac\u00edfica.<\/mark><\/p>\n\n\n\n<p>Para el tambi\u00e9n israel\u00ed<strong>\u00a0Azriel Bermant<\/strong>, investigador visitante en el Instituto de Relaciones Internacionales de Praga,\u00a0<mark>es el Gobierno de Netanyahu el que promueve esa \u201cpeligrosa narrativa victimista\u201d<\/mark><\/p>\n\n\n\n<p>El investigador achaca tambi\u00e9n al Ejecutivo la frustraci\u00f3n en Europa, que ha podido contribuir al reconocimiento conjunto por el extremismo de ministros como&nbsp;<strong>Bezalel Smotrich<\/strong>, el titular de Finanzas, e&nbsp;<strong>Itamar Ben Gvir<\/strong>, a cargo de Seguridad Nacional,&nbsp;<mark>ambos colonos y favorables a la anexi\u00f3n de Cisjordania a Israel.<\/mark><\/p>\n\n\n\n<p><em>&#8220;Dos Estados para dos pueblos es la opci\u00f3n menos mala&#8221;<\/em>, reconoci\u00f3, si bien insisti\u00f3 en que la unilateralidad de\u00a0<strong>la decisi\u00f3n de Espa\u00f1a, Irlanda y Noruega s\u00f3lo aleja a los israel\u00edes de exigir al Gobierno una soluci\u00f3n pac\u00edfica.<\/strong><\/p>\n\n\n\n<figure class=\"wp-block-embed is-type-rich is-provider-twitter wp-block-embed-twitter\"><div class=\"wp-block-embed__wrapper\">\n<blockquote class=\"twitter-tweet\" data-width=\"550\" data-dnt=\"true\"><p lang=\"es\" dir=\"ltr\">El reconocimiento unilateral de un Estado Palestino por parte de Espa\u00f1a perjudica precisamente a aquellos entre nosotros que creemos en la paz y en un proceso diplom\u00e1tico.<br>El reconocimiento unilateral es un mensaje claro a los palestinos que no hay expectativa alguna respecto<br>&gt;&gt;<\/p>&mdash; \u05d9\u05d0\u05d9\u05e8 \u05dc\u05e4\u05d9\u05d3 &#8211; Yair Lapid (@yairlapid) <a href=\"https:\/\/twitter.com\/yairlapid\/status\/1795411832481694039?ref_src=twsrc%5Etfw\">May 28, 2024<\/a><\/blockquote><script async src=\"https:\/\/platform.twitter.com\/widgets.js\" charset=\"utf-8\"><\/script>\n<\/div><\/figure>\n\n\n\n<p>El l\u00edder de la oposici\u00f3n, Yair Lapid, recalc\u00f3 la misma opini\u00f3n en la red social X:&nbsp;<em>&#8220;El reconocimiento unilateral de un Estado Palestino por parte de Espa\u00f1a perjudica precisamente a aquellos entre nosotros que creemos en la paz y en un proceso diplom\u00e1tico&#8221;.<\/em><\/p>\n\n\n\n<h3 class=\"wp-block-heading\">Decidir sobre su propio futuro<\/h3>\n\n\n\n<p>Al escuchar las preocupaciones por la opini\u00f3n p\u00fablica israel\u00ed, la analista y periodista palestina&nbsp;<strong>Nour Odeh&nbsp;<\/strong>no puede evitar re\u00edrse.<em>&nbsp;&#8220;Los israel\u00edes no son conscientes de que no tienen derecho a decidir sobre el futuro de Palestina&#8221;<\/em>, dijo en una conversaci\u00f3n telef\u00f3nica.<\/p>\n\n\n\n<p><mark>Para la periodista, este reconocimiento supone &#8220;una correcci\u00f3n&#8221; en la pol\u00edtica de Espa\u00f1a, Irlanda y Noruega de cara a garantizar la paz<\/mark>, ya que antes no aceptaban&nbsp;<em>&#8220;la ocupaci\u00f3n y la invasi\u00f3n pero toleraban los actos de Israel&#8221;<\/em>, y<em>&nbsp;&#8220;mantener el excepcionalismo&#8221;<\/em>&nbsp;con este pa\u00eds no ha funcionado.<\/p>\n\n\n\n<p>Adem\u00e1s, Odeh cree que la decisi\u00f3n de los tres socios europeos&nbsp;<strong>puede abrir la puerta a una ola de solidaridad con los palestinos, que llevan esper\u00e1ndola desde 2014, cuando Suecia reconoci\u00f3 su Estado pero nadie en Europa la sigui\u00f3.<\/strong><\/p>\n\n\n\n<p>De 2014 hasta ahora, todo ha cambiado para Odeh.&nbsp;<em>&#8220;Esto ya no es una cuesti\u00f3n de opini\u00f3n&#8221;<\/em>, asever\u00f3. La causa por genocidio contra Israel entre la&nbsp;<strong>Corte Internacional de Justicia (CIJ)<\/strong>&nbsp;y la posible orden de arresto contra Netanyahu de la&nbsp;<strong>Corte Penal Internacional (CPI)<\/strong>&nbsp;<mark>han generado un clima muy distinto que favorece a Palestina.<\/mark><\/p>\n\n\n\n<p>Sin embargo,&nbsp;<em>&#8220;el reconocimiento no es el final de la historia&#8221;<\/em>, sentenci\u00f3 al tel\u00e9fono.&nbsp;<strong>Har\u00e1 falta rendimiento de cuentas<\/strong>&nbsp;ya que, seg\u00fan ella, &#8220;la guerra no puede continuar as\u00ed&#8221;:&nbsp;<em>&#8220;Ham\u00e1s tendr\u00e1 que reformular su pol\u00edtica y todos, incluido el Gobierno israel\u00ed, necesitan repensar sus posiciones&#8221;.<\/em><\/p>\n\n\n\n<p>El analista y profesor de ciencias pol\u00edticas en la&nbsp;<strong>Universidad Al Azhar de Gaza Mkhaimar Abusada<\/strong>ve esta salida del lado palestino con m\u00e1s escepticismo, ya que no cree<em>&nbsp;&#8220;que el reconocimiento de estos tres pa\u00edses europeos tenga impacto en las negociaciones por el alto el fuego&#8221;<\/em>, coment\u00f3.<\/p>\n\n\n\n<p>Sobre la acogida palestina de la decisi\u00f3n, el profesor s\u00ed fue tajante:\u00a0<em>&#8220;honestamente, la opini\u00f3n en Gaza estar\u00e1 m\u00e1s interesada en el alto el fuego ahora mismo&#8221;.<\/em><\/p>\n\n\n\n<p>Con informaci\u00f3n de EFE<\/p>\n","protected":false},"excerpt":{"rendered":"<p>Por Carolina Alonso Romei Internacionalista Tras la decisi\u00f3n de Espa\u00f1a, Irlanda y Noruega, de reconocer&#8230;<\/p>\n","protected":false},"author":2,"featured_media":110375,"comment_status":"open","ping_status":"open","sticky":false,"template":"","format":"standard","meta":{"_monsterinsights_skip_tracking":false,"_monsterinsights_sitenote_active":false,"_monsterinsights_sitenote_note":"","_monsterinsights_sitenote_category":0,"footnotes":""},"categories":[1],"tags":[],"class_list":["post-110374","post","type-post","status-publish","format-standard","has-post-thumbnail","hentry","category-sin-categoria"],"yoast_head":"<!-- This site is optimized with the Yoast SEO plugin v27.3 - https:\/\/yoast.com\/product\/yoast-seo-wordpress\/ -->\n<title>El Quehacer Pol\u00edtico Internacional\/\/\/Carolina Alonso Romei\/\/\/El Estado de Palestina: de &quot;incomprensible&quot; a &quot;audaz&quot; para israel\u00edes o palestinos -<\/title>\n<meta name=\"robots\" content=\"index, follow, max-snippet:-1, max-image-preview:large, max-video-preview:-1\" \/>\n<link rel=\"canonical\" href=\"https:\/\/quehacerpolitico.mx\/?p=110374\" \/>\n<meta property=\"og:locale\" content=\"es_MX\" \/>\n<meta property=\"og:type\" content=\"article\" \/>\n<meta property=\"og:title\" content=\"El Quehacer Pol\u00edtico Internacional\/\/\/Carolina Alonso Romei\/\/\/El Estado de Palestina: de &quot;incomprensible&quot; a &quot;audaz&quot; para israel\u00edes o palestinos -\" \/>\n<meta property=\"og:description\" content=\"Por Carolina Alonso Romei Internacionalista Tras la decisi\u00f3n de Espa\u00f1a, Irlanda y Noruega, de reconocer...\" \/>\n<meta property=\"og:url\" content=\"https:\/\/quehacerpolitico.mx\/?p=110374\" \/>\n<meta property=\"article:published_time\" content=\"2024-05-28T18:10:21+00:00\" \/>\n<meta property=\"article:modified_time\" content=\"2024-05-28T18:10:23+00:00\" \/>\n<meta property=\"og:image\" content=\"https:\/\/quehacerpolitico.mx\/wp-content\/uploads\/2024\/05\/03fa6135-c3fe-44b7-8e96-c6ca323ffebb-23.jpeg\" \/>\n\t<meta property=\"og:image:width\" content=\"963\" \/>\n\t<meta property=\"og:image:height\" content=\"493\" \/>\n\t<meta property=\"og:image:type\" content=\"image\/jpeg\" \/>\n<meta name=\"author\" content=\"Redacci\u00f3n QP\" \/>\n<meta name=\"twitter:card\" content=\"summary_large_image\" \/>\n<meta name=\"twitter:label1\" content=\"Escrito por\" \/>\n\t<meta name=\"twitter:data1\" content=\"Redacci\u00f3n QP\" \/>\n\t<meta name=\"twitter:label2\" content=\"Tiempo de lectura\" \/>\n\t<meta name=\"twitter:data2\" content=\"5 minutos\" \/>\n<script type=\"application\/ld+json\" class=\"yoast-schema-graph\">{\"@context\":\"https:\\\/\\\/schema.org\",\"@graph\":[{\"@type\":\"Article\",\"@id\":\"https:\\\/\\\/quehacerpolitico.mx\\\/?p=110374#article\",\"isPartOf\":{\"@id\":\"https:\\\/\\\/quehacerpolitico.mx\\\/?p=110374\"},\"author\":{\"name\":\"Redacci\u00f3n QP\",\"@id\":\"https:\\\/\\\/quehacerpolitico.mx\\\/#\\\/schema\\\/person\\\/496d8ad2d1d3f8036101dca7ee39e585\"},\"headline\":\"El Quehacer Pol\u00edtico Internacional\\\/\\\/\\\/Carolina Alonso Romei\\\/\\\/\\\/El Estado de Palestina: de &#8220;incomprensible&#8221; a &#8220;audaz&#8221; para israel\u00edes o palestinos\",\"datePublished\":\"2024-05-28T18:10:21+00:00\",\"dateModified\":\"2024-05-28T18:10:23+00:00\",\"mainEntityOfPage\":{\"@id\":\"https:\\\/\\\/quehacerpolitico.mx\\\/?p=110374\"},\"wordCount\":1011,\"commentCount\":0,\"image\":{\"@id\":\"https:\\\/\\\/quehacerpolitico.mx\\\/?p=110374#primaryimage\"},\"thumbnailUrl\":\"https:\\\/\\\/quehacerpolitico.mx\\\/wp-content\\\/uploads\\\/2024\\\/05\\\/03fa6135-c3fe-44b7-8e96-c6ca323ffebb-23.jpeg\",\"articleSection\":[\"Internacionales\"],\"inLanguage\":\"es\",\"potentialAction\":[{\"@type\":\"CommentAction\",\"name\":\"Comment\",\"target\":[\"https:\\\/\\\/quehacerpolitico.mx\\\/?p=110374#respond\"]}]},{\"@type\":\"WebPage\",\"@id\":\"https:\\\/\\\/quehacerpolitico.mx\\\/?p=110374\",\"url\":\"https:\\\/\\\/quehacerpolitico.mx\\\/?p=110374\",\"name\":\"El Quehacer Pol\u00edtico Internacional\\\/\\\/\\\/Carolina Alonso Romei\\\/\\\/\\\/El Estado de Palestina: de \\\"incomprensible\\\" a \\\"audaz\\\" para israel\u00edes o palestinos -\",\"isPartOf\":{\"@id\":\"https:\\\/\\\/quehacerpolitico.mx\\\/#website\"},\"primaryImageOfPage\":{\"@id\":\"https:\\\/\\\/quehacerpolitico.mx\\\/?p=110374#primaryimage\"},\"image\":{\"@id\":\"https:\\\/\\\/quehacerpolitico.mx\\\/?p=110374#primaryimage\"},\"thumbnailUrl\":\"https:\\\/\\\/quehacerpolitico.mx\\\/wp-content\\\/uploads\\\/2024\\\/05\\\/03fa6135-c3fe-44b7-8e96-c6ca323ffebb-23.jpeg\",\"datePublished\":\"2024-05-28T18:10:21+00:00\",\"dateModified\":\"2024-05-28T18:10:23+00:00\",\"author\":{\"@id\":\"https:\\\/\\\/quehacerpolitico.mx\\\/#\\\/schema\\\/person\\\/496d8ad2d1d3f8036101dca7ee39e585\"},\"breadcrumb\":{\"@id\":\"https:\\\/\\\/quehacerpolitico.mx\\\/?p=110374#breadcrumb\"},\"inLanguage\":\"es\",\"potentialAction\":[{\"@type\":\"ReadAction\",\"target\":[\"https:\\\/\\\/quehacerpolitico.mx\\\/?p=110374\"]}]},{\"@type\":\"ImageObject\",\"inLanguage\":\"es\",\"@id\":\"https:\\\/\\\/quehacerpolitico.mx\\\/?p=110374#primaryimage\",\"url\":\"https:\\\/\\\/quehacerpolitico.mx\\\/wp-content\\\/uploads\\\/2024\\\/05\\\/03fa6135-c3fe-44b7-8e96-c6ca323ffebb-23.jpeg\",\"contentUrl\":\"https:\\\/\\\/quehacerpolitico.mx\\\/wp-content\\\/uploads\\\/2024\\\/05\\\/03fa6135-c3fe-44b7-8e96-c6ca323ffebb-23.jpeg\",\"width\":963,\"height\":493},{\"@type\":\"BreadcrumbList\",\"@id\":\"https:\\\/\\\/quehacerpolitico.mx\\\/?p=110374#breadcrumb\",\"itemListElement\":[{\"@type\":\"ListItem\",\"position\":1,\"name\":\"Inicio\",\"item\":\"https:\\\/\\\/quehacerpolitico.mx\\\/\"},{\"@type\":\"ListItem\",\"position\":2,\"name\":\"El Quehacer Pol\u00edtico Internacional\\\/\\\/\\\/Carolina Alonso Romei\\\/\\\/\\\/El Estado de Palestina: de &#8220;incomprensible&#8221; a &#8220;audaz&#8221; para israel\u00edes o palestinos\"}]},{\"@type\":\"WebSite\",\"@id\":\"https:\\\/\\\/quehacerpolitico.mx\\\/#website\",\"url\":\"https:\\\/\\\/quehacerpolitico.mx\\\/\",\"name\":\"\",\"description\":\"\",\"potentialAction\":[{\"@type\":\"SearchAction\",\"target\":{\"@type\":\"EntryPoint\",\"urlTemplate\":\"https:\\\/\\\/quehacerpolitico.mx\\\/?s={search_term_string}\"},\"query-input\":{\"@type\":\"PropertyValueSpecification\",\"valueRequired\":true,\"valueName\":\"search_term_string\"}}],\"inLanguage\":\"es\"},{\"@type\":\"Person\",\"@id\":\"https:\\\/\\\/quehacerpolitico.mx\\\/#\\\/schema\\\/person\\\/496d8ad2d1d3f8036101dca7ee39e585\",\"name\":\"Redacci\u00f3n QP\",\"image\":{\"@type\":\"ImageObject\",\"inLanguage\":\"es\",\"@id\":\"https:\\\/\\\/secure.gravatar.com\\\/avatar\\\/c7164ed6fdec453195284ad24a5ae5b6e1eed2b848477fa2a4787ba9adf39a41?s=96&d=mm&r=g\",\"url\":\"https:\\\/\\\/secure.gravatar.com\\\/avatar\\\/c7164ed6fdec453195284ad24a5ae5b6e1eed2b848477fa2a4787ba9adf39a41?s=96&d=mm&r=g\",\"contentUrl\":\"https:\\\/\\\/secure.gravatar.com\\\/avatar\\\/c7164ed6fdec453195284ad24a5ae5b6e1eed2b848477fa2a4787ba9adf39a41?s=96&d=mm&r=g\",\"caption\":\"Redacci\u00f3n QP\"},\"url\":\"https:\\\/\\\/quehacerpolitico.mx\\\/?author=2\"}]}<\/script>\n<!-- \/ Yoast SEO plugin. -->","yoast_head_json":{"title":"El Quehacer Pol\u00edtico Internacional\/\/\/Carolina Alonso Romei\/\/\/El Estado de Palestina: de \"incomprensible\" a \"audaz\" para israel\u00edes o palestinos -","robots":{"index":"index","follow":"follow","max-snippet":"max-snippet:-1","max-image-preview":"max-image-preview:large","max-video-preview":"max-video-preview:-1"},"canonical":"https:\/\/quehacerpolitico.mx\/?p=110374","og_locale":"es_MX","og_type":"article","og_title":"El Quehacer Pol\u00edtico Internacional\/\/\/Carolina Alonso Romei\/\/\/El Estado de Palestina: de \"incomprensible\" a \"audaz\" para israel\u00edes o palestinos -","og_description":"Por Carolina Alonso Romei Internacionalista Tras la decisi\u00f3n de Espa\u00f1a, Irlanda y Noruega, de reconocer...","og_url":"https:\/\/quehacerpolitico.mx\/?p=110374","article_published_time":"2024-05-28T18:10:21+00:00","article_modified_time":"2024-05-28T18:10:23+00:00","og_image":[{"width":963,"height":493,"url":"https:\/\/quehacerpolitico.mx\/wp-content\/uploads\/2024\/05\/03fa6135-c3fe-44b7-8e96-c6ca323ffebb-23.jpeg","type":"image\/jpeg"}],"author":"Redacci\u00f3n QP","twitter_card":"summary_large_image","twitter_misc":{"Escrito por":"Redacci\u00f3n QP","Tiempo de lectura":"5 minutos"},"schema":{"@context":"https:\/\/schema.org","@graph":[{"@type":"Article","@id":"https:\/\/quehacerpolitico.mx\/?p=110374#article","isPartOf":{"@id":"https:\/\/quehacerpolitico.mx\/?p=110374"},"author":{"name":"Redacci\u00f3n QP","@id":"https:\/\/quehacerpolitico.mx\/#\/schema\/person\/496d8ad2d1d3f8036101dca7ee39e585"},"headline":"El Quehacer Pol\u00edtico Internacional\/\/\/Carolina Alonso Romei\/\/\/El Estado de Palestina: de &#8220;incomprensible&#8221; a &#8220;audaz&#8221; para israel\u00edes o palestinos","datePublished":"2024-05-28T18:10:21+00:00","dateModified":"2024-05-28T18:10:23+00:00","mainEntityOfPage":{"@id":"https:\/\/quehacerpolitico.mx\/?p=110374"},"wordCount":1011,"commentCount":0,"image":{"@id":"https:\/\/quehacerpolitico.mx\/?p=110374#primaryimage"},"thumbnailUrl":"https:\/\/quehacerpolitico.mx\/wp-content\/uploads\/2024\/05\/03fa6135-c3fe-44b7-8e96-c6ca323ffebb-23.jpeg","articleSection":["Internacionales"],"inLanguage":"es","potentialAction":[{"@type":"CommentAction","name":"Comment","target":["https:\/\/quehacerpolitico.mx\/?p=110374#respond"]}]},{"@type":"WebPage","@id":"https:\/\/quehacerpolitico.mx\/?p=110374","url":"https:\/\/quehacerpolitico.mx\/?p=110374","name":"El Quehacer Pol\u00edtico Internacional\/\/\/Carolina Alonso Romei\/\/\/El Estado de Palestina: de \"incomprensible\" a \"audaz\" para israel\u00edes o palestinos -","isPartOf":{"@id":"https:\/\/quehacerpolitico.mx\/#website"},"primaryImageOfPage":{"@id":"https:\/\/quehacerpolitico.mx\/?p=110374#primaryimage"},"image":{"@id":"https:\/\/quehacerpolitico.mx\/?p=110374#primaryimage"},"thumbnailUrl":"https:\/\/quehacerpolitico.mx\/wp-content\/uploads\/2024\/05\/03fa6135-c3fe-44b7-8e96-c6ca323ffebb-23.jpeg","datePublished":"2024-05-28T18:10:21+00:00","dateModified":"2024-05-28T18:10:23+00:00","author":{"@id":"https:\/\/quehacerpolitico.mx\/#\/schema\/person\/496d8ad2d1d3f8036101dca7ee39e585"},"breadcrumb":{"@id":"https:\/\/quehacerpolitico.mx\/?p=110374#breadcrumb"},"inLanguage":"es","potentialAction":[{"@type":"ReadAction","target":["https:\/\/quehacerpolitico.mx\/?p=110374"]}]},{"@type":"ImageObject","inLanguage":"es","@id":"https:\/\/quehacerpolitico.mx\/?p=110374#primaryimage","url":"https:\/\/quehacerpolitico.mx\/wp-content\/uploads\/2024\/05\/03fa6135-c3fe-44b7-8e96-c6ca323ffebb-23.jpeg","contentUrl":"https:\/\/quehacerpolitico.mx\/wp-content\/uploads\/2024\/05\/03fa6135-c3fe-44b7-8e96-c6ca323ffebb-23.jpeg","width":963,"height":493},{"@type":"BreadcrumbList","@id":"https:\/\/quehacerpolitico.mx\/?p=110374#breadcrumb","itemListElement":[{"@type":"ListItem","position":1,"name":"Inicio","item":"https:\/\/quehacerpolitico.mx\/"},{"@type":"ListItem","position":2,"name":"El Quehacer Pol\u00edtico Internacional\/\/\/Carolina Alonso Romei\/\/\/El Estado de Palestina: de &#8220;incomprensible&#8221; a &#8220;audaz&#8221; para israel\u00edes o palestinos"}]},{"@type":"WebSite","@id":"https:\/\/quehacerpolitico.mx\/#website","url":"https:\/\/quehacerpolitico.mx\/","name":"","description":"","potentialAction":[{"@type":"SearchAction","target":{"@type":"EntryPoint","urlTemplate":"https:\/\/quehacerpolitico.mx\/?s={search_term_string}"},"query-input":{"@type":"PropertyValueSpecification","valueRequired":true,"valueName":"search_term_string"}}],"inLanguage":"es"},{"@type":"Person","@id":"https:\/\/quehacerpolitico.mx\/#\/schema\/person\/496d8ad2d1d3f8036101dca7ee39e585","name":"Redacci\u00f3n QP","image":{"@type":"ImageObject","inLanguage":"es","@id":"https:\/\/secure.gravatar.com\/avatar\/c7164ed6fdec453195284ad24a5ae5b6e1eed2b848477fa2a4787ba9adf39a41?s=96&d=mm&r=g","url":"https:\/\/secure.gravatar.com\/avatar\/c7164ed6fdec453195284ad24a5ae5b6e1eed2b848477fa2a4787ba9adf39a41?s=96&d=mm&r=g","contentUrl":"https:\/\/secure.gravatar.com\/avatar\/c7164ed6fdec453195284ad24a5ae5b6e1eed2b848477fa2a4787ba9adf39a41?s=96&d=mm&r=g","caption":"Redacci\u00f3n QP"},"url":"https:\/\/quehacerpolitico.mx\/?author=2"}]}},"featured_image_urls":{"full":["https:\/\/quehacerpolitico.mx\/wp-content\/uploads\/2024\/05\/03fa6135-c3fe-44b7-8e96-c6ca323ffebb-23.jpeg",963,493,false],"thumbnail":["https:\/\/quehacerpolitico.mx\/wp-content\/uploads\/2024\/05\/03fa6135-c3fe-44b7-8e96-c6ca323ffebb-23-150x150.jpeg",150,150,true],"medium":["https:\/\/quehacerpolitico.mx\/wp-content\/uploads\/2024\/05\/03fa6135-c3fe-44b7-8e96-c6ca323ffebb-23-300x154.jpeg",300,154,true],"medium_large":["https:\/\/quehacerpolitico.mx\/wp-content\/uploads\/2024\/05\/03fa6135-c3fe-44b7-8e96-c6ca323ffebb-23-768x393.jpeg",640,328,true],"large":["https:\/\/quehacerpolitico.mx\/wp-content\/uploads\/2024\/05\/03fa6135-c3fe-44b7-8e96-c6ca323ffebb-23.jpeg",640,328,false],"1536x1536":["https:\/\/quehacerpolitico.mx\/wp-content\/uploads\/2024\/05\/03fa6135-c3fe-44b7-8e96-c6ca323ffebb-23.jpeg",963,493,false],"2048x2048":["https:\/\/quehacerpolitico.mx\/wp-content\/uploads\/2024\/05\/03fa6135-c3fe-44b7-8e96-c6ca323ffebb-23.jpeg",963,493,false],"covernews-featured":["https:\/\/quehacerpolitico.mx\/wp-content\/uploads\/2024\/05\/03fa6135-c3fe-44b7-8e96-c6ca323ffebb-23.jpeg",963,493,false],"covernews-medium":["https:\/\/quehacerpolitico.mx\/wp-content\/uploads\/2024\/05\/03fa6135-c3fe-44b7-8e96-c6ca323ffebb-23.jpeg",540,276,false]},"author_info":{"display_name":"Redacci\u00f3n QP","author_link":"https:\/\/quehacerpolitico.mx\/?author=2"},"category_info":"<a href=\"https:\/\/quehacerpolitico.mx\/?cat=1\" rel=\"category\">Internacionales<\/a>","tag_info":"Internacionales","comment_count":"0","_links":{"self":[{"href":"https:\/\/quehacerpolitico.mx\/index.php?rest_route=\/wp\/v2\/posts\/110374","targetHints":{"allow":["GET"]}}],"collection":[{"href":"https:\/\/quehacerpolitico.mx\/index.php?rest_route=\/wp\/v2\/posts"}],"about":[{"href":"https:\/\/quehacerpolitico.mx\/index.php?rest_route=\/wp\/v2\/types\/post"}],"author":[{"embeddable":true,"href":"https:\/\/quehacerpolitico.mx\/index.php?rest_route=\/wp\/v2\/users\/2"}],"replies":[{"embeddable":true,"href":"https:\/\/quehacerpolitico.mx\/index.php?rest_route=%2Fwp%2Fv2%2Fcomments&post=110374"}],"version-history":[{"count":1,"href":"https:\/\/quehacerpolitico.mx\/index.php?rest_route=\/wp\/v2\/posts\/110374\/revisions"}],"predecessor-version":[{"id":110377,"href":"https:\/\/quehacerpolitico.mx\/index.php?rest_route=\/wp\/v2\/posts\/110374\/revisions\/110377"}],"wp:featuredmedia":[{"embeddable":true,"href":"https:\/\/quehacerpolitico.mx\/index.php?rest_route=\/wp\/v2\/media\/110375"}],"wp:attachment":[{"href":"https:\/\/quehacerpolitico.mx\/index.php?rest_route=%2Fwp%2Fv2%2Fmedia&parent=110374"}],"wp:term":[{"taxonomy":"category","embeddable":true,"href":"https:\/\/quehacerpolitico.mx\/index.php?rest_route=%2Fwp%2Fv2%2Fcategories&post=110374"},{"taxonomy":"post_tag","embeddable":true,"href":"https:\/\/quehacerpolitico.mx\/index.php?rest_route=%2Fwp%2Fv2%2Ftags&post=110374"}],"curies":[{"name":"wp","href":"https:\/\/api.w.org\/{rel}","templated":true}]}}