{"id":110368,"date":"2024-05-28T17:09:03","date_gmt":"2024-05-28T17:09:03","guid":{"rendered":"https:\/\/quehacerpolitico.mx\/?p=110368"},"modified":"2024-05-28T17:09:05","modified_gmt":"2024-05-28T17:09:05","slug":"son-tiempos-de-definiciones-asi-reacciona-amlo-a-la-renuncia-de-alejandra-del-moral-al-pri-y-su-apoyo-a-sheinbaum","status":"publish","type":"post","link":"https:\/\/quehacerpolitico.mx\/?p=110368","title":{"rendered":"&#8220;Son tiempos de definiciones&#8221;, as\u00ed reacciona AMLO a la renuncia de Alejandra del Moral al PRI y su apoyo a Sheinbaum"},"content":{"rendered":"\n<p>Por Redacci\u00f3n QP<\/p>\n\n\n\n<p>L\u00f3pez Obrador reaccion\u00f3 a la salida del PRI de Alejandra del Moral y su adhesi\u00f3n a la campa\u00f1a de Claudia Sheinbaum<\/p>\n\n\n\n<p>El presidente\u00a0<strong>Andres Manuel L\u00f3pez Obrador<\/strong>\u00a0dej\u00f3 en claro que en un t<strong>iempo de transformaci\u00f3n<\/strong>\u00a0como el que vive M\u00e9xico, \u201cya\u00a0<strong>no se puede simular<\/strong>, ya no hay cabida para la indefinici\u00f3n\u201d, esto luego de ser cuestionado\u00a0sobre la adhesi\u00f3n de la\u00a0<strong>expriistaAlejandra del Moral<\/strong>, excandidata por la gubernatura del Estado de M\u00e9xico, a la\u00a0<strong>campa\u00f1a<\/strong>\u00a0de la morenista\u00a0<strong>Claudia Sheinbaum<\/strong>.<\/p>\n\n\n\n<p>En la conferencia matutina de Palacio Nacional, L\u00f3pez Obrador indic\u00f3 que \u201chay dos proyectos distintos y contrapuestos de naci\u00f3n, y esto lleva a que haya definiciones\u201d.<\/p>\n\n\n\n<figure class=\"wp-block-embed is-type-rich is-provider-twitter wp-block-embed-twitter\"><div class=\"wp-block-embed__wrapper\">\n<blockquote class=\"twitter-tweet\" data-width=\"550\" data-dnt=\"true\"><p lang=\"es\" dir=\"ltr\">&quot;Son tiempos de definiciones&quot;, as\u00ed reacciona AMLO a la renuncia de Alejandra del Moral al PRI y su apoyo a Sheinbaum <a href=\"https:\/\/t.co\/091Y4A7rqs\">pic.twitter.com\/091Y4A7rqs<\/a><\/p>&mdash; Manuel Lopez San Martin (@MLopezSanMartin) <a href=\"https:\/\/twitter.com\/MLopezSanMartin\/status\/1795475461717602498?ref_src=twsrc%5Etfw\">May 28, 2024<\/a><\/blockquote><script async src=\"https:\/\/platform.twitter.com\/widgets.js\" charset=\"utf-8\"><\/script>\n<\/div><\/figure>\n\n\n\n<p>\u201cY esto lleva a que haya definiciones, que sin simulaci\u00f3n, de manera sincera, todos fijemos con claridad nuestra postura y actuemos de manera consecuente, actuemos como pensamos. Siempre que hay una transformaci\u00f3n son tiempos de definiciones, y ahora estamos viviendo un proceso de transformaci\u00f3n, y no hay para d\u00f3nde hacerse, como dec\u00eda Juan \u00c1lvarez: \u2018esta ancheta es tan angosta que no hay ni para d\u00f3nde hacerse&#8217;\u201d, dijo.<\/p>\n\n\n\n<p>O sea ya no se puede simular, ya no hay cabida para la indefinici\u00f3n, aunque no debe de haber manique\u00edsmo en estos tiempos es muy dif\u00edcil la moderaci\u00f3n en lo pol\u00edtico, es muy dif\u00edcil el zigzagueo, el actuar en el centro, actuar de manera gelatinosa, blandengue\u201d, agreg\u00f3.<\/p>\n\n\n\n<p>\u201cSon tiempos de anclarnos en nuestro ideales, en nuestros principios, decir \u2018as\u00ed somos\u2019, no son tiempos para la hipocres\u00eda, eso es una transformaci\u00f3n\u201d, puntualiz\u00f3.<\/p>\n\n\n\n<p>El mandatario mexicano asegur\u00f3 en el Sal\u00f3n Tesorer\u00eda que \u201cmuchos se la hab\u00edan pasado muy bien, sin tener qu\u00e9 definirse, incluso enga\u00f1ando de que eran independientes\u201d.<\/p>\n\n\n\n<p>\u201cQue ellos no ten\u00edan partido, se acu\u00f1\u00f3, porque eso es nuevo, lo de la sociedad civil, lo de las organizaciones no gubernamentales, los ciudadanos y candidatos independientes, todo ese andamiaje pol\u00edtico se creo para ocultar el fondo de los grandes y graves problemas nacionales. \u00bfCu\u00e1l era ese fondo? La corrupci\u00f3n, el c\u00f3mo una minor\u00eda se apoderaba de todo lo que pertenec\u00eda a todo un pueblo\u201d, refiri\u00f3.<\/p>\n\n\n\n<p><strong>Alejandra del Moral<\/strong>\u00a0se uni\u00f3 el lunes a la\u00a0<strong>campa\u00f1a presidencial<\/strong>\u00a0de\u00a0<strong>Claudia<\/strong>\u00a0<strong>Sheinbaum<\/strong>, tras renunciar a las filas del Partido Revolucionario Institucional (PRI).<\/p>\n\n\n\n<p>El anuncio fue hecho por la propia candidata de Morena, quien le dio la bienvenida a quien fuera candidata al Gobierno del Estado de M\u00e9xico en el a\u00f1o 2023<\/p>\n\n\n\n<p>\u201cReflexionamos sobre el futuro de nuestro pa\u00eds y encontramos m\u00e1s coincidencias que diferencias\u201d, asegur\u00f3 Sheinbaum Pardo.<\/p>\n\n\n\n<p>En entrevista con\u00a0Joaquin para\u00a0Radio F\u00f3rmula, Del Moral asegur\u00f3 que\u00a0<strong>no militar\u00e1<\/strong>\u00a0en\u00a0<strong>Morena\u00a0<\/strong>o alg\u00fan otro partido pol\u00edtico, pero que s\u00ed votar\u00e1 por Sheinbaum Pardo.<\/p>\n\n\n\n<figure class=\"wp-block-embed is-type-video is-provider-youtube wp-block-embed-youtube wp-embed-aspect-16-9 wp-has-aspect-ratio\"><div class=\"wp-block-embed__wrapper\">\n<iframe loading=\"lazy\" title=\"\u201cSheinbaum es la mejor opci\u00f3n para M\u00e9xico\u201d: Alejandra del Moral\" width=\"640\" height=\"360\" src=\"https:\/\/www.youtube.com\/embed\/5a35kBNlNR4?feature=oembed\" frameborder=\"0\" allow=\"accelerometer; autoplay; clipboard-write; encrypted-media; gyroscope; picture-in-picture; web-share\" referrerpolicy=\"strict-origin-when-cross-origin\" allowfullscreen><\/iframe>\n<\/div><\/figure>\n\n\n\n<p>Subray\u00f3 tambi\u00e9n que dentro de la dirigencia nacional del PRI \u201cni me quieren ni los quiero\u201d,&nbsp; al reconocer que no fue la candidata del dirigente nacional,&nbsp;<strong>Alejandro Moreno<\/strong>, por la gubernatura del Estado de M\u00e9xico.<\/p>\n\n\n\n<p>\u201cRenuncio al PRI porque este no es el PRI en el que yo crec\u00ed y en el que yo milit\u00e9. Me ha dolido como pocas cosas, pero ellos decidieron despu\u00e9s de la derrota de tu servidora ni siquiera tomarme en cuenta, y ahora s\u00ed soy muy importante\u201d, lament\u00f3.<\/p>\n","protected":false},"excerpt":{"rendered":"<p>Por Redacci\u00f3n QP L\u00f3pez Obrador reaccion\u00f3 a la salida del PRI de Alejandra del Moral&#8230;<\/p>\n","protected":false},"author":2,"featured_media":110369,"comment_status":"open","ping_status":"open","sticky":false,"template":"","format":"standard","meta":{"_monsterinsights_skip_tracking":false,"_monsterinsights_sitenote_active":false,"_monsterinsights_sitenote_note":"","_monsterinsights_sitenote_category":0,"footnotes":""},"categories":[2],"tags":[],"class_list":["post-110368","post","type-post","status-publish","format-standard","has-post-thumbnail","hentry","category-noticias"],"yoast_head":"<!-- This site is optimized with the Yoast SEO plugin v27.3 - https:\/\/yoast.com\/product\/yoast-seo-wordpress\/ -->\n<title>&quot;Son tiempos de definiciones&quot;, as\u00ed reacciona AMLO a la renuncia de Alejandra del Moral al PRI y su apoyo a Sheinbaum -<\/title>\n<meta name=\"robots\" content=\"index, follow, max-snippet:-1, max-image-preview:large, max-video-preview:-1\" \/>\n<link rel=\"canonical\" href=\"https:\/\/quehacerpolitico.mx\/?p=110368\" \/>\n<meta property=\"og:locale\" content=\"es_MX\" \/>\n<meta property=\"og:type\" content=\"article\" \/>\n<meta property=\"og:title\" content=\"&quot;Son tiempos de definiciones&quot;, as\u00ed reacciona AMLO a la renuncia de Alejandra del Moral al PRI y su apoyo a Sheinbaum -\" \/>\n<meta property=\"og:description\" content=\"Por Redacci\u00f3n QP L\u00f3pez Obrador reaccion\u00f3 a la salida del PRI de Alejandra del Moral...\" \/>\n<meta property=\"og:url\" content=\"https:\/\/quehacerpolitico.mx\/?p=110368\" \/>\n<meta property=\"article:published_time\" content=\"2024-05-28T17:09:03+00:00\" \/>\n<meta property=\"article:modified_time\" content=\"2024-05-28T17:09:05+00:00\" \/>\n<meta property=\"og:image\" content=\"https:\/\/quehacerpolitico.mx\/wp-content\/uploads\/2024\/05\/IMG_5918.jpeg\" \/>\n\t<meta property=\"og:image:width\" content=\"715\" \/>\n\t<meta property=\"og:image:height\" content=\"429\" \/>\n\t<meta property=\"og:image:type\" content=\"image\/jpeg\" \/>\n<meta name=\"author\" content=\"Redacci\u00f3n QP\" \/>\n<meta name=\"twitter:card\" content=\"summary_large_image\" \/>\n<meta name=\"twitter:label1\" content=\"Escrito por\" \/>\n\t<meta name=\"twitter:data1\" content=\"Redacci\u00f3n QP\" \/>\n\t<meta name=\"twitter:label2\" content=\"Tiempo de lectura\" \/>\n\t<meta name=\"twitter:data2\" content=\"3 minutos\" \/>\n<script type=\"application\/ld+json\" class=\"yoast-schema-graph\">{\"@context\":\"https:\\\/\\\/schema.org\",\"@graph\":[{\"@type\":\"Article\",\"@id\":\"https:\\\/\\\/quehacerpolitico.mx\\\/?p=110368#article\",\"isPartOf\":{\"@id\":\"https:\\\/\\\/quehacerpolitico.mx\\\/?p=110368\"},\"author\":{\"name\":\"Redacci\u00f3n QP\",\"@id\":\"https:\\\/\\\/quehacerpolitico.mx\\\/#\\\/schema\\\/person\\\/496d8ad2d1d3f8036101dca7ee39e585\"},\"headline\":\"&#8220;Son tiempos de definiciones&#8221;, as\u00ed reacciona AMLO a la renuncia de Alejandra del Moral al PRI y su apoyo a Sheinbaum\",\"datePublished\":\"2024-05-28T17:09:03+00:00\",\"dateModified\":\"2024-05-28T17:09:05+00:00\",\"mainEntityOfPage\":{\"@id\":\"https:\\\/\\\/quehacerpolitico.mx\\\/?p=110368\"},\"wordCount\":613,\"commentCount\":0,\"image\":{\"@id\":\"https:\\\/\\\/quehacerpolitico.mx\\\/?p=110368#primaryimage\"},\"thumbnailUrl\":\"https:\\\/\\\/quehacerpolitico.mx\\\/wp-content\\\/uploads\\\/2024\\\/05\\\/IMG_5918.jpeg\",\"articleSection\":[\"Noticias\"],\"inLanguage\":\"es\",\"potentialAction\":[{\"@type\":\"CommentAction\",\"name\":\"Comment\",\"target\":[\"https:\\\/\\\/quehacerpolitico.mx\\\/?p=110368#respond\"]}]},{\"@type\":\"WebPage\",\"@id\":\"https:\\\/\\\/quehacerpolitico.mx\\\/?p=110368\",\"url\":\"https:\\\/\\\/quehacerpolitico.mx\\\/?p=110368\",\"name\":\"\\\"Son tiempos de definiciones\\\", as\u00ed reacciona AMLO a la renuncia de Alejandra del Moral al PRI y su apoyo a Sheinbaum -\",\"isPartOf\":{\"@id\":\"https:\\\/\\\/quehacerpolitico.mx\\\/#website\"},\"primaryImageOfPage\":{\"@id\":\"https:\\\/\\\/quehacerpolitico.mx\\\/?p=110368#primaryimage\"},\"image\":{\"@id\":\"https:\\\/\\\/quehacerpolitico.mx\\\/?p=110368#primaryimage\"},\"thumbnailUrl\":\"https:\\\/\\\/quehacerpolitico.mx\\\/wp-content\\\/uploads\\\/2024\\\/05\\\/IMG_5918.jpeg\",\"datePublished\":\"2024-05-28T17:09:03+00:00\",\"dateModified\":\"2024-05-28T17:09:05+00:00\",\"author\":{\"@id\":\"https:\\\/\\\/quehacerpolitico.mx\\\/#\\\/schema\\\/person\\\/496d8ad2d1d3f8036101dca7ee39e585\"},\"breadcrumb\":{\"@id\":\"https:\\\/\\\/quehacerpolitico.mx\\\/?p=110368#breadcrumb\"},\"inLanguage\":\"es\",\"potentialAction\":[{\"@type\":\"ReadAction\",\"target\":[\"https:\\\/\\\/quehacerpolitico.mx\\\/?p=110368\"]}]},{\"@type\":\"ImageObject\",\"inLanguage\":\"es\",\"@id\":\"https:\\\/\\\/quehacerpolitico.mx\\\/?p=110368#primaryimage\",\"url\":\"https:\\\/\\\/quehacerpolitico.mx\\\/wp-content\\\/uploads\\\/2024\\\/05\\\/IMG_5918.jpeg\",\"contentUrl\":\"https:\\\/\\\/quehacerpolitico.mx\\\/wp-content\\\/uploads\\\/2024\\\/05\\\/IMG_5918.jpeg\",\"width\":715,\"height\":429},{\"@type\":\"BreadcrumbList\",\"@id\":\"https:\\\/\\\/quehacerpolitico.mx\\\/?p=110368#breadcrumb\",\"itemListElement\":[{\"@type\":\"ListItem\",\"position\":1,\"name\":\"Inicio\",\"item\":\"https:\\\/\\\/quehacerpolitico.mx\\\/\"},{\"@type\":\"ListItem\",\"position\":2,\"name\":\"&#8220;Son tiempos de definiciones&#8221;, as\u00ed reacciona AMLO a la renuncia de Alejandra del Moral al PRI y su apoyo a Sheinbaum\"}]},{\"@type\":\"WebSite\",\"@id\":\"https:\\\/\\\/quehacerpolitico.mx\\\/#website\",\"url\":\"https:\\\/\\\/quehacerpolitico.mx\\\/\",\"name\":\"\",\"description\":\"\",\"potentialAction\":[{\"@type\":\"SearchAction\",\"target\":{\"@type\":\"EntryPoint\",\"urlTemplate\":\"https:\\\/\\\/quehacerpolitico.mx\\\/?s={search_term_string}\"},\"query-input\":{\"@type\":\"PropertyValueSpecification\",\"valueRequired\":true,\"valueName\":\"search_term_string\"}}],\"inLanguage\":\"es\"},{\"@type\":\"Person\",\"@id\":\"https:\\\/\\\/quehacerpolitico.mx\\\/#\\\/schema\\\/person\\\/496d8ad2d1d3f8036101dca7ee39e585\",\"name\":\"Redacci\u00f3n QP\",\"image\":{\"@type\":\"ImageObject\",\"inLanguage\":\"es\",\"@id\":\"https:\\\/\\\/secure.gravatar.com\\\/avatar\\\/c7164ed6fdec453195284ad24a5ae5b6e1eed2b848477fa2a4787ba9adf39a41?s=96&d=mm&r=g\",\"url\":\"https:\\\/\\\/secure.gravatar.com\\\/avatar\\\/c7164ed6fdec453195284ad24a5ae5b6e1eed2b848477fa2a4787ba9adf39a41?s=96&d=mm&r=g\",\"contentUrl\":\"https:\\\/\\\/secure.gravatar.com\\\/avatar\\\/c7164ed6fdec453195284ad24a5ae5b6e1eed2b848477fa2a4787ba9adf39a41?s=96&d=mm&r=g\",\"caption\":\"Redacci\u00f3n QP\"},\"url\":\"https:\\\/\\\/quehacerpolitico.mx\\\/?author=2\"}]}<\/script>\n<!-- \/ Yoast SEO plugin. -->","yoast_head_json":{"title":"\"Son tiempos de definiciones\", as\u00ed reacciona AMLO a la renuncia de Alejandra del Moral al PRI y su apoyo a Sheinbaum -","robots":{"index":"index","follow":"follow","max-snippet":"max-snippet:-1","max-image-preview":"max-image-preview:large","max-video-preview":"max-video-preview:-1"},"canonical":"https:\/\/quehacerpolitico.mx\/?p=110368","og_locale":"es_MX","og_type":"article","og_title":"\"Son tiempos de definiciones\", as\u00ed reacciona AMLO a la renuncia de Alejandra del Moral al PRI y su apoyo a Sheinbaum -","og_description":"Por Redacci\u00f3n QP L\u00f3pez Obrador reaccion\u00f3 a la salida del PRI de Alejandra del Moral...","og_url":"https:\/\/quehacerpolitico.mx\/?p=110368","article_published_time":"2024-05-28T17:09:03+00:00","article_modified_time":"2024-05-28T17:09:05+00:00","og_image":[{"width":715,"height":429,"url":"https:\/\/quehacerpolitico.mx\/wp-content\/uploads\/2024\/05\/IMG_5918.jpeg","type":"image\/jpeg"}],"author":"Redacci\u00f3n QP","twitter_card":"summary_large_image","twitter_misc":{"Escrito por":"Redacci\u00f3n QP","Tiempo de lectura":"3 minutos"},"schema":{"@context":"https:\/\/schema.org","@graph":[{"@type":"Article","@id":"https:\/\/quehacerpolitico.mx\/?p=110368#article","isPartOf":{"@id":"https:\/\/quehacerpolitico.mx\/?p=110368"},"author":{"name":"Redacci\u00f3n QP","@id":"https:\/\/quehacerpolitico.mx\/#\/schema\/person\/496d8ad2d1d3f8036101dca7ee39e585"},"headline":"&#8220;Son tiempos de definiciones&#8221;, as\u00ed reacciona AMLO a la renuncia de Alejandra del Moral al PRI y su apoyo a Sheinbaum","datePublished":"2024-05-28T17:09:03+00:00","dateModified":"2024-05-28T17:09:05+00:00","mainEntityOfPage":{"@id":"https:\/\/quehacerpolitico.mx\/?p=110368"},"wordCount":613,"commentCount":0,"image":{"@id":"https:\/\/quehacerpolitico.mx\/?p=110368#primaryimage"},"thumbnailUrl":"https:\/\/quehacerpolitico.mx\/wp-content\/uploads\/2024\/05\/IMG_5918.jpeg","articleSection":["Noticias"],"inLanguage":"es","potentialAction":[{"@type":"CommentAction","name":"Comment","target":["https:\/\/quehacerpolitico.mx\/?p=110368#respond"]}]},{"@type":"WebPage","@id":"https:\/\/quehacerpolitico.mx\/?p=110368","url":"https:\/\/quehacerpolitico.mx\/?p=110368","name":"\"Son tiempos de definiciones\", as\u00ed reacciona AMLO a la renuncia de Alejandra del Moral al PRI y su apoyo a Sheinbaum -","isPartOf":{"@id":"https:\/\/quehacerpolitico.mx\/#website"},"primaryImageOfPage":{"@id":"https:\/\/quehacerpolitico.mx\/?p=110368#primaryimage"},"image":{"@id":"https:\/\/quehacerpolitico.mx\/?p=110368#primaryimage"},"thumbnailUrl":"https:\/\/quehacerpolitico.mx\/wp-content\/uploads\/2024\/05\/IMG_5918.jpeg","datePublished":"2024-05-28T17:09:03+00:00","dateModified":"2024-05-28T17:09:05+00:00","author":{"@id":"https:\/\/quehacerpolitico.mx\/#\/schema\/person\/496d8ad2d1d3f8036101dca7ee39e585"},"breadcrumb":{"@id":"https:\/\/quehacerpolitico.mx\/?p=110368#breadcrumb"},"inLanguage":"es","potentialAction":[{"@type":"ReadAction","target":["https:\/\/quehacerpolitico.mx\/?p=110368"]}]},{"@type":"ImageObject","inLanguage":"es","@id":"https:\/\/quehacerpolitico.mx\/?p=110368#primaryimage","url":"https:\/\/quehacerpolitico.mx\/wp-content\/uploads\/2024\/05\/IMG_5918.jpeg","contentUrl":"https:\/\/quehacerpolitico.mx\/wp-content\/uploads\/2024\/05\/IMG_5918.jpeg","width":715,"height":429},{"@type":"BreadcrumbList","@id":"https:\/\/quehacerpolitico.mx\/?p=110368#breadcrumb","itemListElement":[{"@type":"ListItem","position":1,"name":"Inicio","item":"https:\/\/quehacerpolitico.mx\/"},{"@type":"ListItem","position":2,"name":"&#8220;Son tiempos de definiciones&#8221;, as\u00ed reacciona AMLO a la renuncia de Alejandra del Moral al PRI y su apoyo a Sheinbaum"}]},{"@type":"WebSite","@id":"https:\/\/quehacerpolitico.mx\/#website","url":"https:\/\/quehacerpolitico.mx\/","name":"","description":"","potentialAction":[{"@type":"SearchAction","target":{"@type":"EntryPoint","urlTemplate":"https:\/\/quehacerpolitico.mx\/?s={search_term_string}"},"query-input":{"@type":"PropertyValueSpecification","valueRequired":true,"valueName":"search_term_string"}}],"inLanguage":"es"},{"@type":"Person","@id":"https:\/\/quehacerpolitico.mx\/#\/schema\/person\/496d8ad2d1d3f8036101dca7ee39e585","name":"Redacci\u00f3n QP","image":{"@type":"ImageObject","inLanguage":"es","@id":"https:\/\/secure.gravatar.com\/avatar\/c7164ed6fdec453195284ad24a5ae5b6e1eed2b848477fa2a4787ba9adf39a41?s=96&d=mm&r=g","url":"https:\/\/secure.gravatar.com\/avatar\/c7164ed6fdec453195284ad24a5ae5b6e1eed2b848477fa2a4787ba9adf39a41?s=96&d=mm&r=g","contentUrl":"https:\/\/secure.gravatar.com\/avatar\/c7164ed6fdec453195284ad24a5ae5b6e1eed2b848477fa2a4787ba9adf39a41?s=96&d=mm&r=g","caption":"Redacci\u00f3n QP"},"url":"https:\/\/quehacerpolitico.mx\/?author=2"}]}},"featured_image_urls":{"full":["https:\/\/quehacerpolitico.mx\/wp-content\/uploads\/2024\/05\/IMG_5918.jpeg",715,429,false],"thumbnail":["https:\/\/quehacerpolitico.mx\/wp-content\/uploads\/2024\/05\/IMG_5918-150x150.jpeg",150,150,true],"medium":["https:\/\/quehacerpolitico.mx\/wp-content\/uploads\/2024\/05\/IMG_5918-300x180.jpeg",300,180,true],"medium_large":["https:\/\/quehacerpolitico.mx\/wp-content\/uploads\/2024\/05\/IMG_5918.jpeg",640,384,false],"large":["https:\/\/quehacerpolitico.mx\/wp-content\/uploads\/2024\/05\/IMG_5918.jpeg",640,384,false],"1536x1536":["https:\/\/quehacerpolitico.mx\/wp-content\/uploads\/2024\/05\/IMG_5918.jpeg",715,429,false],"2048x2048":["https:\/\/quehacerpolitico.mx\/wp-content\/uploads\/2024\/05\/IMG_5918.jpeg",715,429,false],"covernews-featured":["https:\/\/quehacerpolitico.mx\/wp-content\/uploads\/2024\/05\/IMG_5918.jpeg",715,429,false],"covernews-medium":["https:\/\/quehacerpolitico.mx\/wp-content\/uploads\/2024\/05\/IMG_5918.jpeg",540,324,false]},"author_info":{"display_name":"Redacci\u00f3n QP","author_link":"https:\/\/quehacerpolitico.mx\/?author=2"},"category_info":"<a href=\"https:\/\/quehacerpolitico.mx\/?cat=2\" rel=\"category\">Noticias<\/a>","tag_info":"Noticias","comment_count":"0","_links":{"self":[{"href":"https:\/\/quehacerpolitico.mx\/index.php?rest_route=\/wp\/v2\/posts\/110368","targetHints":{"allow":["GET"]}}],"collection":[{"href":"https:\/\/quehacerpolitico.mx\/index.php?rest_route=\/wp\/v2\/posts"}],"about":[{"href":"https:\/\/quehacerpolitico.mx\/index.php?rest_route=\/wp\/v2\/types\/post"}],"author":[{"embeddable":true,"href":"https:\/\/quehacerpolitico.mx\/index.php?rest_route=\/wp\/v2\/users\/2"}],"replies":[{"embeddable":true,"href":"https:\/\/quehacerpolitico.mx\/index.php?rest_route=%2Fwp%2Fv2%2Fcomments&post=110368"}],"version-history":[{"count":1,"href":"https:\/\/quehacerpolitico.mx\/index.php?rest_route=\/wp\/v2\/posts\/110368\/revisions"}],"predecessor-version":[{"id":110370,"href":"https:\/\/quehacerpolitico.mx\/index.php?rest_route=\/wp\/v2\/posts\/110368\/revisions\/110370"}],"wp:featuredmedia":[{"embeddable":true,"href":"https:\/\/quehacerpolitico.mx\/index.php?rest_route=\/wp\/v2\/media\/110369"}],"wp:attachment":[{"href":"https:\/\/quehacerpolitico.mx\/index.php?rest_route=%2Fwp%2Fv2%2Fmedia&parent=110368"}],"wp:term":[{"taxonomy":"category","embeddable":true,"href":"https:\/\/quehacerpolitico.mx\/index.php?rest_route=%2Fwp%2Fv2%2Fcategories&post=110368"},{"taxonomy":"post_tag","embeddable":true,"href":"https:\/\/quehacerpolitico.mx\/index.php?rest_route=%2Fwp%2Fv2%2Ftags&post=110368"}],"curies":[{"name":"wp","href":"https:\/\/api.w.org\/{rel}","templated":true}]}}