{"id":110357,"date":"2024-05-28T14:35:49","date_gmt":"2024-05-28T14:35:49","guid":{"rendered":"https:\/\/quehacerpolitico.mx\/?p=110357"},"modified":"2024-05-28T15:55:14","modified_gmt":"2024-05-28T15:55:14","slug":"la-cnte-se-queda-en-el-zocalo-continuara-el-planton-pese-a-que-manana-es-el-cierre-de-campana-de-claudia-sheinbaum-el-zocalo-es-de-todos-dicen","status":"publish","type":"post","link":"https:\/\/quehacerpolitico.mx\/?p=110357","title":{"rendered":"La CNTE se queda en el Z\u00f3calo continuar\u00e1 el plant\u00f3n pese a que ma\u00f1ana es el cierre de campa\u00f1a de Claudia Sheinbaum \u201cEl Z\u00f3calo es de todos\u201d dicen"},"content":{"rendered":"\n<p>Por Redacci\u00f3n QP<\/p>\n\n\n\n<p>Docentes de la Coordinadora Nacional de Trabajadores de la Educaci\u00f3n (<strong>CNTE<\/strong>), anunciaron su decisi\u00f3n de mantener el plant\u00f3n colocado en el&nbsp;<strong>Z\u00f3calo<\/strong>&nbsp;de la&nbsp;<strong>Ciudad<\/strong>&nbsp;de&nbsp;<strong>M\u00e9xico<\/strong>en demanda de un aumento salarial y mejores condiciones laborales, inform\u00f3 la ma\u00f1ana de este martes Pedro Hern\u00e1ndez, l\u00edder de la&nbsp;<strong>Secci\u00f3n 9<\/strong>.&nbsp;<\/p>\n\n\n\n<p>\u201cQueremos decir que hubo una expresi\u00f3n por parte de gobierno en el sentido que permitamos que se instale una serie de elementos para llevar a cabo el\u00a0<strong>cierre<\/strong>\u00a0de\u00a0<strong>campa\u00f1a<\/strong>\u00a0del\u00a0<strong>d\u00eda<\/strong>\u00a0de\u00a0<strong>ma\u00f1ana<\/strong>, nuestra m\u00e1xima instancia, la Asamblea Nacional Representativa de la\u00a0<strong>CNTE<\/strong>, en la noche resolvi\u00f3, uno, mantener este plant\u00f3n en este Z\u00f3calo capitalino, dos, dado que no hay\u00a0<strong>respuesta<\/strong>s satisfactorias se mantiene el paro indefinido, tres, que exigimos que las mesas que se han instalado con el gobierno den resultados, que no sigamos en pl\u00e1ticas s\u00f3lo\u00a0<strong>dilatorias<\/strong>\u201c, dijo en conferencia de prensa afuera de\u00a0<strong>Palacio Nacional<\/strong>.<\/p>\n\n\n\n<figure class=\"wp-block-embed is-type-rich is-provider-twitter wp-block-embed-twitter\"><div class=\"wp-block-embed__wrapper\">\n<blockquote class=\"twitter-tweet\" data-width=\"550\" data-dnt=\"true\"><p lang=\"es\" dir=\"ltr\"><a href=\"https:\/\/twitter.com\/hashtag\/Ent%C3%A9rate?src=hash&amp;ref_src=twsrc%5Etfw\">#Ent\u00e9rate<\/a> | La CNTE denuncia que Luisa Mar\u00eda Alcalde, secretaria de gobernaci\u00f3n los ha condicionado para que se vayan del Z\u00f3calo CDMX permitiendo el cierre de campa\u00f1a de Claudia Sheinbaum, o de lo contrario, se terminar\u00e1n las mesas de di\u00e1logo <a href=\"https:\/\/t.co\/qHzmBE2BwH\">pic.twitter.com\/qHzmBE2BwH<\/a><\/p>&mdash; Azucena Uresti (@azucenau) <a href=\"https:\/\/twitter.com\/azucenau\/status\/1795470655875359203?ref_src=twsrc%5Etfw\">May 28, 2024<\/a><\/blockquote><script async src=\"https:\/\/platform.twitter.com\/widgets.js\" charset=\"utf-8\"><\/script>\n<\/div><\/figure>\n\n\n\n<figure class=\"wp-block-embed is-type-rich is-provider-twitter wp-block-embed-twitter\"><div class=\"wp-block-embed__wrapper\">\n<blockquote class=\"twitter-tweet\" data-width=\"550\" data-dnt=\"true\"><p lang=\"es\" dir=\"ltr\">\ud83d\udea8 La CNTE se queda en el Z\u00f3calo<br><br>Pedro Hern\u00e1ndez, l\u00edder de la Secci\u00f3n 9, dice que &quot;hubo una expresi\u00f3n por parte de gobierno para permitir que se instale una serie de elementos para llevar a cabo el cierre de campa\u00f1a de Claudia Sheinbaum (<a href=\"https:\/\/twitter.com\/Claudiashein?ref_src=twsrc%5Etfw\">@Claudiashein<\/a>)&quot; <a href=\"https:\/\/t.co\/fK7LHrNjXk\">pic.twitter.com\/fK7LHrNjXk<\/a><\/p>&mdash; Manuel Lopez San Martin (@MLopezSanMartin) <a href=\"https:\/\/twitter.com\/MLopezSanMartin\/status\/1795453948607836443?ref_src=twsrc%5Etfw\">May 28, 2024<\/a><\/blockquote><script async src=\"https:\/\/platform.twitter.com\/widgets.js\" charset=\"utf-8\"><\/script>\n<\/div><\/figure>\n","protected":false},"excerpt":{"rendered":"<p>Por Redacci\u00f3n QP Docentes de la Coordinadora Nacional de Trabajadores de la Educaci\u00f3n (CNTE), anunciaron&#8230;<\/p>\n","protected":false},"author":2,"featured_media":110358,"comment_status":"open","ping_status":"open","sticky":false,"template":"","format":"standard","meta":{"_monsterinsights_skip_tracking":false,"_monsterinsights_sitenote_active":false,"_monsterinsights_sitenote_note":"","_monsterinsights_sitenote_category":0,"footnotes":""},"categories":[2],"tags":[],"class_list":["post-110357","post","type-post","status-publish","format-standard","has-post-thumbnail","hentry","category-noticias"],"yoast_head":"<!-- This site is optimized with the Yoast SEO plugin v27.3 - https:\/\/yoast.com\/product\/yoast-seo-wordpress\/ -->\n<title>La CNTE se queda en el Z\u00f3calo continuar\u00e1 el plant\u00f3n pese a que ma\u00f1ana es el cierre de campa\u00f1a de Claudia Sheinbaum \u201cEl Z\u00f3calo es de todos\u201d dicen -<\/title>\n<meta name=\"robots\" content=\"index, follow, max-snippet:-1, max-image-preview:large, max-video-preview:-1\" \/>\n<link rel=\"canonical\" href=\"https:\/\/quehacerpolitico.mx\/?p=110357\" \/>\n<meta property=\"og:locale\" content=\"es_MX\" \/>\n<meta property=\"og:type\" content=\"article\" \/>\n<meta property=\"og:title\" content=\"La CNTE se queda en el Z\u00f3calo continuar\u00e1 el plant\u00f3n pese a que ma\u00f1ana es el cierre de campa\u00f1a de Claudia Sheinbaum \u201cEl Z\u00f3calo es de todos\u201d dicen -\" \/>\n<meta property=\"og:description\" content=\"Por Redacci\u00f3n QP Docentes de la Coordinadora Nacional de Trabajadores de la Educaci\u00f3n (CNTE), anunciaron...\" \/>\n<meta property=\"og:url\" content=\"https:\/\/quehacerpolitico.mx\/?p=110357\" \/>\n<meta property=\"article:published_time\" content=\"2024-05-28T14:35:49+00:00\" \/>\n<meta property=\"article:modified_time\" content=\"2024-05-28T15:55:14+00:00\" \/>\n<meta property=\"og:image\" content=\"https:\/\/quehacerpolitico.mx\/wp-content\/uploads\/2024\/05\/IMG_5916.jpeg\" \/>\n\t<meta property=\"og:image:width\" content=\"1920\" \/>\n\t<meta property=\"og:image:height\" content=\"1280\" \/>\n\t<meta property=\"og:image:type\" content=\"image\/jpeg\" \/>\n<meta name=\"author\" content=\"Redacci\u00f3n QP\" \/>\n<meta name=\"twitter:card\" content=\"summary_large_image\" \/>\n<meta name=\"twitter:label1\" content=\"Escrito por\" \/>\n\t<meta name=\"twitter:data1\" content=\"Redacci\u00f3n QP\" \/>\n\t<meta name=\"twitter:label2\" content=\"Tiempo de lectura\" \/>\n\t<meta name=\"twitter:data2\" content=\"1 minuto\" \/>\n<script type=\"application\/ld+json\" class=\"yoast-schema-graph\">{\"@context\":\"https:\\\/\\\/schema.org\",\"@graph\":[{\"@type\":\"Article\",\"@id\":\"https:\\\/\\\/quehacerpolitico.mx\\\/?p=110357#article\",\"isPartOf\":{\"@id\":\"https:\\\/\\\/quehacerpolitico.mx\\\/?p=110357\"},\"author\":{\"name\":\"Redacci\u00f3n QP\",\"@id\":\"https:\\\/\\\/quehacerpolitico.mx\\\/#\\\/schema\\\/person\\\/496d8ad2d1d3f8036101dca7ee39e585\"},\"headline\":\"La CNTE se queda en el Z\u00f3calo continuar\u00e1 el plant\u00f3n pese a que ma\u00f1ana es el cierre de campa\u00f1a de Claudia Sheinbaum \u201cEl Z\u00f3calo es de todos\u201d dicen\",\"datePublished\":\"2024-05-28T14:35:49+00:00\",\"dateModified\":\"2024-05-28T15:55:14+00:00\",\"mainEntityOfPage\":{\"@id\":\"https:\\\/\\\/quehacerpolitico.mx\\\/?p=110357\"},\"wordCount\":231,\"commentCount\":0,\"image\":{\"@id\":\"https:\\\/\\\/quehacerpolitico.mx\\\/?p=110357#primaryimage\"},\"thumbnailUrl\":\"https:\\\/\\\/quehacerpolitico.mx\\\/wp-content\\\/uploads\\\/2024\\\/05\\\/IMG_5916.jpeg\",\"articleSection\":[\"Noticias\"],\"inLanguage\":\"es\",\"potentialAction\":[{\"@type\":\"CommentAction\",\"name\":\"Comment\",\"target\":[\"https:\\\/\\\/quehacerpolitico.mx\\\/?p=110357#respond\"]}]},{\"@type\":\"WebPage\",\"@id\":\"https:\\\/\\\/quehacerpolitico.mx\\\/?p=110357\",\"url\":\"https:\\\/\\\/quehacerpolitico.mx\\\/?p=110357\",\"name\":\"La CNTE se queda en el Z\u00f3calo continuar\u00e1 el plant\u00f3n pese a que ma\u00f1ana es el cierre de campa\u00f1a de Claudia Sheinbaum \u201cEl Z\u00f3calo es de todos\u201d dicen -\",\"isPartOf\":{\"@id\":\"https:\\\/\\\/quehacerpolitico.mx\\\/#website\"},\"primaryImageOfPage\":{\"@id\":\"https:\\\/\\\/quehacerpolitico.mx\\\/?p=110357#primaryimage\"},\"image\":{\"@id\":\"https:\\\/\\\/quehacerpolitico.mx\\\/?p=110357#primaryimage\"},\"thumbnailUrl\":\"https:\\\/\\\/quehacerpolitico.mx\\\/wp-content\\\/uploads\\\/2024\\\/05\\\/IMG_5916.jpeg\",\"datePublished\":\"2024-05-28T14:35:49+00:00\",\"dateModified\":\"2024-05-28T15:55:14+00:00\",\"author\":{\"@id\":\"https:\\\/\\\/quehacerpolitico.mx\\\/#\\\/schema\\\/person\\\/496d8ad2d1d3f8036101dca7ee39e585\"},\"breadcrumb\":{\"@id\":\"https:\\\/\\\/quehacerpolitico.mx\\\/?p=110357#breadcrumb\"},\"inLanguage\":\"es\",\"potentialAction\":[{\"@type\":\"ReadAction\",\"target\":[\"https:\\\/\\\/quehacerpolitico.mx\\\/?p=110357\"]}]},{\"@type\":\"ImageObject\",\"inLanguage\":\"es\",\"@id\":\"https:\\\/\\\/quehacerpolitico.mx\\\/?p=110357#primaryimage\",\"url\":\"https:\\\/\\\/quehacerpolitico.mx\\\/wp-content\\\/uploads\\\/2024\\\/05\\\/IMG_5916.jpeg\",\"contentUrl\":\"https:\\\/\\\/quehacerpolitico.mx\\\/wp-content\\\/uploads\\\/2024\\\/05\\\/IMG_5916.jpeg\",\"width\":1920,\"height\":1280},{\"@type\":\"BreadcrumbList\",\"@id\":\"https:\\\/\\\/quehacerpolitico.mx\\\/?p=110357#breadcrumb\",\"itemListElement\":[{\"@type\":\"ListItem\",\"position\":1,\"name\":\"Inicio\",\"item\":\"https:\\\/\\\/quehacerpolitico.mx\\\/\"},{\"@type\":\"ListItem\",\"position\":2,\"name\":\"La CNTE se queda en el Z\u00f3calo continuar\u00e1 el plant\u00f3n pese a que ma\u00f1ana es el cierre de campa\u00f1a de Claudia Sheinbaum \u201cEl Z\u00f3calo es de todos\u201d dicen\"}]},{\"@type\":\"WebSite\",\"@id\":\"https:\\\/\\\/quehacerpolitico.mx\\\/#website\",\"url\":\"https:\\\/\\\/quehacerpolitico.mx\\\/\",\"name\":\"\",\"description\":\"\",\"potentialAction\":[{\"@type\":\"SearchAction\",\"target\":{\"@type\":\"EntryPoint\",\"urlTemplate\":\"https:\\\/\\\/quehacerpolitico.mx\\\/?s={search_term_string}\"},\"query-input\":{\"@type\":\"PropertyValueSpecification\",\"valueRequired\":true,\"valueName\":\"search_term_string\"}}],\"inLanguage\":\"es\"},{\"@type\":\"Person\",\"@id\":\"https:\\\/\\\/quehacerpolitico.mx\\\/#\\\/schema\\\/person\\\/496d8ad2d1d3f8036101dca7ee39e585\",\"name\":\"Redacci\u00f3n QP\",\"image\":{\"@type\":\"ImageObject\",\"inLanguage\":\"es\",\"@id\":\"https:\\\/\\\/secure.gravatar.com\\\/avatar\\\/c7164ed6fdec453195284ad24a5ae5b6e1eed2b848477fa2a4787ba9adf39a41?s=96&d=mm&r=g\",\"url\":\"https:\\\/\\\/secure.gravatar.com\\\/avatar\\\/c7164ed6fdec453195284ad24a5ae5b6e1eed2b848477fa2a4787ba9adf39a41?s=96&d=mm&r=g\",\"contentUrl\":\"https:\\\/\\\/secure.gravatar.com\\\/avatar\\\/c7164ed6fdec453195284ad24a5ae5b6e1eed2b848477fa2a4787ba9adf39a41?s=96&d=mm&r=g\",\"caption\":\"Redacci\u00f3n QP\"},\"url\":\"https:\\\/\\\/quehacerpolitico.mx\\\/?author=2\"}]}<\/script>\n<!-- \/ Yoast SEO plugin. -->","yoast_head_json":{"title":"La CNTE se queda en el Z\u00f3calo continuar\u00e1 el plant\u00f3n pese a que ma\u00f1ana es el cierre de campa\u00f1a de Claudia Sheinbaum \u201cEl Z\u00f3calo es de todos\u201d dicen -","robots":{"index":"index","follow":"follow","max-snippet":"max-snippet:-1","max-image-preview":"max-image-preview:large","max-video-preview":"max-video-preview:-1"},"canonical":"https:\/\/quehacerpolitico.mx\/?p=110357","og_locale":"es_MX","og_type":"article","og_title":"La CNTE se queda en el Z\u00f3calo continuar\u00e1 el plant\u00f3n pese a que ma\u00f1ana es el cierre de campa\u00f1a de Claudia Sheinbaum \u201cEl Z\u00f3calo es de todos\u201d dicen -","og_description":"Por Redacci\u00f3n QP Docentes de la Coordinadora Nacional de Trabajadores de la Educaci\u00f3n (CNTE), anunciaron...","og_url":"https:\/\/quehacerpolitico.mx\/?p=110357","article_published_time":"2024-05-28T14:35:49+00:00","article_modified_time":"2024-05-28T15:55:14+00:00","og_image":[{"width":1920,"height":1280,"url":"https:\/\/quehacerpolitico.mx\/wp-content\/uploads\/2024\/05\/IMG_5916.jpeg","type":"image\/jpeg"}],"author":"Redacci\u00f3n QP","twitter_card":"summary_large_image","twitter_misc":{"Escrito por":"Redacci\u00f3n QP","Tiempo de lectura":"1 minuto"},"schema":{"@context":"https:\/\/schema.org","@graph":[{"@type":"Article","@id":"https:\/\/quehacerpolitico.mx\/?p=110357#article","isPartOf":{"@id":"https:\/\/quehacerpolitico.mx\/?p=110357"},"author":{"name":"Redacci\u00f3n QP","@id":"https:\/\/quehacerpolitico.mx\/#\/schema\/person\/496d8ad2d1d3f8036101dca7ee39e585"},"headline":"La CNTE se queda en el Z\u00f3calo continuar\u00e1 el plant\u00f3n pese a que ma\u00f1ana es el cierre de campa\u00f1a de Claudia Sheinbaum \u201cEl Z\u00f3calo es de todos\u201d dicen","datePublished":"2024-05-28T14:35:49+00:00","dateModified":"2024-05-28T15:55:14+00:00","mainEntityOfPage":{"@id":"https:\/\/quehacerpolitico.mx\/?p=110357"},"wordCount":231,"commentCount":0,"image":{"@id":"https:\/\/quehacerpolitico.mx\/?p=110357#primaryimage"},"thumbnailUrl":"https:\/\/quehacerpolitico.mx\/wp-content\/uploads\/2024\/05\/IMG_5916.jpeg","articleSection":["Noticias"],"inLanguage":"es","potentialAction":[{"@type":"CommentAction","name":"Comment","target":["https:\/\/quehacerpolitico.mx\/?p=110357#respond"]}]},{"@type":"WebPage","@id":"https:\/\/quehacerpolitico.mx\/?p=110357","url":"https:\/\/quehacerpolitico.mx\/?p=110357","name":"La CNTE se queda en el Z\u00f3calo continuar\u00e1 el plant\u00f3n pese a que ma\u00f1ana es el cierre de campa\u00f1a de Claudia Sheinbaum \u201cEl Z\u00f3calo es de todos\u201d dicen -","isPartOf":{"@id":"https:\/\/quehacerpolitico.mx\/#website"},"primaryImageOfPage":{"@id":"https:\/\/quehacerpolitico.mx\/?p=110357#primaryimage"},"image":{"@id":"https:\/\/quehacerpolitico.mx\/?p=110357#primaryimage"},"thumbnailUrl":"https:\/\/quehacerpolitico.mx\/wp-content\/uploads\/2024\/05\/IMG_5916.jpeg","datePublished":"2024-05-28T14:35:49+00:00","dateModified":"2024-05-28T15:55:14+00:00","author":{"@id":"https:\/\/quehacerpolitico.mx\/#\/schema\/person\/496d8ad2d1d3f8036101dca7ee39e585"},"breadcrumb":{"@id":"https:\/\/quehacerpolitico.mx\/?p=110357#breadcrumb"},"inLanguage":"es","potentialAction":[{"@type":"ReadAction","target":["https:\/\/quehacerpolitico.mx\/?p=110357"]}]},{"@type":"ImageObject","inLanguage":"es","@id":"https:\/\/quehacerpolitico.mx\/?p=110357#primaryimage","url":"https:\/\/quehacerpolitico.mx\/wp-content\/uploads\/2024\/05\/IMG_5916.jpeg","contentUrl":"https:\/\/quehacerpolitico.mx\/wp-content\/uploads\/2024\/05\/IMG_5916.jpeg","width":1920,"height":1280},{"@type":"BreadcrumbList","@id":"https:\/\/quehacerpolitico.mx\/?p=110357#breadcrumb","itemListElement":[{"@type":"ListItem","position":1,"name":"Inicio","item":"https:\/\/quehacerpolitico.mx\/"},{"@type":"ListItem","position":2,"name":"La CNTE se queda en el Z\u00f3calo continuar\u00e1 el plant\u00f3n pese a que ma\u00f1ana es el cierre de campa\u00f1a de Claudia Sheinbaum \u201cEl Z\u00f3calo es de todos\u201d dicen"}]},{"@type":"WebSite","@id":"https:\/\/quehacerpolitico.mx\/#website","url":"https:\/\/quehacerpolitico.mx\/","name":"","description":"","potentialAction":[{"@type":"SearchAction","target":{"@type":"EntryPoint","urlTemplate":"https:\/\/quehacerpolitico.mx\/?s={search_term_string}"},"query-input":{"@type":"PropertyValueSpecification","valueRequired":true,"valueName":"search_term_string"}}],"inLanguage":"es"},{"@type":"Person","@id":"https:\/\/quehacerpolitico.mx\/#\/schema\/person\/496d8ad2d1d3f8036101dca7ee39e585","name":"Redacci\u00f3n QP","image":{"@type":"ImageObject","inLanguage":"es","@id":"https:\/\/secure.gravatar.com\/avatar\/c7164ed6fdec453195284ad24a5ae5b6e1eed2b848477fa2a4787ba9adf39a41?s=96&d=mm&r=g","url":"https:\/\/secure.gravatar.com\/avatar\/c7164ed6fdec453195284ad24a5ae5b6e1eed2b848477fa2a4787ba9adf39a41?s=96&d=mm&r=g","contentUrl":"https:\/\/secure.gravatar.com\/avatar\/c7164ed6fdec453195284ad24a5ae5b6e1eed2b848477fa2a4787ba9adf39a41?s=96&d=mm&r=g","caption":"Redacci\u00f3n QP"},"url":"https:\/\/quehacerpolitico.mx\/?author=2"}]}},"featured_image_urls":{"full":["https:\/\/quehacerpolitico.mx\/wp-content\/uploads\/2024\/05\/IMG_5916.jpeg",1920,1280,false],"thumbnail":["https:\/\/quehacerpolitico.mx\/wp-content\/uploads\/2024\/05\/IMG_5916-150x150.jpeg",150,150,true],"medium":["https:\/\/quehacerpolitico.mx\/wp-content\/uploads\/2024\/05\/IMG_5916-300x200.jpeg",300,200,true],"medium_large":["https:\/\/quehacerpolitico.mx\/wp-content\/uploads\/2024\/05\/IMG_5916-768x512.jpeg",640,427,true],"large":["https:\/\/quehacerpolitico.mx\/wp-content\/uploads\/2024\/05\/IMG_5916-1024x683.jpeg",640,427,true],"1536x1536":["https:\/\/quehacerpolitico.mx\/wp-content\/uploads\/2024\/05\/IMG_5916-1536x1024.jpeg",1536,1024,true],"2048x2048":["https:\/\/quehacerpolitico.mx\/wp-content\/uploads\/2024\/05\/IMG_5916.jpeg",1920,1280,false],"covernews-featured":["https:\/\/quehacerpolitico.mx\/wp-content\/uploads\/2024\/05\/IMG_5916.jpeg",1024,683,false],"covernews-medium":["https:\/\/quehacerpolitico.mx\/wp-content\/uploads\/2024\/05\/IMG_5916.jpeg",510,340,false]},"author_info":{"display_name":"Redacci\u00f3n QP","author_link":"https:\/\/quehacerpolitico.mx\/?author=2"},"category_info":"<a href=\"https:\/\/quehacerpolitico.mx\/?cat=2\" rel=\"category\">Noticias<\/a>","tag_info":"Noticias","comment_count":"0","_links":{"self":[{"href":"https:\/\/quehacerpolitico.mx\/index.php?rest_route=\/wp\/v2\/posts\/110357","targetHints":{"allow":["GET"]}}],"collection":[{"href":"https:\/\/quehacerpolitico.mx\/index.php?rest_route=\/wp\/v2\/posts"}],"about":[{"href":"https:\/\/quehacerpolitico.mx\/index.php?rest_route=\/wp\/v2\/types\/post"}],"author":[{"embeddable":true,"href":"https:\/\/quehacerpolitico.mx\/index.php?rest_route=\/wp\/v2\/users\/2"}],"replies":[{"embeddable":true,"href":"https:\/\/quehacerpolitico.mx\/index.php?rest_route=%2Fwp%2Fv2%2Fcomments&post=110357"}],"version-history":[{"count":2,"href":"https:\/\/quehacerpolitico.mx\/index.php?rest_route=\/wp\/v2\/posts\/110357\/revisions"}],"predecessor-version":[{"id":110364,"href":"https:\/\/quehacerpolitico.mx\/index.php?rest_route=\/wp\/v2\/posts\/110357\/revisions\/110364"}],"wp:featuredmedia":[{"embeddable":true,"href":"https:\/\/quehacerpolitico.mx\/index.php?rest_route=\/wp\/v2\/media\/110358"}],"wp:attachment":[{"href":"https:\/\/quehacerpolitico.mx\/index.php?rest_route=%2Fwp%2Fv2%2Fmedia&parent=110357"}],"wp:term":[{"taxonomy":"category","embeddable":true,"href":"https:\/\/quehacerpolitico.mx\/index.php?rest_route=%2Fwp%2Fv2%2Fcategories&post=110357"},{"taxonomy":"post_tag","embeddable":true,"href":"https:\/\/quehacerpolitico.mx\/index.php?rest_route=%2Fwp%2Fv2%2Ftags&post=110357"}],"curies":[{"name":"wp","href":"https:\/\/api.w.org\/{rel}","templated":true}]}}