{"id":110316,"date":"2024-05-27T17:57:41","date_gmt":"2024-05-27T17:57:41","guid":{"rendered":"https:\/\/quehacerpolitico.mx\/?p=110316"},"modified":"2024-05-27T17:57:43","modified_gmt":"2024-05-27T17:57:43","slug":"lo-del-domingo-es-mas-que-una-eleccion-es-un-referendum-dice-amlo-cinco-dias-antes-de-las-votaciones","status":"publish","type":"post","link":"https:\/\/quehacerpolitico.mx\/?p=110316","title":{"rendered":"&#8220;Lo del domingo es m\u00e1s que una elecci\u00f3n, es un refer\u00e9ndum&#8221;, dice AMLO cinco d\u00edas antes de las votaciones"},"content":{"rendered":"\n<p>Por Redacci\u00f3n QP<\/p>\n\n\n\n<p>L\u00f3pez Obrador dijo que en la elecci\u00f3n este domingo se juega el tener \u201cuna oligarqu\u00eda con fachada democracia o una democracia aut\u00e9ntica\u201d<\/p>\n\n\n\n<p>El presidente\u00a0<strong>Andres Manuel L\u00f3pez Obrador<\/strong>\u00a0asever\u00f3 que la del\u00a0domingo 2 de junio\u00a0es\u00a0<strong>m\u00e1s que una elecci\u00f3n<\/strong>, sino que se va a elegir el\u00a0<strong>proyecto de naci\u00f3n<\/strong>\u00a0para los pr\u00f3ximos a\u00f1os.<\/p>\n\n\n\n<p>En la conferencia matutina de Palacio Nacional, L\u00f3pez Obrador detall\u00f3 que en la elecci\u00f3n de este domingo, M\u00e9xico se juega el tener \u201cuna\u00a0<strong>oligarqu\u00eda<\/strong>\u00a0con fachada democracia o una\u00a0<strong>democracia<\/strong>\u00a0aut\u00e9ntica\u201d.<\/p>\n\n\n\n<p>Una vez que pasen las elecciones, que la gente libremente se manifieste, va a ser muy importante, porque es m\u00e1s que una elecci\u00f3n la del domingo, es un refer\u00e9ndum, un plebiscito, una consulta, no es nada m\u00e1s elegir a las autoridades, elegir al partido, no, es elegir el proyecto de naci\u00f3n que queremos\u201d, dijo.<\/p>\n\n\n\n<figure class=\"wp-block-embed is-type-rich is-provider-twitter wp-block-embed-twitter\"><div class=\"wp-block-embed__wrapper\">\n<blockquote class=\"twitter-tweet\" data-width=\"550\" data-dnt=\"true\"><p lang=\"es\" dir=\"ltr\">&quot;Lo del domingo es m\u00e1s que una elecci\u00f3n, es un refer\u00e9ndum&quot;, dice AMLO cinco d\u00edas antes de las votaciones <a href=\"https:\/\/t.co\/vZmL66aGyj\">pic.twitter.com\/vZmL66aGyj<\/a><\/p>&mdash; Manuel Lopez San Martin (@MLopezSanMartin) <a href=\"https:\/\/twitter.com\/MLopezSanMartin\/status\/1795104546571551010?ref_src=twsrc%5Etfw\">May 27, 2024<\/a><\/blockquote><script async src=\"https:\/\/platform.twitter.com\/widgets.js\" charset=\"utf-8\"><\/script>\n<\/div><\/figure>\n\n\n\n<p>\u201cEso es lo que vamos a resolver: queremos una oligarqu\u00eda con fachada democracia o queremos una democracia aut\u00e9ntica en donde sea el pueblo el que decida y se beneficie de los bienes de la naci\u00f3n, de las riquezas de M\u00e9xico. Se beneficie con una distribuci\u00f3n equitativa, justa de la riqueza, del ingreso, del presupuesto, que les llegue a todos, no que se quede el presupuesto, la riqueza, esn unas cuantas manos, esa es la democracia\u201d, apunt\u00f3.<\/p>\n\n\n\n<p>El mandatario mexicano detall\u00f3 que antes solo un peque\u00f1o de grupo de personas decid\u00eda por el pueblo, el cual no era tomado en cuenta para las principales decisiones del pa\u00eds.<\/p>\n\n\n\n<p>\u201c\u00bfQueremos que el pa\u00eds siga siendo como antes, de un peque\u00f1o, de una minor\u00eda? Que enga\u00f1aba porque no hab\u00eda democracia, era una oligarqu\u00eda con fachada de democracia porque al pueblo no lo tomaban en cuenta, o queremos que s\u00ed de verdad se establezca en M\u00e9xico una aut\u00e9ntica, una verdadera democracia\u201d, indic\u00f3,<\/p>\n\n\n\n<p>\u201c\u00bfC\u00f3mo vas a hablar de democracia si no tomas en cuenta al pueblo? Si crees que la democracia es lo que resuelven arriba, en la c\u00fapula, los del poder econ\u00f3mico y pol\u00edtico, eso no es democracia\u201d, se\u00f1al\u00f3.<\/p>\n\n\n\n<p>A los comicios del 2 de junio, los m\u00e1s grandes en la historia de M\u00e9xico, est\u00e1n llamados a las urnas m\u00e1s de 98 millones de ciudadanos para renovar m\u00e1s de 20 mil 700 cargos, incluida la Presidencia, los 500 esca\u00f1os de la C\u00e1mara de Diputados y los 128 del Senado, as\u00ed como nueve Gobiernos estatales, incluida la Ciudad de M\u00e9xico.<\/p>\n","protected":false},"excerpt":{"rendered":"<p>Por Redacci\u00f3n QP L\u00f3pez Obrador dijo que en la elecci\u00f3n este domingo se juega el&#8230;<\/p>\n","protected":false},"author":2,"featured_media":110317,"comment_status":"open","ping_status":"open","sticky":false,"template":"","format":"standard","meta":{"_monsterinsights_skip_tracking":false,"_monsterinsights_sitenote_active":false,"_monsterinsights_sitenote_note":"","_monsterinsights_sitenote_category":0,"footnotes":""},"categories":[2],"tags":[],"class_list":["post-110316","post","type-post","status-publish","format-standard","has-post-thumbnail","hentry","category-noticias"],"yoast_head":"<!-- This site is optimized with the Yoast SEO plugin v27.3 - https:\/\/yoast.com\/product\/yoast-seo-wordpress\/ -->\n<title>&quot;Lo del domingo es m\u00e1s que una elecci\u00f3n, es un refer\u00e9ndum&quot;, dice AMLO cinco d\u00edas antes de las votaciones -<\/title>\n<meta name=\"robots\" content=\"index, follow, max-snippet:-1, max-image-preview:large, max-video-preview:-1\" \/>\n<link rel=\"canonical\" href=\"https:\/\/quehacerpolitico.mx\/?p=110316\" \/>\n<meta property=\"og:locale\" content=\"es_MX\" \/>\n<meta property=\"og:type\" content=\"article\" \/>\n<meta property=\"og:title\" content=\"&quot;Lo del domingo es m\u00e1s que una elecci\u00f3n, es un refer\u00e9ndum&quot;, dice AMLO cinco d\u00edas antes de las votaciones -\" \/>\n<meta property=\"og:description\" content=\"Por Redacci\u00f3n QP L\u00f3pez Obrador dijo que en la elecci\u00f3n este domingo se juega el...\" \/>\n<meta property=\"og:url\" content=\"https:\/\/quehacerpolitico.mx\/?p=110316\" \/>\n<meta property=\"article:published_time\" content=\"2024-05-27T17:57:41+00:00\" \/>\n<meta property=\"article:modified_time\" content=\"2024-05-27T17:57:43+00:00\" \/>\n<meta property=\"og:image\" content=\"https:\/\/quehacerpolitico.mx\/wp-content\/uploads\/2024\/05\/IMG_5895.jpeg\" \/>\n\t<meta property=\"og:image:width\" content=\"1284\" \/>\n\t<meta property=\"og:image:height\" content=\"705\" \/>\n\t<meta property=\"og:image:type\" content=\"image\/jpeg\" \/>\n<meta name=\"author\" content=\"Redacci\u00f3n QP\" \/>\n<meta name=\"twitter:card\" content=\"summary_large_image\" \/>\n<meta name=\"twitter:label1\" content=\"Escrito por\" \/>\n\t<meta name=\"twitter:data1\" content=\"Redacci\u00f3n QP\" \/>\n\t<meta name=\"twitter:label2\" content=\"Tiempo de lectura\" \/>\n\t<meta name=\"twitter:data2\" content=\"2 minutos\" \/>\n<script type=\"application\/ld+json\" class=\"yoast-schema-graph\">{\"@context\":\"https:\\\/\\\/schema.org\",\"@graph\":[{\"@type\":\"Article\",\"@id\":\"https:\\\/\\\/quehacerpolitico.mx\\\/?p=110316#article\",\"isPartOf\":{\"@id\":\"https:\\\/\\\/quehacerpolitico.mx\\\/?p=110316\"},\"author\":{\"name\":\"Redacci\u00f3n QP\",\"@id\":\"https:\\\/\\\/quehacerpolitico.mx\\\/#\\\/schema\\\/person\\\/496d8ad2d1d3f8036101dca7ee39e585\"},\"headline\":\"&#8220;Lo del domingo es m\u00e1s que una elecci\u00f3n, es un refer\u00e9ndum&#8221;, dice AMLO cinco d\u00edas antes de las votaciones\",\"datePublished\":\"2024-05-27T17:57:41+00:00\",\"dateModified\":\"2024-05-27T17:57:43+00:00\",\"mainEntityOfPage\":{\"@id\":\"https:\\\/\\\/quehacerpolitico.mx\\\/?p=110316\"},\"wordCount\":474,\"commentCount\":0,\"image\":{\"@id\":\"https:\\\/\\\/quehacerpolitico.mx\\\/?p=110316#primaryimage\"},\"thumbnailUrl\":\"https:\\\/\\\/quehacerpolitico.mx\\\/wp-content\\\/uploads\\\/2024\\\/05\\\/IMG_5895.jpeg\",\"articleSection\":[\"Noticias\"],\"inLanguage\":\"es\",\"potentialAction\":[{\"@type\":\"CommentAction\",\"name\":\"Comment\",\"target\":[\"https:\\\/\\\/quehacerpolitico.mx\\\/?p=110316#respond\"]}]},{\"@type\":\"WebPage\",\"@id\":\"https:\\\/\\\/quehacerpolitico.mx\\\/?p=110316\",\"url\":\"https:\\\/\\\/quehacerpolitico.mx\\\/?p=110316\",\"name\":\"\\\"Lo del domingo es m\u00e1s que una elecci\u00f3n, es un refer\u00e9ndum\\\", dice AMLO cinco d\u00edas antes de las votaciones -\",\"isPartOf\":{\"@id\":\"https:\\\/\\\/quehacerpolitico.mx\\\/#website\"},\"primaryImageOfPage\":{\"@id\":\"https:\\\/\\\/quehacerpolitico.mx\\\/?p=110316#primaryimage\"},\"image\":{\"@id\":\"https:\\\/\\\/quehacerpolitico.mx\\\/?p=110316#primaryimage\"},\"thumbnailUrl\":\"https:\\\/\\\/quehacerpolitico.mx\\\/wp-content\\\/uploads\\\/2024\\\/05\\\/IMG_5895.jpeg\",\"datePublished\":\"2024-05-27T17:57:41+00:00\",\"dateModified\":\"2024-05-27T17:57:43+00:00\",\"author\":{\"@id\":\"https:\\\/\\\/quehacerpolitico.mx\\\/#\\\/schema\\\/person\\\/496d8ad2d1d3f8036101dca7ee39e585\"},\"breadcrumb\":{\"@id\":\"https:\\\/\\\/quehacerpolitico.mx\\\/?p=110316#breadcrumb\"},\"inLanguage\":\"es\",\"potentialAction\":[{\"@type\":\"ReadAction\",\"target\":[\"https:\\\/\\\/quehacerpolitico.mx\\\/?p=110316\"]}]},{\"@type\":\"ImageObject\",\"inLanguage\":\"es\",\"@id\":\"https:\\\/\\\/quehacerpolitico.mx\\\/?p=110316#primaryimage\",\"url\":\"https:\\\/\\\/quehacerpolitico.mx\\\/wp-content\\\/uploads\\\/2024\\\/05\\\/IMG_5895.jpeg\",\"contentUrl\":\"https:\\\/\\\/quehacerpolitico.mx\\\/wp-content\\\/uploads\\\/2024\\\/05\\\/IMG_5895.jpeg\",\"width\":1284,\"height\":705,\"caption\":\"Screenshot\"},{\"@type\":\"BreadcrumbList\",\"@id\":\"https:\\\/\\\/quehacerpolitico.mx\\\/?p=110316#breadcrumb\",\"itemListElement\":[{\"@type\":\"ListItem\",\"position\":1,\"name\":\"Inicio\",\"item\":\"https:\\\/\\\/quehacerpolitico.mx\\\/\"},{\"@type\":\"ListItem\",\"position\":2,\"name\":\"&#8220;Lo del domingo es m\u00e1s que una elecci\u00f3n, es un refer\u00e9ndum&#8221;, dice AMLO cinco d\u00edas antes de las votaciones\"}]},{\"@type\":\"WebSite\",\"@id\":\"https:\\\/\\\/quehacerpolitico.mx\\\/#website\",\"url\":\"https:\\\/\\\/quehacerpolitico.mx\\\/\",\"name\":\"\",\"description\":\"\",\"potentialAction\":[{\"@type\":\"SearchAction\",\"target\":{\"@type\":\"EntryPoint\",\"urlTemplate\":\"https:\\\/\\\/quehacerpolitico.mx\\\/?s={search_term_string}\"},\"query-input\":{\"@type\":\"PropertyValueSpecification\",\"valueRequired\":true,\"valueName\":\"search_term_string\"}}],\"inLanguage\":\"es\"},{\"@type\":\"Person\",\"@id\":\"https:\\\/\\\/quehacerpolitico.mx\\\/#\\\/schema\\\/person\\\/496d8ad2d1d3f8036101dca7ee39e585\",\"name\":\"Redacci\u00f3n QP\",\"image\":{\"@type\":\"ImageObject\",\"inLanguage\":\"es\",\"@id\":\"https:\\\/\\\/secure.gravatar.com\\\/avatar\\\/c7164ed6fdec453195284ad24a5ae5b6e1eed2b848477fa2a4787ba9adf39a41?s=96&d=mm&r=g\",\"url\":\"https:\\\/\\\/secure.gravatar.com\\\/avatar\\\/c7164ed6fdec453195284ad24a5ae5b6e1eed2b848477fa2a4787ba9adf39a41?s=96&d=mm&r=g\",\"contentUrl\":\"https:\\\/\\\/secure.gravatar.com\\\/avatar\\\/c7164ed6fdec453195284ad24a5ae5b6e1eed2b848477fa2a4787ba9adf39a41?s=96&d=mm&r=g\",\"caption\":\"Redacci\u00f3n QP\"},\"url\":\"https:\\\/\\\/quehacerpolitico.mx\\\/?author=2\"}]}<\/script>\n<!-- \/ Yoast SEO plugin. -->","yoast_head_json":{"title":"\"Lo del domingo es m\u00e1s que una elecci\u00f3n, es un refer\u00e9ndum\", dice AMLO cinco d\u00edas antes de las votaciones -","robots":{"index":"index","follow":"follow","max-snippet":"max-snippet:-1","max-image-preview":"max-image-preview:large","max-video-preview":"max-video-preview:-1"},"canonical":"https:\/\/quehacerpolitico.mx\/?p=110316","og_locale":"es_MX","og_type":"article","og_title":"\"Lo del domingo es m\u00e1s que una elecci\u00f3n, es un refer\u00e9ndum\", dice AMLO cinco d\u00edas antes de las votaciones -","og_description":"Por Redacci\u00f3n QP L\u00f3pez Obrador dijo que en la elecci\u00f3n este domingo se juega el...","og_url":"https:\/\/quehacerpolitico.mx\/?p=110316","article_published_time":"2024-05-27T17:57:41+00:00","article_modified_time":"2024-05-27T17:57:43+00:00","og_image":[{"width":1284,"height":705,"url":"https:\/\/quehacerpolitico.mx\/wp-content\/uploads\/2024\/05\/IMG_5895.jpeg","type":"image\/jpeg"}],"author":"Redacci\u00f3n QP","twitter_card":"summary_large_image","twitter_misc":{"Escrito por":"Redacci\u00f3n QP","Tiempo de lectura":"2 minutos"},"schema":{"@context":"https:\/\/schema.org","@graph":[{"@type":"Article","@id":"https:\/\/quehacerpolitico.mx\/?p=110316#article","isPartOf":{"@id":"https:\/\/quehacerpolitico.mx\/?p=110316"},"author":{"name":"Redacci\u00f3n QP","@id":"https:\/\/quehacerpolitico.mx\/#\/schema\/person\/496d8ad2d1d3f8036101dca7ee39e585"},"headline":"&#8220;Lo del domingo es m\u00e1s que una elecci\u00f3n, es un refer\u00e9ndum&#8221;, dice AMLO cinco d\u00edas antes de las votaciones","datePublished":"2024-05-27T17:57:41+00:00","dateModified":"2024-05-27T17:57:43+00:00","mainEntityOfPage":{"@id":"https:\/\/quehacerpolitico.mx\/?p=110316"},"wordCount":474,"commentCount":0,"image":{"@id":"https:\/\/quehacerpolitico.mx\/?p=110316#primaryimage"},"thumbnailUrl":"https:\/\/quehacerpolitico.mx\/wp-content\/uploads\/2024\/05\/IMG_5895.jpeg","articleSection":["Noticias"],"inLanguage":"es","potentialAction":[{"@type":"CommentAction","name":"Comment","target":["https:\/\/quehacerpolitico.mx\/?p=110316#respond"]}]},{"@type":"WebPage","@id":"https:\/\/quehacerpolitico.mx\/?p=110316","url":"https:\/\/quehacerpolitico.mx\/?p=110316","name":"\"Lo del domingo es m\u00e1s que una elecci\u00f3n, es un refer\u00e9ndum\", dice AMLO cinco d\u00edas antes de las votaciones -","isPartOf":{"@id":"https:\/\/quehacerpolitico.mx\/#website"},"primaryImageOfPage":{"@id":"https:\/\/quehacerpolitico.mx\/?p=110316#primaryimage"},"image":{"@id":"https:\/\/quehacerpolitico.mx\/?p=110316#primaryimage"},"thumbnailUrl":"https:\/\/quehacerpolitico.mx\/wp-content\/uploads\/2024\/05\/IMG_5895.jpeg","datePublished":"2024-05-27T17:57:41+00:00","dateModified":"2024-05-27T17:57:43+00:00","author":{"@id":"https:\/\/quehacerpolitico.mx\/#\/schema\/person\/496d8ad2d1d3f8036101dca7ee39e585"},"breadcrumb":{"@id":"https:\/\/quehacerpolitico.mx\/?p=110316#breadcrumb"},"inLanguage":"es","potentialAction":[{"@type":"ReadAction","target":["https:\/\/quehacerpolitico.mx\/?p=110316"]}]},{"@type":"ImageObject","inLanguage":"es","@id":"https:\/\/quehacerpolitico.mx\/?p=110316#primaryimage","url":"https:\/\/quehacerpolitico.mx\/wp-content\/uploads\/2024\/05\/IMG_5895.jpeg","contentUrl":"https:\/\/quehacerpolitico.mx\/wp-content\/uploads\/2024\/05\/IMG_5895.jpeg","width":1284,"height":705,"caption":"Screenshot"},{"@type":"BreadcrumbList","@id":"https:\/\/quehacerpolitico.mx\/?p=110316#breadcrumb","itemListElement":[{"@type":"ListItem","position":1,"name":"Inicio","item":"https:\/\/quehacerpolitico.mx\/"},{"@type":"ListItem","position":2,"name":"&#8220;Lo del domingo es m\u00e1s que una elecci\u00f3n, es un refer\u00e9ndum&#8221;, dice AMLO cinco d\u00edas antes de las votaciones"}]},{"@type":"WebSite","@id":"https:\/\/quehacerpolitico.mx\/#website","url":"https:\/\/quehacerpolitico.mx\/","name":"","description":"","potentialAction":[{"@type":"SearchAction","target":{"@type":"EntryPoint","urlTemplate":"https:\/\/quehacerpolitico.mx\/?s={search_term_string}"},"query-input":{"@type":"PropertyValueSpecification","valueRequired":true,"valueName":"search_term_string"}}],"inLanguage":"es"},{"@type":"Person","@id":"https:\/\/quehacerpolitico.mx\/#\/schema\/person\/496d8ad2d1d3f8036101dca7ee39e585","name":"Redacci\u00f3n QP","image":{"@type":"ImageObject","inLanguage":"es","@id":"https:\/\/secure.gravatar.com\/avatar\/c7164ed6fdec453195284ad24a5ae5b6e1eed2b848477fa2a4787ba9adf39a41?s=96&d=mm&r=g","url":"https:\/\/secure.gravatar.com\/avatar\/c7164ed6fdec453195284ad24a5ae5b6e1eed2b848477fa2a4787ba9adf39a41?s=96&d=mm&r=g","contentUrl":"https:\/\/secure.gravatar.com\/avatar\/c7164ed6fdec453195284ad24a5ae5b6e1eed2b848477fa2a4787ba9adf39a41?s=96&d=mm&r=g","caption":"Redacci\u00f3n QP"},"url":"https:\/\/quehacerpolitico.mx\/?author=2"}]}},"featured_image_urls":{"full":["https:\/\/quehacerpolitico.mx\/wp-content\/uploads\/2024\/05\/IMG_5895.jpeg",1284,705,false],"thumbnail":["https:\/\/quehacerpolitico.mx\/wp-content\/uploads\/2024\/05\/IMG_5895-150x150.jpeg",150,150,true],"medium":["https:\/\/quehacerpolitico.mx\/wp-content\/uploads\/2024\/05\/IMG_5895-300x165.jpeg",300,165,true],"medium_large":["https:\/\/quehacerpolitico.mx\/wp-content\/uploads\/2024\/05\/IMG_5895-768x422.jpeg",640,352,true],"large":["https:\/\/quehacerpolitico.mx\/wp-content\/uploads\/2024\/05\/IMG_5895-1024x562.jpeg",640,351,true],"1536x1536":["https:\/\/quehacerpolitico.mx\/wp-content\/uploads\/2024\/05\/IMG_5895.jpeg",1284,705,false],"2048x2048":["https:\/\/quehacerpolitico.mx\/wp-content\/uploads\/2024\/05\/IMG_5895.jpeg",1284,705,false],"covernews-featured":["https:\/\/quehacerpolitico.mx\/wp-content\/uploads\/2024\/05\/IMG_5895.jpeg",1024,562,false],"covernews-medium":["https:\/\/quehacerpolitico.mx\/wp-content\/uploads\/2024\/05\/IMG_5895.jpeg",540,296,false]},"author_info":{"display_name":"Redacci\u00f3n QP","author_link":"https:\/\/quehacerpolitico.mx\/?author=2"},"category_info":"<a href=\"https:\/\/quehacerpolitico.mx\/?cat=2\" rel=\"category\">Noticias<\/a>","tag_info":"Noticias","comment_count":"0","_links":{"self":[{"href":"https:\/\/quehacerpolitico.mx\/index.php?rest_route=\/wp\/v2\/posts\/110316","targetHints":{"allow":["GET"]}}],"collection":[{"href":"https:\/\/quehacerpolitico.mx\/index.php?rest_route=\/wp\/v2\/posts"}],"about":[{"href":"https:\/\/quehacerpolitico.mx\/index.php?rest_route=\/wp\/v2\/types\/post"}],"author":[{"embeddable":true,"href":"https:\/\/quehacerpolitico.mx\/index.php?rest_route=\/wp\/v2\/users\/2"}],"replies":[{"embeddable":true,"href":"https:\/\/quehacerpolitico.mx\/index.php?rest_route=%2Fwp%2Fv2%2Fcomments&post=110316"}],"version-history":[{"count":1,"href":"https:\/\/quehacerpolitico.mx\/index.php?rest_route=\/wp\/v2\/posts\/110316\/revisions"}],"predecessor-version":[{"id":110318,"href":"https:\/\/quehacerpolitico.mx\/index.php?rest_route=\/wp\/v2\/posts\/110316\/revisions\/110318"}],"wp:featuredmedia":[{"embeddable":true,"href":"https:\/\/quehacerpolitico.mx\/index.php?rest_route=\/wp\/v2\/media\/110317"}],"wp:attachment":[{"href":"https:\/\/quehacerpolitico.mx\/index.php?rest_route=%2Fwp%2Fv2%2Fmedia&parent=110316"}],"wp:term":[{"taxonomy":"category","embeddable":true,"href":"https:\/\/quehacerpolitico.mx\/index.php?rest_route=%2Fwp%2Fv2%2Fcategories&post=110316"},{"taxonomy":"post_tag","embeddable":true,"href":"https:\/\/quehacerpolitico.mx\/index.php?rest_route=%2Fwp%2Fv2%2Ftags&post=110316"}],"curies":[{"name":"wp","href":"https:\/\/api.w.org\/{rel}","templated":true}]}}