{"id":110312,"date":"2024-05-27T16:36:50","date_gmt":"2024-05-27T16:36:50","guid":{"rendered":"https:\/\/quehacerpolitico.mx\/?p=110312"},"modified":"2024-05-27T16:36:52","modified_gmt":"2024-05-27T16:36:52","slug":"alejandra-del-moral-renuncia-al-pri-y-sorprende-con-decision","status":"publish","type":"post","link":"https:\/\/quehacerpolitico.mx\/?p=110312","title":{"rendered":"Alejandra del Moral renuncia al PRI y sorprende con decisi\u00f3n"},"content":{"rendered":"\n<p>Por Redacci\u00f3n QP<\/p>\n\n\n\n<p>La excandidata a la gubernatura al Estado de M\u00e9xico inform\u00f3 lo que har\u00e1 de cara a las elecciones del pr\u00f3ximo 2 de junio<\/p>\n\n\n\n<p>Este lunes, Alejandra del Moral Vela, excandidata del tricolor a la gubernatura del\u00a0Estado de M\u00e9xico renunci\u00f3 al PRI.<\/p>\n\n\n\n<p>En una carta que hizo p\u00fablica en sus redes sociales, dirigida al l\u00edder nacional del\u00a0PRI, Alejandro Moreno,\u00a0<mark><strong>dijo que la actual dirigencia del partido &#8220;ha dejado de lado los ideales revolucionarios de democracia y justicia social&#8221;.<\/strong><\/mark><\/p>\n\n\n\n<figure class=\"wp-block-image size-large\"><img loading=\"lazy\" decoding=\"async\" width=\"766\" height=\"1024\" src=\"https:\/\/quehacerpolitico.mx\/wp-content\/uploads\/2024\/05\/image-39-766x1024.jpeg\" alt=\"\" class=\"wp-image-110313\" srcset=\"https:\/\/quehacerpolitico.mx\/wp-content\/uploads\/2024\/05\/image-39-766x1024.jpeg 766w, https:\/\/quehacerpolitico.mx\/wp-content\/uploads\/2024\/05\/image-39-225x300.jpeg 225w, https:\/\/quehacerpolitico.mx\/wp-content\/uploads\/2024\/05\/image-39-768x1026.jpeg 768w, https:\/\/quehacerpolitico.mx\/wp-content\/uploads\/2024\/05\/image-39-109x146.jpeg 109w, https:\/\/quehacerpolitico.mx\/wp-content\/uploads\/2024\/05\/image-39-37x50.jpeg 37w, https:\/\/quehacerpolitico.mx\/wp-content\/uploads\/2024\/05\/image-39-56x75.jpeg 56w, https:\/\/quehacerpolitico.mx\/wp-content\/uploads\/2024\/05\/image-39.jpeg 1107w\" sizes=\"auto, (max-width: 766px) 100vw, 766px\" \/><\/figure>\n\n\n\n<p>Claudia Sheinbaum inform\u00f3 en redes sociales que se reuni\u00f3 con Alejandra del Moral, con quien subi\u00f3 una\u00a0foto.<\/p>\n\n\n\n<figure class=\"wp-block-embed is-type-rich is-provider-twitter wp-block-embed-twitter\"><div class=\"wp-block-embed__wrapper\">\n<blockquote class=\"twitter-tweet\" data-width=\"550\" data-dnt=\"true\"><p lang=\"es\" dir=\"ltr\">Me reun\u00ed con Alejandra del Moral. Reflexionamos sobre el futuro de nuestro pa\u00eds y encontramos m\u00e1s coincidencias que diferencias: seguir construyendo un M\u00e9xico para todos y todas, con justicia, democracia, libertades y prosperidad compartida. Es tiempo de mujeres y es tiempo de la\u2026 <a href=\"https:\/\/t.co\/zuEdAliHtU\">pic.twitter.com\/zuEdAliHtU<\/a><\/p>&mdash; Claudia Sheinbaum Pardo (@Claudiashein) <a href=\"https:\/\/twitter.com\/Claudiashein\/status\/1795110153814941733?ref_src=twsrc%5Etfw\">May 27, 2024<\/a><\/blockquote><script async src=\"https:\/\/platform.twitter.com\/widgets.js\" charset=\"utf-8\"><\/script>\n<\/div><\/figure>\n\n\n\n<p>&#8220;Reflexionamos sobre el futuro de nuestro pa\u00eds y encontramos m\u00e1s coincidencias que diferencias: seguir construyendo un M\u00e9xico para todos y todas, con justicia, democracia, libertades y prosperidad compartida.<\/p>\n\n\n\n<p><strong>&#8220;Es tiempo de mujeres y es tiempo de la transformaci\u00f3n. Le agradezco su decisi\u00f3n de sumarse a nuestro proyecto en favor del pueblo de M\u00e9xico&#8221;,<\/strong>\u00a0escribi\u00f3 Claudia Sheinbaum.<\/p>\n\n\n\n<p>En febrero pasado, Del Moral Vela anunci\u00f3 que no participar\u00eda en el proceso electoral del 2 de junio, donde buscar\u00eda una curul por la v\u00eda plurinominal.<\/p>\n\n\n\n<p>A trav\u00e9s de una carta dirigida al presidente nacional del Partido, declin\u00f3 como candidata a diputada federal.<\/p>\n\n\n\n<p>En el 2023, Alejandra del Moral fue candidata a la gubernatura del Edomex por la coalici\u00f3n &#8220;Va por el Estado de M\u00e9xico&#8221;, conformada por PRI, PAN, PRD y Nueva Alianza,\u00a0<mark><strong>perdiendo la elecci\u00f3n ante Delfina G\u00f3mez,<\/strong><\/mark>\u00a0de\u00a0Morena.<\/p>\n\n\n\n<p>Con informaci\u00f3n de SUN<\/p>\n","protected":false},"excerpt":{"rendered":"<p>Por Redacci\u00f3n QP La excandidata a la gubernatura al Estado de M\u00e9xico inform\u00f3 lo que&#8230;<\/p>\n","protected":false},"author":2,"featured_media":110314,"comment_status":"open","ping_status":"open","sticky":false,"template":"","format":"standard","meta":{"_monsterinsights_skip_tracking":false,"_monsterinsights_sitenote_active":false,"_monsterinsights_sitenote_note":"","_monsterinsights_sitenote_category":0,"footnotes":""},"categories":[2],"tags":[],"class_list":["post-110312","post","type-post","status-publish","format-standard","has-post-thumbnail","hentry","category-noticias"],"yoast_head":"<!-- This site is optimized with the Yoast SEO plugin v27.3 - https:\/\/yoast.com\/product\/yoast-seo-wordpress\/ -->\n<title>Alejandra del Moral renuncia al PRI y sorprende con decisi\u00f3n -<\/title>\n<meta name=\"robots\" content=\"index, follow, max-snippet:-1, max-image-preview:large, max-video-preview:-1\" \/>\n<link rel=\"canonical\" href=\"https:\/\/quehacerpolitico.mx\/?p=110312\" \/>\n<meta property=\"og:locale\" content=\"es_MX\" \/>\n<meta property=\"og:type\" content=\"article\" \/>\n<meta property=\"og:title\" content=\"Alejandra del Moral renuncia al PRI y sorprende con decisi\u00f3n -\" \/>\n<meta property=\"og:description\" content=\"Por Redacci\u00f3n QP La excandidata a la gubernatura al Estado de M\u00e9xico inform\u00f3 lo que...\" \/>\n<meta property=\"og:url\" content=\"https:\/\/quehacerpolitico.mx\/?p=110312\" \/>\n<meta property=\"article:published_time\" content=\"2024-05-27T16:36:50+00:00\" \/>\n<meta property=\"article:modified_time\" content=\"2024-05-27T16:36:52+00:00\" \/>\n<meta property=\"og:image\" content=\"https:\/\/quehacerpolitico.mx\/wp-content\/uploads\/2024\/05\/IMG_5893.jpeg\" \/>\n\t<meta property=\"og:image:width\" content=\"1637\" \/>\n\t<meta property=\"og:image:height\" content=\"1178\" \/>\n\t<meta property=\"og:image:type\" content=\"image\/jpeg\" \/>\n<meta name=\"author\" content=\"Redacci\u00f3n QP\" \/>\n<meta name=\"twitter:card\" content=\"summary_large_image\" \/>\n<meta name=\"twitter:label1\" content=\"Escrito por\" \/>\n\t<meta name=\"twitter:data1\" content=\"Redacci\u00f3n QP\" \/>\n\t<meta name=\"twitter:label2\" content=\"Tiempo de lectura\" \/>\n\t<meta name=\"twitter:data2\" content=\"1 minuto\" \/>\n<script type=\"application\/ld+json\" class=\"yoast-schema-graph\">{\"@context\":\"https:\\\/\\\/schema.org\",\"@graph\":[{\"@type\":\"Article\",\"@id\":\"https:\\\/\\\/quehacerpolitico.mx\\\/?p=110312#article\",\"isPartOf\":{\"@id\":\"https:\\\/\\\/quehacerpolitico.mx\\\/?p=110312\"},\"author\":{\"name\":\"Redacci\u00f3n QP\",\"@id\":\"https:\\\/\\\/quehacerpolitico.mx\\\/#\\\/schema\\\/person\\\/496d8ad2d1d3f8036101dca7ee39e585\"},\"headline\":\"Alejandra del Moral renuncia al PRI y sorprende con decisi\u00f3n\",\"datePublished\":\"2024-05-27T16:36:50+00:00\",\"dateModified\":\"2024-05-27T16:36:52+00:00\",\"mainEntityOfPage\":{\"@id\":\"https:\\\/\\\/quehacerpolitico.mx\\\/?p=110312\"},\"wordCount\":281,\"commentCount\":0,\"image\":{\"@id\":\"https:\\\/\\\/quehacerpolitico.mx\\\/?p=110312#primaryimage\"},\"thumbnailUrl\":\"https:\\\/\\\/quehacerpolitico.mx\\\/wp-content\\\/uploads\\\/2024\\\/05\\\/IMG_5893.jpeg\",\"articleSection\":[\"Noticias\"],\"inLanguage\":\"es\",\"potentialAction\":[{\"@type\":\"CommentAction\",\"name\":\"Comment\",\"target\":[\"https:\\\/\\\/quehacerpolitico.mx\\\/?p=110312#respond\"]}]},{\"@type\":\"WebPage\",\"@id\":\"https:\\\/\\\/quehacerpolitico.mx\\\/?p=110312\",\"url\":\"https:\\\/\\\/quehacerpolitico.mx\\\/?p=110312\",\"name\":\"Alejandra del Moral renuncia al PRI y sorprende con decisi\u00f3n -\",\"isPartOf\":{\"@id\":\"https:\\\/\\\/quehacerpolitico.mx\\\/#website\"},\"primaryImageOfPage\":{\"@id\":\"https:\\\/\\\/quehacerpolitico.mx\\\/?p=110312#primaryimage\"},\"image\":{\"@id\":\"https:\\\/\\\/quehacerpolitico.mx\\\/?p=110312#primaryimage\"},\"thumbnailUrl\":\"https:\\\/\\\/quehacerpolitico.mx\\\/wp-content\\\/uploads\\\/2024\\\/05\\\/IMG_5893.jpeg\",\"datePublished\":\"2024-05-27T16:36:50+00:00\",\"dateModified\":\"2024-05-27T16:36:52+00:00\",\"author\":{\"@id\":\"https:\\\/\\\/quehacerpolitico.mx\\\/#\\\/schema\\\/person\\\/496d8ad2d1d3f8036101dca7ee39e585\"},\"breadcrumb\":{\"@id\":\"https:\\\/\\\/quehacerpolitico.mx\\\/?p=110312#breadcrumb\"},\"inLanguage\":\"es\",\"potentialAction\":[{\"@type\":\"ReadAction\",\"target\":[\"https:\\\/\\\/quehacerpolitico.mx\\\/?p=110312\"]}]},{\"@type\":\"ImageObject\",\"inLanguage\":\"es\",\"@id\":\"https:\\\/\\\/quehacerpolitico.mx\\\/?p=110312#primaryimage\",\"url\":\"https:\\\/\\\/quehacerpolitico.mx\\\/wp-content\\\/uploads\\\/2024\\\/05\\\/IMG_5893.jpeg\",\"contentUrl\":\"https:\\\/\\\/quehacerpolitico.mx\\\/wp-content\\\/uploads\\\/2024\\\/05\\\/IMG_5893.jpeg\",\"width\":1637,\"height\":1178},{\"@type\":\"BreadcrumbList\",\"@id\":\"https:\\\/\\\/quehacerpolitico.mx\\\/?p=110312#breadcrumb\",\"itemListElement\":[{\"@type\":\"ListItem\",\"position\":1,\"name\":\"Inicio\",\"item\":\"https:\\\/\\\/quehacerpolitico.mx\\\/\"},{\"@type\":\"ListItem\",\"position\":2,\"name\":\"Alejandra del Moral renuncia al PRI y sorprende con decisi\u00f3n\"}]},{\"@type\":\"WebSite\",\"@id\":\"https:\\\/\\\/quehacerpolitico.mx\\\/#website\",\"url\":\"https:\\\/\\\/quehacerpolitico.mx\\\/\",\"name\":\"\",\"description\":\"\",\"potentialAction\":[{\"@type\":\"SearchAction\",\"target\":{\"@type\":\"EntryPoint\",\"urlTemplate\":\"https:\\\/\\\/quehacerpolitico.mx\\\/?s={search_term_string}\"},\"query-input\":{\"@type\":\"PropertyValueSpecification\",\"valueRequired\":true,\"valueName\":\"search_term_string\"}}],\"inLanguage\":\"es\"},{\"@type\":\"Person\",\"@id\":\"https:\\\/\\\/quehacerpolitico.mx\\\/#\\\/schema\\\/person\\\/496d8ad2d1d3f8036101dca7ee39e585\",\"name\":\"Redacci\u00f3n QP\",\"image\":{\"@type\":\"ImageObject\",\"inLanguage\":\"es\",\"@id\":\"https:\\\/\\\/secure.gravatar.com\\\/avatar\\\/c7164ed6fdec453195284ad24a5ae5b6e1eed2b848477fa2a4787ba9adf39a41?s=96&d=mm&r=g\",\"url\":\"https:\\\/\\\/secure.gravatar.com\\\/avatar\\\/c7164ed6fdec453195284ad24a5ae5b6e1eed2b848477fa2a4787ba9adf39a41?s=96&d=mm&r=g\",\"contentUrl\":\"https:\\\/\\\/secure.gravatar.com\\\/avatar\\\/c7164ed6fdec453195284ad24a5ae5b6e1eed2b848477fa2a4787ba9adf39a41?s=96&d=mm&r=g\",\"caption\":\"Redacci\u00f3n QP\"},\"url\":\"https:\\\/\\\/quehacerpolitico.mx\\\/?author=2\"}]}<\/script>\n<!-- \/ Yoast SEO plugin. -->","yoast_head_json":{"title":"Alejandra del Moral renuncia al PRI y sorprende con decisi\u00f3n -","robots":{"index":"index","follow":"follow","max-snippet":"max-snippet:-1","max-image-preview":"max-image-preview:large","max-video-preview":"max-video-preview:-1"},"canonical":"https:\/\/quehacerpolitico.mx\/?p=110312","og_locale":"es_MX","og_type":"article","og_title":"Alejandra del Moral renuncia al PRI y sorprende con decisi\u00f3n -","og_description":"Por Redacci\u00f3n QP La excandidata a la gubernatura al Estado de M\u00e9xico inform\u00f3 lo que...","og_url":"https:\/\/quehacerpolitico.mx\/?p=110312","article_published_time":"2024-05-27T16:36:50+00:00","article_modified_time":"2024-05-27T16:36:52+00:00","og_image":[{"width":1637,"height":1178,"url":"https:\/\/quehacerpolitico.mx\/wp-content\/uploads\/2024\/05\/IMG_5893.jpeg","type":"image\/jpeg"}],"author":"Redacci\u00f3n QP","twitter_card":"summary_large_image","twitter_misc":{"Escrito por":"Redacci\u00f3n QP","Tiempo de lectura":"1 minuto"},"schema":{"@context":"https:\/\/schema.org","@graph":[{"@type":"Article","@id":"https:\/\/quehacerpolitico.mx\/?p=110312#article","isPartOf":{"@id":"https:\/\/quehacerpolitico.mx\/?p=110312"},"author":{"name":"Redacci\u00f3n QP","@id":"https:\/\/quehacerpolitico.mx\/#\/schema\/person\/496d8ad2d1d3f8036101dca7ee39e585"},"headline":"Alejandra del Moral renuncia al PRI y sorprende con decisi\u00f3n","datePublished":"2024-05-27T16:36:50+00:00","dateModified":"2024-05-27T16:36:52+00:00","mainEntityOfPage":{"@id":"https:\/\/quehacerpolitico.mx\/?p=110312"},"wordCount":281,"commentCount":0,"image":{"@id":"https:\/\/quehacerpolitico.mx\/?p=110312#primaryimage"},"thumbnailUrl":"https:\/\/quehacerpolitico.mx\/wp-content\/uploads\/2024\/05\/IMG_5893.jpeg","articleSection":["Noticias"],"inLanguage":"es","potentialAction":[{"@type":"CommentAction","name":"Comment","target":["https:\/\/quehacerpolitico.mx\/?p=110312#respond"]}]},{"@type":"WebPage","@id":"https:\/\/quehacerpolitico.mx\/?p=110312","url":"https:\/\/quehacerpolitico.mx\/?p=110312","name":"Alejandra del Moral renuncia al PRI y sorprende con decisi\u00f3n -","isPartOf":{"@id":"https:\/\/quehacerpolitico.mx\/#website"},"primaryImageOfPage":{"@id":"https:\/\/quehacerpolitico.mx\/?p=110312#primaryimage"},"image":{"@id":"https:\/\/quehacerpolitico.mx\/?p=110312#primaryimage"},"thumbnailUrl":"https:\/\/quehacerpolitico.mx\/wp-content\/uploads\/2024\/05\/IMG_5893.jpeg","datePublished":"2024-05-27T16:36:50+00:00","dateModified":"2024-05-27T16:36:52+00:00","author":{"@id":"https:\/\/quehacerpolitico.mx\/#\/schema\/person\/496d8ad2d1d3f8036101dca7ee39e585"},"breadcrumb":{"@id":"https:\/\/quehacerpolitico.mx\/?p=110312#breadcrumb"},"inLanguage":"es","potentialAction":[{"@type":"ReadAction","target":["https:\/\/quehacerpolitico.mx\/?p=110312"]}]},{"@type":"ImageObject","inLanguage":"es","@id":"https:\/\/quehacerpolitico.mx\/?p=110312#primaryimage","url":"https:\/\/quehacerpolitico.mx\/wp-content\/uploads\/2024\/05\/IMG_5893.jpeg","contentUrl":"https:\/\/quehacerpolitico.mx\/wp-content\/uploads\/2024\/05\/IMG_5893.jpeg","width":1637,"height":1178},{"@type":"BreadcrumbList","@id":"https:\/\/quehacerpolitico.mx\/?p=110312#breadcrumb","itemListElement":[{"@type":"ListItem","position":1,"name":"Inicio","item":"https:\/\/quehacerpolitico.mx\/"},{"@type":"ListItem","position":2,"name":"Alejandra del Moral renuncia al PRI y sorprende con decisi\u00f3n"}]},{"@type":"WebSite","@id":"https:\/\/quehacerpolitico.mx\/#website","url":"https:\/\/quehacerpolitico.mx\/","name":"","description":"","potentialAction":[{"@type":"SearchAction","target":{"@type":"EntryPoint","urlTemplate":"https:\/\/quehacerpolitico.mx\/?s={search_term_string}"},"query-input":{"@type":"PropertyValueSpecification","valueRequired":true,"valueName":"search_term_string"}}],"inLanguage":"es"},{"@type":"Person","@id":"https:\/\/quehacerpolitico.mx\/#\/schema\/person\/496d8ad2d1d3f8036101dca7ee39e585","name":"Redacci\u00f3n QP","image":{"@type":"ImageObject","inLanguage":"es","@id":"https:\/\/secure.gravatar.com\/avatar\/c7164ed6fdec453195284ad24a5ae5b6e1eed2b848477fa2a4787ba9adf39a41?s=96&d=mm&r=g","url":"https:\/\/secure.gravatar.com\/avatar\/c7164ed6fdec453195284ad24a5ae5b6e1eed2b848477fa2a4787ba9adf39a41?s=96&d=mm&r=g","contentUrl":"https:\/\/secure.gravatar.com\/avatar\/c7164ed6fdec453195284ad24a5ae5b6e1eed2b848477fa2a4787ba9adf39a41?s=96&d=mm&r=g","caption":"Redacci\u00f3n QP"},"url":"https:\/\/quehacerpolitico.mx\/?author=2"}]}},"featured_image_urls":{"full":["https:\/\/quehacerpolitico.mx\/wp-content\/uploads\/2024\/05\/IMG_5893.jpeg",1637,1178,false],"thumbnail":["https:\/\/quehacerpolitico.mx\/wp-content\/uploads\/2024\/05\/IMG_5893-150x150.jpeg",150,150,true],"medium":["https:\/\/quehacerpolitico.mx\/wp-content\/uploads\/2024\/05\/IMG_5893-300x216.jpeg",300,216,true],"medium_large":["https:\/\/quehacerpolitico.mx\/wp-content\/uploads\/2024\/05\/IMG_5893-768x553.jpeg",640,461,true],"large":["https:\/\/quehacerpolitico.mx\/wp-content\/uploads\/2024\/05\/IMG_5893-1024x737.jpeg",640,461,true],"1536x1536":["https:\/\/quehacerpolitico.mx\/wp-content\/uploads\/2024\/05\/IMG_5893-1536x1105.jpeg",1536,1105,true],"2048x2048":["https:\/\/quehacerpolitico.mx\/wp-content\/uploads\/2024\/05\/IMG_5893.jpeg",1637,1178,false],"covernews-featured":["https:\/\/quehacerpolitico.mx\/wp-content\/uploads\/2024\/05\/IMG_5893.jpeg",1024,737,false],"covernews-medium":["https:\/\/quehacerpolitico.mx\/wp-content\/uploads\/2024\/05\/IMG_5893.jpeg",472,340,false]},"author_info":{"display_name":"Redacci\u00f3n QP","author_link":"https:\/\/quehacerpolitico.mx\/?author=2"},"category_info":"<a href=\"https:\/\/quehacerpolitico.mx\/?cat=2\" rel=\"category\">Noticias<\/a>","tag_info":"Noticias","comment_count":"0","_links":{"self":[{"href":"https:\/\/quehacerpolitico.mx\/index.php?rest_route=\/wp\/v2\/posts\/110312","targetHints":{"allow":["GET"]}}],"collection":[{"href":"https:\/\/quehacerpolitico.mx\/index.php?rest_route=\/wp\/v2\/posts"}],"about":[{"href":"https:\/\/quehacerpolitico.mx\/index.php?rest_route=\/wp\/v2\/types\/post"}],"author":[{"embeddable":true,"href":"https:\/\/quehacerpolitico.mx\/index.php?rest_route=\/wp\/v2\/users\/2"}],"replies":[{"embeddable":true,"href":"https:\/\/quehacerpolitico.mx\/index.php?rest_route=%2Fwp%2Fv2%2Fcomments&post=110312"}],"version-history":[{"count":1,"href":"https:\/\/quehacerpolitico.mx\/index.php?rest_route=\/wp\/v2\/posts\/110312\/revisions"}],"predecessor-version":[{"id":110315,"href":"https:\/\/quehacerpolitico.mx\/index.php?rest_route=\/wp\/v2\/posts\/110312\/revisions\/110315"}],"wp:featuredmedia":[{"embeddable":true,"href":"https:\/\/quehacerpolitico.mx\/index.php?rest_route=\/wp\/v2\/media\/110314"}],"wp:attachment":[{"href":"https:\/\/quehacerpolitico.mx\/index.php?rest_route=%2Fwp%2Fv2%2Fmedia&parent=110312"}],"wp:term":[{"taxonomy":"category","embeddable":true,"href":"https:\/\/quehacerpolitico.mx\/index.php?rest_route=%2Fwp%2Fv2%2Fcategories&post=110312"},{"taxonomy":"post_tag","embeddable":true,"href":"https:\/\/quehacerpolitico.mx\/index.php?rest_route=%2Fwp%2Fv2%2Ftags&post=110312"}],"curies":[{"name":"wp","href":"https:\/\/api.w.org\/{rel}","templated":true}]}}