{"id":110303,"date":"2024-05-27T14:36:43","date_gmt":"2024-05-27T14:36:43","guid":{"rendered":"https:\/\/quehacerpolitico.mx\/?p=110303"},"modified":"2024-05-27T14:36:45","modified_gmt":"2024-05-27T14:36:45","slug":"la-tasa-de-desempleo-en-mexico-bajo-a-2-5-en-el-primer-trimestre-mas-de-la-mitad-de-los-trabajadores-son-informales","status":"publish","type":"post","link":"https:\/\/quehacerpolitico.mx\/?p=110303","title":{"rendered":"La tasa de desempleo en M\u00e9xico baj\u00f3 a 2.5% en el primer trimestre; m\u00e1s de la mitad de los trabajadores son informales"},"content":{"rendered":"\n<p>Por Redacci\u00f3n QP<\/p>\n\n\n\n<p>La tasa de&nbsp;<strong>desempleo<\/strong>&nbsp;en&nbsp;<strong>M\u00e9xico<\/strong><strong>descendi\u00f3<\/strong>&nbsp;al 2.5% en el&nbsp;<strong>primer<\/strong>&nbsp;<strong>trimestre<\/strong>&nbsp;de&nbsp;<strong>2024<\/strong>, menor a la del 2.7% tanto del mismo lapso de 2023 como del periodo de octubre a diciembre pasados, inform\u00f3 este lunes el Instituto Nacional de Estad\u00edstica y Geograf\u00eda (<strong>Inegi<\/strong>).<\/p>\n\n\n\n<p>\u201cEn el trimestre enero-marzo de 2024, la poblaci\u00f3n desocupada fue de 1.5 millones de personas. La tasa de desocupaci\u00f3n (TD) correspondiente fue de 2.5% de la\u00a0<strong>PEA<\/strong>(poblaci\u00f3n econ\u00f3micamente activa), cifra menor a la del mismo periodo de un a\u00f1o antes\u201d, indic\u00f3 el organismo aut\u00f3nomo en su reporte.<\/p>\n\n\n\n<figure class=\"wp-block-embed is-type-rich is-provider-twitter wp-block-embed-twitter\"><div class=\"wp-block-embed__wrapper\">\n<blockquote class=\"twitter-tweet\" data-width=\"550\" data-dnt=\"true\"><p lang=\"es\" dir=\"ltr\">La Encuesta Nacional de Ocupaci\u00f3n y Empleo <a href=\"https:\/\/twitter.com\/hashtag\/ENOE?src=hash&amp;ref_src=twsrc%5Etfw\">#ENOE<\/a> ofrece informaci\u00f3n sobre el mercado laboral, con datos de la fuerza de trabajo, la ocupaci\u00f3n, la informalidad laboral, la subocupaci\u00f3n y la desocupaci\u00f3n.<br><br>\ud83d\udcc4 Consulta el comunicado de prensa: <a href=\"https:\/\/t.co\/4FxQ0MfcJ5\">https:\/\/t.co\/4FxQ0MfcJ5<\/a><br><br>(3\/3)<\/p>&mdash; INEGI INFORMA (@INEGI_INFORMA) <a href=\"https:\/\/twitter.com\/INEGI_INFORMA\/status\/1795063948271596023?ref_src=twsrc%5Etfw\">May 27, 2024<\/a><\/blockquote><script async src=\"https:\/\/platform.twitter.com\/widgets.js\" charset=\"utf-8\"><\/script>\n<\/div><\/figure>\n\n\n\n<p>La&nbsp;<strong>poblaci\u00f3n<\/strong>&nbsp;<strong>econ\u00f3micamente<\/strong>&nbsp;<strong>activa<\/strong>&nbsp;totaliz\u00f3&nbsp;<strong>60.7 millones<\/strong>&nbsp;de personas, un aumento de 574 mil frente al mismo lapso de 2023.<\/p>\n\n\n\n<p>Los principales aumentos interanuales de empleos se concentraron en los servicios&nbsp;<strong>profesionales<\/strong>&nbsp;<strong>financieros<\/strong>&nbsp;y&nbsp;<strong>corporativos<\/strong>, con una alza de 245 mil personas; en servicios diversos, con 181 mil; en servicios sociales, con 158 mil, y en restaurantes y servicios de alojamiento, con 136 mil.<\/p>\n\n\n\n<p>Por otro lado, 4 millones de personas estuvieron&nbsp;<strong>subocupadas<\/strong>, es decir, que reportaron tener la&nbsp;<strong>necesidad<\/strong>&nbsp;y&nbsp;<strong>voluntad<\/strong>&nbsp;de&nbsp;<strong>trabajar<\/strong>&nbsp;<strong>m\u00e1s<\/strong>&nbsp;horas.<\/p>\n\n\n\n<p>Asimismo, el\u00a0<strong>instituto<\/strong>\u00a0report\u00f3 una reducci\u00f3n interanual de 78 mil trabajadores en el\u00a0<strong>sector<\/strong> informal, que concentr\u00f3 32.1 millones de personas.<\/p>\n\n\n\n<p>De esta manera, la tasa de informalidad qued\u00f3 en<strong>54.3%<\/strong>&nbsp;de la fuerza laboral total.<\/p>\n\n\n\n<p>Por g\u00e9nero, el 75.9% de los hombres est\u00e1n en el mercado laboral frente al 45.9% de las mujeres.<\/p>\n\n\n\n<p>Por sector, el instituto detall\u00f3 que el 10.8% del total de trabajadores est\u00e1n en actividades primarias, el 25% en secundarias o industriales, y 63.6% en terciarias o servicios.<\/p>\n\n\n\n<p>El restante 0.6% no especific\u00f3 su actividad.<\/p>\n\n\n\n<p>Por regiones, las\u00a0<strong>entidades<\/strong>\u00a0que durante el primer trimestre de 2024 tuvieron las tasas de\u00a0<strong>desocupaci\u00f3n<\/strong>\u00a0m\u00e1s altas fueron\u00a0<strong>Coahuila<\/strong>(4.2%),\u00a0<strong>Ciudad<\/strong>\u00a0de\u00a0<strong>M\u00e9xico<\/strong>\u00a0(4%) y el\u00a0<strong>Estado<\/strong>\u00a0de\u00a0<strong>M\u00e9xico<\/strong>\u00a0(3.6%).<\/p>\n\n\n\n<p>Las cifras son un reflejo del\u00a0<strong>comportamiento<\/strong> econ\u00f3mico de\u00a0<strong>M\u00e9xico<\/strong>, que en el primer trimestre del a\u00f1o creci\u00f3 un 1.6% interanual y un 0.3% trimestral, seg\u00fan los datos definitivos que el\u00a0<strong>Inegi<\/strong>\u00a0difundi\u00f3 la semana pasada.<\/p>\n\n\n\n<p>Con informaci\u00f3n de EFE<\/p>\n","protected":false},"excerpt":{"rendered":"<p>Por Redacci\u00f3n QP La tasa de&nbsp;desempleo&nbsp;en&nbsp;M\u00e9xicodescendi\u00f3&nbsp;al 2.5% en el&nbsp;primer&nbsp;trimestre&nbsp;de&nbsp;2024, menor a la del 2.7% tanto&#8230;<\/p>\n","protected":false},"author":2,"featured_media":110304,"comment_status":"open","ping_status":"open","sticky":false,"template":"","format":"standard","meta":{"_monsterinsights_skip_tracking":false,"_monsterinsights_sitenote_active":false,"_monsterinsights_sitenote_note":"","_monsterinsights_sitenote_category":0,"footnotes":""},"categories":[56],"tags":[],"class_list":["post-110303","post","type-post","status-publish","format-standard","has-post-thumbnail","hentry","category-economia"],"yoast_head":"<!-- This site is optimized with the Yoast SEO plugin v27.3 - https:\/\/yoast.com\/product\/yoast-seo-wordpress\/ -->\n<title>La tasa de desempleo en M\u00e9xico baj\u00f3 a 2.5% en el primer trimestre; m\u00e1s de la mitad de los trabajadores son informales -<\/title>\n<meta name=\"robots\" content=\"index, follow, max-snippet:-1, max-image-preview:large, max-video-preview:-1\" \/>\n<link rel=\"canonical\" href=\"https:\/\/quehacerpolitico.mx\/?p=110303\" \/>\n<meta property=\"og:locale\" content=\"es_MX\" \/>\n<meta property=\"og:type\" content=\"article\" \/>\n<meta property=\"og:title\" content=\"La tasa de desempleo en M\u00e9xico baj\u00f3 a 2.5% en el primer trimestre; m\u00e1s de la mitad de los trabajadores son informales -\" \/>\n<meta property=\"og:description\" content=\"Por Redacci\u00f3n QP La tasa de&nbsp;desempleo&nbsp;en&nbsp;M\u00e9xicodescendi\u00f3&nbsp;al 2.5% en el&nbsp;primer&nbsp;trimestre&nbsp;de&nbsp;2024, menor a la del 2.7% tanto...\" \/>\n<meta property=\"og:url\" content=\"https:\/\/quehacerpolitico.mx\/?p=110303\" \/>\n<meta property=\"article:published_time\" content=\"2024-05-27T14:36:43+00:00\" \/>\n<meta property=\"article:modified_time\" content=\"2024-05-27T14:36:45+00:00\" \/>\n<meta property=\"og:image\" content=\"https:\/\/quehacerpolitico.mx\/wp-content\/uploads\/2024\/05\/IMG_5890.jpeg\" \/>\n\t<meta property=\"og:image:width\" content=\"701\" \/>\n\t<meta property=\"og:image:height\" content=\"438\" \/>\n\t<meta property=\"og:image:type\" content=\"image\/jpeg\" \/>\n<meta name=\"author\" content=\"Redacci\u00f3n QP\" \/>\n<meta name=\"twitter:card\" content=\"summary_large_image\" \/>\n<meta name=\"twitter:label1\" content=\"Escrito por\" \/>\n\t<meta name=\"twitter:data1\" content=\"Redacci\u00f3n QP\" \/>\n\t<meta name=\"twitter:label2\" content=\"Tiempo de lectura\" \/>\n\t<meta name=\"twitter:data2\" content=\"2 minutos\" \/>\n<script type=\"application\/ld+json\" class=\"yoast-schema-graph\">{\"@context\":\"https:\\\/\\\/schema.org\",\"@graph\":[{\"@type\":\"Article\",\"@id\":\"https:\\\/\\\/quehacerpolitico.mx\\\/?p=110303#article\",\"isPartOf\":{\"@id\":\"https:\\\/\\\/quehacerpolitico.mx\\\/?p=110303\"},\"author\":{\"name\":\"Redacci\u00f3n QP\",\"@id\":\"https:\\\/\\\/quehacerpolitico.mx\\\/#\\\/schema\\\/person\\\/496d8ad2d1d3f8036101dca7ee39e585\"},\"headline\":\"La tasa de desempleo en M\u00e9xico baj\u00f3 a 2.5% en el primer trimestre; m\u00e1s de la mitad de los trabajadores son informales\",\"datePublished\":\"2024-05-27T14:36:43+00:00\",\"dateModified\":\"2024-05-27T14:36:45+00:00\",\"mainEntityOfPage\":{\"@id\":\"https:\\\/\\\/quehacerpolitico.mx\\\/?p=110303\"},\"wordCount\":400,\"commentCount\":0,\"image\":{\"@id\":\"https:\\\/\\\/quehacerpolitico.mx\\\/?p=110303#primaryimage\"},\"thumbnailUrl\":\"https:\\\/\\\/quehacerpolitico.mx\\\/wp-content\\\/uploads\\\/2024\\\/05\\\/IMG_5890.jpeg\",\"articleSection\":[\"Econom\u00eda\"],\"inLanguage\":\"es\",\"potentialAction\":[{\"@type\":\"CommentAction\",\"name\":\"Comment\",\"target\":[\"https:\\\/\\\/quehacerpolitico.mx\\\/?p=110303#respond\"]}]},{\"@type\":\"WebPage\",\"@id\":\"https:\\\/\\\/quehacerpolitico.mx\\\/?p=110303\",\"url\":\"https:\\\/\\\/quehacerpolitico.mx\\\/?p=110303\",\"name\":\"La tasa de desempleo en M\u00e9xico baj\u00f3 a 2.5% en el primer trimestre; m\u00e1s de la mitad de los trabajadores son informales -\",\"isPartOf\":{\"@id\":\"https:\\\/\\\/quehacerpolitico.mx\\\/#website\"},\"primaryImageOfPage\":{\"@id\":\"https:\\\/\\\/quehacerpolitico.mx\\\/?p=110303#primaryimage\"},\"image\":{\"@id\":\"https:\\\/\\\/quehacerpolitico.mx\\\/?p=110303#primaryimage\"},\"thumbnailUrl\":\"https:\\\/\\\/quehacerpolitico.mx\\\/wp-content\\\/uploads\\\/2024\\\/05\\\/IMG_5890.jpeg\",\"datePublished\":\"2024-05-27T14:36:43+00:00\",\"dateModified\":\"2024-05-27T14:36:45+00:00\",\"author\":{\"@id\":\"https:\\\/\\\/quehacerpolitico.mx\\\/#\\\/schema\\\/person\\\/496d8ad2d1d3f8036101dca7ee39e585\"},\"breadcrumb\":{\"@id\":\"https:\\\/\\\/quehacerpolitico.mx\\\/?p=110303#breadcrumb\"},\"inLanguage\":\"es\",\"potentialAction\":[{\"@type\":\"ReadAction\",\"target\":[\"https:\\\/\\\/quehacerpolitico.mx\\\/?p=110303\"]}]},{\"@type\":\"ImageObject\",\"inLanguage\":\"es\",\"@id\":\"https:\\\/\\\/quehacerpolitico.mx\\\/?p=110303#primaryimage\",\"url\":\"https:\\\/\\\/quehacerpolitico.mx\\\/wp-content\\\/uploads\\\/2024\\\/05\\\/IMG_5890.jpeg\",\"contentUrl\":\"https:\\\/\\\/quehacerpolitico.mx\\\/wp-content\\\/uploads\\\/2024\\\/05\\\/IMG_5890.jpeg\",\"width\":701,\"height\":438},{\"@type\":\"BreadcrumbList\",\"@id\":\"https:\\\/\\\/quehacerpolitico.mx\\\/?p=110303#breadcrumb\",\"itemListElement\":[{\"@type\":\"ListItem\",\"position\":1,\"name\":\"Inicio\",\"item\":\"https:\\\/\\\/quehacerpolitico.mx\\\/\"},{\"@type\":\"ListItem\",\"position\":2,\"name\":\"La tasa de desempleo en M\u00e9xico baj\u00f3 a 2.5% en el primer trimestre; m\u00e1s de la mitad de los trabajadores son informales\"}]},{\"@type\":\"WebSite\",\"@id\":\"https:\\\/\\\/quehacerpolitico.mx\\\/#website\",\"url\":\"https:\\\/\\\/quehacerpolitico.mx\\\/\",\"name\":\"\",\"description\":\"\",\"potentialAction\":[{\"@type\":\"SearchAction\",\"target\":{\"@type\":\"EntryPoint\",\"urlTemplate\":\"https:\\\/\\\/quehacerpolitico.mx\\\/?s={search_term_string}\"},\"query-input\":{\"@type\":\"PropertyValueSpecification\",\"valueRequired\":true,\"valueName\":\"search_term_string\"}}],\"inLanguage\":\"es\"},{\"@type\":\"Person\",\"@id\":\"https:\\\/\\\/quehacerpolitico.mx\\\/#\\\/schema\\\/person\\\/496d8ad2d1d3f8036101dca7ee39e585\",\"name\":\"Redacci\u00f3n QP\",\"image\":{\"@type\":\"ImageObject\",\"inLanguage\":\"es\",\"@id\":\"https:\\\/\\\/secure.gravatar.com\\\/avatar\\\/c7164ed6fdec453195284ad24a5ae5b6e1eed2b848477fa2a4787ba9adf39a41?s=96&d=mm&r=g\",\"url\":\"https:\\\/\\\/secure.gravatar.com\\\/avatar\\\/c7164ed6fdec453195284ad24a5ae5b6e1eed2b848477fa2a4787ba9adf39a41?s=96&d=mm&r=g\",\"contentUrl\":\"https:\\\/\\\/secure.gravatar.com\\\/avatar\\\/c7164ed6fdec453195284ad24a5ae5b6e1eed2b848477fa2a4787ba9adf39a41?s=96&d=mm&r=g\",\"caption\":\"Redacci\u00f3n QP\"},\"url\":\"https:\\\/\\\/quehacerpolitico.mx\\\/?author=2\"}]}<\/script>\n<!-- \/ Yoast SEO plugin. -->","yoast_head_json":{"title":"La tasa de desempleo en M\u00e9xico baj\u00f3 a 2.5% en el primer trimestre; m\u00e1s de la mitad de los trabajadores son informales -","robots":{"index":"index","follow":"follow","max-snippet":"max-snippet:-1","max-image-preview":"max-image-preview:large","max-video-preview":"max-video-preview:-1"},"canonical":"https:\/\/quehacerpolitico.mx\/?p=110303","og_locale":"es_MX","og_type":"article","og_title":"La tasa de desempleo en M\u00e9xico baj\u00f3 a 2.5% en el primer trimestre; m\u00e1s de la mitad de los trabajadores son informales -","og_description":"Por Redacci\u00f3n QP La tasa de&nbsp;desempleo&nbsp;en&nbsp;M\u00e9xicodescendi\u00f3&nbsp;al 2.5% en el&nbsp;primer&nbsp;trimestre&nbsp;de&nbsp;2024, menor a la del 2.7% tanto...","og_url":"https:\/\/quehacerpolitico.mx\/?p=110303","article_published_time":"2024-05-27T14:36:43+00:00","article_modified_time":"2024-05-27T14:36:45+00:00","og_image":[{"width":701,"height":438,"url":"https:\/\/quehacerpolitico.mx\/wp-content\/uploads\/2024\/05\/IMG_5890.jpeg","type":"image\/jpeg"}],"author":"Redacci\u00f3n QP","twitter_card":"summary_large_image","twitter_misc":{"Escrito por":"Redacci\u00f3n QP","Tiempo de lectura":"2 minutos"},"schema":{"@context":"https:\/\/schema.org","@graph":[{"@type":"Article","@id":"https:\/\/quehacerpolitico.mx\/?p=110303#article","isPartOf":{"@id":"https:\/\/quehacerpolitico.mx\/?p=110303"},"author":{"name":"Redacci\u00f3n QP","@id":"https:\/\/quehacerpolitico.mx\/#\/schema\/person\/496d8ad2d1d3f8036101dca7ee39e585"},"headline":"La tasa de desempleo en M\u00e9xico baj\u00f3 a 2.5% en el primer trimestre; m\u00e1s de la mitad de los trabajadores son informales","datePublished":"2024-05-27T14:36:43+00:00","dateModified":"2024-05-27T14:36:45+00:00","mainEntityOfPage":{"@id":"https:\/\/quehacerpolitico.mx\/?p=110303"},"wordCount":400,"commentCount":0,"image":{"@id":"https:\/\/quehacerpolitico.mx\/?p=110303#primaryimage"},"thumbnailUrl":"https:\/\/quehacerpolitico.mx\/wp-content\/uploads\/2024\/05\/IMG_5890.jpeg","articleSection":["Econom\u00eda"],"inLanguage":"es","potentialAction":[{"@type":"CommentAction","name":"Comment","target":["https:\/\/quehacerpolitico.mx\/?p=110303#respond"]}]},{"@type":"WebPage","@id":"https:\/\/quehacerpolitico.mx\/?p=110303","url":"https:\/\/quehacerpolitico.mx\/?p=110303","name":"La tasa de desempleo en M\u00e9xico baj\u00f3 a 2.5% en el primer trimestre; m\u00e1s de la mitad de los trabajadores son informales -","isPartOf":{"@id":"https:\/\/quehacerpolitico.mx\/#website"},"primaryImageOfPage":{"@id":"https:\/\/quehacerpolitico.mx\/?p=110303#primaryimage"},"image":{"@id":"https:\/\/quehacerpolitico.mx\/?p=110303#primaryimage"},"thumbnailUrl":"https:\/\/quehacerpolitico.mx\/wp-content\/uploads\/2024\/05\/IMG_5890.jpeg","datePublished":"2024-05-27T14:36:43+00:00","dateModified":"2024-05-27T14:36:45+00:00","author":{"@id":"https:\/\/quehacerpolitico.mx\/#\/schema\/person\/496d8ad2d1d3f8036101dca7ee39e585"},"breadcrumb":{"@id":"https:\/\/quehacerpolitico.mx\/?p=110303#breadcrumb"},"inLanguage":"es","potentialAction":[{"@type":"ReadAction","target":["https:\/\/quehacerpolitico.mx\/?p=110303"]}]},{"@type":"ImageObject","inLanguage":"es","@id":"https:\/\/quehacerpolitico.mx\/?p=110303#primaryimage","url":"https:\/\/quehacerpolitico.mx\/wp-content\/uploads\/2024\/05\/IMG_5890.jpeg","contentUrl":"https:\/\/quehacerpolitico.mx\/wp-content\/uploads\/2024\/05\/IMG_5890.jpeg","width":701,"height":438},{"@type":"BreadcrumbList","@id":"https:\/\/quehacerpolitico.mx\/?p=110303#breadcrumb","itemListElement":[{"@type":"ListItem","position":1,"name":"Inicio","item":"https:\/\/quehacerpolitico.mx\/"},{"@type":"ListItem","position":2,"name":"La tasa de desempleo en M\u00e9xico baj\u00f3 a 2.5% en el primer trimestre; m\u00e1s de la mitad de los trabajadores son informales"}]},{"@type":"WebSite","@id":"https:\/\/quehacerpolitico.mx\/#website","url":"https:\/\/quehacerpolitico.mx\/","name":"","description":"","potentialAction":[{"@type":"SearchAction","target":{"@type":"EntryPoint","urlTemplate":"https:\/\/quehacerpolitico.mx\/?s={search_term_string}"},"query-input":{"@type":"PropertyValueSpecification","valueRequired":true,"valueName":"search_term_string"}}],"inLanguage":"es"},{"@type":"Person","@id":"https:\/\/quehacerpolitico.mx\/#\/schema\/person\/496d8ad2d1d3f8036101dca7ee39e585","name":"Redacci\u00f3n QP","image":{"@type":"ImageObject","inLanguage":"es","@id":"https:\/\/secure.gravatar.com\/avatar\/c7164ed6fdec453195284ad24a5ae5b6e1eed2b848477fa2a4787ba9adf39a41?s=96&d=mm&r=g","url":"https:\/\/secure.gravatar.com\/avatar\/c7164ed6fdec453195284ad24a5ae5b6e1eed2b848477fa2a4787ba9adf39a41?s=96&d=mm&r=g","contentUrl":"https:\/\/secure.gravatar.com\/avatar\/c7164ed6fdec453195284ad24a5ae5b6e1eed2b848477fa2a4787ba9adf39a41?s=96&d=mm&r=g","caption":"Redacci\u00f3n QP"},"url":"https:\/\/quehacerpolitico.mx\/?author=2"}]}},"featured_image_urls":{"full":["https:\/\/quehacerpolitico.mx\/wp-content\/uploads\/2024\/05\/IMG_5890.jpeg",701,438,false],"thumbnail":["https:\/\/quehacerpolitico.mx\/wp-content\/uploads\/2024\/05\/IMG_5890-150x150.jpeg",150,150,true],"medium":["https:\/\/quehacerpolitico.mx\/wp-content\/uploads\/2024\/05\/IMG_5890-300x187.jpeg",300,187,true],"medium_large":["https:\/\/quehacerpolitico.mx\/wp-content\/uploads\/2024\/05\/IMG_5890.jpeg",640,400,false],"large":["https:\/\/quehacerpolitico.mx\/wp-content\/uploads\/2024\/05\/IMG_5890.jpeg",640,400,false],"1536x1536":["https:\/\/quehacerpolitico.mx\/wp-content\/uploads\/2024\/05\/IMG_5890.jpeg",701,438,false],"2048x2048":["https:\/\/quehacerpolitico.mx\/wp-content\/uploads\/2024\/05\/IMG_5890.jpeg",701,438,false],"covernews-featured":["https:\/\/quehacerpolitico.mx\/wp-content\/uploads\/2024\/05\/IMG_5890.jpeg",701,438,false],"covernews-medium":["https:\/\/quehacerpolitico.mx\/wp-content\/uploads\/2024\/05\/IMG_5890.jpeg",540,337,false]},"author_info":{"display_name":"Redacci\u00f3n QP","author_link":"https:\/\/quehacerpolitico.mx\/?author=2"},"category_info":"<a href=\"https:\/\/quehacerpolitico.mx\/?cat=56\" rel=\"category\">Econom\u00eda<\/a>","tag_info":"Econom\u00eda","comment_count":"0","_links":{"self":[{"href":"https:\/\/quehacerpolitico.mx\/index.php?rest_route=\/wp\/v2\/posts\/110303","targetHints":{"allow":["GET"]}}],"collection":[{"href":"https:\/\/quehacerpolitico.mx\/index.php?rest_route=\/wp\/v2\/posts"}],"about":[{"href":"https:\/\/quehacerpolitico.mx\/index.php?rest_route=\/wp\/v2\/types\/post"}],"author":[{"embeddable":true,"href":"https:\/\/quehacerpolitico.mx\/index.php?rest_route=\/wp\/v2\/users\/2"}],"replies":[{"embeddable":true,"href":"https:\/\/quehacerpolitico.mx\/index.php?rest_route=%2Fwp%2Fv2%2Fcomments&post=110303"}],"version-history":[{"count":1,"href":"https:\/\/quehacerpolitico.mx\/index.php?rest_route=\/wp\/v2\/posts\/110303\/revisions"}],"predecessor-version":[{"id":110305,"href":"https:\/\/quehacerpolitico.mx\/index.php?rest_route=\/wp\/v2\/posts\/110303\/revisions\/110305"}],"wp:featuredmedia":[{"embeddable":true,"href":"https:\/\/quehacerpolitico.mx\/index.php?rest_route=\/wp\/v2\/media\/110304"}],"wp:attachment":[{"href":"https:\/\/quehacerpolitico.mx\/index.php?rest_route=%2Fwp%2Fv2%2Fmedia&parent=110303"}],"wp:term":[{"taxonomy":"category","embeddable":true,"href":"https:\/\/quehacerpolitico.mx\/index.php?rest_route=%2Fwp%2Fv2%2Fcategories&post=110303"},{"taxonomy":"post_tag","embeddable":true,"href":"https:\/\/quehacerpolitico.mx\/index.php?rest_route=%2Fwp%2Fv2%2Ftags&post=110303"}],"curies":[{"name":"wp","href":"https:\/\/api.w.org\/{rel}","templated":true}]}}