{"id":110273,"date":"2024-05-24T17:07:32","date_gmt":"2024-05-24T17:07:32","guid":{"rendered":"https:\/\/quehacerpolitico.mx\/?p=110273"},"modified":"2024-05-24T17:07:35","modified_gmt":"2024-05-24T17:07:35","slug":"amlo-insiste-en-que-lo-atacan-politicamente-por-el-asesinato-de-danteemiliano-en-paraiso-tabasco-vi-a-una-senora-que-no-puedo-mencionar-queriendo-lucrar","status":"publish","type":"post","link":"https:\/\/quehacerpolitico.mx\/?p=110273","title":{"rendered":"AMLO insiste en que lo atacan pol\u00edticamente por el asesinato de #DanteEmiliano en Para\u00edso, Tabasco &#8220;Vi a una se\u00f1ora que no puedo mencionar, queriendo lucrar&#8221;"},"content":{"rendered":"\n<p>Por Redacci\u00f3n QP<\/p>\n\n\n\n<p>Sin mencionar por nombre a&nbsp;<strong>X\u00f3chitl G\u00e1lvez<\/strong>, candidata a la presidencia de la coalici\u00f3n Fuerza y Coraz\u00f3n por M\u00e9xico, el presidente Andr\u00e9s Manuel L\u00f3pez Obrador critic\u00f3 a quienes han hecho referencia al asesinato de Emiliano, el menor de edad atacado a tiros en Para\u00edso, Tabasco<a href=\"https:\/\/www.youtube.com\/watch?v=xqDuGRD5d6I\">.<\/a><\/p>\n\n\n\n<p>\u201cC\u00f3mo son capaces de traficar con el\u00a0<strong>dolor humano<\/strong>. Hay gente completamente inmoral, sin escr\u00fapulos. Estaba viendo una se\u00f1ora que no puedo mencionar, queriendo lucrar con el dolor, por el asesinato de un ni\u00f1o en mi estado. \u00bfQu\u00e9 no pueden convencer de otra manera?\u201d.<\/p>\n\n\n\n<figure class=\"wp-block-embed is-type-rich is-provider-twitter wp-block-embed-twitter\"><div class=\"wp-block-embed__wrapper\">\n<blockquote class=\"twitter-tweet\" data-width=\"550\" data-dnt=\"true\"><p lang=\"es\" dir=\"ltr\">AMLO insiste en que lo atacan pol\u00edticamente por el asesinato de <a href=\"https:\/\/twitter.com\/hashtag\/DanteEmiliano?src=hash&amp;ref_src=twsrc%5Etfw\">#DanteEmiliano<\/a> en Para\u00edso, Tabasco<br><br>&quot;Vi a una se\u00f1ora que no puedo mencionar, queriendo lucrar&quot;<br><br>Asesinan a un ni\u00f1o de 12 a\u00f1os y la v\u00edctima es \u00e9l&#8230; <a href=\"https:\/\/t.co\/JX5c1UlcUQ\">pic.twitter.com\/JX5c1UlcUQ<\/a><\/p>&mdash; Manuel Lopez San Martin (@MLopezSanMartin) <a href=\"https:\/\/twitter.com\/MLopezSanMartin\/status\/1794030898641588635?ref_src=twsrc%5Etfw\">May 24, 2024<\/a><\/blockquote><script async src=\"https:\/\/platform.twitter.com\/widgets.js\" charset=\"utf-8\"><\/script>\n<\/div><\/figure>\n\n\n\n<p>El mi\u00e9rcoles, la candidata a la presidencia coloc\u00f3 una&nbsp;<strong>mensaje<\/strong>&nbsp;en su cuenta en la red social X con la frase \u201c<strong>perd\u00f3nanos Emiliano<\/strong>\u201d y un letrero que citaba las palabras del menor, a quien en un video se escucha decir: \u201cno me quiero morir\u201d.<\/p>\n\n\n\n<p>Este viernes, en su conferencia matutina, AMLO dijo que ese mensaje es muestra de \u201csu&nbsp;<strong>inmoralidad<\/strong>, su deshonestidad, tienen que mostrar el cobre\u201d.<\/p>\n\n\n\n<p>M\u00e1s tarde, cuando se le pregunt\u00f3 sobre el asesinato de Dante Emiliano, fustig\u00f3 a los medios que han publicado informaci\u00f3n sobre el caso del menor que fue baleado el martes por la tarde en Para\u00edso. \u201cEs muy&nbsp;<strong>vergonzoso<\/strong>&nbsp;lo que hace ustedes, es completamente inmoral\u201d.<\/p>\n\n\n\n<p>L\u00f3pez Obrador amag\u00f3 con\u00a0<strong>mostrar<\/strong>\u00a0el mensaje que se public\u00f3 en redes: \u201clo voy a mostrar, no le hace que\u2026 de todas maneras,\u00a0<strong>voy a bajar<\/strong> ma\u00f1ana la conferencia, \u00bfno? \u00bfPor qu\u00e9 no pones lo que dijo la se\u00f1ora sobre el ni\u00f1o de Tabasco?\u201d.<\/p>\n\n\n\n<p>En su conferencia del jueves, el presidente dijo que los medios magnifican las informaciones negativas para afectar su imagen.<\/p>\n","protected":false},"excerpt":{"rendered":"<p>Por Redacci\u00f3n QP Sin mencionar por nombre a&nbsp;X\u00f3chitl G\u00e1lvez, candidata a la presidencia de la&#8230;<\/p>\n","protected":false},"author":2,"featured_media":110274,"comment_status":"open","ping_status":"open","sticky":false,"template":"","format":"standard","meta":{"_monsterinsights_skip_tracking":false,"_monsterinsights_sitenote_active":false,"_monsterinsights_sitenote_note":"","_monsterinsights_sitenote_category":0,"footnotes":""},"categories":[2],"tags":[],"class_list":["post-110273","post","type-post","status-publish","format-standard","has-post-thumbnail","hentry","category-noticias"],"yoast_head":"<!-- This site is optimized with the Yoast SEO plugin v27.3 - https:\/\/yoast.com\/product\/yoast-seo-wordpress\/ -->\n<title>AMLO insiste en que lo atacan pol\u00edticamente por el asesinato de #DanteEmiliano en Para\u00edso, Tabasco &quot;Vi a una se\u00f1ora que no puedo mencionar, queriendo lucrar&quot; -<\/title>\n<meta name=\"robots\" content=\"index, follow, max-snippet:-1, max-image-preview:large, max-video-preview:-1\" \/>\n<link rel=\"canonical\" href=\"https:\/\/quehacerpolitico.mx\/?p=110273\" \/>\n<meta property=\"og:locale\" content=\"es_MX\" \/>\n<meta property=\"og:type\" content=\"article\" \/>\n<meta property=\"og:title\" content=\"AMLO insiste en que lo atacan pol\u00edticamente por el asesinato de #DanteEmiliano en Para\u00edso, Tabasco &quot;Vi a una se\u00f1ora que no puedo mencionar, queriendo lucrar&quot; -\" \/>\n<meta property=\"og:description\" content=\"Por Redacci\u00f3n QP Sin mencionar por nombre a&nbsp;X\u00f3chitl G\u00e1lvez, candidata a la presidencia de la...\" \/>\n<meta property=\"og:url\" content=\"https:\/\/quehacerpolitico.mx\/?p=110273\" \/>\n<meta property=\"article:published_time\" content=\"2024-05-24T17:07:32+00:00\" \/>\n<meta property=\"article:modified_time\" content=\"2024-05-24T17:07:35+00:00\" \/>\n<meta property=\"og:image\" content=\"https:\/\/quehacerpolitico.mx\/wp-content\/uploads\/2024\/05\/IMG_5859.jpeg\" \/>\n\t<meta property=\"og:image:width\" content=\"1284\" \/>\n\t<meta property=\"og:image:height\" content=\"689\" \/>\n\t<meta property=\"og:image:type\" content=\"image\/jpeg\" \/>\n<meta name=\"author\" content=\"Redacci\u00f3n QP\" \/>\n<meta name=\"twitter:card\" content=\"summary_large_image\" \/>\n<meta name=\"twitter:label1\" content=\"Escrito por\" \/>\n\t<meta name=\"twitter:data1\" content=\"Redacci\u00f3n QP\" \/>\n\t<meta name=\"twitter:label2\" content=\"Tiempo de lectura\" \/>\n\t<meta name=\"twitter:data2\" content=\"2 minutos\" \/>\n<script type=\"application\/ld+json\" class=\"yoast-schema-graph\">{\"@context\":\"https:\\\/\\\/schema.org\",\"@graph\":[{\"@type\":\"Article\",\"@id\":\"https:\\\/\\\/quehacerpolitico.mx\\\/?p=110273#article\",\"isPartOf\":{\"@id\":\"https:\\\/\\\/quehacerpolitico.mx\\\/?p=110273\"},\"author\":{\"name\":\"Redacci\u00f3n QP\",\"@id\":\"https:\\\/\\\/quehacerpolitico.mx\\\/#\\\/schema\\\/person\\\/496d8ad2d1d3f8036101dca7ee39e585\"},\"headline\":\"AMLO insiste en que lo atacan pol\u00edticamente por el asesinato de #DanteEmiliano en Para\u00edso, Tabasco &#8220;Vi a una se\u00f1ora que no puedo mencionar, queriendo lucrar&#8221;\",\"datePublished\":\"2024-05-24T17:07:32+00:00\",\"dateModified\":\"2024-05-24T17:07:35+00:00\",\"mainEntityOfPage\":{\"@id\":\"https:\\\/\\\/quehacerpolitico.mx\\\/?p=110273\"},\"wordCount\":334,\"commentCount\":0,\"image\":{\"@id\":\"https:\\\/\\\/quehacerpolitico.mx\\\/?p=110273#primaryimage\"},\"thumbnailUrl\":\"https:\\\/\\\/quehacerpolitico.mx\\\/wp-content\\\/uploads\\\/2024\\\/05\\\/IMG_5859.jpeg\",\"articleSection\":[\"Noticias\"],\"inLanguage\":\"es\",\"potentialAction\":[{\"@type\":\"CommentAction\",\"name\":\"Comment\",\"target\":[\"https:\\\/\\\/quehacerpolitico.mx\\\/?p=110273#respond\"]}]},{\"@type\":\"WebPage\",\"@id\":\"https:\\\/\\\/quehacerpolitico.mx\\\/?p=110273\",\"url\":\"https:\\\/\\\/quehacerpolitico.mx\\\/?p=110273\",\"name\":\"AMLO insiste en que lo atacan pol\u00edticamente por el asesinato de #DanteEmiliano en Para\u00edso, Tabasco \\\"Vi a una se\u00f1ora que no puedo mencionar, queriendo lucrar\\\" -\",\"isPartOf\":{\"@id\":\"https:\\\/\\\/quehacerpolitico.mx\\\/#website\"},\"primaryImageOfPage\":{\"@id\":\"https:\\\/\\\/quehacerpolitico.mx\\\/?p=110273#primaryimage\"},\"image\":{\"@id\":\"https:\\\/\\\/quehacerpolitico.mx\\\/?p=110273#primaryimage\"},\"thumbnailUrl\":\"https:\\\/\\\/quehacerpolitico.mx\\\/wp-content\\\/uploads\\\/2024\\\/05\\\/IMG_5859.jpeg\",\"datePublished\":\"2024-05-24T17:07:32+00:00\",\"dateModified\":\"2024-05-24T17:07:35+00:00\",\"author\":{\"@id\":\"https:\\\/\\\/quehacerpolitico.mx\\\/#\\\/schema\\\/person\\\/496d8ad2d1d3f8036101dca7ee39e585\"},\"breadcrumb\":{\"@id\":\"https:\\\/\\\/quehacerpolitico.mx\\\/?p=110273#breadcrumb\"},\"inLanguage\":\"es\",\"potentialAction\":[{\"@type\":\"ReadAction\",\"target\":[\"https:\\\/\\\/quehacerpolitico.mx\\\/?p=110273\"]}]},{\"@type\":\"ImageObject\",\"inLanguage\":\"es\",\"@id\":\"https:\\\/\\\/quehacerpolitico.mx\\\/?p=110273#primaryimage\",\"url\":\"https:\\\/\\\/quehacerpolitico.mx\\\/wp-content\\\/uploads\\\/2024\\\/05\\\/IMG_5859.jpeg\",\"contentUrl\":\"https:\\\/\\\/quehacerpolitico.mx\\\/wp-content\\\/uploads\\\/2024\\\/05\\\/IMG_5859.jpeg\",\"width\":1284,\"height\":689,\"caption\":\"Screenshot\"},{\"@type\":\"BreadcrumbList\",\"@id\":\"https:\\\/\\\/quehacerpolitico.mx\\\/?p=110273#breadcrumb\",\"itemListElement\":[{\"@type\":\"ListItem\",\"position\":1,\"name\":\"Inicio\",\"item\":\"https:\\\/\\\/quehacerpolitico.mx\\\/\"},{\"@type\":\"ListItem\",\"position\":2,\"name\":\"AMLO insiste en que lo atacan pol\u00edticamente por el asesinato de #DanteEmiliano en Para\u00edso, Tabasco &#8220;Vi a una se\u00f1ora que no puedo mencionar, queriendo lucrar&#8221;\"}]},{\"@type\":\"WebSite\",\"@id\":\"https:\\\/\\\/quehacerpolitico.mx\\\/#website\",\"url\":\"https:\\\/\\\/quehacerpolitico.mx\\\/\",\"name\":\"\",\"description\":\"\",\"potentialAction\":[{\"@type\":\"SearchAction\",\"target\":{\"@type\":\"EntryPoint\",\"urlTemplate\":\"https:\\\/\\\/quehacerpolitico.mx\\\/?s={search_term_string}\"},\"query-input\":{\"@type\":\"PropertyValueSpecification\",\"valueRequired\":true,\"valueName\":\"search_term_string\"}}],\"inLanguage\":\"es\"},{\"@type\":\"Person\",\"@id\":\"https:\\\/\\\/quehacerpolitico.mx\\\/#\\\/schema\\\/person\\\/496d8ad2d1d3f8036101dca7ee39e585\",\"name\":\"Redacci\u00f3n QP\",\"image\":{\"@type\":\"ImageObject\",\"inLanguage\":\"es\",\"@id\":\"https:\\\/\\\/secure.gravatar.com\\\/avatar\\\/c7164ed6fdec453195284ad24a5ae5b6e1eed2b848477fa2a4787ba9adf39a41?s=96&d=mm&r=g\",\"url\":\"https:\\\/\\\/secure.gravatar.com\\\/avatar\\\/c7164ed6fdec453195284ad24a5ae5b6e1eed2b848477fa2a4787ba9adf39a41?s=96&d=mm&r=g\",\"contentUrl\":\"https:\\\/\\\/secure.gravatar.com\\\/avatar\\\/c7164ed6fdec453195284ad24a5ae5b6e1eed2b848477fa2a4787ba9adf39a41?s=96&d=mm&r=g\",\"caption\":\"Redacci\u00f3n QP\"},\"url\":\"https:\\\/\\\/quehacerpolitico.mx\\\/?author=2\"}]}<\/script>\n<!-- \/ Yoast SEO plugin. -->","yoast_head_json":{"title":"AMLO insiste en que lo atacan pol\u00edticamente por el asesinato de #DanteEmiliano en Para\u00edso, Tabasco \"Vi a una se\u00f1ora que no puedo mencionar, queriendo lucrar\" -","robots":{"index":"index","follow":"follow","max-snippet":"max-snippet:-1","max-image-preview":"max-image-preview:large","max-video-preview":"max-video-preview:-1"},"canonical":"https:\/\/quehacerpolitico.mx\/?p=110273","og_locale":"es_MX","og_type":"article","og_title":"AMLO insiste en que lo atacan pol\u00edticamente por el asesinato de #DanteEmiliano en Para\u00edso, Tabasco \"Vi a una se\u00f1ora que no puedo mencionar, queriendo lucrar\" -","og_description":"Por Redacci\u00f3n QP Sin mencionar por nombre a&nbsp;X\u00f3chitl G\u00e1lvez, candidata a la presidencia de la...","og_url":"https:\/\/quehacerpolitico.mx\/?p=110273","article_published_time":"2024-05-24T17:07:32+00:00","article_modified_time":"2024-05-24T17:07:35+00:00","og_image":[{"width":1284,"height":689,"url":"https:\/\/quehacerpolitico.mx\/wp-content\/uploads\/2024\/05\/IMG_5859.jpeg","type":"image\/jpeg"}],"author":"Redacci\u00f3n QP","twitter_card":"summary_large_image","twitter_misc":{"Escrito por":"Redacci\u00f3n QP","Tiempo de lectura":"2 minutos"},"schema":{"@context":"https:\/\/schema.org","@graph":[{"@type":"Article","@id":"https:\/\/quehacerpolitico.mx\/?p=110273#article","isPartOf":{"@id":"https:\/\/quehacerpolitico.mx\/?p=110273"},"author":{"name":"Redacci\u00f3n QP","@id":"https:\/\/quehacerpolitico.mx\/#\/schema\/person\/496d8ad2d1d3f8036101dca7ee39e585"},"headline":"AMLO insiste en que lo atacan pol\u00edticamente por el asesinato de #DanteEmiliano en Para\u00edso, Tabasco &#8220;Vi a una se\u00f1ora que no puedo mencionar, queriendo lucrar&#8221;","datePublished":"2024-05-24T17:07:32+00:00","dateModified":"2024-05-24T17:07:35+00:00","mainEntityOfPage":{"@id":"https:\/\/quehacerpolitico.mx\/?p=110273"},"wordCount":334,"commentCount":0,"image":{"@id":"https:\/\/quehacerpolitico.mx\/?p=110273#primaryimage"},"thumbnailUrl":"https:\/\/quehacerpolitico.mx\/wp-content\/uploads\/2024\/05\/IMG_5859.jpeg","articleSection":["Noticias"],"inLanguage":"es","potentialAction":[{"@type":"CommentAction","name":"Comment","target":["https:\/\/quehacerpolitico.mx\/?p=110273#respond"]}]},{"@type":"WebPage","@id":"https:\/\/quehacerpolitico.mx\/?p=110273","url":"https:\/\/quehacerpolitico.mx\/?p=110273","name":"AMLO insiste en que lo atacan pol\u00edticamente por el asesinato de #DanteEmiliano en Para\u00edso, Tabasco \"Vi a una se\u00f1ora que no puedo mencionar, queriendo lucrar\" -","isPartOf":{"@id":"https:\/\/quehacerpolitico.mx\/#website"},"primaryImageOfPage":{"@id":"https:\/\/quehacerpolitico.mx\/?p=110273#primaryimage"},"image":{"@id":"https:\/\/quehacerpolitico.mx\/?p=110273#primaryimage"},"thumbnailUrl":"https:\/\/quehacerpolitico.mx\/wp-content\/uploads\/2024\/05\/IMG_5859.jpeg","datePublished":"2024-05-24T17:07:32+00:00","dateModified":"2024-05-24T17:07:35+00:00","author":{"@id":"https:\/\/quehacerpolitico.mx\/#\/schema\/person\/496d8ad2d1d3f8036101dca7ee39e585"},"breadcrumb":{"@id":"https:\/\/quehacerpolitico.mx\/?p=110273#breadcrumb"},"inLanguage":"es","potentialAction":[{"@type":"ReadAction","target":["https:\/\/quehacerpolitico.mx\/?p=110273"]}]},{"@type":"ImageObject","inLanguage":"es","@id":"https:\/\/quehacerpolitico.mx\/?p=110273#primaryimage","url":"https:\/\/quehacerpolitico.mx\/wp-content\/uploads\/2024\/05\/IMG_5859.jpeg","contentUrl":"https:\/\/quehacerpolitico.mx\/wp-content\/uploads\/2024\/05\/IMG_5859.jpeg","width":1284,"height":689,"caption":"Screenshot"},{"@type":"BreadcrumbList","@id":"https:\/\/quehacerpolitico.mx\/?p=110273#breadcrumb","itemListElement":[{"@type":"ListItem","position":1,"name":"Inicio","item":"https:\/\/quehacerpolitico.mx\/"},{"@type":"ListItem","position":2,"name":"AMLO insiste en que lo atacan pol\u00edticamente por el asesinato de #DanteEmiliano en Para\u00edso, Tabasco &#8220;Vi a una se\u00f1ora que no puedo mencionar, queriendo lucrar&#8221;"}]},{"@type":"WebSite","@id":"https:\/\/quehacerpolitico.mx\/#website","url":"https:\/\/quehacerpolitico.mx\/","name":"","description":"","potentialAction":[{"@type":"SearchAction","target":{"@type":"EntryPoint","urlTemplate":"https:\/\/quehacerpolitico.mx\/?s={search_term_string}"},"query-input":{"@type":"PropertyValueSpecification","valueRequired":true,"valueName":"search_term_string"}}],"inLanguage":"es"},{"@type":"Person","@id":"https:\/\/quehacerpolitico.mx\/#\/schema\/person\/496d8ad2d1d3f8036101dca7ee39e585","name":"Redacci\u00f3n QP","image":{"@type":"ImageObject","inLanguage":"es","@id":"https:\/\/secure.gravatar.com\/avatar\/c7164ed6fdec453195284ad24a5ae5b6e1eed2b848477fa2a4787ba9adf39a41?s=96&d=mm&r=g","url":"https:\/\/secure.gravatar.com\/avatar\/c7164ed6fdec453195284ad24a5ae5b6e1eed2b848477fa2a4787ba9adf39a41?s=96&d=mm&r=g","contentUrl":"https:\/\/secure.gravatar.com\/avatar\/c7164ed6fdec453195284ad24a5ae5b6e1eed2b848477fa2a4787ba9adf39a41?s=96&d=mm&r=g","caption":"Redacci\u00f3n QP"},"url":"https:\/\/quehacerpolitico.mx\/?author=2"}]}},"featured_image_urls":{"full":["https:\/\/quehacerpolitico.mx\/wp-content\/uploads\/2024\/05\/IMG_5859.jpeg",1284,689,false],"thumbnail":["https:\/\/quehacerpolitico.mx\/wp-content\/uploads\/2024\/05\/IMG_5859-150x150.jpeg",150,150,true],"medium":["https:\/\/quehacerpolitico.mx\/wp-content\/uploads\/2024\/05\/IMG_5859-300x161.jpeg",300,161,true],"medium_large":["https:\/\/quehacerpolitico.mx\/wp-content\/uploads\/2024\/05\/IMG_5859-768x412.jpeg",640,343,true],"large":["https:\/\/quehacerpolitico.mx\/wp-content\/uploads\/2024\/05\/IMG_5859-1024x549.jpeg",640,343,true],"1536x1536":["https:\/\/quehacerpolitico.mx\/wp-content\/uploads\/2024\/05\/IMG_5859.jpeg",1284,689,false],"2048x2048":["https:\/\/quehacerpolitico.mx\/wp-content\/uploads\/2024\/05\/IMG_5859.jpeg",1284,689,false],"covernews-featured":["https:\/\/quehacerpolitico.mx\/wp-content\/uploads\/2024\/05\/IMG_5859.jpeg",1024,549,false],"covernews-medium":["https:\/\/quehacerpolitico.mx\/wp-content\/uploads\/2024\/05\/IMG_5859.jpeg",540,290,false]},"author_info":{"display_name":"Redacci\u00f3n QP","author_link":"https:\/\/quehacerpolitico.mx\/?author=2"},"category_info":"<a href=\"https:\/\/quehacerpolitico.mx\/?cat=2\" rel=\"category\">Noticias<\/a>","tag_info":"Noticias","comment_count":"0","_links":{"self":[{"href":"https:\/\/quehacerpolitico.mx\/index.php?rest_route=\/wp\/v2\/posts\/110273","targetHints":{"allow":["GET"]}}],"collection":[{"href":"https:\/\/quehacerpolitico.mx\/index.php?rest_route=\/wp\/v2\/posts"}],"about":[{"href":"https:\/\/quehacerpolitico.mx\/index.php?rest_route=\/wp\/v2\/types\/post"}],"author":[{"embeddable":true,"href":"https:\/\/quehacerpolitico.mx\/index.php?rest_route=\/wp\/v2\/users\/2"}],"replies":[{"embeddable":true,"href":"https:\/\/quehacerpolitico.mx\/index.php?rest_route=%2Fwp%2Fv2%2Fcomments&post=110273"}],"version-history":[{"count":1,"href":"https:\/\/quehacerpolitico.mx\/index.php?rest_route=\/wp\/v2\/posts\/110273\/revisions"}],"predecessor-version":[{"id":110275,"href":"https:\/\/quehacerpolitico.mx\/index.php?rest_route=\/wp\/v2\/posts\/110273\/revisions\/110275"}],"wp:featuredmedia":[{"embeddable":true,"href":"https:\/\/quehacerpolitico.mx\/index.php?rest_route=\/wp\/v2\/media\/110274"}],"wp:attachment":[{"href":"https:\/\/quehacerpolitico.mx\/index.php?rest_route=%2Fwp%2Fv2%2Fmedia&parent=110273"}],"wp:term":[{"taxonomy":"category","embeddable":true,"href":"https:\/\/quehacerpolitico.mx\/index.php?rest_route=%2Fwp%2Fv2%2Fcategories&post=110273"},{"taxonomy":"post_tag","embeddable":true,"href":"https:\/\/quehacerpolitico.mx\/index.php?rest_route=%2Fwp%2Fv2%2Ftags&post=110273"}],"curies":[{"name":"wp","href":"https:\/\/api.w.org\/{rel}","templated":true}]}}