{"id":110255,"date":"2024-05-23T22:10:31","date_gmt":"2024-05-23T22:10:31","guid":{"rendered":"https:\/\/quehacerpolitico.mx\/?p=110255"},"modified":"2024-05-23T22:10:33","modified_gmt":"2024-05-23T22:10:33","slug":"hacienda-afirma-que-mexico-esta-listo-para-atraer-industrias-tecnologicas-contaran-con-infraestructura-de-vanguardia","status":"publish","type":"post","link":"https:\/\/quehacerpolitico.mx\/?p=110255","title":{"rendered":"Hacienda afirma que M\u00e9xico est\u00e1 listo para atraer industrias tecnol\u00f3gicas: \u201cContar\u00e1n con infraestructura de vanguardia\u201d"},"content":{"rendered":"\n<p>Por Redacci\u00f3n QP<\/p>\n\n\n\n<p>M\u00e9xico est\u00e1 preparado para albergar industrias de alto contenido tecnol\u00f3gico y estar a la vanguardia de las nuevas tendencias de producci\u00f3n, asegur\u00f3 este jueves el secretario de Hacienda y Cr\u00e9dito P\u00fablico,&nbsp;<strong>Rogelio Ram\u00edrez de la O,&nbsp;<\/strong>al inaugurar un centro de datos de Microsoft.<\/p>\n\n\n\n<p>El funcionario reconoci\u00f3 que ser\u00e1 de vital importancia que en los pr\u00f3ximos a\u00f1os el pa\u00eds mantenga la\u00a0<strong>innovaci\u00f3n y las inversiones<\/strong>\u00a0para abordar una transici\u00f3n tecnol\u00f3gica inclusiva que alcance a empresas de todas escalas, en beneficio de mejores servicios y empleos para los mexicanos.<\/p>\n\n\n\n<p><strong>Ram\u00edrez de la O<\/strong>&nbsp;particip\u00f3 en la apertura de un centro de datos de Microsoft en el centro de M\u00e9xico, donde se\u00f1al\u00f3 que este tipo de inversiones confirman el entorno de confianza y optimismo sobre el futuro de la econom\u00eda mexicana.<\/p>\n\n\n\n<p>Adem\u00e1s, indic\u00f3 que el&nbsp;<strong>desarrollo de infraestructura<\/strong>&nbsp;en el territorio mexicano contribuye al desarrollo econ\u00f3mico del pa\u00eds.<\/p>\n\n\n\n<p>El inicio de este centro de datos, precis\u00f3, \u201ces tambi\u00e9n una prueba de que&nbsp;<strong>M\u00e9xico est\u00e1 preparado&nbsp;<\/strong>para albergar industrias de alto contenido tecnol\u00f3gico y ponerse a la vanguardia en un entorno mundial donde cada vez m\u00e1s procesos productivos son operados de manera digital\u201d.<\/p>\n\n\n\n<p>El titular de Hacienda asever\u00f3 que la econom\u00eda mexicana, que se expandi\u00f3 un 1.6% internaual en el primer trimestre de 2024 y un 3.2% en 2023,&nbsp;<strong>ha superado las expectativas&nbsp;<\/strong>del mercado y los analistas.<\/p>\n\n\n\n<p>Asegur\u00f3 que este impulso\u00a0<strong>mantendr\u00e1 el inter\u00e9s de M\u00e9xico<\/strong>\u00a0como un destino ideal para la inversi\u00f3n extranjera en medio de la reconfiguraci\u00f3n de las cadenas globales de valor o \u201cnearshoring\u201d.<\/p>\n\n\n\n<p>\u201cQuienes busquen reubicar sus procesos productivos en nuestro pa\u00eds contar\u00e1n ahora con infraestructura de vanguardia&nbsp;<strong>segura y de alto rendimiento<\/strong>&nbsp;para mejorar la eficiencia y a\u00f1adir valor a sus operaciones\u201d, coment\u00f3.<\/p>\n\n\n\n<p><strong>Ram\u00edrez de la O<\/strong>\u00a0tambi\u00e9n dijo que el progreso tecnol\u00f3gico juega un papel primordial en el crecimiento econ\u00f3mico de cualquier naci\u00f3n, pues afirm\u00f3 que las innovaciones permiten mejorar procesos productivos, aumentar la productividad y generar mayor bienestar.<\/p>\n\n\n\n<p>Con informaci\u00f3n de EFE<\/p>\n","protected":false},"excerpt":{"rendered":"<p>Por Redacci\u00f3n QP M\u00e9xico est\u00e1 preparado para albergar industrias de alto contenido tecnol\u00f3gico y estar&#8230;<\/p>\n","protected":false},"author":2,"featured_media":110256,"comment_status":"open","ping_status":"open","sticky":false,"template":"","format":"standard","meta":{"_monsterinsights_skip_tracking":false,"_monsterinsights_sitenote_active":false,"_monsterinsights_sitenote_note":"","_monsterinsights_sitenote_category":0,"footnotes":""},"categories":[56],"tags":[],"class_list":["post-110255","post","type-post","status-publish","format-standard","has-post-thumbnail","hentry","category-economia"],"yoast_head":"<!-- This site is optimized with the Yoast SEO plugin v27.3 - https:\/\/yoast.com\/product\/yoast-seo-wordpress\/ -->\n<title>Hacienda afirma que M\u00e9xico est\u00e1 listo para atraer industrias tecnol\u00f3gicas: \u201cContar\u00e1n con infraestructura de vanguardia\u201d -<\/title>\n<meta name=\"robots\" content=\"index, follow, max-snippet:-1, max-image-preview:large, max-video-preview:-1\" \/>\n<link rel=\"canonical\" href=\"https:\/\/quehacerpolitico.mx\/?p=110255\" \/>\n<meta property=\"og:locale\" content=\"es_MX\" \/>\n<meta property=\"og:type\" content=\"article\" \/>\n<meta property=\"og:title\" content=\"Hacienda afirma que M\u00e9xico est\u00e1 listo para atraer industrias tecnol\u00f3gicas: \u201cContar\u00e1n con infraestructura de vanguardia\u201d -\" \/>\n<meta property=\"og:description\" content=\"Por Redacci\u00f3n QP M\u00e9xico est\u00e1 preparado para albergar industrias de alto contenido tecnol\u00f3gico y estar...\" \/>\n<meta property=\"og:url\" content=\"https:\/\/quehacerpolitico.mx\/?p=110255\" \/>\n<meta property=\"article:published_time\" content=\"2024-05-23T22:10:31+00:00\" \/>\n<meta property=\"article:modified_time\" content=\"2024-05-23T22:10:33+00:00\" \/>\n<meta property=\"og:image\" content=\"https:\/\/quehacerpolitico.mx\/wp-content\/uploads\/2024\/05\/IMG_5845.jpeg\" \/>\n\t<meta property=\"og:image:width\" content=\"679\" \/>\n\t<meta property=\"og:image:height\" content=\"452\" \/>\n\t<meta property=\"og:image:type\" content=\"image\/jpeg\" \/>\n<meta name=\"author\" content=\"Redacci\u00f3n QP\" \/>\n<meta name=\"twitter:card\" content=\"summary_large_image\" \/>\n<meta name=\"twitter:label1\" content=\"Escrito por\" \/>\n\t<meta name=\"twitter:data1\" content=\"Redacci\u00f3n QP\" \/>\n\t<meta name=\"twitter:label2\" content=\"Tiempo de lectura\" \/>\n\t<meta name=\"twitter:data2\" content=\"2 minutos\" \/>\n<script type=\"application\/ld+json\" class=\"yoast-schema-graph\">{\"@context\":\"https:\\\/\\\/schema.org\",\"@graph\":[{\"@type\":\"Article\",\"@id\":\"https:\\\/\\\/quehacerpolitico.mx\\\/?p=110255#article\",\"isPartOf\":{\"@id\":\"https:\\\/\\\/quehacerpolitico.mx\\\/?p=110255\"},\"author\":{\"name\":\"Redacci\u00f3n QP\",\"@id\":\"https:\\\/\\\/quehacerpolitico.mx\\\/#\\\/schema\\\/person\\\/496d8ad2d1d3f8036101dca7ee39e585\"},\"headline\":\"Hacienda afirma que M\u00e9xico est\u00e1 listo para atraer industrias tecnol\u00f3gicas: \u201cContar\u00e1n con infraestructura de vanguardia\u201d\",\"datePublished\":\"2024-05-23T22:10:31+00:00\",\"dateModified\":\"2024-05-23T22:10:33+00:00\",\"mainEntityOfPage\":{\"@id\":\"https:\\\/\\\/quehacerpolitico.mx\\\/?p=110255\"},\"wordCount\":393,\"commentCount\":0,\"image\":{\"@id\":\"https:\\\/\\\/quehacerpolitico.mx\\\/?p=110255#primaryimage\"},\"thumbnailUrl\":\"https:\\\/\\\/quehacerpolitico.mx\\\/wp-content\\\/uploads\\\/2024\\\/05\\\/IMG_5845.jpeg\",\"articleSection\":[\"Econom\u00eda\"],\"inLanguage\":\"es\",\"potentialAction\":[{\"@type\":\"CommentAction\",\"name\":\"Comment\",\"target\":[\"https:\\\/\\\/quehacerpolitico.mx\\\/?p=110255#respond\"]}]},{\"@type\":\"WebPage\",\"@id\":\"https:\\\/\\\/quehacerpolitico.mx\\\/?p=110255\",\"url\":\"https:\\\/\\\/quehacerpolitico.mx\\\/?p=110255\",\"name\":\"Hacienda afirma que M\u00e9xico est\u00e1 listo para atraer industrias tecnol\u00f3gicas: \u201cContar\u00e1n con infraestructura de vanguardia\u201d -\",\"isPartOf\":{\"@id\":\"https:\\\/\\\/quehacerpolitico.mx\\\/#website\"},\"primaryImageOfPage\":{\"@id\":\"https:\\\/\\\/quehacerpolitico.mx\\\/?p=110255#primaryimage\"},\"image\":{\"@id\":\"https:\\\/\\\/quehacerpolitico.mx\\\/?p=110255#primaryimage\"},\"thumbnailUrl\":\"https:\\\/\\\/quehacerpolitico.mx\\\/wp-content\\\/uploads\\\/2024\\\/05\\\/IMG_5845.jpeg\",\"datePublished\":\"2024-05-23T22:10:31+00:00\",\"dateModified\":\"2024-05-23T22:10:33+00:00\",\"author\":{\"@id\":\"https:\\\/\\\/quehacerpolitico.mx\\\/#\\\/schema\\\/person\\\/496d8ad2d1d3f8036101dca7ee39e585\"},\"breadcrumb\":{\"@id\":\"https:\\\/\\\/quehacerpolitico.mx\\\/?p=110255#breadcrumb\"},\"inLanguage\":\"es\",\"potentialAction\":[{\"@type\":\"ReadAction\",\"target\":[\"https:\\\/\\\/quehacerpolitico.mx\\\/?p=110255\"]}]},{\"@type\":\"ImageObject\",\"inLanguage\":\"es\",\"@id\":\"https:\\\/\\\/quehacerpolitico.mx\\\/?p=110255#primaryimage\",\"url\":\"https:\\\/\\\/quehacerpolitico.mx\\\/wp-content\\\/uploads\\\/2024\\\/05\\\/IMG_5845.jpeg\",\"contentUrl\":\"https:\\\/\\\/quehacerpolitico.mx\\\/wp-content\\\/uploads\\\/2024\\\/05\\\/IMG_5845.jpeg\",\"width\":679,\"height\":452},{\"@type\":\"BreadcrumbList\",\"@id\":\"https:\\\/\\\/quehacerpolitico.mx\\\/?p=110255#breadcrumb\",\"itemListElement\":[{\"@type\":\"ListItem\",\"position\":1,\"name\":\"Inicio\",\"item\":\"https:\\\/\\\/quehacerpolitico.mx\\\/\"},{\"@type\":\"ListItem\",\"position\":2,\"name\":\"Hacienda afirma que M\u00e9xico est\u00e1 listo para atraer industrias tecnol\u00f3gicas: \u201cContar\u00e1n con infraestructura de vanguardia\u201d\"}]},{\"@type\":\"WebSite\",\"@id\":\"https:\\\/\\\/quehacerpolitico.mx\\\/#website\",\"url\":\"https:\\\/\\\/quehacerpolitico.mx\\\/\",\"name\":\"\",\"description\":\"\",\"potentialAction\":[{\"@type\":\"SearchAction\",\"target\":{\"@type\":\"EntryPoint\",\"urlTemplate\":\"https:\\\/\\\/quehacerpolitico.mx\\\/?s={search_term_string}\"},\"query-input\":{\"@type\":\"PropertyValueSpecification\",\"valueRequired\":true,\"valueName\":\"search_term_string\"}}],\"inLanguage\":\"es\"},{\"@type\":\"Person\",\"@id\":\"https:\\\/\\\/quehacerpolitico.mx\\\/#\\\/schema\\\/person\\\/496d8ad2d1d3f8036101dca7ee39e585\",\"name\":\"Redacci\u00f3n QP\",\"image\":{\"@type\":\"ImageObject\",\"inLanguage\":\"es\",\"@id\":\"https:\\\/\\\/secure.gravatar.com\\\/avatar\\\/c7164ed6fdec453195284ad24a5ae5b6e1eed2b848477fa2a4787ba9adf39a41?s=96&d=mm&r=g\",\"url\":\"https:\\\/\\\/secure.gravatar.com\\\/avatar\\\/c7164ed6fdec453195284ad24a5ae5b6e1eed2b848477fa2a4787ba9adf39a41?s=96&d=mm&r=g\",\"contentUrl\":\"https:\\\/\\\/secure.gravatar.com\\\/avatar\\\/c7164ed6fdec453195284ad24a5ae5b6e1eed2b848477fa2a4787ba9adf39a41?s=96&d=mm&r=g\",\"caption\":\"Redacci\u00f3n QP\"},\"url\":\"https:\\\/\\\/quehacerpolitico.mx\\\/?author=2\"}]}<\/script>\n<!-- \/ Yoast SEO plugin. -->","yoast_head_json":{"title":"Hacienda afirma que M\u00e9xico est\u00e1 listo para atraer industrias tecnol\u00f3gicas: \u201cContar\u00e1n con infraestructura de vanguardia\u201d -","robots":{"index":"index","follow":"follow","max-snippet":"max-snippet:-1","max-image-preview":"max-image-preview:large","max-video-preview":"max-video-preview:-1"},"canonical":"https:\/\/quehacerpolitico.mx\/?p=110255","og_locale":"es_MX","og_type":"article","og_title":"Hacienda afirma que M\u00e9xico est\u00e1 listo para atraer industrias tecnol\u00f3gicas: \u201cContar\u00e1n con infraestructura de vanguardia\u201d -","og_description":"Por Redacci\u00f3n QP M\u00e9xico est\u00e1 preparado para albergar industrias de alto contenido tecnol\u00f3gico y estar...","og_url":"https:\/\/quehacerpolitico.mx\/?p=110255","article_published_time":"2024-05-23T22:10:31+00:00","article_modified_time":"2024-05-23T22:10:33+00:00","og_image":[{"width":679,"height":452,"url":"https:\/\/quehacerpolitico.mx\/wp-content\/uploads\/2024\/05\/IMG_5845.jpeg","type":"image\/jpeg"}],"author":"Redacci\u00f3n QP","twitter_card":"summary_large_image","twitter_misc":{"Escrito por":"Redacci\u00f3n QP","Tiempo de lectura":"2 minutos"},"schema":{"@context":"https:\/\/schema.org","@graph":[{"@type":"Article","@id":"https:\/\/quehacerpolitico.mx\/?p=110255#article","isPartOf":{"@id":"https:\/\/quehacerpolitico.mx\/?p=110255"},"author":{"name":"Redacci\u00f3n QP","@id":"https:\/\/quehacerpolitico.mx\/#\/schema\/person\/496d8ad2d1d3f8036101dca7ee39e585"},"headline":"Hacienda afirma que M\u00e9xico est\u00e1 listo para atraer industrias tecnol\u00f3gicas: \u201cContar\u00e1n con infraestructura de vanguardia\u201d","datePublished":"2024-05-23T22:10:31+00:00","dateModified":"2024-05-23T22:10:33+00:00","mainEntityOfPage":{"@id":"https:\/\/quehacerpolitico.mx\/?p=110255"},"wordCount":393,"commentCount":0,"image":{"@id":"https:\/\/quehacerpolitico.mx\/?p=110255#primaryimage"},"thumbnailUrl":"https:\/\/quehacerpolitico.mx\/wp-content\/uploads\/2024\/05\/IMG_5845.jpeg","articleSection":["Econom\u00eda"],"inLanguage":"es","potentialAction":[{"@type":"CommentAction","name":"Comment","target":["https:\/\/quehacerpolitico.mx\/?p=110255#respond"]}]},{"@type":"WebPage","@id":"https:\/\/quehacerpolitico.mx\/?p=110255","url":"https:\/\/quehacerpolitico.mx\/?p=110255","name":"Hacienda afirma que M\u00e9xico est\u00e1 listo para atraer industrias tecnol\u00f3gicas: \u201cContar\u00e1n con infraestructura de vanguardia\u201d -","isPartOf":{"@id":"https:\/\/quehacerpolitico.mx\/#website"},"primaryImageOfPage":{"@id":"https:\/\/quehacerpolitico.mx\/?p=110255#primaryimage"},"image":{"@id":"https:\/\/quehacerpolitico.mx\/?p=110255#primaryimage"},"thumbnailUrl":"https:\/\/quehacerpolitico.mx\/wp-content\/uploads\/2024\/05\/IMG_5845.jpeg","datePublished":"2024-05-23T22:10:31+00:00","dateModified":"2024-05-23T22:10:33+00:00","author":{"@id":"https:\/\/quehacerpolitico.mx\/#\/schema\/person\/496d8ad2d1d3f8036101dca7ee39e585"},"breadcrumb":{"@id":"https:\/\/quehacerpolitico.mx\/?p=110255#breadcrumb"},"inLanguage":"es","potentialAction":[{"@type":"ReadAction","target":["https:\/\/quehacerpolitico.mx\/?p=110255"]}]},{"@type":"ImageObject","inLanguage":"es","@id":"https:\/\/quehacerpolitico.mx\/?p=110255#primaryimage","url":"https:\/\/quehacerpolitico.mx\/wp-content\/uploads\/2024\/05\/IMG_5845.jpeg","contentUrl":"https:\/\/quehacerpolitico.mx\/wp-content\/uploads\/2024\/05\/IMG_5845.jpeg","width":679,"height":452},{"@type":"BreadcrumbList","@id":"https:\/\/quehacerpolitico.mx\/?p=110255#breadcrumb","itemListElement":[{"@type":"ListItem","position":1,"name":"Inicio","item":"https:\/\/quehacerpolitico.mx\/"},{"@type":"ListItem","position":2,"name":"Hacienda afirma que M\u00e9xico est\u00e1 listo para atraer industrias tecnol\u00f3gicas: \u201cContar\u00e1n con infraestructura de vanguardia\u201d"}]},{"@type":"WebSite","@id":"https:\/\/quehacerpolitico.mx\/#website","url":"https:\/\/quehacerpolitico.mx\/","name":"","description":"","potentialAction":[{"@type":"SearchAction","target":{"@type":"EntryPoint","urlTemplate":"https:\/\/quehacerpolitico.mx\/?s={search_term_string}"},"query-input":{"@type":"PropertyValueSpecification","valueRequired":true,"valueName":"search_term_string"}}],"inLanguage":"es"},{"@type":"Person","@id":"https:\/\/quehacerpolitico.mx\/#\/schema\/person\/496d8ad2d1d3f8036101dca7ee39e585","name":"Redacci\u00f3n QP","image":{"@type":"ImageObject","inLanguage":"es","@id":"https:\/\/secure.gravatar.com\/avatar\/c7164ed6fdec453195284ad24a5ae5b6e1eed2b848477fa2a4787ba9adf39a41?s=96&d=mm&r=g","url":"https:\/\/secure.gravatar.com\/avatar\/c7164ed6fdec453195284ad24a5ae5b6e1eed2b848477fa2a4787ba9adf39a41?s=96&d=mm&r=g","contentUrl":"https:\/\/secure.gravatar.com\/avatar\/c7164ed6fdec453195284ad24a5ae5b6e1eed2b848477fa2a4787ba9adf39a41?s=96&d=mm&r=g","caption":"Redacci\u00f3n QP"},"url":"https:\/\/quehacerpolitico.mx\/?author=2"}]}},"featured_image_urls":{"full":["https:\/\/quehacerpolitico.mx\/wp-content\/uploads\/2024\/05\/IMG_5845.jpeg",679,452,false],"thumbnail":["https:\/\/quehacerpolitico.mx\/wp-content\/uploads\/2024\/05\/IMG_5845-150x150.jpeg",150,150,true],"medium":["https:\/\/quehacerpolitico.mx\/wp-content\/uploads\/2024\/05\/IMG_5845-300x200.jpeg",300,200,true],"medium_large":["https:\/\/quehacerpolitico.mx\/wp-content\/uploads\/2024\/05\/IMG_5845.jpeg",640,426,false],"large":["https:\/\/quehacerpolitico.mx\/wp-content\/uploads\/2024\/05\/IMG_5845.jpeg",640,426,false],"1536x1536":["https:\/\/quehacerpolitico.mx\/wp-content\/uploads\/2024\/05\/IMG_5845.jpeg",679,452,false],"2048x2048":["https:\/\/quehacerpolitico.mx\/wp-content\/uploads\/2024\/05\/IMG_5845.jpeg",679,452,false],"covernews-featured":["https:\/\/quehacerpolitico.mx\/wp-content\/uploads\/2024\/05\/IMG_5845.jpeg",679,452,false],"covernews-medium":["https:\/\/quehacerpolitico.mx\/wp-content\/uploads\/2024\/05\/IMG_5845.jpeg",511,340,false]},"author_info":{"display_name":"Redacci\u00f3n QP","author_link":"https:\/\/quehacerpolitico.mx\/?author=2"},"category_info":"<a href=\"https:\/\/quehacerpolitico.mx\/?cat=56\" rel=\"category\">Econom\u00eda<\/a>","tag_info":"Econom\u00eda","comment_count":"0","_links":{"self":[{"href":"https:\/\/quehacerpolitico.mx\/index.php?rest_route=\/wp\/v2\/posts\/110255","targetHints":{"allow":["GET"]}}],"collection":[{"href":"https:\/\/quehacerpolitico.mx\/index.php?rest_route=\/wp\/v2\/posts"}],"about":[{"href":"https:\/\/quehacerpolitico.mx\/index.php?rest_route=\/wp\/v2\/types\/post"}],"author":[{"embeddable":true,"href":"https:\/\/quehacerpolitico.mx\/index.php?rest_route=\/wp\/v2\/users\/2"}],"replies":[{"embeddable":true,"href":"https:\/\/quehacerpolitico.mx\/index.php?rest_route=%2Fwp%2Fv2%2Fcomments&post=110255"}],"version-history":[{"count":1,"href":"https:\/\/quehacerpolitico.mx\/index.php?rest_route=\/wp\/v2\/posts\/110255\/revisions"}],"predecessor-version":[{"id":110257,"href":"https:\/\/quehacerpolitico.mx\/index.php?rest_route=\/wp\/v2\/posts\/110255\/revisions\/110257"}],"wp:featuredmedia":[{"embeddable":true,"href":"https:\/\/quehacerpolitico.mx\/index.php?rest_route=\/wp\/v2\/media\/110256"}],"wp:attachment":[{"href":"https:\/\/quehacerpolitico.mx\/index.php?rest_route=%2Fwp%2Fv2%2Fmedia&parent=110255"}],"wp:term":[{"taxonomy":"category","embeddable":true,"href":"https:\/\/quehacerpolitico.mx\/index.php?rest_route=%2Fwp%2Fv2%2Fcategories&post=110255"},{"taxonomy":"post_tag","embeddable":true,"href":"https:\/\/quehacerpolitico.mx\/index.php?rest_route=%2Fwp%2Fv2%2Ftags&post=110255"}],"curies":[{"name":"wp","href":"https:\/\/api.w.org\/{rel}","templated":true}]}}