{"id":110244,"date":"2024-05-23T20:14:19","date_gmt":"2024-05-23T20:14:19","guid":{"rendered":"https:\/\/quehacerpolitico.mx\/?p=110244"},"modified":"2024-05-23T20:14:21","modified_gmt":"2024-05-23T20:14:21","slug":"dia-del-estudiante-por-que-se-celebra-el-23-de-mayo","status":"publish","type":"post","link":"https:\/\/quehacerpolitico.mx\/?p=110244","title":{"rendered":"D\u00eda del Estudiante: \u00bfPor qu\u00e9 se celebra el 23 de mayo?"},"content":{"rendered":"\n<p>Por Redacci\u00f3n QP<\/p>\n\n\n\n<p>La comunidad estudiantil solicit\u00f3\u00a0que se reconociera el 23 de mayo\u00a0como el D\u00eda del Estudiante\u00a0en honor a los heridos en durante la lucha por la autonom\u00eda de la Universidad<\/p>\n\n\n\n<p>Este jueves, 23 de mayo, se conmemora del&nbsp;D\u00eda del Estudiante&nbsp;en honor al movimiento con el que este sector logr\u00f3 la autonom\u00eda de la Universidad Nacional de M\u00e9xico, en 1929; sin embargo,&nbsp;<strong>la&nbsp;SEP&nbsp;no otorg\u00f3 un d\u00eda de descanso por dicha efem\u00e9ride<\/strong>.<\/p>\n\n\n\n<p>Por lo anterior, un sector de la poblaci\u00f3n se pregunta sobre la fecha y qu\u00e9 fue lo que ocurri\u00f3 para que se otorgara dicho d\u00eda como algo simb\u00f3lico para el estudiante.<\/p>\n\n\n\n<p>De acuerdo con la Comisi\u00f3n Nacional de los Derechos Humanos (CNDH), en M\u00e9xico se declar\u00f3 el 23 de mayo como D\u00eda del Estudiante en conmemoraci\u00f3n al movimiento estudiantil de 1929, que llev\u00f3 a la entonces Universidad Nacional a adquirir la autonom\u00eda.<\/p>\n\n\n\n<p>&#8220;<strong>Todo dio comienzo cuando el 22 de septiembre de 1910, bajo el mandato del presidente Porfirio D\u00edaz, se inaugur\u00f3 la&nbsp;Universidad Nacional Aut\u00f3noma de M\u00e9xico<\/strong>, cumpliendo un mandato emitido en mayo del mismo a\u00f1o, el cual formalizaba la&nbsp;Ley Constitutiva&nbsp;presentada por Justo Sierra. Hasta 1929, dicha ley se\u00f1alaba al Ministro de Instrucci\u00f3n P\u00fablica como jefe de la Universidad, y el rector era nombrado por el Presidente de la Rep\u00fablica&#8221;, se lee en el texto.<\/p>\n\n\n\n<p>Debido a ello, &#8220;las autoridades universitarias decidieron hacer dos cambios: aumentar un a\u00f1o a la educaci\u00f3n preparatoria y cambiar los ex\u00e1menes profesionales en la Facultad de Derecho, lo cual provoc\u00f3 que los alumnos de dicha facultad se\u00a0inconformaran, e intentaron negociar con las autoridades quienes se negaron a ello. Posteriormente colocaron la bandera rojinegra en la facultad.\u00a0<strong>Dos d\u00edas despu\u00e9s, por \u00f3rdenes del presidente\u00a0Emilio Portes Gil, el rector clausur\u00f3 la facultad. El 9 de mayo, la huelga fue declarada oficialmente<\/strong>&#8220;.<\/p>\n\n\n\n<p>Sin embargo, &#8220;tras una serie de eventos y protestas que culminaron en una huelga general, los alumnos fueron agredidos brutalmente por la Polic\u00eda dentro de las instalaciones de la Escuela de Derecho el d\u00eda 23 de mayo. Hubo una gran cantidad de heridos de ambas partes y m\u00e1s planteles se unieron a las protestas. A raz\u00f3n de lo sucedido, el doctor\u00a0Jos\u00e9 Manuel Puig Casauranc\u00a0, jefe del entonces Departamento del Distrito Federal, se ofreci\u00f3 como intermediario en las negociaciones ante el presidente&#8221;.<\/p>\n\n\n\n<p>D\u00edas despu\u00e9s, el 25 de mayo, Puig Casauranc, envi\u00f3 un memor\u00e1ndum al presidente&nbsp;Emilio Portes Gil&nbsp;, aconsejando la concesi\u00f3n de la autonom\u00eda universitaria. Ese d\u00eda, en los diarios de la \u00e9poca, se public\u00f3:<\/p>\n\n\n\n<p>\u201cA las doce y media horas se retiraron las tropas. A las diecisiete ten\u00eda lugar, en la Facultad de Derecho, un mitin.&nbsp;<strong>Se homenaje\u00f3 a los heridos del 23 y se exigi\u00f3 que el 23 de mayo fuera declarado D\u00eda del Estudiante y que en la Plaza de Santo Domingo fuera colocada una placa con el texto Plaza 23 de Mayo.<\/strong>&nbsp;El doctor Puig Casauranc se declar\u00f3 a favor, y placas fueron colocadas\u2026 unos d\u00edas m\u00e1s tarde\u201d, detall\u00f3 el organismo.<\/p>\n\n\n\n<p>Finalmente, el 10 de julio de 1929, fue promulgada dicha ley Org\u00e1nica, con la que naci\u00f3 la Universidad Nacional de M\u00e9xico, Aut\u00f3noma, que a\u00f1os m\u00e1s tarde se conocer\u00eda como la&nbsp;UNAM&nbsp;.<\/p>\n\n\n\n<p>&#8220;Fueron los propios alumnos quienes solicitaron que se reconociera el 23 de mayo como el D\u00eda del Estudiante, por supuesto, en honor a los heridos en durante la lucha por la autonom\u00eda de la Universidad&#8221;, concluy\u00f3.<\/p>\n\n\n\n<p>Con informaci\u00f3n de El Universal<\/p>\n","protected":false},"excerpt":{"rendered":"<p>Por Redacci\u00f3n QP La comunidad estudiantil solicit\u00f3\u00a0que se reconociera el 23 de mayo\u00a0como el D\u00eda&#8230;<\/p>\n","protected":false},"author":2,"featured_media":110245,"comment_status":"open","ping_status":"open","sticky":false,"template":"","format":"standard","meta":{"_monsterinsights_skip_tracking":false,"_monsterinsights_sitenote_active":false,"_monsterinsights_sitenote_note":"","_monsterinsights_sitenote_category":0,"footnotes":""},"categories":[58],"tags":[],"class_list":["post-110244","post","type-post","status-publish","format-standard","has-post-thumbnail","hentry","category-cultura"],"yoast_head":"<!-- This site is optimized with the Yoast SEO plugin v27.3 - https:\/\/yoast.com\/product\/yoast-seo-wordpress\/ -->\n<title>D\u00eda del Estudiante: \u00bfPor qu\u00e9 se celebra el 23 de mayo? -<\/title>\n<meta name=\"robots\" content=\"index, follow, max-snippet:-1, max-image-preview:large, max-video-preview:-1\" \/>\n<link rel=\"canonical\" href=\"https:\/\/quehacerpolitico.mx\/?p=110244\" \/>\n<meta property=\"og:locale\" content=\"es_MX\" \/>\n<meta property=\"og:type\" content=\"article\" \/>\n<meta property=\"og:title\" content=\"D\u00eda del Estudiante: \u00bfPor qu\u00e9 se celebra el 23 de mayo? -\" \/>\n<meta property=\"og:description\" content=\"Por Redacci\u00f3n QP La comunidad estudiantil solicit\u00f3\u00a0que se reconociera el 23 de mayo\u00a0como el D\u00eda...\" \/>\n<meta property=\"og:url\" content=\"https:\/\/quehacerpolitico.mx\/?p=110244\" \/>\n<meta property=\"article:published_time\" content=\"2024-05-23T20:14:19+00:00\" \/>\n<meta property=\"article:modified_time\" content=\"2024-05-23T20:14:21+00:00\" \/>\n<meta property=\"og:image\" content=\"https:\/\/quehacerpolitico.mx\/wp-content\/uploads\/2024\/05\/IMG_5840.jpeg\" \/>\n\t<meta property=\"og:image:width\" content=\"739\" \/>\n\t<meta property=\"og:image:height\" content=\"415\" \/>\n\t<meta property=\"og:image:type\" content=\"image\/jpeg\" \/>\n<meta name=\"author\" content=\"Redacci\u00f3n QP\" \/>\n<meta name=\"twitter:card\" content=\"summary_large_image\" \/>\n<meta name=\"twitter:label1\" content=\"Escrito por\" \/>\n\t<meta name=\"twitter:data1\" content=\"Redacci\u00f3n QP\" \/>\n\t<meta name=\"twitter:label2\" content=\"Tiempo de lectura\" \/>\n\t<meta name=\"twitter:data2\" content=\"3 minutos\" \/>\n<script type=\"application\/ld+json\" class=\"yoast-schema-graph\">{\"@context\":\"https:\\\/\\\/schema.org\",\"@graph\":[{\"@type\":\"Article\",\"@id\":\"https:\\\/\\\/quehacerpolitico.mx\\\/?p=110244#article\",\"isPartOf\":{\"@id\":\"https:\\\/\\\/quehacerpolitico.mx\\\/?p=110244\"},\"author\":{\"name\":\"Redacci\u00f3n QP\",\"@id\":\"https:\\\/\\\/quehacerpolitico.mx\\\/#\\\/schema\\\/person\\\/496d8ad2d1d3f8036101dca7ee39e585\"},\"headline\":\"D\u00eda del Estudiante: \u00bfPor qu\u00e9 se celebra el 23 de mayo?\",\"datePublished\":\"2024-05-23T20:14:19+00:00\",\"dateModified\":\"2024-05-23T20:14:21+00:00\",\"mainEntityOfPage\":{\"@id\":\"https:\\\/\\\/quehacerpolitico.mx\\\/?p=110244\"},\"wordCount\":633,\"commentCount\":0,\"image\":{\"@id\":\"https:\\\/\\\/quehacerpolitico.mx\\\/?p=110244#primaryimage\"},\"thumbnailUrl\":\"https:\\\/\\\/quehacerpolitico.mx\\\/wp-content\\\/uploads\\\/2024\\\/05\\\/IMG_5840.jpeg\",\"articleSection\":[\"Cultura y Entretenimiento\"],\"inLanguage\":\"es\",\"potentialAction\":[{\"@type\":\"CommentAction\",\"name\":\"Comment\",\"target\":[\"https:\\\/\\\/quehacerpolitico.mx\\\/?p=110244#respond\"]}]},{\"@type\":\"WebPage\",\"@id\":\"https:\\\/\\\/quehacerpolitico.mx\\\/?p=110244\",\"url\":\"https:\\\/\\\/quehacerpolitico.mx\\\/?p=110244\",\"name\":\"D\u00eda del Estudiante: \u00bfPor qu\u00e9 se celebra el 23 de mayo? -\",\"isPartOf\":{\"@id\":\"https:\\\/\\\/quehacerpolitico.mx\\\/#website\"},\"primaryImageOfPage\":{\"@id\":\"https:\\\/\\\/quehacerpolitico.mx\\\/?p=110244#primaryimage\"},\"image\":{\"@id\":\"https:\\\/\\\/quehacerpolitico.mx\\\/?p=110244#primaryimage\"},\"thumbnailUrl\":\"https:\\\/\\\/quehacerpolitico.mx\\\/wp-content\\\/uploads\\\/2024\\\/05\\\/IMG_5840.jpeg\",\"datePublished\":\"2024-05-23T20:14:19+00:00\",\"dateModified\":\"2024-05-23T20:14:21+00:00\",\"author\":{\"@id\":\"https:\\\/\\\/quehacerpolitico.mx\\\/#\\\/schema\\\/person\\\/496d8ad2d1d3f8036101dca7ee39e585\"},\"breadcrumb\":{\"@id\":\"https:\\\/\\\/quehacerpolitico.mx\\\/?p=110244#breadcrumb\"},\"inLanguage\":\"es\",\"potentialAction\":[{\"@type\":\"ReadAction\",\"target\":[\"https:\\\/\\\/quehacerpolitico.mx\\\/?p=110244\"]}]},{\"@type\":\"ImageObject\",\"inLanguage\":\"es\",\"@id\":\"https:\\\/\\\/quehacerpolitico.mx\\\/?p=110244#primaryimage\",\"url\":\"https:\\\/\\\/quehacerpolitico.mx\\\/wp-content\\\/uploads\\\/2024\\\/05\\\/IMG_5840.jpeg\",\"contentUrl\":\"https:\\\/\\\/quehacerpolitico.mx\\\/wp-content\\\/uploads\\\/2024\\\/05\\\/IMG_5840.jpeg\",\"width\":739,\"height\":415},{\"@type\":\"BreadcrumbList\",\"@id\":\"https:\\\/\\\/quehacerpolitico.mx\\\/?p=110244#breadcrumb\",\"itemListElement\":[{\"@type\":\"ListItem\",\"position\":1,\"name\":\"Inicio\",\"item\":\"https:\\\/\\\/quehacerpolitico.mx\\\/\"},{\"@type\":\"ListItem\",\"position\":2,\"name\":\"D\u00eda del Estudiante: \u00bfPor qu\u00e9 se celebra el 23 de mayo?\"}]},{\"@type\":\"WebSite\",\"@id\":\"https:\\\/\\\/quehacerpolitico.mx\\\/#website\",\"url\":\"https:\\\/\\\/quehacerpolitico.mx\\\/\",\"name\":\"\",\"description\":\"\",\"potentialAction\":[{\"@type\":\"SearchAction\",\"target\":{\"@type\":\"EntryPoint\",\"urlTemplate\":\"https:\\\/\\\/quehacerpolitico.mx\\\/?s={search_term_string}\"},\"query-input\":{\"@type\":\"PropertyValueSpecification\",\"valueRequired\":true,\"valueName\":\"search_term_string\"}}],\"inLanguage\":\"es\"},{\"@type\":\"Person\",\"@id\":\"https:\\\/\\\/quehacerpolitico.mx\\\/#\\\/schema\\\/person\\\/496d8ad2d1d3f8036101dca7ee39e585\",\"name\":\"Redacci\u00f3n QP\",\"image\":{\"@type\":\"ImageObject\",\"inLanguage\":\"es\",\"@id\":\"https:\\\/\\\/secure.gravatar.com\\\/avatar\\\/c7164ed6fdec453195284ad24a5ae5b6e1eed2b848477fa2a4787ba9adf39a41?s=96&d=mm&r=g\",\"url\":\"https:\\\/\\\/secure.gravatar.com\\\/avatar\\\/c7164ed6fdec453195284ad24a5ae5b6e1eed2b848477fa2a4787ba9adf39a41?s=96&d=mm&r=g\",\"contentUrl\":\"https:\\\/\\\/secure.gravatar.com\\\/avatar\\\/c7164ed6fdec453195284ad24a5ae5b6e1eed2b848477fa2a4787ba9adf39a41?s=96&d=mm&r=g\",\"caption\":\"Redacci\u00f3n QP\"},\"url\":\"https:\\\/\\\/quehacerpolitico.mx\\\/?author=2\"}]}<\/script>\n<!-- \/ Yoast SEO plugin. -->","yoast_head_json":{"title":"D\u00eda del Estudiante: \u00bfPor qu\u00e9 se celebra el 23 de mayo? -","robots":{"index":"index","follow":"follow","max-snippet":"max-snippet:-1","max-image-preview":"max-image-preview:large","max-video-preview":"max-video-preview:-1"},"canonical":"https:\/\/quehacerpolitico.mx\/?p=110244","og_locale":"es_MX","og_type":"article","og_title":"D\u00eda del Estudiante: \u00bfPor qu\u00e9 se celebra el 23 de mayo? -","og_description":"Por Redacci\u00f3n QP La comunidad estudiantil solicit\u00f3\u00a0que se reconociera el 23 de mayo\u00a0como el D\u00eda...","og_url":"https:\/\/quehacerpolitico.mx\/?p=110244","article_published_time":"2024-05-23T20:14:19+00:00","article_modified_time":"2024-05-23T20:14:21+00:00","og_image":[{"width":739,"height":415,"url":"https:\/\/quehacerpolitico.mx\/wp-content\/uploads\/2024\/05\/IMG_5840.jpeg","type":"image\/jpeg"}],"author":"Redacci\u00f3n QP","twitter_card":"summary_large_image","twitter_misc":{"Escrito por":"Redacci\u00f3n QP","Tiempo de lectura":"3 minutos"},"schema":{"@context":"https:\/\/schema.org","@graph":[{"@type":"Article","@id":"https:\/\/quehacerpolitico.mx\/?p=110244#article","isPartOf":{"@id":"https:\/\/quehacerpolitico.mx\/?p=110244"},"author":{"name":"Redacci\u00f3n QP","@id":"https:\/\/quehacerpolitico.mx\/#\/schema\/person\/496d8ad2d1d3f8036101dca7ee39e585"},"headline":"D\u00eda del Estudiante: \u00bfPor qu\u00e9 se celebra el 23 de mayo?","datePublished":"2024-05-23T20:14:19+00:00","dateModified":"2024-05-23T20:14:21+00:00","mainEntityOfPage":{"@id":"https:\/\/quehacerpolitico.mx\/?p=110244"},"wordCount":633,"commentCount":0,"image":{"@id":"https:\/\/quehacerpolitico.mx\/?p=110244#primaryimage"},"thumbnailUrl":"https:\/\/quehacerpolitico.mx\/wp-content\/uploads\/2024\/05\/IMG_5840.jpeg","articleSection":["Cultura y Entretenimiento"],"inLanguage":"es","potentialAction":[{"@type":"CommentAction","name":"Comment","target":["https:\/\/quehacerpolitico.mx\/?p=110244#respond"]}]},{"@type":"WebPage","@id":"https:\/\/quehacerpolitico.mx\/?p=110244","url":"https:\/\/quehacerpolitico.mx\/?p=110244","name":"D\u00eda del Estudiante: \u00bfPor qu\u00e9 se celebra el 23 de mayo? -","isPartOf":{"@id":"https:\/\/quehacerpolitico.mx\/#website"},"primaryImageOfPage":{"@id":"https:\/\/quehacerpolitico.mx\/?p=110244#primaryimage"},"image":{"@id":"https:\/\/quehacerpolitico.mx\/?p=110244#primaryimage"},"thumbnailUrl":"https:\/\/quehacerpolitico.mx\/wp-content\/uploads\/2024\/05\/IMG_5840.jpeg","datePublished":"2024-05-23T20:14:19+00:00","dateModified":"2024-05-23T20:14:21+00:00","author":{"@id":"https:\/\/quehacerpolitico.mx\/#\/schema\/person\/496d8ad2d1d3f8036101dca7ee39e585"},"breadcrumb":{"@id":"https:\/\/quehacerpolitico.mx\/?p=110244#breadcrumb"},"inLanguage":"es","potentialAction":[{"@type":"ReadAction","target":["https:\/\/quehacerpolitico.mx\/?p=110244"]}]},{"@type":"ImageObject","inLanguage":"es","@id":"https:\/\/quehacerpolitico.mx\/?p=110244#primaryimage","url":"https:\/\/quehacerpolitico.mx\/wp-content\/uploads\/2024\/05\/IMG_5840.jpeg","contentUrl":"https:\/\/quehacerpolitico.mx\/wp-content\/uploads\/2024\/05\/IMG_5840.jpeg","width":739,"height":415},{"@type":"BreadcrumbList","@id":"https:\/\/quehacerpolitico.mx\/?p=110244#breadcrumb","itemListElement":[{"@type":"ListItem","position":1,"name":"Inicio","item":"https:\/\/quehacerpolitico.mx\/"},{"@type":"ListItem","position":2,"name":"D\u00eda del Estudiante: \u00bfPor qu\u00e9 se celebra el 23 de mayo?"}]},{"@type":"WebSite","@id":"https:\/\/quehacerpolitico.mx\/#website","url":"https:\/\/quehacerpolitico.mx\/","name":"","description":"","potentialAction":[{"@type":"SearchAction","target":{"@type":"EntryPoint","urlTemplate":"https:\/\/quehacerpolitico.mx\/?s={search_term_string}"},"query-input":{"@type":"PropertyValueSpecification","valueRequired":true,"valueName":"search_term_string"}}],"inLanguage":"es"},{"@type":"Person","@id":"https:\/\/quehacerpolitico.mx\/#\/schema\/person\/496d8ad2d1d3f8036101dca7ee39e585","name":"Redacci\u00f3n QP","image":{"@type":"ImageObject","inLanguage":"es","@id":"https:\/\/secure.gravatar.com\/avatar\/c7164ed6fdec453195284ad24a5ae5b6e1eed2b848477fa2a4787ba9adf39a41?s=96&d=mm&r=g","url":"https:\/\/secure.gravatar.com\/avatar\/c7164ed6fdec453195284ad24a5ae5b6e1eed2b848477fa2a4787ba9adf39a41?s=96&d=mm&r=g","contentUrl":"https:\/\/secure.gravatar.com\/avatar\/c7164ed6fdec453195284ad24a5ae5b6e1eed2b848477fa2a4787ba9adf39a41?s=96&d=mm&r=g","caption":"Redacci\u00f3n QP"},"url":"https:\/\/quehacerpolitico.mx\/?author=2"}]}},"featured_image_urls":{"full":["https:\/\/quehacerpolitico.mx\/wp-content\/uploads\/2024\/05\/IMG_5840.jpeg",739,415,false],"thumbnail":["https:\/\/quehacerpolitico.mx\/wp-content\/uploads\/2024\/05\/IMG_5840-150x150.jpeg",150,150,true],"medium":["https:\/\/quehacerpolitico.mx\/wp-content\/uploads\/2024\/05\/IMG_5840-300x168.jpeg",300,168,true],"medium_large":["https:\/\/quehacerpolitico.mx\/wp-content\/uploads\/2024\/05\/IMG_5840.jpeg",640,359,false],"large":["https:\/\/quehacerpolitico.mx\/wp-content\/uploads\/2024\/05\/IMG_5840.jpeg",640,359,false],"1536x1536":["https:\/\/quehacerpolitico.mx\/wp-content\/uploads\/2024\/05\/IMG_5840.jpeg",739,415,false],"2048x2048":["https:\/\/quehacerpolitico.mx\/wp-content\/uploads\/2024\/05\/IMG_5840.jpeg",739,415,false],"covernews-featured":["https:\/\/quehacerpolitico.mx\/wp-content\/uploads\/2024\/05\/IMG_5840.jpeg",739,415,false],"covernews-medium":["https:\/\/quehacerpolitico.mx\/wp-content\/uploads\/2024\/05\/IMG_5840.jpeg",540,303,false]},"author_info":{"display_name":"Redacci\u00f3n QP","author_link":"https:\/\/quehacerpolitico.mx\/?author=2"},"category_info":"<a href=\"https:\/\/quehacerpolitico.mx\/?cat=58\" rel=\"category\">Cultura y Entretenimiento<\/a>","tag_info":"Cultura y Entretenimiento","comment_count":"0","_links":{"self":[{"href":"https:\/\/quehacerpolitico.mx\/index.php?rest_route=\/wp\/v2\/posts\/110244","targetHints":{"allow":["GET"]}}],"collection":[{"href":"https:\/\/quehacerpolitico.mx\/index.php?rest_route=\/wp\/v2\/posts"}],"about":[{"href":"https:\/\/quehacerpolitico.mx\/index.php?rest_route=\/wp\/v2\/types\/post"}],"author":[{"embeddable":true,"href":"https:\/\/quehacerpolitico.mx\/index.php?rest_route=\/wp\/v2\/users\/2"}],"replies":[{"embeddable":true,"href":"https:\/\/quehacerpolitico.mx\/index.php?rest_route=%2Fwp%2Fv2%2Fcomments&post=110244"}],"version-history":[{"count":1,"href":"https:\/\/quehacerpolitico.mx\/index.php?rest_route=\/wp\/v2\/posts\/110244\/revisions"}],"predecessor-version":[{"id":110246,"href":"https:\/\/quehacerpolitico.mx\/index.php?rest_route=\/wp\/v2\/posts\/110244\/revisions\/110246"}],"wp:featuredmedia":[{"embeddable":true,"href":"https:\/\/quehacerpolitico.mx\/index.php?rest_route=\/wp\/v2\/media\/110245"}],"wp:attachment":[{"href":"https:\/\/quehacerpolitico.mx\/index.php?rest_route=%2Fwp%2Fv2%2Fmedia&parent=110244"}],"wp:term":[{"taxonomy":"category","embeddable":true,"href":"https:\/\/quehacerpolitico.mx\/index.php?rest_route=%2Fwp%2Fv2%2Fcategories&post=110244"},{"taxonomy":"post_tag","embeddable":true,"href":"https:\/\/quehacerpolitico.mx\/index.php?rest_route=%2Fwp%2Fv2%2Ftags&post=110244"}],"curies":[{"name":"wp","href":"https:\/\/api.w.org\/{rel}","templated":true}]}}