{"id":110220,"date":"2024-05-23T14:49:53","date_gmt":"2024-05-23T14:49:53","guid":{"rendered":"https:\/\/quehacerpolitico.mx\/?p=110220"},"modified":"2024-05-23T14:49:55","modified_gmt":"2024-05-23T14:49:55","slug":"inflacion-general-anual-en-mexico-se-ubico-en-4-78-por-ciento-en-la-primera-quincena-de-mayo-inegi","status":"publish","type":"post","link":"https:\/\/quehacerpolitico.mx\/?p=110220","title":{"rendered":"Inflaci\u00f3n general anual\u00a0en\u00a0M\u00e9xico\u00a0se ubic\u00f3 en 4.78 por ciento\u00a0en la\u00a0primera quincena de mayo: INEGI"},"content":{"rendered":"\n<p>Por Redacci\u00f3n QP<\/p>\n\n\n\n<p>El Inegi apunt\u00f3 hoy que la inflaci\u00f3n general anual en M\u00e9xico se ubic\u00f3 en 4.78 por ciento durante la primera quincena de mayo<\/p>\n\n\n\n<p>El\u00a0<strong>Instituto Nacional de Estad\u00edstica y Geograf\u00eda<\/strong>\u00a0(INEGI) revel\u00f3 que la<strong>\u00a0inflaci\u00f3n general anual<\/strong>\u00a0en\u00a0<strong>M\u00e9xico<\/strong>\u00a0se ubic\u00f3 e<strong>n 4.78 por ciento<\/strong>\u00a0en la\u00a0<strong>primera quincena de mayo<\/strong>.<\/p>\n\n\n\n<figure class=\"wp-block-embed is-type-rich is-provider-twitter wp-block-embed-twitter\"><div class=\"wp-block-embed__wrapper\">\n<blockquote class=\"twitter-tweet\" data-width=\"550\" data-dnt=\"true\"><p lang=\"es\" dir=\"ltr\">En la primera quincena de mayo 2024, la <a href=\"https:\/\/twitter.com\/hashtag\/inflaci%C3%B3n?src=hash&amp;ref_src=twsrc%5Etfw\">#inflaci\u00f3n<\/a> general anual se ubic\u00f3 en 4.78%. El \u00cdndice Nacional de Precios al Consumidor <a href=\"https:\/\/twitter.com\/hashtag\/INPC?src=hash&amp;ref_src=twsrc%5Etfw\">#INPC<\/a> disminuy\u00f3 0.21% a tasa quincenal.<br><br>Por componente, la inflaci\u00f3n anual:<br>\ud83d\udd39 4.31%, Subyacente<br>\ud83d\udd39 6.27%, No subyacente<br><br>\ud83d\udcc4 Consulta el comunicado de\u2026 <a href=\"https:\/\/t.co\/uEQHBGwuNQ\">pic.twitter.com\/uEQHBGwuNQ<\/a><\/p>&mdash; INEGI INFORMA (@INEGI_INFORMA) <a href=\"https:\/\/twitter.com\/INEGI_INFORMA\/status\/1793613982265131256?ref_src=twsrc%5Etfw\">May 23, 2024<\/a><\/blockquote><script async src=\"https:\/\/platform.twitter.com\/widgets.js\" charset=\"utf-8\"><\/script>\n<\/div><\/figure>\n\n\n\n<p>En un comunicado hoy, se explic\u00f3 que el\u00a0<strong>\u00cdndice Nacional de Precios al Consumidor<\/strong>\u00a0(INPC) en la primera quincena de mayo de 2024 disminuy\u00f3 0.21 por ciento respecto a la quincena anterior.\u00a0 En la misma quincena de 2023, la inflaci\u00f3n quincenal fue de -0.32 % y la anual, de 6.00 por ciento.<\/p>\n\n\n\n<p>El&nbsp;<strong>\u00edndice de precios subyacente<\/strong>, considerado un mejor par\u00e1metro para medir la carest\u00eda general porque elimina art\u00edculos de alta volatilidad, aument\u00f3 0.15 por ciento a tasa quincenal y 4.31 % a tasa anual.<\/p>\n\n\n\n<p>El&nbsp;<strong>\u00edndice de precios no subyacente<\/strong>&nbsp;registr\u00f3 una ca\u00edda de 1.31 por ciento quincenal e increment\u00f3 6.27 % a tasa anual.<\/p>\n\n\n\n<p>Al interior del \u00edndice subyacente, a tasa quincenal, los precios de las mercanc\u00edas crecieron 0.11 % y los de servicios, 0.20 por ciento.<\/p>\n\n\n\n<p>Dentro del \u00edndice no subyacente, a tasa quincenal, los precios de los productos agropecuarios subieron 0.43 por ciento, y los de energ\u00e9ticos y tarifas autorizadas por el gobierno bajaron 2.86 %. Esto se debi\u00f3, principalmente, a los ajustes en las tarifas el\u00e9ctricas por temporada c\u00e1lida en 11 ciudades del pa\u00eds.<\/p>\n\n\n\n<p>El&nbsp;<strong>\u00edndice de precios de la canasta de consumo m\u00ednimo<\/strong>, conformada por 176 productos y servicios, descendi\u00f3 0.39 por ciento quincenal y aument\u00f3 4.58 % a tasa anual. En el mismo periodo de 2023, las variaciones correspondientes fueron de -0.58 y 6.26 por ciento, en ese orden.<\/p>\n\n\n\n<p>Los precios al consumidor cerraron en\u00a0<strong>2023<\/strong>\u00a0con una\u00a0subida del 4.66 por ciento en M\u00e9xico, tras la tasa de 7,82 % en 2022, el mayor nivel de 22 a\u00f1os y el siglo para un fin de a\u00f1o.<\/p>\n","protected":false},"excerpt":{"rendered":"<p>Por Redacci\u00f3n QP El Inegi apunt\u00f3 hoy que la inflaci\u00f3n general anual en M\u00e9xico se&#8230;<\/p>\n","protected":false},"author":2,"featured_media":110221,"comment_status":"open","ping_status":"open","sticky":false,"template":"","format":"standard","meta":{"_monsterinsights_skip_tracking":false,"_monsterinsights_sitenote_active":false,"_monsterinsights_sitenote_note":"","_monsterinsights_sitenote_category":0,"footnotes":""},"categories":[56],"tags":[],"class_list":["post-110220","post","type-post","status-publish","format-standard","has-post-thumbnail","hentry","category-economia"],"yoast_head":"<!-- This site is optimized with the Yoast SEO plugin v27.3 - https:\/\/yoast.com\/product\/yoast-seo-wordpress\/ -->\n<title>Inflaci\u00f3n general anual\u00a0en\u00a0M\u00e9xico\u00a0se ubic\u00f3 en 4.78 por ciento\u00a0en la\u00a0primera quincena de mayo: INEGI -<\/title>\n<meta name=\"robots\" content=\"index, follow, max-snippet:-1, max-image-preview:large, max-video-preview:-1\" \/>\n<link rel=\"canonical\" href=\"https:\/\/quehacerpolitico.mx\/?p=110220\" \/>\n<meta property=\"og:locale\" content=\"es_MX\" \/>\n<meta property=\"og:type\" content=\"article\" \/>\n<meta property=\"og:title\" content=\"Inflaci\u00f3n general anual\u00a0en\u00a0M\u00e9xico\u00a0se ubic\u00f3 en 4.78 por ciento\u00a0en la\u00a0primera quincena de mayo: INEGI -\" \/>\n<meta property=\"og:description\" content=\"Por Redacci\u00f3n QP El Inegi apunt\u00f3 hoy que la inflaci\u00f3n general anual en M\u00e9xico se...\" \/>\n<meta property=\"og:url\" content=\"https:\/\/quehacerpolitico.mx\/?p=110220\" \/>\n<meta property=\"article:published_time\" content=\"2024-05-23T14:49:53+00:00\" \/>\n<meta property=\"article:modified_time\" content=\"2024-05-23T14:49:55+00:00\" \/>\n<meta property=\"og:image\" content=\"https:\/\/quehacerpolitico.mx\/wp-content\/uploads\/2024\/05\/IMG_5830.jpeg\" \/>\n\t<meta property=\"og:image:width\" content=\"725\" \/>\n\t<meta property=\"og:image:height\" content=\"423\" \/>\n\t<meta property=\"og:image:type\" content=\"image\/jpeg\" \/>\n<meta name=\"author\" content=\"Redacci\u00f3n QP\" \/>\n<meta name=\"twitter:card\" content=\"summary_large_image\" \/>\n<meta name=\"twitter:label1\" content=\"Escrito por\" \/>\n\t<meta name=\"twitter:data1\" content=\"Redacci\u00f3n QP\" \/>\n\t<meta name=\"twitter:label2\" content=\"Tiempo de lectura\" \/>\n\t<meta name=\"twitter:data2\" content=\"2 minutos\" \/>\n<script type=\"application\/ld+json\" class=\"yoast-schema-graph\">{\"@context\":\"https:\\\/\\\/schema.org\",\"@graph\":[{\"@type\":\"Article\",\"@id\":\"https:\\\/\\\/quehacerpolitico.mx\\\/?p=110220#article\",\"isPartOf\":{\"@id\":\"https:\\\/\\\/quehacerpolitico.mx\\\/?p=110220\"},\"author\":{\"name\":\"Redacci\u00f3n QP\",\"@id\":\"https:\\\/\\\/quehacerpolitico.mx\\\/#\\\/schema\\\/person\\\/496d8ad2d1d3f8036101dca7ee39e585\"},\"headline\":\"Inflaci\u00f3n general anual\u00a0en\u00a0M\u00e9xico\u00a0se ubic\u00f3 en 4.78 por ciento\u00a0en la\u00a0primera quincena de mayo: INEGI\",\"datePublished\":\"2024-05-23T14:49:53+00:00\",\"dateModified\":\"2024-05-23T14:49:55+00:00\",\"mainEntityOfPage\":{\"@id\":\"https:\\\/\\\/quehacerpolitico.mx\\\/?p=110220\"},\"wordCount\":342,\"commentCount\":0,\"image\":{\"@id\":\"https:\\\/\\\/quehacerpolitico.mx\\\/?p=110220#primaryimage\"},\"thumbnailUrl\":\"https:\\\/\\\/quehacerpolitico.mx\\\/wp-content\\\/uploads\\\/2024\\\/05\\\/IMG_5830.jpeg\",\"articleSection\":[\"Econom\u00eda\"],\"inLanguage\":\"es\",\"potentialAction\":[{\"@type\":\"CommentAction\",\"name\":\"Comment\",\"target\":[\"https:\\\/\\\/quehacerpolitico.mx\\\/?p=110220#respond\"]}]},{\"@type\":\"WebPage\",\"@id\":\"https:\\\/\\\/quehacerpolitico.mx\\\/?p=110220\",\"url\":\"https:\\\/\\\/quehacerpolitico.mx\\\/?p=110220\",\"name\":\"Inflaci\u00f3n general anual\u00a0en\u00a0M\u00e9xico\u00a0se ubic\u00f3 en 4.78 por ciento\u00a0en la\u00a0primera quincena de mayo: INEGI -\",\"isPartOf\":{\"@id\":\"https:\\\/\\\/quehacerpolitico.mx\\\/#website\"},\"primaryImageOfPage\":{\"@id\":\"https:\\\/\\\/quehacerpolitico.mx\\\/?p=110220#primaryimage\"},\"image\":{\"@id\":\"https:\\\/\\\/quehacerpolitico.mx\\\/?p=110220#primaryimage\"},\"thumbnailUrl\":\"https:\\\/\\\/quehacerpolitico.mx\\\/wp-content\\\/uploads\\\/2024\\\/05\\\/IMG_5830.jpeg\",\"datePublished\":\"2024-05-23T14:49:53+00:00\",\"dateModified\":\"2024-05-23T14:49:55+00:00\",\"author\":{\"@id\":\"https:\\\/\\\/quehacerpolitico.mx\\\/#\\\/schema\\\/person\\\/496d8ad2d1d3f8036101dca7ee39e585\"},\"breadcrumb\":{\"@id\":\"https:\\\/\\\/quehacerpolitico.mx\\\/?p=110220#breadcrumb\"},\"inLanguage\":\"es\",\"potentialAction\":[{\"@type\":\"ReadAction\",\"target\":[\"https:\\\/\\\/quehacerpolitico.mx\\\/?p=110220\"]}]},{\"@type\":\"ImageObject\",\"inLanguage\":\"es\",\"@id\":\"https:\\\/\\\/quehacerpolitico.mx\\\/?p=110220#primaryimage\",\"url\":\"https:\\\/\\\/quehacerpolitico.mx\\\/wp-content\\\/uploads\\\/2024\\\/05\\\/IMG_5830.jpeg\",\"contentUrl\":\"https:\\\/\\\/quehacerpolitico.mx\\\/wp-content\\\/uploads\\\/2024\\\/05\\\/IMG_5830.jpeg\",\"width\":725,\"height\":423},{\"@type\":\"BreadcrumbList\",\"@id\":\"https:\\\/\\\/quehacerpolitico.mx\\\/?p=110220#breadcrumb\",\"itemListElement\":[{\"@type\":\"ListItem\",\"position\":1,\"name\":\"Inicio\",\"item\":\"https:\\\/\\\/quehacerpolitico.mx\\\/\"},{\"@type\":\"ListItem\",\"position\":2,\"name\":\"Inflaci\u00f3n general anual\u00a0en\u00a0M\u00e9xico\u00a0se ubic\u00f3 en 4.78 por ciento\u00a0en la\u00a0primera quincena de mayo: INEGI\"}]},{\"@type\":\"WebSite\",\"@id\":\"https:\\\/\\\/quehacerpolitico.mx\\\/#website\",\"url\":\"https:\\\/\\\/quehacerpolitico.mx\\\/\",\"name\":\"\",\"description\":\"\",\"potentialAction\":[{\"@type\":\"SearchAction\",\"target\":{\"@type\":\"EntryPoint\",\"urlTemplate\":\"https:\\\/\\\/quehacerpolitico.mx\\\/?s={search_term_string}\"},\"query-input\":{\"@type\":\"PropertyValueSpecification\",\"valueRequired\":true,\"valueName\":\"search_term_string\"}}],\"inLanguage\":\"es\"},{\"@type\":\"Person\",\"@id\":\"https:\\\/\\\/quehacerpolitico.mx\\\/#\\\/schema\\\/person\\\/496d8ad2d1d3f8036101dca7ee39e585\",\"name\":\"Redacci\u00f3n QP\",\"image\":{\"@type\":\"ImageObject\",\"inLanguage\":\"es\",\"@id\":\"https:\\\/\\\/secure.gravatar.com\\\/avatar\\\/c7164ed6fdec453195284ad24a5ae5b6e1eed2b848477fa2a4787ba9adf39a41?s=96&d=mm&r=g\",\"url\":\"https:\\\/\\\/secure.gravatar.com\\\/avatar\\\/c7164ed6fdec453195284ad24a5ae5b6e1eed2b848477fa2a4787ba9adf39a41?s=96&d=mm&r=g\",\"contentUrl\":\"https:\\\/\\\/secure.gravatar.com\\\/avatar\\\/c7164ed6fdec453195284ad24a5ae5b6e1eed2b848477fa2a4787ba9adf39a41?s=96&d=mm&r=g\",\"caption\":\"Redacci\u00f3n QP\"},\"url\":\"https:\\\/\\\/quehacerpolitico.mx\\\/?author=2\"}]}<\/script>\n<!-- \/ Yoast SEO plugin. -->","yoast_head_json":{"title":"Inflaci\u00f3n general anual\u00a0en\u00a0M\u00e9xico\u00a0se ubic\u00f3 en 4.78 por ciento\u00a0en la\u00a0primera quincena de mayo: INEGI -","robots":{"index":"index","follow":"follow","max-snippet":"max-snippet:-1","max-image-preview":"max-image-preview:large","max-video-preview":"max-video-preview:-1"},"canonical":"https:\/\/quehacerpolitico.mx\/?p=110220","og_locale":"es_MX","og_type":"article","og_title":"Inflaci\u00f3n general anual\u00a0en\u00a0M\u00e9xico\u00a0se ubic\u00f3 en 4.78 por ciento\u00a0en la\u00a0primera quincena de mayo: INEGI -","og_description":"Por Redacci\u00f3n QP El Inegi apunt\u00f3 hoy que la inflaci\u00f3n general anual en M\u00e9xico se...","og_url":"https:\/\/quehacerpolitico.mx\/?p=110220","article_published_time":"2024-05-23T14:49:53+00:00","article_modified_time":"2024-05-23T14:49:55+00:00","og_image":[{"width":725,"height":423,"url":"https:\/\/quehacerpolitico.mx\/wp-content\/uploads\/2024\/05\/IMG_5830.jpeg","type":"image\/jpeg"}],"author":"Redacci\u00f3n QP","twitter_card":"summary_large_image","twitter_misc":{"Escrito por":"Redacci\u00f3n QP","Tiempo de lectura":"2 minutos"},"schema":{"@context":"https:\/\/schema.org","@graph":[{"@type":"Article","@id":"https:\/\/quehacerpolitico.mx\/?p=110220#article","isPartOf":{"@id":"https:\/\/quehacerpolitico.mx\/?p=110220"},"author":{"name":"Redacci\u00f3n QP","@id":"https:\/\/quehacerpolitico.mx\/#\/schema\/person\/496d8ad2d1d3f8036101dca7ee39e585"},"headline":"Inflaci\u00f3n general anual\u00a0en\u00a0M\u00e9xico\u00a0se ubic\u00f3 en 4.78 por ciento\u00a0en la\u00a0primera quincena de mayo: INEGI","datePublished":"2024-05-23T14:49:53+00:00","dateModified":"2024-05-23T14:49:55+00:00","mainEntityOfPage":{"@id":"https:\/\/quehacerpolitico.mx\/?p=110220"},"wordCount":342,"commentCount":0,"image":{"@id":"https:\/\/quehacerpolitico.mx\/?p=110220#primaryimage"},"thumbnailUrl":"https:\/\/quehacerpolitico.mx\/wp-content\/uploads\/2024\/05\/IMG_5830.jpeg","articleSection":["Econom\u00eda"],"inLanguage":"es","potentialAction":[{"@type":"CommentAction","name":"Comment","target":["https:\/\/quehacerpolitico.mx\/?p=110220#respond"]}]},{"@type":"WebPage","@id":"https:\/\/quehacerpolitico.mx\/?p=110220","url":"https:\/\/quehacerpolitico.mx\/?p=110220","name":"Inflaci\u00f3n general anual\u00a0en\u00a0M\u00e9xico\u00a0se ubic\u00f3 en 4.78 por ciento\u00a0en la\u00a0primera quincena de mayo: INEGI -","isPartOf":{"@id":"https:\/\/quehacerpolitico.mx\/#website"},"primaryImageOfPage":{"@id":"https:\/\/quehacerpolitico.mx\/?p=110220#primaryimage"},"image":{"@id":"https:\/\/quehacerpolitico.mx\/?p=110220#primaryimage"},"thumbnailUrl":"https:\/\/quehacerpolitico.mx\/wp-content\/uploads\/2024\/05\/IMG_5830.jpeg","datePublished":"2024-05-23T14:49:53+00:00","dateModified":"2024-05-23T14:49:55+00:00","author":{"@id":"https:\/\/quehacerpolitico.mx\/#\/schema\/person\/496d8ad2d1d3f8036101dca7ee39e585"},"breadcrumb":{"@id":"https:\/\/quehacerpolitico.mx\/?p=110220#breadcrumb"},"inLanguage":"es","potentialAction":[{"@type":"ReadAction","target":["https:\/\/quehacerpolitico.mx\/?p=110220"]}]},{"@type":"ImageObject","inLanguage":"es","@id":"https:\/\/quehacerpolitico.mx\/?p=110220#primaryimage","url":"https:\/\/quehacerpolitico.mx\/wp-content\/uploads\/2024\/05\/IMG_5830.jpeg","contentUrl":"https:\/\/quehacerpolitico.mx\/wp-content\/uploads\/2024\/05\/IMG_5830.jpeg","width":725,"height":423},{"@type":"BreadcrumbList","@id":"https:\/\/quehacerpolitico.mx\/?p=110220#breadcrumb","itemListElement":[{"@type":"ListItem","position":1,"name":"Inicio","item":"https:\/\/quehacerpolitico.mx\/"},{"@type":"ListItem","position":2,"name":"Inflaci\u00f3n general anual\u00a0en\u00a0M\u00e9xico\u00a0se ubic\u00f3 en 4.78 por ciento\u00a0en la\u00a0primera quincena de mayo: INEGI"}]},{"@type":"WebSite","@id":"https:\/\/quehacerpolitico.mx\/#website","url":"https:\/\/quehacerpolitico.mx\/","name":"","description":"","potentialAction":[{"@type":"SearchAction","target":{"@type":"EntryPoint","urlTemplate":"https:\/\/quehacerpolitico.mx\/?s={search_term_string}"},"query-input":{"@type":"PropertyValueSpecification","valueRequired":true,"valueName":"search_term_string"}}],"inLanguage":"es"},{"@type":"Person","@id":"https:\/\/quehacerpolitico.mx\/#\/schema\/person\/496d8ad2d1d3f8036101dca7ee39e585","name":"Redacci\u00f3n QP","image":{"@type":"ImageObject","inLanguage":"es","@id":"https:\/\/secure.gravatar.com\/avatar\/c7164ed6fdec453195284ad24a5ae5b6e1eed2b848477fa2a4787ba9adf39a41?s=96&d=mm&r=g","url":"https:\/\/secure.gravatar.com\/avatar\/c7164ed6fdec453195284ad24a5ae5b6e1eed2b848477fa2a4787ba9adf39a41?s=96&d=mm&r=g","contentUrl":"https:\/\/secure.gravatar.com\/avatar\/c7164ed6fdec453195284ad24a5ae5b6e1eed2b848477fa2a4787ba9adf39a41?s=96&d=mm&r=g","caption":"Redacci\u00f3n QP"},"url":"https:\/\/quehacerpolitico.mx\/?author=2"}]}},"featured_image_urls":{"full":["https:\/\/quehacerpolitico.mx\/wp-content\/uploads\/2024\/05\/IMG_5830.jpeg",725,423,false],"thumbnail":["https:\/\/quehacerpolitico.mx\/wp-content\/uploads\/2024\/05\/IMG_5830-150x150.jpeg",150,150,true],"medium":["https:\/\/quehacerpolitico.mx\/wp-content\/uploads\/2024\/05\/IMG_5830-300x175.jpeg",300,175,true],"medium_large":["https:\/\/quehacerpolitico.mx\/wp-content\/uploads\/2024\/05\/IMG_5830.jpeg",640,373,false],"large":["https:\/\/quehacerpolitico.mx\/wp-content\/uploads\/2024\/05\/IMG_5830.jpeg",640,373,false],"1536x1536":["https:\/\/quehacerpolitico.mx\/wp-content\/uploads\/2024\/05\/IMG_5830.jpeg",725,423,false],"2048x2048":["https:\/\/quehacerpolitico.mx\/wp-content\/uploads\/2024\/05\/IMG_5830.jpeg",725,423,false],"covernews-featured":["https:\/\/quehacerpolitico.mx\/wp-content\/uploads\/2024\/05\/IMG_5830.jpeg",725,423,false],"covernews-medium":["https:\/\/quehacerpolitico.mx\/wp-content\/uploads\/2024\/05\/IMG_5830.jpeg",540,315,false]},"author_info":{"display_name":"Redacci\u00f3n QP","author_link":"https:\/\/quehacerpolitico.mx\/?author=2"},"category_info":"<a href=\"https:\/\/quehacerpolitico.mx\/?cat=56\" rel=\"category\">Econom\u00eda<\/a>","tag_info":"Econom\u00eda","comment_count":"0","_links":{"self":[{"href":"https:\/\/quehacerpolitico.mx\/index.php?rest_route=\/wp\/v2\/posts\/110220","targetHints":{"allow":["GET"]}}],"collection":[{"href":"https:\/\/quehacerpolitico.mx\/index.php?rest_route=\/wp\/v2\/posts"}],"about":[{"href":"https:\/\/quehacerpolitico.mx\/index.php?rest_route=\/wp\/v2\/types\/post"}],"author":[{"embeddable":true,"href":"https:\/\/quehacerpolitico.mx\/index.php?rest_route=\/wp\/v2\/users\/2"}],"replies":[{"embeddable":true,"href":"https:\/\/quehacerpolitico.mx\/index.php?rest_route=%2Fwp%2Fv2%2Fcomments&post=110220"}],"version-history":[{"count":1,"href":"https:\/\/quehacerpolitico.mx\/index.php?rest_route=\/wp\/v2\/posts\/110220\/revisions"}],"predecessor-version":[{"id":110222,"href":"https:\/\/quehacerpolitico.mx\/index.php?rest_route=\/wp\/v2\/posts\/110220\/revisions\/110222"}],"wp:featuredmedia":[{"embeddable":true,"href":"https:\/\/quehacerpolitico.mx\/index.php?rest_route=\/wp\/v2\/media\/110221"}],"wp:attachment":[{"href":"https:\/\/quehacerpolitico.mx\/index.php?rest_route=%2Fwp%2Fv2%2Fmedia&parent=110220"}],"wp:term":[{"taxonomy":"category","embeddable":true,"href":"https:\/\/quehacerpolitico.mx\/index.php?rest_route=%2Fwp%2Fv2%2Fcategories&post=110220"},{"taxonomy":"post_tag","embeddable":true,"href":"https:\/\/quehacerpolitico.mx\/index.php?rest_route=%2Fwp%2Fv2%2Ftags&post=110220"}],"curies":[{"name":"wp","href":"https:\/\/api.w.org\/{rel}","templated":true}]}}