{"id":110205,"date":"2024-05-22T20:48:51","date_gmt":"2024-05-22T20:48:51","guid":{"rendered":"https:\/\/quehacerpolitico.mx\/?p=110205"},"modified":"2024-05-22T20:48:52","modified_gmt":"2024-05-22T20:48:52","slug":"el-quehacer-politico-internacional-carolina-alonso-romei-israel-retira-a-sus-embajadores-de-irlanda-y-noruega-por-reconocer-al-estado-palestino-y-amenaza-con-llamar-tambien-a-la-de-espana","status":"publish","type":"post","link":"https:\/\/quehacerpolitico.mx\/?p=110205","title":{"rendered":"El Quehacer Pol\u00edtico Internacional\/\/\/Carolina Alonso Romei\/\/\/Israel retira a sus embajadores de Irlanda y Noruega por reconocer al Estado palestino y amenaza con llamar tambi\u00e9n a la de Espa\u00f1a: \u201cHabr\u00e1 severas consecuencias\u201d"},"content":{"rendered":"\n<p>Por Carolina Alonso Romei<\/p>\n\n\n\n<p>Internacionalista <\/p>\n\n\n\n<p>El&nbsp;<strong>Ministerio de Relaciones Exteriores<\/strong>&nbsp;de&nbsp;<strong>Israel<\/strong>&nbsp;anunci\u00f3 este mi\u00e9rcoles la llamada a consultas de su embajadora en&nbsp;<strong>Irlanda<\/strong>&nbsp;y&nbsp;<strong>Noruega<\/strong>, Dana Erlizh y Avi Nir-Feldklein, respectivamente, despu\u00e9s de que sus gobiernos anunciar\u00e1n hoy el reconocimiento del Estado palestino, que se formalizar\u00e1 el pr\u00f3ximo 28 de mayo.<\/p>\n\n\n\n<p>Israel tambi\u00e9n dijo que si\u00a0<strong>Espa\u00f1a<\/strong>\u00a0continuaba con la misma decisi\u00f3n que estos pa\u00edses, har\u00eda lo mismo con su embajadora Rodica Radian-Gordon.<\/p>\n\n\n\n<p>\u201cIsrael no permanecer\u00e1 en silencio, habr\u00e1 m\u00e1s consecuencias graves. Si Espa\u00f1a sigue adelante con su intenci\u00f3n de reconocer un Estado palestino, se adoptar\u00e1 una medida similar contra ella\u201d, se lee en un comunicado del ministro\u00a0<strong>Israel Katz<\/strong>.<\/p>\n\n\n\n<figure class=\"wp-block-embed is-type-video is-provider-youtube wp-block-embed-youtube wp-embed-aspect-16-9 wp-has-aspect-ratio\"><div class=\"wp-block-embed__wrapper\">\n<iframe loading=\"lazy\" title=\"Israel denuncia el reconocimiento del Estado palestino por Espa\u00f1a, Irlanda y Noruega\" width=\"640\" height=\"360\" src=\"https:\/\/www.youtube.com\/embed\/Tv5STHwMLY4?feature=oembed\" frameborder=\"0\" allow=\"accelerometer; autoplay; clipboard-write; encrypted-media; gyroscope; picture-in-picture; web-share\" referrerpolicy=\"strict-origin-when-cross-origin\" allowfullscreen><\/iframe>\n<\/div><\/figure>\n\n\n\n<p>El presidente espa\u00f1ol, Pedro S\u00e1nchez, anunci\u00f3 hoy el reconocimiento de&nbsp;<strong>Palestina<\/strong>&nbsp;como&nbsp;<strong>Estado<\/strong>, algo que, seg\u00fan dijo, \u201ces lo correcto\u201d, pero \u201cno es contra nadie, ni contra el pueblo de&nbsp;<strong>Israel<\/strong>, ni mucho menos contra los jud\u00edos\u201d.<\/p>\n\n\n\n<p>La israel\u00ed Radian-Gordon est\u00e1 a punto de cumplir su tiempo como embajadora en Madrid, destino que deb\u00eda abandonar antes del verano, y ya est\u00e1 nombrado su sucesor en el cargo, Zvi Vapni, un experimentado diplom\u00e1tico israel\u00ed que ejerci\u00f3 tambi\u00e9n como asesor en asuntos internacionales del presidente&nbsp;<strong>Isaac<\/strong>&nbsp;<strong>Herzog<\/strong>.<\/p>\n\n\n\n<p>Katz orden\u00f3 convocar a los embajadores de Irlanda y Noruega en Israel \u201cpara una conversaci\u00f3n de reprimenda\u201d en la que se les mostrar\u00e1 el v\u00eddeo que los propios milicianos de&nbsp;<strong>Ham\u00e1s<\/strong>&nbsp;grabaron con sus c\u00e1maras del secuestro y asesinato, el<strong>&nbsp;7 de octubre<\/strong>, de varias soldados israel\u00edes en un puesto de observaci\u00f3n cercano a la&nbsp;<strong>Franja<\/strong>&nbsp;de&nbsp;<strong>Gaza<\/strong>.<\/p>\n\n\n\n<p>De esta forma, Israel convoca a la embajadora de\u00a0<strong>Espa\u00f1a<\/strong>, Ana Mar\u00eda Salom\u00f3n; y a Sonya McGuiness, de Irlanda; y Per Egil Selvaag, de Noruega, a una reuni\u00f3n urgente en la sede del Ministerio de Exteriores de\u00a0<strong>Israel<\/strong>, en\u00a0<strong>Jerusal\u00e9n<\/strong>.<\/p>\n\n\n\n<figure class=\"wp-block-embed is-type-video is-provider-youtube wp-block-embed-youtube wp-embed-aspect-16-9 wp-has-aspect-ratio\"><div class=\"wp-block-embed__wrapper\">\n<iframe loading=\"lazy\" title=\"Israel llama a consultas a embajadores en Espa\u00f1a, Irlanda y Noruega por reconocimiento a Palestina\" width=\"640\" height=\"360\" src=\"https:\/\/www.youtube.com\/embed\/Q-T1vIanuHU?feature=oembed\" frameborder=\"0\" allow=\"accelerometer; autoplay; clipboard-write; encrypted-media; gyroscope; picture-in-picture; web-share\" referrerpolicy=\"strict-origin-when-cross-origin\" allowfullscreen><\/iframe>\n<\/div><\/figure>\n\n\n\n<p>\u201cHan decidido conceder una medalla de oro a los asesinos de&nbsp;<strong>Ham\u00e1s<\/strong>, que violaron a ni\u00f1as y&nbsp;<strong>quemaron<\/strong>&nbsp;<strong>beb\u00e9s<\/strong>. Les mostraremos qu\u00e9 decisi\u00f3n tan retorcida tomaron sus gobiernos\u201d, afirm\u00f3&nbsp;<strong>Katz<\/strong>&nbsp;en un comunicado.<\/p>\n\n\n\n<p>\u201cLes mostraremos tan horrible v\u00eddeo del secuestro de las soldados de observaci\u00f3n para ilustrarles sobre la retorcida decisi\u00f3n que tomaron sus\u00a0<strong>gobiernos<\/strong>.\u00a0<strong>Israel<\/strong>\u00a0no pasar\u00e1 esto en\u00a0<strong>silencio<\/strong>: su paso tendr\u00e1 graves consecuencias\u201d, agreg\u00f3.<\/p>\n\n\n\n<p>Por su parte, tanto el presidente palestino&nbsp;<strong>Mahmud Ab\u00e1s<\/strong>, que lidera la Autoridad Nacional Palestina; como la&nbsp;<strong>Organizaci\u00f3n para la Liberaci\u00f3n de Palestina<\/strong>; como el grupo islamista&nbsp;<strong>Ham\u00e1s<\/strong>&nbsp;\u2014que gobierna la Franja de Gaza desde 2007\u2014 han celebrado la decisi\u00f3n de&nbsp;<strong>Espa\u00f1a<\/strong>,&nbsp;<strong>Irlanda<\/strong>&nbsp;y&nbsp;<strong>Noruega<\/strong>, y la consideran un paso importante hacia la soluci\u00f3n de los dos Estados y la autodeterminaci\u00f3n del&nbsp;<strong>pueblo<\/strong><strong>palestino<\/strong>.<\/p>\n\n\n\n<p>En total, 140 pa\u00edses reconocen el Estado palestino, ocho de ellos europeos \u2014<strong>Bulgaria, Polonia, Rep\u00fablica Checa, Ruman\u00eda, Eslovaquia, Hungr\u00eda, Chipre y Suecia<\/strong>\u2014 as\u00ed como casi todos los pa\u00edses \u00e1rabes o los hist\u00f3ricamente vinculados al movimiento no alineado.<\/p>\n\n\n\n<p><em>Con informaci\u00f3n de EFE.<\/em><\/p>\n","protected":false},"excerpt":{"rendered":"<p>Por Carolina Alonso Romei Internacionalista El&nbsp;Ministerio de Relaciones Exteriores&nbsp;de&nbsp;Israel&nbsp;anunci\u00f3 este mi\u00e9rcoles la llamada a consultas&#8230;<\/p>\n","protected":false},"author":2,"featured_media":110206,"comment_status":"open","ping_status":"open","sticky":false,"template":"","format":"standard","meta":{"_monsterinsights_skip_tracking":false,"_monsterinsights_sitenote_active":false,"_monsterinsights_sitenote_note":"","_monsterinsights_sitenote_category":0,"footnotes":""},"categories":[1],"tags":[],"class_list":["post-110205","post","type-post","status-publish","format-standard","has-post-thumbnail","hentry","category-sin-categoria"],"yoast_head":"<!-- This site is optimized with the Yoast SEO plugin v27.3 - https:\/\/yoast.com\/product\/yoast-seo-wordpress\/ -->\n<title>El Quehacer Pol\u00edtico Internacional\/\/\/Carolina Alonso Romei\/\/\/Israel retira a sus embajadores de Irlanda y Noruega por reconocer al Estado palestino y amenaza con llamar tambi\u00e9n a la de Espa\u00f1a: \u201cHabr\u00e1 severas consecuencias\u201d -<\/title>\n<meta name=\"robots\" content=\"index, follow, max-snippet:-1, max-image-preview:large, max-video-preview:-1\" \/>\n<link rel=\"canonical\" href=\"https:\/\/quehacerpolitico.mx\/?p=110205\" \/>\n<meta property=\"og:locale\" content=\"es_MX\" \/>\n<meta property=\"og:type\" content=\"article\" \/>\n<meta property=\"og:title\" content=\"El Quehacer Pol\u00edtico Internacional\/\/\/Carolina Alonso Romei\/\/\/Israel retira a sus embajadores de Irlanda y Noruega por reconocer al Estado palestino y amenaza con llamar tambi\u00e9n a la de Espa\u00f1a: \u201cHabr\u00e1 severas consecuencias\u201d -\" \/>\n<meta property=\"og:description\" content=\"Por Carolina Alonso Romei Internacionalista El&nbsp;Ministerio de Relaciones Exteriores&nbsp;de&nbsp;Israel&nbsp;anunci\u00f3 este mi\u00e9rcoles la llamada a consultas...\" \/>\n<meta property=\"og:url\" content=\"https:\/\/quehacerpolitico.mx\/?p=110205\" \/>\n<meta property=\"article:published_time\" content=\"2024-05-22T20:48:51+00:00\" \/>\n<meta property=\"article:modified_time\" content=\"2024-05-22T20:48:52+00:00\" \/>\n<meta property=\"og:image\" content=\"https:\/\/quehacerpolitico.mx\/wp-content\/uploads\/2024\/05\/03fa6135-c3fe-44b7-8e96-c6ca323ffebb-18.jpeg\" \/>\n\t<meta property=\"og:image:width\" content=\"963\" \/>\n\t<meta property=\"og:image:height\" content=\"493\" \/>\n\t<meta property=\"og:image:type\" content=\"image\/jpeg\" \/>\n<meta name=\"author\" content=\"Redacci\u00f3n QP\" \/>\n<meta name=\"twitter:card\" content=\"summary_large_image\" \/>\n<meta name=\"twitter:label1\" content=\"Escrito por\" \/>\n\t<meta name=\"twitter:data1\" content=\"Redacci\u00f3n QP\" \/>\n\t<meta name=\"twitter:label2\" content=\"Tiempo de lectura\" \/>\n\t<meta name=\"twitter:data2\" content=\"3 minutos\" \/>\n<script type=\"application\/ld+json\" class=\"yoast-schema-graph\">{\"@context\":\"https:\\\/\\\/schema.org\",\"@graph\":[{\"@type\":\"Article\",\"@id\":\"https:\\\/\\\/quehacerpolitico.mx\\\/?p=110205#article\",\"isPartOf\":{\"@id\":\"https:\\\/\\\/quehacerpolitico.mx\\\/?p=110205\"},\"author\":{\"name\":\"Redacci\u00f3n QP\",\"@id\":\"https:\\\/\\\/quehacerpolitico.mx\\\/#\\\/schema\\\/person\\\/496d8ad2d1d3f8036101dca7ee39e585\"},\"headline\":\"El Quehacer Pol\u00edtico Internacional\\\/\\\/\\\/Carolina Alonso Romei\\\/\\\/\\\/Israel retira a sus embajadores de Irlanda y Noruega por reconocer al Estado palestino y amenaza con llamar tambi\u00e9n a la de Espa\u00f1a: \u201cHabr\u00e1 severas consecuencias\u201d\",\"datePublished\":\"2024-05-22T20:48:51+00:00\",\"dateModified\":\"2024-05-22T20:48:52+00:00\",\"mainEntityOfPage\":{\"@id\":\"https:\\\/\\\/quehacerpolitico.mx\\\/?p=110205\"},\"wordCount\":602,\"commentCount\":0,\"image\":{\"@id\":\"https:\\\/\\\/quehacerpolitico.mx\\\/?p=110205#primaryimage\"},\"thumbnailUrl\":\"https:\\\/\\\/quehacerpolitico.mx\\\/wp-content\\\/uploads\\\/2024\\\/05\\\/03fa6135-c3fe-44b7-8e96-c6ca323ffebb-18.jpeg\",\"articleSection\":[\"Internacionales\"],\"inLanguage\":\"es\",\"potentialAction\":[{\"@type\":\"CommentAction\",\"name\":\"Comment\",\"target\":[\"https:\\\/\\\/quehacerpolitico.mx\\\/?p=110205#respond\"]}]},{\"@type\":\"WebPage\",\"@id\":\"https:\\\/\\\/quehacerpolitico.mx\\\/?p=110205\",\"url\":\"https:\\\/\\\/quehacerpolitico.mx\\\/?p=110205\",\"name\":\"El Quehacer Pol\u00edtico Internacional\\\/\\\/\\\/Carolina Alonso Romei\\\/\\\/\\\/Israel retira a sus embajadores de Irlanda y Noruega por reconocer al Estado palestino y amenaza con llamar tambi\u00e9n a la de Espa\u00f1a: \u201cHabr\u00e1 severas consecuencias\u201d -\",\"isPartOf\":{\"@id\":\"https:\\\/\\\/quehacerpolitico.mx\\\/#website\"},\"primaryImageOfPage\":{\"@id\":\"https:\\\/\\\/quehacerpolitico.mx\\\/?p=110205#primaryimage\"},\"image\":{\"@id\":\"https:\\\/\\\/quehacerpolitico.mx\\\/?p=110205#primaryimage\"},\"thumbnailUrl\":\"https:\\\/\\\/quehacerpolitico.mx\\\/wp-content\\\/uploads\\\/2024\\\/05\\\/03fa6135-c3fe-44b7-8e96-c6ca323ffebb-18.jpeg\",\"datePublished\":\"2024-05-22T20:48:51+00:00\",\"dateModified\":\"2024-05-22T20:48:52+00:00\",\"author\":{\"@id\":\"https:\\\/\\\/quehacerpolitico.mx\\\/#\\\/schema\\\/person\\\/496d8ad2d1d3f8036101dca7ee39e585\"},\"breadcrumb\":{\"@id\":\"https:\\\/\\\/quehacerpolitico.mx\\\/?p=110205#breadcrumb\"},\"inLanguage\":\"es\",\"potentialAction\":[{\"@type\":\"ReadAction\",\"target\":[\"https:\\\/\\\/quehacerpolitico.mx\\\/?p=110205\"]}]},{\"@type\":\"ImageObject\",\"inLanguage\":\"es\",\"@id\":\"https:\\\/\\\/quehacerpolitico.mx\\\/?p=110205#primaryimage\",\"url\":\"https:\\\/\\\/quehacerpolitico.mx\\\/wp-content\\\/uploads\\\/2024\\\/05\\\/03fa6135-c3fe-44b7-8e96-c6ca323ffebb-18.jpeg\",\"contentUrl\":\"https:\\\/\\\/quehacerpolitico.mx\\\/wp-content\\\/uploads\\\/2024\\\/05\\\/03fa6135-c3fe-44b7-8e96-c6ca323ffebb-18.jpeg\",\"width\":963,\"height\":493},{\"@type\":\"BreadcrumbList\",\"@id\":\"https:\\\/\\\/quehacerpolitico.mx\\\/?p=110205#breadcrumb\",\"itemListElement\":[{\"@type\":\"ListItem\",\"position\":1,\"name\":\"Inicio\",\"item\":\"https:\\\/\\\/quehacerpolitico.mx\\\/\"},{\"@type\":\"ListItem\",\"position\":2,\"name\":\"El Quehacer Pol\u00edtico Internacional\\\/\\\/\\\/Carolina Alonso Romei\\\/\\\/\\\/Israel retira a sus embajadores de Irlanda y Noruega por reconocer al Estado palestino y amenaza con llamar tambi\u00e9n a la de Espa\u00f1a: \u201cHabr\u00e1 severas consecuencias\u201d\"}]},{\"@type\":\"WebSite\",\"@id\":\"https:\\\/\\\/quehacerpolitico.mx\\\/#website\",\"url\":\"https:\\\/\\\/quehacerpolitico.mx\\\/\",\"name\":\"\",\"description\":\"\",\"potentialAction\":[{\"@type\":\"SearchAction\",\"target\":{\"@type\":\"EntryPoint\",\"urlTemplate\":\"https:\\\/\\\/quehacerpolitico.mx\\\/?s={search_term_string}\"},\"query-input\":{\"@type\":\"PropertyValueSpecification\",\"valueRequired\":true,\"valueName\":\"search_term_string\"}}],\"inLanguage\":\"es\"},{\"@type\":\"Person\",\"@id\":\"https:\\\/\\\/quehacerpolitico.mx\\\/#\\\/schema\\\/person\\\/496d8ad2d1d3f8036101dca7ee39e585\",\"name\":\"Redacci\u00f3n QP\",\"image\":{\"@type\":\"ImageObject\",\"inLanguage\":\"es\",\"@id\":\"https:\\\/\\\/secure.gravatar.com\\\/avatar\\\/c7164ed6fdec453195284ad24a5ae5b6e1eed2b848477fa2a4787ba9adf39a41?s=96&d=mm&r=g\",\"url\":\"https:\\\/\\\/secure.gravatar.com\\\/avatar\\\/c7164ed6fdec453195284ad24a5ae5b6e1eed2b848477fa2a4787ba9adf39a41?s=96&d=mm&r=g\",\"contentUrl\":\"https:\\\/\\\/secure.gravatar.com\\\/avatar\\\/c7164ed6fdec453195284ad24a5ae5b6e1eed2b848477fa2a4787ba9adf39a41?s=96&d=mm&r=g\",\"caption\":\"Redacci\u00f3n QP\"},\"url\":\"https:\\\/\\\/quehacerpolitico.mx\\\/?author=2\"}]}<\/script>\n<!-- \/ Yoast SEO plugin. -->","yoast_head_json":{"title":"El Quehacer Pol\u00edtico Internacional\/\/\/Carolina Alonso Romei\/\/\/Israel retira a sus embajadores de Irlanda y Noruega por reconocer al Estado palestino y amenaza con llamar tambi\u00e9n a la de Espa\u00f1a: \u201cHabr\u00e1 severas consecuencias\u201d -","robots":{"index":"index","follow":"follow","max-snippet":"max-snippet:-1","max-image-preview":"max-image-preview:large","max-video-preview":"max-video-preview:-1"},"canonical":"https:\/\/quehacerpolitico.mx\/?p=110205","og_locale":"es_MX","og_type":"article","og_title":"El Quehacer Pol\u00edtico Internacional\/\/\/Carolina Alonso Romei\/\/\/Israel retira a sus embajadores de Irlanda y Noruega por reconocer al Estado palestino y amenaza con llamar tambi\u00e9n a la de Espa\u00f1a: \u201cHabr\u00e1 severas consecuencias\u201d -","og_description":"Por Carolina Alonso Romei Internacionalista El&nbsp;Ministerio de Relaciones Exteriores&nbsp;de&nbsp;Israel&nbsp;anunci\u00f3 este mi\u00e9rcoles la llamada a consultas...","og_url":"https:\/\/quehacerpolitico.mx\/?p=110205","article_published_time":"2024-05-22T20:48:51+00:00","article_modified_time":"2024-05-22T20:48:52+00:00","og_image":[{"width":963,"height":493,"url":"https:\/\/quehacerpolitico.mx\/wp-content\/uploads\/2024\/05\/03fa6135-c3fe-44b7-8e96-c6ca323ffebb-18.jpeg","type":"image\/jpeg"}],"author":"Redacci\u00f3n QP","twitter_card":"summary_large_image","twitter_misc":{"Escrito por":"Redacci\u00f3n QP","Tiempo de lectura":"3 minutos"},"schema":{"@context":"https:\/\/schema.org","@graph":[{"@type":"Article","@id":"https:\/\/quehacerpolitico.mx\/?p=110205#article","isPartOf":{"@id":"https:\/\/quehacerpolitico.mx\/?p=110205"},"author":{"name":"Redacci\u00f3n QP","@id":"https:\/\/quehacerpolitico.mx\/#\/schema\/person\/496d8ad2d1d3f8036101dca7ee39e585"},"headline":"El Quehacer Pol\u00edtico Internacional\/\/\/Carolina Alonso Romei\/\/\/Israel retira a sus embajadores de Irlanda y Noruega por reconocer al Estado palestino y amenaza con llamar tambi\u00e9n a la de Espa\u00f1a: \u201cHabr\u00e1 severas consecuencias\u201d","datePublished":"2024-05-22T20:48:51+00:00","dateModified":"2024-05-22T20:48:52+00:00","mainEntityOfPage":{"@id":"https:\/\/quehacerpolitico.mx\/?p=110205"},"wordCount":602,"commentCount":0,"image":{"@id":"https:\/\/quehacerpolitico.mx\/?p=110205#primaryimage"},"thumbnailUrl":"https:\/\/quehacerpolitico.mx\/wp-content\/uploads\/2024\/05\/03fa6135-c3fe-44b7-8e96-c6ca323ffebb-18.jpeg","articleSection":["Internacionales"],"inLanguage":"es","potentialAction":[{"@type":"CommentAction","name":"Comment","target":["https:\/\/quehacerpolitico.mx\/?p=110205#respond"]}]},{"@type":"WebPage","@id":"https:\/\/quehacerpolitico.mx\/?p=110205","url":"https:\/\/quehacerpolitico.mx\/?p=110205","name":"El Quehacer Pol\u00edtico Internacional\/\/\/Carolina Alonso Romei\/\/\/Israel retira a sus embajadores de Irlanda y Noruega por reconocer al Estado palestino y amenaza con llamar tambi\u00e9n a la de Espa\u00f1a: \u201cHabr\u00e1 severas consecuencias\u201d -","isPartOf":{"@id":"https:\/\/quehacerpolitico.mx\/#website"},"primaryImageOfPage":{"@id":"https:\/\/quehacerpolitico.mx\/?p=110205#primaryimage"},"image":{"@id":"https:\/\/quehacerpolitico.mx\/?p=110205#primaryimage"},"thumbnailUrl":"https:\/\/quehacerpolitico.mx\/wp-content\/uploads\/2024\/05\/03fa6135-c3fe-44b7-8e96-c6ca323ffebb-18.jpeg","datePublished":"2024-05-22T20:48:51+00:00","dateModified":"2024-05-22T20:48:52+00:00","author":{"@id":"https:\/\/quehacerpolitico.mx\/#\/schema\/person\/496d8ad2d1d3f8036101dca7ee39e585"},"breadcrumb":{"@id":"https:\/\/quehacerpolitico.mx\/?p=110205#breadcrumb"},"inLanguage":"es","potentialAction":[{"@type":"ReadAction","target":["https:\/\/quehacerpolitico.mx\/?p=110205"]}]},{"@type":"ImageObject","inLanguage":"es","@id":"https:\/\/quehacerpolitico.mx\/?p=110205#primaryimage","url":"https:\/\/quehacerpolitico.mx\/wp-content\/uploads\/2024\/05\/03fa6135-c3fe-44b7-8e96-c6ca323ffebb-18.jpeg","contentUrl":"https:\/\/quehacerpolitico.mx\/wp-content\/uploads\/2024\/05\/03fa6135-c3fe-44b7-8e96-c6ca323ffebb-18.jpeg","width":963,"height":493},{"@type":"BreadcrumbList","@id":"https:\/\/quehacerpolitico.mx\/?p=110205#breadcrumb","itemListElement":[{"@type":"ListItem","position":1,"name":"Inicio","item":"https:\/\/quehacerpolitico.mx\/"},{"@type":"ListItem","position":2,"name":"El Quehacer Pol\u00edtico Internacional\/\/\/Carolina Alonso Romei\/\/\/Israel retira a sus embajadores de Irlanda y Noruega por reconocer al Estado palestino y amenaza con llamar tambi\u00e9n a la de Espa\u00f1a: \u201cHabr\u00e1 severas consecuencias\u201d"}]},{"@type":"WebSite","@id":"https:\/\/quehacerpolitico.mx\/#website","url":"https:\/\/quehacerpolitico.mx\/","name":"","description":"","potentialAction":[{"@type":"SearchAction","target":{"@type":"EntryPoint","urlTemplate":"https:\/\/quehacerpolitico.mx\/?s={search_term_string}"},"query-input":{"@type":"PropertyValueSpecification","valueRequired":true,"valueName":"search_term_string"}}],"inLanguage":"es"},{"@type":"Person","@id":"https:\/\/quehacerpolitico.mx\/#\/schema\/person\/496d8ad2d1d3f8036101dca7ee39e585","name":"Redacci\u00f3n QP","image":{"@type":"ImageObject","inLanguage":"es","@id":"https:\/\/secure.gravatar.com\/avatar\/c7164ed6fdec453195284ad24a5ae5b6e1eed2b848477fa2a4787ba9adf39a41?s=96&d=mm&r=g","url":"https:\/\/secure.gravatar.com\/avatar\/c7164ed6fdec453195284ad24a5ae5b6e1eed2b848477fa2a4787ba9adf39a41?s=96&d=mm&r=g","contentUrl":"https:\/\/secure.gravatar.com\/avatar\/c7164ed6fdec453195284ad24a5ae5b6e1eed2b848477fa2a4787ba9adf39a41?s=96&d=mm&r=g","caption":"Redacci\u00f3n QP"},"url":"https:\/\/quehacerpolitico.mx\/?author=2"}]}},"featured_image_urls":{"full":["https:\/\/quehacerpolitico.mx\/wp-content\/uploads\/2024\/05\/03fa6135-c3fe-44b7-8e96-c6ca323ffebb-18.jpeg",963,493,false],"thumbnail":["https:\/\/quehacerpolitico.mx\/wp-content\/uploads\/2024\/05\/03fa6135-c3fe-44b7-8e96-c6ca323ffebb-18-150x150.jpeg",150,150,true],"medium":["https:\/\/quehacerpolitico.mx\/wp-content\/uploads\/2024\/05\/03fa6135-c3fe-44b7-8e96-c6ca323ffebb-18-300x154.jpeg",300,154,true],"medium_large":["https:\/\/quehacerpolitico.mx\/wp-content\/uploads\/2024\/05\/03fa6135-c3fe-44b7-8e96-c6ca323ffebb-18-768x393.jpeg",640,328,true],"large":["https:\/\/quehacerpolitico.mx\/wp-content\/uploads\/2024\/05\/03fa6135-c3fe-44b7-8e96-c6ca323ffebb-18.jpeg",640,328,false],"1536x1536":["https:\/\/quehacerpolitico.mx\/wp-content\/uploads\/2024\/05\/03fa6135-c3fe-44b7-8e96-c6ca323ffebb-18.jpeg",963,493,false],"2048x2048":["https:\/\/quehacerpolitico.mx\/wp-content\/uploads\/2024\/05\/03fa6135-c3fe-44b7-8e96-c6ca323ffebb-18.jpeg",963,493,false],"covernews-featured":["https:\/\/quehacerpolitico.mx\/wp-content\/uploads\/2024\/05\/03fa6135-c3fe-44b7-8e96-c6ca323ffebb-18.jpeg",963,493,false],"covernews-medium":["https:\/\/quehacerpolitico.mx\/wp-content\/uploads\/2024\/05\/03fa6135-c3fe-44b7-8e96-c6ca323ffebb-18.jpeg",540,276,false]},"author_info":{"display_name":"Redacci\u00f3n QP","author_link":"https:\/\/quehacerpolitico.mx\/?author=2"},"category_info":"<a href=\"https:\/\/quehacerpolitico.mx\/?cat=1\" rel=\"category\">Internacionales<\/a>","tag_info":"Internacionales","comment_count":"0","_links":{"self":[{"href":"https:\/\/quehacerpolitico.mx\/index.php?rest_route=\/wp\/v2\/posts\/110205","targetHints":{"allow":["GET"]}}],"collection":[{"href":"https:\/\/quehacerpolitico.mx\/index.php?rest_route=\/wp\/v2\/posts"}],"about":[{"href":"https:\/\/quehacerpolitico.mx\/index.php?rest_route=\/wp\/v2\/types\/post"}],"author":[{"embeddable":true,"href":"https:\/\/quehacerpolitico.mx\/index.php?rest_route=\/wp\/v2\/users\/2"}],"replies":[{"embeddable":true,"href":"https:\/\/quehacerpolitico.mx\/index.php?rest_route=%2Fwp%2Fv2%2Fcomments&post=110205"}],"version-history":[{"count":1,"href":"https:\/\/quehacerpolitico.mx\/index.php?rest_route=\/wp\/v2\/posts\/110205\/revisions"}],"predecessor-version":[{"id":110207,"href":"https:\/\/quehacerpolitico.mx\/index.php?rest_route=\/wp\/v2\/posts\/110205\/revisions\/110207"}],"wp:featuredmedia":[{"embeddable":true,"href":"https:\/\/quehacerpolitico.mx\/index.php?rest_route=\/wp\/v2\/media\/110206"}],"wp:attachment":[{"href":"https:\/\/quehacerpolitico.mx\/index.php?rest_route=%2Fwp%2Fv2%2Fmedia&parent=110205"}],"wp:term":[{"taxonomy":"category","embeddable":true,"href":"https:\/\/quehacerpolitico.mx\/index.php?rest_route=%2Fwp%2Fv2%2Fcategories&post=110205"},{"taxonomy":"post_tag","embeddable":true,"href":"https:\/\/quehacerpolitico.mx\/index.php?rest_route=%2Fwp%2Fv2%2Ftags&post=110205"}],"curies":[{"name":"wp","href":"https:\/\/api.w.org\/{rel}","templated":true}]}}