{"id":110202,"date":"2024-05-22T20:15:19","date_gmt":"2024-05-22T20:15:19","guid":{"rendered":"https:\/\/quehacerpolitico.mx\/?p=110202"},"modified":"2024-05-22T20:15:24","modified_gmt":"2024-05-22T20:15:24","slug":"integrantes-de-la-cnte-dan-acceso-gratuito-al-metro-de-la-cdmx-en-las-lineas-1-2-y-3-del-metro","status":"publish","type":"post","link":"https:\/\/quehacerpolitico.mx\/?p=110202","title":{"rendered":"Integrantes de la CNTE dan acceso gratuito al metro de la CDMX en las l\u00edneas 1, 2 y 3 del Metro"},"content":{"rendered":"\n<p>Por Redacci\u00f3n QP<\/p>\n\n\n\n<p>Con consignas de \u201caumento salarial o paro nacional\u201d maestros de la Coordinadora Nacional de Trabajadores de la Educaci\u00f3n (<strong>CNTE<\/strong>) tomaron este mi\u00e9rcoles los torniquetes del&nbsp;<strong>Metro de la Ciudad de M\u00e9xico<\/strong>&nbsp;en diferentes estaciones para permitir el libre acceso a los usuarios, como parte de su protesta para exigir un mayor aumento salarial.<\/p>\n\n\n\n<p>Los integrantes del magisterio disidente se dieron cita a las 10:00 de la ma\u00f1ana en las estaciones del Metro de las l\u00edneas 1, 2, y 3 del Sistema de Transporte Colectivo (<strong>STC<\/strong>) para tomar los torniquetes y hacer un volanteo para que los usuarios conozcan las demandas laborales que hacen al gobierno federal.<\/p>\n\n\n\n<figure class=\"wp-block-embed is-type-video is-provider-youtube wp-block-embed-youtube wp-embed-aspect-16-9 wp-has-aspect-ratio\"><div class=\"wp-block-embed__wrapper\">\n<iframe loading=\"lazy\" title=\"CNTE da entrada gratis a usuarios del Metro en estaciones de l\u00edneas 2 y 3\" width=\"640\" height=\"360\" src=\"https:\/\/www.youtube.com\/embed\/c0-R8mE6Tco?feature=oembed\" frameborder=\"0\" allow=\"accelerometer; autoplay; clipboard-write; encrypted-media; gyroscope; picture-in-picture; web-share\" referrerpolicy=\"strict-origin-when-cross-origin\" allowfullscreen><\/iframe>\n<\/div><\/figure>\n\n\n\n<p>Desde el 15 de mayo, D\u00eda del Maestro, los trabajadores de la educaci\u00f3n de distintos estados de la Rep\u00fablica Mexicana llegaron a la Ciudad de M\u00e9xico para establecer un plant\u00f3n en\u00a0<strong>Z\u00f3calo<\/strong>, en el que afirmaron que no se retirar\u00e1n hasta que el presidente\u00a0<strong>L\u00f3pez Obrador<\/strong>\u00a0resuelva el pliego petitorio que le entregaron en una reuni\u00f3n.<\/p>\n\n\n\n<p>Los maestros de la&nbsp;<strong>CNTE<\/strong>&nbsp;para realizar esta jornada de protestas se dividieron en varios bloques, como se indic\u00f3 en su comunicado donde se se\u00f1al\u00f3 que la&nbsp;<strong>Secci\u00f3n 9&nbsp;<\/strong>cubrir\u00e1 la L\u00ednea 2 que va de Taxque\u00f1a a Cuatro Caminos.<\/p>\n\n\n\n<p>Para la<strong>\u00a0L\u00ednea 3\u00a0<\/strong>que va de Indios Verdes a Universidad, la toma de torniquetes se qued\u00f3 bajo el cargo de la secci\u00f3n 22\u00a0y para la<strong>\u00a0L\u00ednea 1<\/strong>, que s\u00f3lo tomaron de la estaci\u00f3n Pino Su\u00e1rez hasta\u00a0<strong>Pantitl\u00e1n<\/strong>, estar\u00e1n integrantes de las secciones 7, 10, 11, 14 y 18.<\/p>\n\n\n\n<figure class=\"wp-block-embed is-type-rich is-provider-twitter wp-block-embed-twitter\"><div class=\"wp-block-embed__wrapper\">\n<blockquote class=\"twitter-tweet\" data-width=\"550\" data-dnt=\"true\"><p lang=\"es\" dir=\"ltr\">\u25b6\ufe0fMiembros de la CNTE dan acceso gratuito en la estaci\u00f3n del metro Z\u00f3calo &#8211; Tenochtitl\u00e1n como protesta.<br><br>\ud83d\udcfa<a href=\"https:\/\/twitter.com\/hashtag\/TelediarioMediod%C3%ADa?src=hash&amp;ref_src=twsrc%5Etfw\">#TelediarioMediod\u00eda<\/a> con <a href=\"https:\/\/twitter.com\/janupi?ref_src=twsrc%5Etfw\">@janupi<\/a>, <a href=\"https:\/\/twitter.com\/YulianaEscobedo?ref_src=twsrc%5Etfw\">@YulianaEscobedo<\/a> y <a href=\"https:\/\/twitter.com\/cecysalamanca?ref_src=twsrc%5Etfw\">@cecysalamanca<\/a> \u2b50 <a href=\"https:\/\/t.co\/vnV3AgV9RC\">pic.twitter.com\/vnV3AgV9RC<\/a><\/p>&mdash; @telediario (@telediario) <a href=\"https:\/\/twitter.com\/telediario\/status\/1793348723902173576?ref_src=twsrc%5Etfw\">May 22, 2024<\/a><\/blockquote><script async src=\"https:\/\/platform.twitter.com\/widgets.js\" charset=\"utf-8\"><\/script>\n<\/div><\/figure>\n\n\n\n<p>Asimismo, los organizadores de las jornadas de protestas de la\u00a0<strong>CNTE<\/strong>\u00a0indicaron que las dem\u00e1s secciones estar\u00e1n en varios puntos de la CDMX para realizar movilizaciones.<\/p>\n\n\n\n<p>Los integrantes del magisterio disidente llegaron a la capital para exigir al gobierno de\u00a0<strong>Andr\u00e9s Manuel L\u00f3pez Obrador<\/strong>\u00a0la abrogaci\u00f3n de<strong>\u00a0Ley del ISSSTE\u00a0<\/strong>de 2007, que no haya UMAS, ni afores, adem\u00e1s de la abrogaci\u00f3n de la reforma educativa y un aumento salarial del 100% al sueldo base.<\/p>\n","protected":false},"excerpt":{"rendered":"<p>Por Redacci\u00f3n QP Con consignas de \u201caumento salarial o paro nacional\u201d maestros de la Coordinadora&#8230;<\/p>\n","protected":false},"author":2,"featured_media":110203,"comment_status":"open","ping_status":"open","sticky":false,"template":"","format":"standard","meta":{"_monsterinsights_skip_tracking":false,"_monsterinsights_sitenote_active":false,"_monsterinsights_sitenote_note":"","_monsterinsights_sitenote_category":0,"footnotes":""},"categories":[55],"tags":[],"class_list":["post-110202","post","type-post","status-publish","format-standard","has-post-thumbnail","hentry","category-cdmx"],"yoast_head":"<!-- This site is optimized with the Yoast SEO plugin v27.3 - https:\/\/yoast.com\/product\/yoast-seo-wordpress\/ -->\n<title>Integrantes de la CNTE dan acceso gratuito al metro de la CDMX en las l\u00edneas 1, 2 y 3 del Metro -<\/title>\n<meta name=\"robots\" content=\"index, follow, max-snippet:-1, max-image-preview:large, max-video-preview:-1\" \/>\n<link rel=\"canonical\" href=\"https:\/\/quehacerpolitico.mx\/?p=110202\" \/>\n<meta property=\"og:locale\" content=\"es_MX\" \/>\n<meta property=\"og:type\" content=\"article\" \/>\n<meta property=\"og:title\" content=\"Integrantes de la CNTE dan acceso gratuito al metro de la CDMX en las l\u00edneas 1, 2 y 3 del Metro -\" \/>\n<meta property=\"og:description\" content=\"Por Redacci\u00f3n QP Con consignas de \u201caumento salarial o paro nacional\u201d maestros de la Coordinadora...\" \/>\n<meta property=\"og:url\" content=\"https:\/\/quehacerpolitico.mx\/?p=110202\" \/>\n<meta property=\"article:published_time\" content=\"2024-05-22T20:15:19+00:00\" \/>\n<meta property=\"article:modified_time\" content=\"2024-05-22T20:15:24+00:00\" \/>\n<meta property=\"og:image\" content=\"https:\/\/quehacerpolitico.mx\/wp-content\/uploads\/2024\/05\/IMG_5805.jpeg\" \/>\n\t<meta property=\"og:image:width\" content=\"1284\" \/>\n\t<meta property=\"og:image:height\" content=\"689\" \/>\n\t<meta property=\"og:image:type\" content=\"image\/jpeg\" \/>\n<meta name=\"author\" content=\"Redacci\u00f3n QP\" \/>\n<meta name=\"twitter:card\" content=\"summary_large_image\" \/>\n<meta name=\"twitter:label1\" content=\"Escrito por\" \/>\n\t<meta name=\"twitter:data1\" content=\"Redacci\u00f3n QP\" \/>\n\t<meta name=\"twitter:label2\" content=\"Tiempo de lectura\" \/>\n\t<meta name=\"twitter:data2\" content=\"2 minutos\" \/>\n<script type=\"application\/ld+json\" class=\"yoast-schema-graph\">{\"@context\":\"https:\\\/\\\/schema.org\",\"@graph\":[{\"@type\":\"Article\",\"@id\":\"https:\\\/\\\/quehacerpolitico.mx\\\/?p=110202#article\",\"isPartOf\":{\"@id\":\"https:\\\/\\\/quehacerpolitico.mx\\\/?p=110202\"},\"author\":{\"name\":\"Redacci\u00f3n QP\",\"@id\":\"https:\\\/\\\/quehacerpolitico.mx\\\/#\\\/schema\\\/person\\\/496d8ad2d1d3f8036101dca7ee39e585\"},\"headline\":\"Integrantes de la CNTE dan acceso gratuito al metro de la CDMX en las l\u00edneas 1, 2 y 3 del Metro\",\"datePublished\":\"2024-05-22T20:15:19+00:00\",\"dateModified\":\"2024-05-22T20:15:24+00:00\",\"mainEntityOfPage\":{\"@id\":\"https:\\\/\\\/quehacerpolitico.mx\\\/?p=110202\"},\"wordCount\":394,\"commentCount\":0,\"image\":{\"@id\":\"https:\\\/\\\/quehacerpolitico.mx\\\/?p=110202#primaryimage\"},\"thumbnailUrl\":\"https:\\\/\\\/quehacerpolitico.mx\\\/wp-content\\\/uploads\\\/2024\\\/05\\\/IMG_5805.jpeg\",\"articleSection\":[\"CDMX\"],\"inLanguage\":\"es\",\"potentialAction\":[{\"@type\":\"CommentAction\",\"name\":\"Comment\",\"target\":[\"https:\\\/\\\/quehacerpolitico.mx\\\/?p=110202#respond\"]}]},{\"@type\":\"WebPage\",\"@id\":\"https:\\\/\\\/quehacerpolitico.mx\\\/?p=110202\",\"url\":\"https:\\\/\\\/quehacerpolitico.mx\\\/?p=110202\",\"name\":\"Integrantes de la CNTE dan acceso gratuito al metro de la CDMX en las l\u00edneas 1, 2 y 3 del Metro -\",\"isPartOf\":{\"@id\":\"https:\\\/\\\/quehacerpolitico.mx\\\/#website\"},\"primaryImageOfPage\":{\"@id\":\"https:\\\/\\\/quehacerpolitico.mx\\\/?p=110202#primaryimage\"},\"image\":{\"@id\":\"https:\\\/\\\/quehacerpolitico.mx\\\/?p=110202#primaryimage\"},\"thumbnailUrl\":\"https:\\\/\\\/quehacerpolitico.mx\\\/wp-content\\\/uploads\\\/2024\\\/05\\\/IMG_5805.jpeg\",\"datePublished\":\"2024-05-22T20:15:19+00:00\",\"dateModified\":\"2024-05-22T20:15:24+00:00\",\"author\":{\"@id\":\"https:\\\/\\\/quehacerpolitico.mx\\\/#\\\/schema\\\/person\\\/496d8ad2d1d3f8036101dca7ee39e585\"},\"breadcrumb\":{\"@id\":\"https:\\\/\\\/quehacerpolitico.mx\\\/?p=110202#breadcrumb\"},\"inLanguage\":\"es\",\"potentialAction\":[{\"@type\":\"ReadAction\",\"target\":[\"https:\\\/\\\/quehacerpolitico.mx\\\/?p=110202\"]}]},{\"@type\":\"ImageObject\",\"inLanguage\":\"es\",\"@id\":\"https:\\\/\\\/quehacerpolitico.mx\\\/?p=110202#primaryimage\",\"url\":\"https:\\\/\\\/quehacerpolitico.mx\\\/wp-content\\\/uploads\\\/2024\\\/05\\\/IMG_5805.jpeg\",\"contentUrl\":\"https:\\\/\\\/quehacerpolitico.mx\\\/wp-content\\\/uploads\\\/2024\\\/05\\\/IMG_5805.jpeg\",\"width\":1284,\"height\":689,\"caption\":\"Screenshot\"},{\"@type\":\"BreadcrumbList\",\"@id\":\"https:\\\/\\\/quehacerpolitico.mx\\\/?p=110202#breadcrumb\",\"itemListElement\":[{\"@type\":\"ListItem\",\"position\":1,\"name\":\"Inicio\",\"item\":\"https:\\\/\\\/quehacerpolitico.mx\\\/\"},{\"@type\":\"ListItem\",\"position\":2,\"name\":\"Integrantes de la CNTE dan acceso gratuito al metro de la CDMX en las l\u00edneas 1, 2 y 3 del Metro\"}]},{\"@type\":\"WebSite\",\"@id\":\"https:\\\/\\\/quehacerpolitico.mx\\\/#website\",\"url\":\"https:\\\/\\\/quehacerpolitico.mx\\\/\",\"name\":\"\",\"description\":\"\",\"potentialAction\":[{\"@type\":\"SearchAction\",\"target\":{\"@type\":\"EntryPoint\",\"urlTemplate\":\"https:\\\/\\\/quehacerpolitico.mx\\\/?s={search_term_string}\"},\"query-input\":{\"@type\":\"PropertyValueSpecification\",\"valueRequired\":true,\"valueName\":\"search_term_string\"}}],\"inLanguage\":\"es\"},{\"@type\":\"Person\",\"@id\":\"https:\\\/\\\/quehacerpolitico.mx\\\/#\\\/schema\\\/person\\\/496d8ad2d1d3f8036101dca7ee39e585\",\"name\":\"Redacci\u00f3n QP\",\"image\":{\"@type\":\"ImageObject\",\"inLanguage\":\"es\",\"@id\":\"https:\\\/\\\/secure.gravatar.com\\\/avatar\\\/c7164ed6fdec453195284ad24a5ae5b6e1eed2b848477fa2a4787ba9adf39a41?s=96&d=mm&r=g\",\"url\":\"https:\\\/\\\/secure.gravatar.com\\\/avatar\\\/c7164ed6fdec453195284ad24a5ae5b6e1eed2b848477fa2a4787ba9adf39a41?s=96&d=mm&r=g\",\"contentUrl\":\"https:\\\/\\\/secure.gravatar.com\\\/avatar\\\/c7164ed6fdec453195284ad24a5ae5b6e1eed2b848477fa2a4787ba9adf39a41?s=96&d=mm&r=g\",\"caption\":\"Redacci\u00f3n QP\"},\"url\":\"https:\\\/\\\/quehacerpolitico.mx\\\/?author=2\"}]}<\/script>\n<!-- \/ Yoast SEO plugin. -->","yoast_head_json":{"title":"Integrantes de la CNTE dan acceso gratuito al metro de la CDMX en las l\u00edneas 1, 2 y 3 del Metro -","robots":{"index":"index","follow":"follow","max-snippet":"max-snippet:-1","max-image-preview":"max-image-preview:large","max-video-preview":"max-video-preview:-1"},"canonical":"https:\/\/quehacerpolitico.mx\/?p=110202","og_locale":"es_MX","og_type":"article","og_title":"Integrantes de la CNTE dan acceso gratuito al metro de la CDMX en las l\u00edneas 1, 2 y 3 del Metro -","og_description":"Por Redacci\u00f3n QP Con consignas de \u201caumento salarial o paro nacional\u201d maestros de la Coordinadora...","og_url":"https:\/\/quehacerpolitico.mx\/?p=110202","article_published_time":"2024-05-22T20:15:19+00:00","article_modified_time":"2024-05-22T20:15:24+00:00","og_image":[{"width":1284,"height":689,"url":"https:\/\/quehacerpolitico.mx\/wp-content\/uploads\/2024\/05\/IMG_5805.jpeg","type":"image\/jpeg"}],"author":"Redacci\u00f3n QP","twitter_card":"summary_large_image","twitter_misc":{"Escrito por":"Redacci\u00f3n QP","Tiempo de lectura":"2 minutos"},"schema":{"@context":"https:\/\/schema.org","@graph":[{"@type":"Article","@id":"https:\/\/quehacerpolitico.mx\/?p=110202#article","isPartOf":{"@id":"https:\/\/quehacerpolitico.mx\/?p=110202"},"author":{"name":"Redacci\u00f3n QP","@id":"https:\/\/quehacerpolitico.mx\/#\/schema\/person\/496d8ad2d1d3f8036101dca7ee39e585"},"headline":"Integrantes de la CNTE dan acceso gratuito al metro de la CDMX en las l\u00edneas 1, 2 y 3 del Metro","datePublished":"2024-05-22T20:15:19+00:00","dateModified":"2024-05-22T20:15:24+00:00","mainEntityOfPage":{"@id":"https:\/\/quehacerpolitico.mx\/?p=110202"},"wordCount":394,"commentCount":0,"image":{"@id":"https:\/\/quehacerpolitico.mx\/?p=110202#primaryimage"},"thumbnailUrl":"https:\/\/quehacerpolitico.mx\/wp-content\/uploads\/2024\/05\/IMG_5805.jpeg","articleSection":["CDMX"],"inLanguage":"es","potentialAction":[{"@type":"CommentAction","name":"Comment","target":["https:\/\/quehacerpolitico.mx\/?p=110202#respond"]}]},{"@type":"WebPage","@id":"https:\/\/quehacerpolitico.mx\/?p=110202","url":"https:\/\/quehacerpolitico.mx\/?p=110202","name":"Integrantes de la CNTE dan acceso gratuito al metro de la CDMX en las l\u00edneas 1, 2 y 3 del Metro -","isPartOf":{"@id":"https:\/\/quehacerpolitico.mx\/#website"},"primaryImageOfPage":{"@id":"https:\/\/quehacerpolitico.mx\/?p=110202#primaryimage"},"image":{"@id":"https:\/\/quehacerpolitico.mx\/?p=110202#primaryimage"},"thumbnailUrl":"https:\/\/quehacerpolitico.mx\/wp-content\/uploads\/2024\/05\/IMG_5805.jpeg","datePublished":"2024-05-22T20:15:19+00:00","dateModified":"2024-05-22T20:15:24+00:00","author":{"@id":"https:\/\/quehacerpolitico.mx\/#\/schema\/person\/496d8ad2d1d3f8036101dca7ee39e585"},"breadcrumb":{"@id":"https:\/\/quehacerpolitico.mx\/?p=110202#breadcrumb"},"inLanguage":"es","potentialAction":[{"@type":"ReadAction","target":["https:\/\/quehacerpolitico.mx\/?p=110202"]}]},{"@type":"ImageObject","inLanguage":"es","@id":"https:\/\/quehacerpolitico.mx\/?p=110202#primaryimage","url":"https:\/\/quehacerpolitico.mx\/wp-content\/uploads\/2024\/05\/IMG_5805.jpeg","contentUrl":"https:\/\/quehacerpolitico.mx\/wp-content\/uploads\/2024\/05\/IMG_5805.jpeg","width":1284,"height":689,"caption":"Screenshot"},{"@type":"BreadcrumbList","@id":"https:\/\/quehacerpolitico.mx\/?p=110202#breadcrumb","itemListElement":[{"@type":"ListItem","position":1,"name":"Inicio","item":"https:\/\/quehacerpolitico.mx\/"},{"@type":"ListItem","position":2,"name":"Integrantes de la CNTE dan acceso gratuito al metro de la CDMX en las l\u00edneas 1, 2 y 3 del Metro"}]},{"@type":"WebSite","@id":"https:\/\/quehacerpolitico.mx\/#website","url":"https:\/\/quehacerpolitico.mx\/","name":"","description":"","potentialAction":[{"@type":"SearchAction","target":{"@type":"EntryPoint","urlTemplate":"https:\/\/quehacerpolitico.mx\/?s={search_term_string}"},"query-input":{"@type":"PropertyValueSpecification","valueRequired":true,"valueName":"search_term_string"}}],"inLanguage":"es"},{"@type":"Person","@id":"https:\/\/quehacerpolitico.mx\/#\/schema\/person\/496d8ad2d1d3f8036101dca7ee39e585","name":"Redacci\u00f3n QP","image":{"@type":"ImageObject","inLanguage":"es","@id":"https:\/\/secure.gravatar.com\/avatar\/c7164ed6fdec453195284ad24a5ae5b6e1eed2b848477fa2a4787ba9adf39a41?s=96&d=mm&r=g","url":"https:\/\/secure.gravatar.com\/avatar\/c7164ed6fdec453195284ad24a5ae5b6e1eed2b848477fa2a4787ba9adf39a41?s=96&d=mm&r=g","contentUrl":"https:\/\/secure.gravatar.com\/avatar\/c7164ed6fdec453195284ad24a5ae5b6e1eed2b848477fa2a4787ba9adf39a41?s=96&d=mm&r=g","caption":"Redacci\u00f3n QP"},"url":"https:\/\/quehacerpolitico.mx\/?author=2"}]}},"featured_image_urls":{"full":["https:\/\/quehacerpolitico.mx\/wp-content\/uploads\/2024\/05\/IMG_5805.jpeg",1284,689,false],"thumbnail":["https:\/\/quehacerpolitico.mx\/wp-content\/uploads\/2024\/05\/IMG_5805-150x150.jpeg",150,150,true],"medium":["https:\/\/quehacerpolitico.mx\/wp-content\/uploads\/2024\/05\/IMG_5805-300x161.jpeg",300,161,true],"medium_large":["https:\/\/quehacerpolitico.mx\/wp-content\/uploads\/2024\/05\/IMG_5805-768x412.jpeg",640,343,true],"large":["https:\/\/quehacerpolitico.mx\/wp-content\/uploads\/2024\/05\/IMG_5805-1024x549.jpeg",640,343,true],"1536x1536":["https:\/\/quehacerpolitico.mx\/wp-content\/uploads\/2024\/05\/IMG_5805.jpeg",1284,689,false],"2048x2048":["https:\/\/quehacerpolitico.mx\/wp-content\/uploads\/2024\/05\/IMG_5805.jpeg",1284,689,false],"covernews-featured":["https:\/\/quehacerpolitico.mx\/wp-content\/uploads\/2024\/05\/IMG_5805.jpeg",1024,549,false],"covernews-medium":["https:\/\/quehacerpolitico.mx\/wp-content\/uploads\/2024\/05\/IMG_5805.jpeg",540,290,false]},"author_info":{"display_name":"Redacci\u00f3n QP","author_link":"https:\/\/quehacerpolitico.mx\/?author=2"},"category_info":"<a href=\"https:\/\/quehacerpolitico.mx\/?cat=55\" rel=\"category\">CDMX<\/a>","tag_info":"CDMX","comment_count":"0","_links":{"self":[{"href":"https:\/\/quehacerpolitico.mx\/index.php?rest_route=\/wp\/v2\/posts\/110202","targetHints":{"allow":["GET"]}}],"collection":[{"href":"https:\/\/quehacerpolitico.mx\/index.php?rest_route=\/wp\/v2\/posts"}],"about":[{"href":"https:\/\/quehacerpolitico.mx\/index.php?rest_route=\/wp\/v2\/types\/post"}],"author":[{"embeddable":true,"href":"https:\/\/quehacerpolitico.mx\/index.php?rest_route=\/wp\/v2\/users\/2"}],"replies":[{"embeddable":true,"href":"https:\/\/quehacerpolitico.mx\/index.php?rest_route=%2Fwp%2Fv2%2Fcomments&post=110202"}],"version-history":[{"count":1,"href":"https:\/\/quehacerpolitico.mx\/index.php?rest_route=\/wp\/v2\/posts\/110202\/revisions"}],"predecessor-version":[{"id":110204,"href":"https:\/\/quehacerpolitico.mx\/index.php?rest_route=\/wp\/v2\/posts\/110202\/revisions\/110204"}],"wp:featuredmedia":[{"embeddable":true,"href":"https:\/\/quehacerpolitico.mx\/index.php?rest_route=\/wp\/v2\/media\/110203"}],"wp:attachment":[{"href":"https:\/\/quehacerpolitico.mx\/index.php?rest_route=%2Fwp%2Fv2%2Fmedia&parent=110202"}],"wp:term":[{"taxonomy":"category","embeddable":true,"href":"https:\/\/quehacerpolitico.mx\/index.php?rest_route=%2Fwp%2Fv2%2Fcategories&post=110202"},{"taxonomy":"post_tag","embeddable":true,"href":"https:\/\/quehacerpolitico.mx\/index.php?rest_route=%2Fwp%2Fv2%2Ftags&post=110202"}],"curies":[{"name":"wp","href":"https:\/\/api.w.org\/{rel}","templated":true}]}}