{"id":110198,"date":"2024-05-22T19:44:47","date_gmt":"2024-05-22T19:44:47","guid":{"rendered":"https:\/\/quehacerpolitico.mx\/?p=110198"},"modified":"2024-05-22T19:46:42","modified_gmt":"2024-05-22T19:46:42","slug":"javier-aguirre-no-seguira-la-proxima-temporada-como-tecnico-del-mallorca-gracias-por-todo","status":"publish","type":"post","link":"https:\/\/quehacerpolitico.mx\/?p=110198","title":{"rendered":"Javier Aguirre no seguir\u00e1 la pr\u00f3xima temporada como t\u00e9cnico del Mallorca: \u201cGracias por todo\u201d"},"content":{"rendered":"\n<p>Por Redacci\u00f3n QP<\/p>\n\n\n\n<p>A falta de una jornada para terminar la temporada, el Mallorca anunci\u00f3 que Javier Aguirre no seguir\u00e1 la pr\u00f3xima temporada como su t\u00e9cnico.<\/p>\n\n\n\n<p>El\u00a0<strong>t\u00e9cnico mexicano\u00a0<\/strong>Javier Aguirre no seguir\u00e1 la<strong>\u00a0pr\u00f3xima temporada<\/strong>\u00a0al frente del Mallorca seg\u00fan\u00a0<strong>confirm\u00f3 el club espa\u00f1ol<\/strong> este mi\u00e9rcoles en sus\u00a0redes sociales.<\/p>\n\n\n\n<figure class=\"wp-block-embed is-type-rich is-provider-twitter wp-block-embed-twitter\"><div class=\"wp-block-embed__wrapper\">\n<blockquote class=\"twitter-tweet\" data-width=\"550\" data-dnt=\"true\"><p lang=\"es\" dir=\"ltr\">\ud83e\udd79 Querido Javier: <a href=\"https:\/\/t.co\/1zYAZeJxpq\">pic.twitter.com\/1zYAZeJxpq<\/a><\/p>&mdash; Real Mallorca (@RCD_Mallorca) <a href=\"https:\/\/twitter.com\/RCD_Mallorca\/status\/1793363816132087926?ref_src=twsrc%5Etfw\">May 22, 2024<\/a><\/blockquote><script async src=\"https:\/\/platform.twitter.com\/widgets.js\" charset=\"utf-8\"><\/script>\n<\/div><\/figure>\n\n\n\n<p>\u201c<strong>Javier Aguirre no continuar\u00e1 en el RCD Mallorca la pr\u00f3xima temporada<\/strong>.\u00a0<strong>Muchas gracias por todo, Javier<\/strong>\u201d, escribi\u00f3 el club espa\u00f1ol, al que el mexicano\u00a0<strong>salv\u00f3 del descenso<\/strong>\u00a0en la presente temporada.<\/p>\n\n\n\n<figure class=\"wp-block-embed is-type-rich is-provider-twitter wp-block-embed-twitter\"><div class=\"wp-block-embed__wrapper\">\n<blockquote class=\"twitter-tweet\" data-width=\"550\" data-dnt=\"true\"><p lang=\"es\" dir=\"ltr\">Javier Aguirre no continuar\u00e1 en el RCD Mallorca la pr\u00f3xima temporada. <br><br>\ud835\udc0c\ud835\udc2e\ud835\udc1c\ud835\udc21\ud835\udc1a\ud835\udc2c \ud835\udc20\ud835\udc2b\ud835\udc1a\ud835\udc1c\ud835\udc22\ud835\udc1a\ud835\udc2c \ud835\udc29\ud835\udc28\ud835\udc2b \ud835\udc2d\ud835\udc28\ud835\udc1d\ud835\udc28, \ud835\udc09\ud835\udc1a\ud835\udc2f\ud835\udc22\ud835\udc1e\ud835\udc2b \u2764\ufe0f\ud83d\udda4 <a href=\"https:\/\/t.co\/t26qoy4MY0\">pic.twitter.com\/t26qoy4MY0<\/a><\/p>&mdash; Real Mallorca (@RCD_Mallorca) <a href=\"https:\/\/twitter.com\/RCD_Mallorca\/status\/1793348659288944902?ref_src=twsrc%5Etfw\">May 22, 2024<\/a><\/blockquote><script async src=\"https:\/\/platform.twitter.com\/widgets.js\" charset=\"utf-8\"><\/script>\n<\/div><\/figure>\n\n\n\n<p>A falta de&nbsp;<strong>una jornada<\/strong>&nbsp;para que termine la temporada 2023-24 de LaLiga, Aguirre cumpli\u00f3 el&nbsp;<strong>objetivo<\/strong>&nbsp;de evitar el descenso, adem\u00e1s de que&nbsp;<strong>llev\u00f3 al Mallorca<\/strong>&nbsp;a disputar la<strong>&nbsp;Final de la Copa del Rey<\/strong>, la cual perdi\u00f3 ante el Athletic de Bilbao.<\/p>\n\n\n\n<h2 class=\"wp-block-heading\" id=\"h-objetivo\">OBJETIVO<\/h2>\n\n\n\n<p>\u201cLa entidad quiere&nbsp;<strong>agradecer al mexicano su enorme trabajo<\/strong>&nbsp;y profesionalidad durante su etapa como t\u00e9cnico bermell\u00f3n. Una etapa en la que ha conseguido, entre otras cosas, que el equipo vaya a enlazar su&nbsp;<strong>cuarta temporada consecutiva en Primera<\/strong>&nbsp;\u2014la segunda racha m\u00e1s longeva de su historia\u2014, una&nbsp;<strong>novena posici\u00f3n en la 2022\/23<\/strong>&nbsp;y la presencia del Mallorca, 21 a\u00f1os despu\u00e9s, en una final de Copa del Rey, lo cual permite jugar la pr\u00f3xima Supercopa de Espa\u00f1a.<\/p>\n\n\n\n<p>Aguirre lleg\u00f3 en\u00a0<strong>marzo de 2022<\/strong>\u00a0a Mallorca en una situaci\u00f3n deportiva complicada y logr\u00f3 el<strong>objetivo de la salvaci\u00f3n en la \u00faltima jornada<\/strong>. En su siguiente temporada, la\u00a0<strong>2022-23<\/strong>, consigui\u00f3 la\u00a0<strong>permanencia a falta de cuatro partidos<\/strong>\u00a0para el cierre de LaLiga y posicion\u00f3 al Mallorca en la novena plaza.<\/p>\n\n\n\n<p>En su segunda campa\u00f1a completa como t\u00e9cnico del Mallorca, Javier Aguirre llev\u00f3 al club a protagonizar una las\u00a0<strong>mayores haza\u00f1as de su historia<\/strong>: la presencia, dos d\u00e9cadas m\u00e1s tarde, en una\u00a0<strong>final de la Copa del Rey<\/strong>\u00a0\u2014la cuarta en toda su existencia\u2014. En LaLiga, el equipo volvi\u00f3 a certificar una nueva permanencia.<\/p>\n","protected":false},"excerpt":{"rendered":"<p>Por Redacci\u00f3n QP A falta de una jornada para terminar la temporada, el Mallorca anunci\u00f3&#8230;<\/p>\n","protected":false},"author":2,"featured_media":110201,"comment_status":"open","ping_status":"open","sticky":false,"template":"","format":"standard","meta":{"_monsterinsights_skip_tracking":false,"_monsterinsights_sitenote_active":false,"_monsterinsights_sitenote_note":"","_monsterinsights_sitenote_category":0,"footnotes":""},"categories":[54],"tags":[],"class_list":["post-110198","post","type-post","status-publish","format-standard","has-post-thumbnail","hentry","category-deportes"],"yoast_head":"<!-- This site is optimized with the Yoast SEO plugin v27.3 - https:\/\/yoast.com\/product\/yoast-seo-wordpress\/ -->\n<title>Javier Aguirre no seguir\u00e1 la pr\u00f3xima temporada como t\u00e9cnico del Mallorca: \u201cGracias por todo\u201d -<\/title>\n<meta name=\"robots\" content=\"index, follow, max-snippet:-1, max-image-preview:large, max-video-preview:-1\" \/>\n<link rel=\"canonical\" href=\"https:\/\/quehacerpolitico.mx\/?p=110198\" \/>\n<meta property=\"og:locale\" content=\"es_MX\" \/>\n<meta property=\"og:type\" content=\"article\" \/>\n<meta property=\"og:title\" content=\"Javier Aguirre no seguir\u00e1 la pr\u00f3xima temporada como t\u00e9cnico del Mallorca: \u201cGracias por todo\u201d -\" \/>\n<meta property=\"og:description\" content=\"Por Redacci\u00f3n QP A falta de una jornada para terminar la temporada, el Mallorca anunci\u00f3...\" \/>\n<meta property=\"og:url\" content=\"https:\/\/quehacerpolitico.mx\/?p=110198\" \/>\n<meta property=\"article:published_time\" content=\"2024-05-22T19:44:47+00:00\" \/>\n<meta property=\"article:modified_time\" content=\"2024-05-22T19:46:42+00:00\" \/>\n<meta property=\"og:image\" content=\"https:\/\/quehacerpolitico.mx\/wp-content\/uploads\/2024\/05\/IMG_5804.png\" \/>\n\t<meta property=\"og:image:width\" content=\"1284\" \/>\n\t<meta property=\"og:image:height\" content=\"2778\" \/>\n\t<meta property=\"og:image:type\" content=\"image\/png\" \/>\n<meta name=\"author\" content=\"Redacci\u00f3n QP\" \/>\n<meta name=\"twitter:card\" content=\"summary_large_image\" \/>\n<meta name=\"twitter:label1\" content=\"Escrito por\" \/>\n\t<meta name=\"twitter:data1\" content=\"Redacci\u00f3n QP\" \/>\n\t<meta name=\"twitter:label2\" content=\"Tiempo de lectura\" \/>\n\t<meta name=\"twitter:data2\" content=\"2 minutos\" \/>\n<script type=\"application\/ld+json\" class=\"yoast-schema-graph\">{\"@context\":\"https:\\\/\\\/schema.org\",\"@graph\":[{\"@type\":\"Article\",\"@id\":\"https:\\\/\\\/quehacerpolitico.mx\\\/?p=110198#article\",\"isPartOf\":{\"@id\":\"https:\\\/\\\/quehacerpolitico.mx\\\/?p=110198\"},\"author\":{\"name\":\"Redacci\u00f3n QP\",\"@id\":\"https:\\\/\\\/quehacerpolitico.mx\\\/#\\\/schema\\\/person\\\/496d8ad2d1d3f8036101dca7ee39e585\"},\"headline\":\"Javier Aguirre no seguir\u00e1 la pr\u00f3xima temporada como t\u00e9cnico del Mallorca: \u201cGracias por todo\u201d\",\"datePublished\":\"2024-05-22T19:44:47+00:00\",\"dateModified\":\"2024-05-22T19:46:42+00:00\",\"mainEntityOfPage\":{\"@id\":\"https:\\\/\\\/quehacerpolitico.mx\\\/?p=110198\"},\"wordCount\":383,\"commentCount\":0,\"image\":{\"@id\":\"https:\\\/\\\/quehacerpolitico.mx\\\/?p=110198#primaryimage\"},\"thumbnailUrl\":\"https:\\\/\\\/quehacerpolitico.mx\\\/wp-content\\\/uploads\\\/2024\\\/05\\\/IMG_5804.png\",\"articleSection\":[\"Deportes\"],\"inLanguage\":\"es\",\"potentialAction\":[{\"@type\":\"CommentAction\",\"name\":\"Comment\",\"target\":[\"https:\\\/\\\/quehacerpolitico.mx\\\/?p=110198#respond\"]}]},{\"@type\":\"WebPage\",\"@id\":\"https:\\\/\\\/quehacerpolitico.mx\\\/?p=110198\",\"url\":\"https:\\\/\\\/quehacerpolitico.mx\\\/?p=110198\",\"name\":\"Javier Aguirre no seguir\u00e1 la pr\u00f3xima temporada como t\u00e9cnico del Mallorca: \u201cGracias por todo\u201d -\",\"isPartOf\":{\"@id\":\"https:\\\/\\\/quehacerpolitico.mx\\\/#website\"},\"primaryImageOfPage\":{\"@id\":\"https:\\\/\\\/quehacerpolitico.mx\\\/?p=110198#primaryimage\"},\"image\":{\"@id\":\"https:\\\/\\\/quehacerpolitico.mx\\\/?p=110198#primaryimage\"},\"thumbnailUrl\":\"https:\\\/\\\/quehacerpolitico.mx\\\/wp-content\\\/uploads\\\/2024\\\/05\\\/IMG_5804.png\",\"datePublished\":\"2024-05-22T19:44:47+00:00\",\"dateModified\":\"2024-05-22T19:46:42+00:00\",\"author\":{\"@id\":\"https:\\\/\\\/quehacerpolitico.mx\\\/#\\\/schema\\\/person\\\/496d8ad2d1d3f8036101dca7ee39e585\"},\"breadcrumb\":{\"@id\":\"https:\\\/\\\/quehacerpolitico.mx\\\/?p=110198#breadcrumb\"},\"inLanguage\":\"es\",\"potentialAction\":[{\"@type\":\"ReadAction\",\"target\":[\"https:\\\/\\\/quehacerpolitico.mx\\\/?p=110198\"]}]},{\"@type\":\"ImageObject\",\"inLanguage\":\"es\",\"@id\":\"https:\\\/\\\/quehacerpolitico.mx\\\/?p=110198#primaryimage\",\"url\":\"https:\\\/\\\/quehacerpolitico.mx\\\/wp-content\\\/uploads\\\/2024\\\/05\\\/IMG_5804.png\",\"contentUrl\":\"https:\\\/\\\/quehacerpolitico.mx\\\/wp-content\\\/uploads\\\/2024\\\/05\\\/IMG_5804.png\",\"width\":1284,\"height\":2778},{\"@type\":\"BreadcrumbList\",\"@id\":\"https:\\\/\\\/quehacerpolitico.mx\\\/?p=110198#breadcrumb\",\"itemListElement\":[{\"@type\":\"ListItem\",\"position\":1,\"name\":\"Inicio\",\"item\":\"https:\\\/\\\/quehacerpolitico.mx\\\/\"},{\"@type\":\"ListItem\",\"position\":2,\"name\":\"Javier Aguirre no seguir\u00e1 la pr\u00f3xima temporada como t\u00e9cnico del Mallorca: \u201cGracias por todo\u201d\"}]},{\"@type\":\"WebSite\",\"@id\":\"https:\\\/\\\/quehacerpolitico.mx\\\/#website\",\"url\":\"https:\\\/\\\/quehacerpolitico.mx\\\/\",\"name\":\"\",\"description\":\"\",\"potentialAction\":[{\"@type\":\"SearchAction\",\"target\":{\"@type\":\"EntryPoint\",\"urlTemplate\":\"https:\\\/\\\/quehacerpolitico.mx\\\/?s={search_term_string}\"},\"query-input\":{\"@type\":\"PropertyValueSpecification\",\"valueRequired\":true,\"valueName\":\"search_term_string\"}}],\"inLanguage\":\"es\"},{\"@type\":\"Person\",\"@id\":\"https:\\\/\\\/quehacerpolitico.mx\\\/#\\\/schema\\\/person\\\/496d8ad2d1d3f8036101dca7ee39e585\",\"name\":\"Redacci\u00f3n QP\",\"image\":{\"@type\":\"ImageObject\",\"inLanguage\":\"es\",\"@id\":\"https:\\\/\\\/secure.gravatar.com\\\/avatar\\\/c7164ed6fdec453195284ad24a5ae5b6e1eed2b848477fa2a4787ba9adf39a41?s=96&d=mm&r=g\",\"url\":\"https:\\\/\\\/secure.gravatar.com\\\/avatar\\\/c7164ed6fdec453195284ad24a5ae5b6e1eed2b848477fa2a4787ba9adf39a41?s=96&d=mm&r=g\",\"contentUrl\":\"https:\\\/\\\/secure.gravatar.com\\\/avatar\\\/c7164ed6fdec453195284ad24a5ae5b6e1eed2b848477fa2a4787ba9adf39a41?s=96&d=mm&r=g\",\"caption\":\"Redacci\u00f3n QP\"},\"url\":\"https:\\\/\\\/quehacerpolitico.mx\\\/?author=2\"}]}<\/script>\n<!-- \/ Yoast SEO plugin. -->","yoast_head_json":{"title":"Javier Aguirre no seguir\u00e1 la pr\u00f3xima temporada como t\u00e9cnico del Mallorca: \u201cGracias por todo\u201d -","robots":{"index":"index","follow":"follow","max-snippet":"max-snippet:-1","max-image-preview":"max-image-preview:large","max-video-preview":"max-video-preview:-1"},"canonical":"https:\/\/quehacerpolitico.mx\/?p=110198","og_locale":"es_MX","og_type":"article","og_title":"Javier Aguirre no seguir\u00e1 la pr\u00f3xima temporada como t\u00e9cnico del Mallorca: \u201cGracias por todo\u201d -","og_description":"Por Redacci\u00f3n QP A falta de una jornada para terminar la temporada, el Mallorca anunci\u00f3...","og_url":"https:\/\/quehacerpolitico.mx\/?p=110198","article_published_time":"2024-05-22T19:44:47+00:00","article_modified_time":"2024-05-22T19:46:42+00:00","og_image":[{"width":1284,"height":2778,"url":"https:\/\/quehacerpolitico.mx\/wp-content\/uploads\/2024\/05\/IMG_5804.png","type":"image\/png"}],"author":"Redacci\u00f3n QP","twitter_card":"summary_large_image","twitter_misc":{"Escrito por":"Redacci\u00f3n QP","Tiempo de lectura":"2 minutos"},"schema":{"@context":"https:\/\/schema.org","@graph":[{"@type":"Article","@id":"https:\/\/quehacerpolitico.mx\/?p=110198#article","isPartOf":{"@id":"https:\/\/quehacerpolitico.mx\/?p=110198"},"author":{"name":"Redacci\u00f3n QP","@id":"https:\/\/quehacerpolitico.mx\/#\/schema\/person\/496d8ad2d1d3f8036101dca7ee39e585"},"headline":"Javier Aguirre no seguir\u00e1 la pr\u00f3xima temporada como t\u00e9cnico del Mallorca: \u201cGracias por todo\u201d","datePublished":"2024-05-22T19:44:47+00:00","dateModified":"2024-05-22T19:46:42+00:00","mainEntityOfPage":{"@id":"https:\/\/quehacerpolitico.mx\/?p=110198"},"wordCount":383,"commentCount":0,"image":{"@id":"https:\/\/quehacerpolitico.mx\/?p=110198#primaryimage"},"thumbnailUrl":"https:\/\/quehacerpolitico.mx\/wp-content\/uploads\/2024\/05\/IMG_5804.png","articleSection":["Deportes"],"inLanguage":"es","potentialAction":[{"@type":"CommentAction","name":"Comment","target":["https:\/\/quehacerpolitico.mx\/?p=110198#respond"]}]},{"@type":"WebPage","@id":"https:\/\/quehacerpolitico.mx\/?p=110198","url":"https:\/\/quehacerpolitico.mx\/?p=110198","name":"Javier Aguirre no seguir\u00e1 la pr\u00f3xima temporada como t\u00e9cnico del Mallorca: \u201cGracias por todo\u201d -","isPartOf":{"@id":"https:\/\/quehacerpolitico.mx\/#website"},"primaryImageOfPage":{"@id":"https:\/\/quehacerpolitico.mx\/?p=110198#primaryimage"},"image":{"@id":"https:\/\/quehacerpolitico.mx\/?p=110198#primaryimage"},"thumbnailUrl":"https:\/\/quehacerpolitico.mx\/wp-content\/uploads\/2024\/05\/IMG_5804.png","datePublished":"2024-05-22T19:44:47+00:00","dateModified":"2024-05-22T19:46:42+00:00","author":{"@id":"https:\/\/quehacerpolitico.mx\/#\/schema\/person\/496d8ad2d1d3f8036101dca7ee39e585"},"breadcrumb":{"@id":"https:\/\/quehacerpolitico.mx\/?p=110198#breadcrumb"},"inLanguage":"es","potentialAction":[{"@type":"ReadAction","target":["https:\/\/quehacerpolitico.mx\/?p=110198"]}]},{"@type":"ImageObject","inLanguage":"es","@id":"https:\/\/quehacerpolitico.mx\/?p=110198#primaryimage","url":"https:\/\/quehacerpolitico.mx\/wp-content\/uploads\/2024\/05\/IMG_5804.png","contentUrl":"https:\/\/quehacerpolitico.mx\/wp-content\/uploads\/2024\/05\/IMG_5804.png","width":1284,"height":2778},{"@type":"BreadcrumbList","@id":"https:\/\/quehacerpolitico.mx\/?p=110198#breadcrumb","itemListElement":[{"@type":"ListItem","position":1,"name":"Inicio","item":"https:\/\/quehacerpolitico.mx\/"},{"@type":"ListItem","position":2,"name":"Javier Aguirre no seguir\u00e1 la pr\u00f3xima temporada como t\u00e9cnico del Mallorca: \u201cGracias por todo\u201d"}]},{"@type":"WebSite","@id":"https:\/\/quehacerpolitico.mx\/#website","url":"https:\/\/quehacerpolitico.mx\/","name":"","description":"","potentialAction":[{"@type":"SearchAction","target":{"@type":"EntryPoint","urlTemplate":"https:\/\/quehacerpolitico.mx\/?s={search_term_string}"},"query-input":{"@type":"PropertyValueSpecification","valueRequired":true,"valueName":"search_term_string"}}],"inLanguage":"es"},{"@type":"Person","@id":"https:\/\/quehacerpolitico.mx\/#\/schema\/person\/496d8ad2d1d3f8036101dca7ee39e585","name":"Redacci\u00f3n QP","image":{"@type":"ImageObject","inLanguage":"es","@id":"https:\/\/secure.gravatar.com\/avatar\/c7164ed6fdec453195284ad24a5ae5b6e1eed2b848477fa2a4787ba9adf39a41?s=96&d=mm&r=g","url":"https:\/\/secure.gravatar.com\/avatar\/c7164ed6fdec453195284ad24a5ae5b6e1eed2b848477fa2a4787ba9adf39a41?s=96&d=mm&r=g","contentUrl":"https:\/\/secure.gravatar.com\/avatar\/c7164ed6fdec453195284ad24a5ae5b6e1eed2b848477fa2a4787ba9adf39a41?s=96&d=mm&r=g","caption":"Redacci\u00f3n QP"},"url":"https:\/\/quehacerpolitico.mx\/?author=2"}]}},"featured_image_urls":{"full":["https:\/\/quehacerpolitico.mx\/wp-content\/uploads\/2024\/05\/IMG_5804.png",1284,2778,false],"thumbnail":["https:\/\/quehacerpolitico.mx\/wp-content\/uploads\/2024\/05\/IMG_5804-150x150.png",150,150,true],"medium":["https:\/\/quehacerpolitico.mx\/wp-content\/uploads\/2024\/05\/IMG_5804-139x300.png",139,300,true],"medium_large":["https:\/\/quehacerpolitico.mx\/wp-content\/uploads\/2024\/05\/IMG_5804-768x1662.png",640,1385,true],"large":["https:\/\/quehacerpolitico.mx\/wp-content\/uploads\/2024\/05\/IMG_5804-473x1024.png",473,1024,true],"1536x1536":["https:\/\/quehacerpolitico.mx\/wp-content\/uploads\/2024\/05\/IMG_5804-710x1536.png",710,1536,true],"2048x2048":["https:\/\/quehacerpolitico.mx\/wp-content\/uploads\/2024\/05\/IMG_5804-947x2048.png",947,2048,true],"covernews-featured":["https:\/\/quehacerpolitico.mx\/wp-content\/uploads\/2024\/05\/IMG_5804.png",1024,2215,false],"covernews-medium":["https:\/\/quehacerpolitico.mx\/wp-content\/uploads\/2024\/05\/IMG_5804.png",157,340,false]},"author_info":{"display_name":"Redacci\u00f3n QP","author_link":"https:\/\/quehacerpolitico.mx\/?author=2"},"category_info":"<a href=\"https:\/\/quehacerpolitico.mx\/?cat=54\" rel=\"category\">Deportes<\/a>","tag_info":"Deportes","comment_count":"0","_links":{"self":[{"href":"https:\/\/quehacerpolitico.mx\/index.php?rest_route=\/wp\/v2\/posts\/110198","targetHints":{"allow":["GET"]}}],"collection":[{"href":"https:\/\/quehacerpolitico.mx\/index.php?rest_route=\/wp\/v2\/posts"}],"about":[{"href":"https:\/\/quehacerpolitico.mx\/index.php?rest_route=\/wp\/v2\/types\/post"}],"author":[{"embeddable":true,"href":"https:\/\/quehacerpolitico.mx\/index.php?rest_route=\/wp\/v2\/users\/2"}],"replies":[{"embeddable":true,"href":"https:\/\/quehacerpolitico.mx\/index.php?rest_route=%2Fwp%2Fv2%2Fcomments&post=110198"}],"version-history":[{"count":1,"href":"https:\/\/quehacerpolitico.mx\/index.php?rest_route=\/wp\/v2\/posts\/110198\/revisions"}],"predecessor-version":[{"id":110199,"href":"https:\/\/quehacerpolitico.mx\/index.php?rest_route=\/wp\/v2\/posts\/110198\/revisions\/110199"}],"wp:featuredmedia":[{"embeddable":true,"href":"https:\/\/quehacerpolitico.mx\/index.php?rest_route=\/wp\/v2\/media\/110201"}],"wp:attachment":[{"href":"https:\/\/quehacerpolitico.mx\/index.php?rest_route=%2Fwp%2Fv2%2Fmedia&parent=110198"}],"wp:term":[{"taxonomy":"category","embeddable":true,"href":"https:\/\/quehacerpolitico.mx\/index.php?rest_route=%2Fwp%2Fv2%2Fcategories&post=110198"},{"taxonomy":"post_tag","embeddable":true,"href":"https:\/\/quehacerpolitico.mx\/index.php?rest_route=%2Fwp%2Fv2%2Ftags&post=110198"}],"curies":[{"name":"wp","href":"https:\/\/api.w.org\/{rel}","templated":true}]}}