{"id":110195,"date":"2024-05-22T19:26:17","date_gmt":"2024-05-22T19:26:17","guid":{"rendered":"https:\/\/quehacerpolitico.mx\/?p=110195"},"modified":"2024-05-22T19:26:23","modified_gmt":"2024-05-22T19:26:23","slug":"checo-perez-espera-corregir-sus-errores-y-volver-a-brillar-en-monaco-quiero-recuperar-la-buena-racha","status":"publish","type":"post","link":"https:\/\/quehacerpolitico.mx\/?p=110195","title":{"rendered":"Checo P\u00e9rez espera corregir sus errores y volver a brillar en M\u00f3naco: \u201cQuiero recuperar la buena racha\u201d"},"content":{"rendered":"\n<p>Por Redacci\u00f3n QP<\/p>\n\n\n\n<p>Luego de sufrir y llegar octavo en Imola, Checo P\u00e9rez confi\u00f3 en que las cosas &#8220;cuadren&#8221; en M\u00f3naco y logre recuperar su buena racha.<\/p>\n\n\n\n<p>El piloto\u00a0<strong>mexicano\u00a0<\/strong>Checo P\u00e9rez (Red Bull) declar\u00f3 que el\u00a0<strong>Gran Premio de M\u00f3naco<\/strong>\u201csiempre destaca en el calendario\u201d y que tiene \u201cla\u00a0<strong>suerte<\/strong>\u00a0de ser uno de los\u00a0ganadores\u201d de esa prueba, por lo que\u00a0<strong>espera que las cosas cuadren y recuperar su \u201cbuena racha<\/strong>\u201c.<\/p>\n\n\n\n<p>\u201cM\u00f3naco siempre es\u00a0<strong>una de las carreras m\u00e1s destacadas<\/strong>\u00a0del calendario y tengo la gran suerte de ser uno de los ganadores de esta carrera, algo que es muy\u00a0<strong>especial<\/strong>\u00a0para m\u00ed\u201d, explic\u00f3 Checo P\u00e9rez, que logr\u00f3 uno de sus\u00a0<strong>seis triunfos\u00a0<\/strong>de F1 en las calles monegascas.<\/p>\n\n\n\n<figure class=\"wp-block-embed is-type-rich is-provider-twitter wp-block-embed-twitter\"><div class=\"wp-block-embed__wrapper\">\n<blockquote class=\"twitter-tweet\" data-width=\"550\" data-dnt=\"true\"><p lang=\"en\" dir=\"ltr\">2021 \ud83c\udfc6\u27a1\ufe0f 2022 \ud83c\udfc6\u27a1\ufe0f 2023 \ud83c\udfc6<br><br>Three <a href=\"https:\/\/twitter.com\/hashtag\/MonacoGP?src=hash&amp;ref_src=twsrc%5Etfw\">#MonacoGP<\/a> wins in a row \ud83e\udd29<br><br>What\u2019s your favourite Monaco memory? \ud83e\udd14<a href=\"https:\/\/twitter.com\/hashtag\/F1?src=hash&amp;ref_src=twsrc%5Etfw\">#F1<\/a> || <a href=\"https:\/\/twitter.com\/hashtag\/MonacoGP?src=hash&amp;ref_src=twsrc%5Etfw\">#MonacoGP<\/a> <a href=\"https:\/\/t.co\/Kfgmk89meQ\">pic.twitter.com\/Kfgmk89meQ<\/a><\/p>&mdash; Oracle Red Bull Racing (@redbullracing) <a href=\"https:\/\/twitter.com\/redbullracing\/status\/1793326000723361907?ref_src=twsrc%5Etfw\">May 22, 2024<\/a><\/blockquote><script async src=\"https:\/\/platform.twitter.com\/widgets.js\" charset=\"utf-8\"><\/script>\n<\/div><\/figure>\n\n\n\n<p>\u201cA veces parece que&nbsp;<strong>las carreras son secundarias&nbsp;<\/strong>aqu\u00ed, por todo lo que envuelve al evento en s\u00ed, que es muy grande, pero siempre venimos&nbsp;<strong>centrados<\/strong>&nbsp;y el equipo se encarga de que nos concentremos en lo que es importante, que es&nbsp;<strong>extraer lo m\u00e1ximo del coche<\/strong>\u201c, opin\u00f3 Checo, con 39 podios en la F\u00f3rmula 1 y que llega a M\u00f3naco despu\u00e9s de haber sido&nbsp;<strong>octavo<\/strong>el pasado domingo en&nbsp;<strong>Imola<\/strong>&nbsp;(Italia).<\/p>\n\n\n\n<h2 class=\"wp-block-heading\" id=\"h-presion\">PRESI\u00d3N<\/h2>\n\n\n\n<p>\u201cLa&nbsp;<strong>presi\u00f3n<\/strong>&nbsp;de sacar el&nbsp;<strong>m\u00e1ximo rendimiento<\/strong>llega el s\u00e1bado, porque adelantar es casi&nbsp;<strong>imposible<\/strong>&nbsp;el domingo. Y s\u00e9 que&nbsp;<strong>lo tengo que hacer mejor<\/strong>, despu\u00e9s de un<strong>&nbsp;fin de semana complicado<\/strong>&nbsp;en Italia\u201d, declar\u00f3 Checo P\u00e9rez con miras al Gran Premio de M\u00f3naco.<\/p>\n\n\n\n<p>\u201cEn\u00a0<strong>Imola no nos sali\u00f3 nada<\/strong>\u00a0y hemos estado trabajando duro para intentar saber qu\u00e9 pas\u00f3\u201d, coment\u00f3.<\/p>\n\n\n\n<p>\u201cQuiero\u00a0<strong>recuperar la buena racha<\/strong>, y sabemos que si cuadramos las cosas, podemos ofrecer una buena puesta en escena este fin de semana\u201d, manifest\u00f3 Checo P\u00e9rez con miras a la carrera de M\u00f3naco, la m\u00e1s ic\u00f3nica del a\u00f1o.<\/p>\n\n\n\n<p>Con informaci\u00f3n de EFE<\/p>\n","protected":false},"excerpt":{"rendered":"<p>Por Redacci\u00f3n QP Luego de sufrir y llegar octavo en Imola, Checo P\u00e9rez confi\u00f3 en&#8230;<\/p>\n","protected":false},"author":2,"featured_media":110196,"comment_status":"open","ping_status":"open","sticky":false,"template":"","format":"standard","meta":{"_monsterinsights_skip_tracking":false,"_monsterinsights_sitenote_active":false,"_monsterinsights_sitenote_note":"","_monsterinsights_sitenote_category":0,"footnotes":""},"categories":[54],"tags":[],"class_list":["post-110195","post","type-post","status-publish","format-standard","has-post-thumbnail","hentry","category-deportes"],"yoast_head":"<!-- This site is optimized with the Yoast SEO plugin v27.3 - https:\/\/yoast.com\/product\/yoast-seo-wordpress\/ -->\n<title>Checo P\u00e9rez espera corregir sus errores y volver a brillar en M\u00f3naco: \u201cQuiero recuperar la buena racha\u201d -<\/title>\n<meta name=\"robots\" content=\"index, follow, max-snippet:-1, max-image-preview:large, max-video-preview:-1\" \/>\n<link rel=\"canonical\" href=\"https:\/\/quehacerpolitico.mx\/?p=110195\" \/>\n<meta property=\"og:locale\" content=\"es_MX\" \/>\n<meta property=\"og:type\" content=\"article\" \/>\n<meta property=\"og:title\" content=\"Checo P\u00e9rez espera corregir sus errores y volver a brillar en M\u00f3naco: \u201cQuiero recuperar la buena racha\u201d -\" \/>\n<meta property=\"og:description\" content=\"Por Redacci\u00f3n QP Luego de sufrir y llegar octavo en Imola, Checo P\u00e9rez confi\u00f3 en...\" \/>\n<meta property=\"og:url\" content=\"https:\/\/quehacerpolitico.mx\/?p=110195\" \/>\n<meta property=\"article:published_time\" content=\"2024-05-22T19:26:17+00:00\" \/>\n<meta property=\"article:modified_time\" content=\"2024-05-22T19:26:23+00:00\" \/>\n<meta property=\"og:image\" content=\"https:\/\/quehacerpolitico.mx\/wp-content\/uploads\/2024\/05\/IMG_5803.jpeg\" \/>\n\t<meta property=\"og:image:width\" content=\"2048\" \/>\n\t<meta property=\"og:image:height\" content=\"1152\" \/>\n\t<meta property=\"og:image:type\" content=\"image\/jpeg\" \/>\n<meta name=\"author\" content=\"Redacci\u00f3n QP\" \/>\n<meta name=\"twitter:card\" content=\"summary_large_image\" \/>\n<meta name=\"twitter:label1\" content=\"Escrito por\" \/>\n\t<meta name=\"twitter:data1\" content=\"Redacci\u00f3n QP\" \/>\n\t<meta name=\"twitter:label2\" content=\"Tiempo de lectura\" \/>\n\t<meta name=\"twitter:data2\" content=\"2 minutos\" \/>\n<script type=\"application\/ld+json\" class=\"yoast-schema-graph\">{\"@context\":\"https:\\\/\\\/schema.org\",\"@graph\":[{\"@type\":\"Article\",\"@id\":\"https:\\\/\\\/quehacerpolitico.mx\\\/?p=110195#article\",\"isPartOf\":{\"@id\":\"https:\\\/\\\/quehacerpolitico.mx\\\/?p=110195\"},\"author\":{\"name\":\"Redacci\u00f3n QP\",\"@id\":\"https:\\\/\\\/quehacerpolitico.mx\\\/#\\\/schema\\\/person\\\/496d8ad2d1d3f8036101dca7ee39e585\"},\"headline\":\"Checo P\u00e9rez espera corregir sus errores y volver a brillar en M\u00f3naco: \u201cQuiero recuperar la buena racha\u201d\",\"datePublished\":\"2024-05-22T19:26:17+00:00\",\"dateModified\":\"2024-05-22T19:26:23+00:00\",\"mainEntityOfPage\":{\"@id\":\"https:\\\/\\\/quehacerpolitico.mx\\\/?p=110195\"},\"wordCount\":364,\"commentCount\":0,\"image\":{\"@id\":\"https:\\\/\\\/quehacerpolitico.mx\\\/?p=110195#primaryimage\"},\"thumbnailUrl\":\"https:\\\/\\\/quehacerpolitico.mx\\\/wp-content\\\/uploads\\\/2024\\\/05\\\/IMG_5803.jpeg\",\"articleSection\":[\"Deportes\"],\"inLanguage\":\"es\",\"potentialAction\":[{\"@type\":\"CommentAction\",\"name\":\"Comment\",\"target\":[\"https:\\\/\\\/quehacerpolitico.mx\\\/?p=110195#respond\"]}]},{\"@type\":\"WebPage\",\"@id\":\"https:\\\/\\\/quehacerpolitico.mx\\\/?p=110195\",\"url\":\"https:\\\/\\\/quehacerpolitico.mx\\\/?p=110195\",\"name\":\"Checo P\u00e9rez espera corregir sus errores y volver a brillar en M\u00f3naco: \u201cQuiero recuperar la buena racha\u201d -\",\"isPartOf\":{\"@id\":\"https:\\\/\\\/quehacerpolitico.mx\\\/#website\"},\"primaryImageOfPage\":{\"@id\":\"https:\\\/\\\/quehacerpolitico.mx\\\/?p=110195#primaryimage\"},\"image\":{\"@id\":\"https:\\\/\\\/quehacerpolitico.mx\\\/?p=110195#primaryimage\"},\"thumbnailUrl\":\"https:\\\/\\\/quehacerpolitico.mx\\\/wp-content\\\/uploads\\\/2024\\\/05\\\/IMG_5803.jpeg\",\"datePublished\":\"2024-05-22T19:26:17+00:00\",\"dateModified\":\"2024-05-22T19:26:23+00:00\",\"author\":{\"@id\":\"https:\\\/\\\/quehacerpolitico.mx\\\/#\\\/schema\\\/person\\\/496d8ad2d1d3f8036101dca7ee39e585\"},\"breadcrumb\":{\"@id\":\"https:\\\/\\\/quehacerpolitico.mx\\\/?p=110195#breadcrumb\"},\"inLanguage\":\"es\",\"potentialAction\":[{\"@type\":\"ReadAction\",\"target\":[\"https:\\\/\\\/quehacerpolitico.mx\\\/?p=110195\"]}]},{\"@type\":\"ImageObject\",\"inLanguage\":\"es\",\"@id\":\"https:\\\/\\\/quehacerpolitico.mx\\\/?p=110195#primaryimage\",\"url\":\"https:\\\/\\\/quehacerpolitico.mx\\\/wp-content\\\/uploads\\\/2024\\\/05\\\/IMG_5803.jpeg\",\"contentUrl\":\"https:\\\/\\\/quehacerpolitico.mx\\\/wp-content\\\/uploads\\\/2024\\\/05\\\/IMG_5803.jpeg\",\"width\":2048,\"height\":1152},{\"@type\":\"BreadcrumbList\",\"@id\":\"https:\\\/\\\/quehacerpolitico.mx\\\/?p=110195#breadcrumb\",\"itemListElement\":[{\"@type\":\"ListItem\",\"position\":1,\"name\":\"Inicio\",\"item\":\"https:\\\/\\\/quehacerpolitico.mx\\\/\"},{\"@type\":\"ListItem\",\"position\":2,\"name\":\"Checo P\u00e9rez espera corregir sus errores y volver a brillar en M\u00f3naco: \u201cQuiero recuperar la buena racha\u201d\"}]},{\"@type\":\"WebSite\",\"@id\":\"https:\\\/\\\/quehacerpolitico.mx\\\/#website\",\"url\":\"https:\\\/\\\/quehacerpolitico.mx\\\/\",\"name\":\"\",\"description\":\"\",\"potentialAction\":[{\"@type\":\"SearchAction\",\"target\":{\"@type\":\"EntryPoint\",\"urlTemplate\":\"https:\\\/\\\/quehacerpolitico.mx\\\/?s={search_term_string}\"},\"query-input\":{\"@type\":\"PropertyValueSpecification\",\"valueRequired\":true,\"valueName\":\"search_term_string\"}}],\"inLanguage\":\"es\"},{\"@type\":\"Person\",\"@id\":\"https:\\\/\\\/quehacerpolitico.mx\\\/#\\\/schema\\\/person\\\/496d8ad2d1d3f8036101dca7ee39e585\",\"name\":\"Redacci\u00f3n QP\",\"image\":{\"@type\":\"ImageObject\",\"inLanguage\":\"es\",\"@id\":\"https:\\\/\\\/secure.gravatar.com\\\/avatar\\\/c7164ed6fdec453195284ad24a5ae5b6e1eed2b848477fa2a4787ba9adf39a41?s=96&d=mm&r=g\",\"url\":\"https:\\\/\\\/secure.gravatar.com\\\/avatar\\\/c7164ed6fdec453195284ad24a5ae5b6e1eed2b848477fa2a4787ba9adf39a41?s=96&d=mm&r=g\",\"contentUrl\":\"https:\\\/\\\/secure.gravatar.com\\\/avatar\\\/c7164ed6fdec453195284ad24a5ae5b6e1eed2b848477fa2a4787ba9adf39a41?s=96&d=mm&r=g\",\"caption\":\"Redacci\u00f3n QP\"},\"url\":\"https:\\\/\\\/quehacerpolitico.mx\\\/?author=2\"}]}<\/script>\n<!-- \/ Yoast SEO plugin. -->","yoast_head_json":{"title":"Checo P\u00e9rez espera corregir sus errores y volver a brillar en M\u00f3naco: \u201cQuiero recuperar la buena racha\u201d -","robots":{"index":"index","follow":"follow","max-snippet":"max-snippet:-1","max-image-preview":"max-image-preview:large","max-video-preview":"max-video-preview:-1"},"canonical":"https:\/\/quehacerpolitico.mx\/?p=110195","og_locale":"es_MX","og_type":"article","og_title":"Checo P\u00e9rez espera corregir sus errores y volver a brillar en M\u00f3naco: \u201cQuiero recuperar la buena racha\u201d -","og_description":"Por Redacci\u00f3n QP Luego de sufrir y llegar octavo en Imola, Checo P\u00e9rez confi\u00f3 en...","og_url":"https:\/\/quehacerpolitico.mx\/?p=110195","article_published_time":"2024-05-22T19:26:17+00:00","article_modified_time":"2024-05-22T19:26:23+00:00","og_image":[{"width":2048,"height":1152,"url":"https:\/\/quehacerpolitico.mx\/wp-content\/uploads\/2024\/05\/IMG_5803.jpeg","type":"image\/jpeg"}],"author":"Redacci\u00f3n QP","twitter_card":"summary_large_image","twitter_misc":{"Escrito por":"Redacci\u00f3n QP","Tiempo de lectura":"2 minutos"},"schema":{"@context":"https:\/\/schema.org","@graph":[{"@type":"Article","@id":"https:\/\/quehacerpolitico.mx\/?p=110195#article","isPartOf":{"@id":"https:\/\/quehacerpolitico.mx\/?p=110195"},"author":{"name":"Redacci\u00f3n QP","@id":"https:\/\/quehacerpolitico.mx\/#\/schema\/person\/496d8ad2d1d3f8036101dca7ee39e585"},"headline":"Checo P\u00e9rez espera corregir sus errores y volver a brillar en M\u00f3naco: \u201cQuiero recuperar la buena racha\u201d","datePublished":"2024-05-22T19:26:17+00:00","dateModified":"2024-05-22T19:26:23+00:00","mainEntityOfPage":{"@id":"https:\/\/quehacerpolitico.mx\/?p=110195"},"wordCount":364,"commentCount":0,"image":{"@id":"https:\/\/quehacerpolitico.mx\/?p=110195#primaryimage"},"thumbnailUrl":"https:\/\/quehacerpolitico.mx\/wp-content\/uploads\/2024\/05\/IMG_5803.jpeg","articleSection":["Deportes"],"inLanguage":"es","potentialAction":[{"@type":"CommentAction","name":"Comment","target":["https:\/\/quehacerpolitico.mx\/?p=110195#respond"]}]},{"@type":"WebPage","@id":"https:\/\/quehacerpolitico.mx\/?p=110195","url":"https:\/\/quehacerpolitico.mx\/?p=110195","name":"Checo P\u00e9rez espera corregir sus errores y volver a brillar en M\u00f3naco: \u201cQuiero recuperar la buena racha\u201d -","isPartOf":{"@id":"https:\/\/quehacerpolitico.mx\/#website"},"primaryImageOfPage":{"@id":"https:\/\/quehacerpolitico.mx\/?p=110195#primaryimage"},"image":{"@id":"https:\/\/quehacerpolitico.mx\/?p=110195#primaryimage"},"thumbnailUrl":"https:\/\/quehacerpolitico.mx\/wp-content\/uploads\/2024\/05\/IMG_5803.jpeg","datePublished":"2024-05-22T19:26:17+00:00","dateModified":"2024-05-22T19:26:23+00:00","author":{"@id":"https:\/\/quehacerpolitico.mx\/#\/schema\/person\/496d8ad2d1d3f8036101dca7ee39e585"},"breadcrumb":{"@id":"https:\/\/quehacerpolitico.mx\/?p=110195#breadcrumb"},"inLanguage":"es","potentialAction":[{"@type":"ReadAction","target":["https:\/\/quehacerpolitico.mx\/?p=110195"]}]},{"@type":"ImageObject","inLanguage":"es","@id":"https:\/\/quehacerpolitico.mx\/?p=110195#primaryimage","url":"https:\/\/quehacerpolitico.mx\/wp-content\/uploads\/2024\/05\/IMG_5803.jpeg","contentUrl":"https:\/\/quehacerpolitico.mx\/wp-content\/uploads\/2024\/05\/IMG_5803.jpeg","width":2048,"height":1152},{"@type":"BreadcrumbList","@id":"https:\/\/quehacerpolitico.mx\/?p=110195#breadcrumb","itemListElement":[{"@type":"ListItem","position":1,"name":"Inicio","item":"https:\/\/quehacerpolitico.mx\/"},{"@type":"ListItem","position":2,"name":"Checo P\u00e9rez espera corregir sus errores y volver a brillar en M\u00f3naco: \u201cQuiero recuperar la buena racha\u201d"}]},{"@type":"WebSite","@id":"https:\/\/quehacerpolitico.mx\/#website","url":"https:\/\/quehacerpolitico.mx\/","name":"","description":"","potentialAction":[{"@type":"SearchAction","target":{"@type":"EntryPoint","urlTemplate":"https:\/\/quehacerpolitico.mx\/?s={search_term_string}"},"query-input":{"@type":"PropertyValueSpecification","valueRequired":true,"valueName":"search_term_string"}}],"inLanguage":"es"},{"@type":"Person","@id":"https:\/\/quehacerpolitico.mx\/#\/schema\/person\/496d8ad2d1d3f8036101dca7ee39e585","name":"Redacci\u00f3n QP","image":{"@type":"ImageObject","inLanguage":"es","@id":"https:\/\/secure.gravatar.com\/avatar\/c7164ed6fdec453195284ad24a5ae5b6e1eed2b848477fa2a4787ba9adf39a41?s=96&d=mm&r=g","url":"https:\/\/secure.gravatar.com\/avatar\/c7164ed6fdec453195284ad24a5ae5b6e1eed2b848477fa2a4787ba9adf39a41?s=96&d=mm&r=g","contentUrl":"https:\/\/secure.gravatar.com\/avatar\/c7164ed6fdec453195284ad24a5ae5b6e1eed2b848477fa2a4787ba9adf39a41?s=96&d=mm&r=g","caption":"Redacci\u00f3n QP"},"url":"https:\/\/quehacerpolitico.mx\/?author=2"}]}},"featured_image_urls":{"full":["https:\/\/quehacerpolitico.mx\/wp-content\/uploads\/2024\/05\/IMG_5803.jpeg",2048,1152,false],"thumbnail":["https:\/\/quehacerpolitico.mx\/wp-content\/uploads\/2024\/05\/IMG_5803-150x150.jpeg",150,150,true],"medium":["https:\/\/quehacerpolitico.mx\/wp-content\/uploads\/2024\/05\/IMG_5803-300x169.jpeg",300,169,true],"medium_large":["https:\/\/quehacerpolitico.mx\/wp-content\/uploads\/2024\/05\/IMG_5803-768x432.jpeg",640,360,true],"large":["https:\/\/quehacerpolitico.mx\/wp-content\/uploads\/2024\/05\/IMG_5803-1024x576.jpeg",640,360,true],"1536x1536":["https:\/\/quehacerpolitico.mx\/wp-content\/uploads\/2024\/05\/IMG_5803-1536x864.jpeg",1536,864,true],"2048x2048":["https:\/\/quehacerpolitico.mx\/wp-content\/uploads\/2024\/05\/IMG_5803.jpeg",2048,1152,false],"covernews-featured":["https:\/\/quehacerpolitico.mx\/wp-content\/uploads\/2024\/05\/IMG_5803.jpeg",1024,576,false],"covernews-medium":["https:\/\/quehacerpolitico.mx\/wp-content\/uploads\/2024\/05\/IMG_5803.jpeg",540,304,false]},"author_info":{"display_name":"Redacci\u00f3n QP","author_link":"https:\/\/quehacerpolitico.mx\/?author=2"},"category_info":"<a href=\"https:\/\/quehacerpolitico.mx\/?cat=54\" rel=\"category\">Deportes<\/a>","tag_info":"Deportes","comment_count":"0","_links":{"self":[{"href":"https:\/\/quehacerpolitico.mx\/index.php?rest_route=\/wp\/v2\/posts\/110195","targetHints":{"allow":["GET"]}}],"collection":[{"href":"https:\/\/quehacerpolitico.mx\/index.php?rest_route=\/wp\/v2\/posts"}],"about":[{"href":"https:\/\/quehacerpolitico.mx\/index.php?rest_route=\/wp\/v2\/types\/post"}],"author":[{"embeddable":true,"href":"https:\/\/quehacerpolitico.mx\/index.php?rest_route=\/wp\/v2\/users\/2"}],"replies":[{"embeddable":true,"href":"https:\/\/quehacerpolitico.mx\/index.php?rest_route=%2Fwp%2Fv2%2Fcomments&post=110195"}],"version-history":[{"count":1,"href":"https:\/\/quehacerpolitico.mx\/index.php?rest_route=\/wp\/v2\/posts\/110195\/revisions"}],"predecessor-version":[{"id":110197,"href":"https:\/\/quehacerpolitico.mx\/index.php?rest_route=\/wp\/v2\/posts\/110195\/revisions\/110197"}],"wp:featuredmedia":[{"embeddable":true,"href":"https:\/\/quehacerpolitico.mx\/index.php?rest_route=\/wp\/v2\/media\/110196"}],"wp:attachment":[{"href":"https:\/\/quehacerpolitico.mx\/index.php?rest_route=%2Fwp%2Fv2%2Fmedia&parent=110195"}],"wp:term":[{"taxonomy":"category","embeddable":true,"href":"https:\/\/quehacerpolitico.mx\/index.php?rest_route=%2Fwp%2Fv2%2Fcategories&post=110195"},{"taxonomy":"post_tag","embeddable":true,"href":"https:\/\/quehacerpolitico.mx\/index.php?rest_route=%2Fwp%2Fv2%2Ftags&post=110195"}],"curies":[{"name":"wp","href":"https:\/\/api.w.org\/{rel}","templated":true}]}}