{"id":110192,"date":"2024-05-22T18:53:59","date_gmt":"2024-05-22T18:53:59","guid":{"rendered":"https:\/\/quehacerpolitico.mx\/?p=110192"},"modified":"2024-05-22T18:54:03","modified_gmt":"2024-05-22T18:54:03","slug":"el-quehacer-politico-internacional-carolina-alonso-romei-noruega-irlanda-y-espana-reconocen-a-palestina-y-esto-significa-para-israel","status":"publish","type":"post","link":"https:\/\/quehacerpolitico.mx\/?p=110192","title":{"rendered":"El Quehacer Pol\u00edtico Internacional\/\/\/Carolina Alonso Romei\/\/\/Noruega, Irlanda y Espa\u00f1a reconocen a Palestina y esto significa para Israel"},"content":{"rendered":"\n<p>Por Carolina Alonso Romei<\/p>\n\n\n\n<p>Internacionalista <\/p>\n\n\n\n<p>Los anuncios se dieron despu\u00e9s que el fiscal de la CPI solicit\u00f3 \u00f3rdenes de detenci\u00f3n contra el primer ministro, Benjamin Netanyahu, y su ministro de Defensa<\/p>\n\n\n\n<p><mark><strong>Los gobiernos de Noruega, Irlanda y Espa\u00f1a anunciaron hoy mi\u00e9rcoles 22 de mayo el reconocimiento del Estado de Palestina<\/strong><\/mark>\u00a0en una decisi\u00f3n hist\u00f3rica, aunque mayoritariamente simb\u00f3lica, que\u00a0<strong>aumenta el aislamiento de\u00a0 Israel tras<\/strong><strong> m\u00e1s de siete meses de devastadora guerra contra Ham\u00e1s en Gaza.<\/strong><\/p>\n\n\n\n<figure class=\"wp-block-embed is-type-video is-provider-youtube wp-block-embed-youtube wp-embed-aspect-16-9 wp-has-aspect-ratio\"><div class=\"wp-block-embed__wrapper\">\n<iframe loading=\"lazy\" title=\"Informe desde Madrid: Espa\u00f1a, Noruega e Irlanda reconocer\u00e1n a Palestina como Estado\" width=\"640\" height=\"360\" src=\"https:\/\/www.youtube.com\/embed\/ZscnhiE2RKs?feature=oembed\" frameborder=\"0\" allow=\"accelerometer; autoplay; clipboard-write; encrypted-media; gyroscope; picture-in-picture; web-share\" referrerpolicy=\"strict-origin-when-cross-origin\" allowfullscreen><\/iframe>\n<\/div><\/figure>\n\n\n\n<p>Los anuncios se dieron despu\u00e9s que el fiscal de la Corte Penal Internacional solicit\u00f3 \u00f3rdenes de detenci\u00f3n contra el primer ministro de Israel, Benjamin Netanyahu, y su ministro de Defensa, y\u00a0<strong>mientras la Corte Internacional de Justicia estudiaba unas acusaciones de genocidio<\/strong>\u00a0que Israel ha negado de forma categ\u00f3rica.<\/p>\n\n\n\n<figure class=\"wp-block-embed is-type-video is-provider-youtube wp-block-embed-youtube wp-embed-aspect-16-9 wp-has-aspect-ratio\"><div class=\"wp-block-embed__wrapper\">\n<iframe loading=\"lazy\" title=\"Espa\u00f1a, Irlanda y Noruega reconocer\u00e1n a Palestina como Estado | AFP\" width=\"640\" height=\"360\" src=\"https:\/\/www.youtube.com\/embed\/23Cgw3ls1xk?feature=oembed\" frameborder=\"0\" allow=\"accelerometer; autoplay; clipboard-write; encrypted-media; gyroscope; picture-in-picture; web-share\" referrerpolicy=\"strict-origin-when-cross-origin\" allowfullscreen><\/iframe>\n<\/div><\/figure>\n\n\n\n<p>Los palestinos celebraron los reconocimientos como una afirmaci\u00f3n de su lucha de varias d\u00e9cadas para establecer un Estado en Jerusal\u00e9n Este, Cisjordania y la Franja de Gaza, territorios capturados por Israel en la Guerra de los Siete D\u00edas de 1967 y que todav\u00eda controla.<\/p>\n\n\n\n<p>Israel retir\u00f3 a sus embajadores en los tres pa\u00edses y convoc\u00f3 a sus respectivos enviados diplom\u00e1ticos en el pa\u00eds, acusando a los europeos de recompensar al grupo insurgente\u00a0Ham\u00e1s por su letal asalto del 7 de octubre sobre el sur del pa\u00eds que desencaden\u00f3 la guerra.<\/p>\n\n\n\n<figure class=\"wp-block-embed is-type-video is-provider-youtube wp-block-embed-youtube wp-embed-aspect-16-9 wp-has-aspect-ratio\"><div class=\"wp-block-embed__wrapper\">\n<iframe loading=\"lazy\" title=\"PALESTINA | Noruega e Irlanda anuncian el reconocimiento de Palestina | EL PA\u00cdS\" width=\"640\" height=\"360\" src=\"https:\/\/www.youtube.com\/embed\/3gVAKCY495w?feature=oembed\" frameborder=\"0\" allow=\"accelerometer; autoplay; clipboard-write; encrypted-media; gyroscope; picture-in-picture; web-share\" referrerpolicy=\"strict-origin-when-cross-origin\" allowfullscreen><\/iframe>\n<\/div><\/figure>\n\n\n\n<p><strong>El gobierno de Netanyahu, que se opone a la creaci\u00f3n de un Estado palestino, dijo que el conflicto solo puede resolverse mediante negociaciones directas, pero las \u00faltimas fracasaron hace m\u00e1s de 15 a\u00f1os.<\/strong><\/p>\n\n\n\n<p>Para subrayar este punto, el ministro israel\u00ed de Seguridad Nacional, el ultraderechista Itamar Ben-Gvir, realiz\u00f3 el mi\u00e9rcoles una provocadora visita a un lugar sagrado tanto para jud\u00edos como para musulmanes, lo que podr\u00eda elevar a\u00fan m\u00e1s las tensiones en la regi\u00f3n.<\/p>\n\n\n\n<p>Ben-Gvir dijo que la visita era una respuesta al anuncio de los tres pa\u00edses europeos. &#8220;No permitiremos ni siquiera una declaraci\u00f3n sobre un Estado palestino&#8221;, manifest\u00f3. El complejo de la mezquita de Al-Aqsa es el tercer sitio m\u00e1s sagrado del islam, y la cima de la colina donde se encuentra es el primero para los jud\u00edos, que se refieren a \u00e9l como Monte del Templo.<\/p>\n\n\n\n<p>Con el anuncio oficial de sus decisiones, previsto para el 28 de mayo, Oslo, Dubl\u00edn y Madrid se unen a los alrededor de 140 pa\u00edses -m\u00e1s de dos tercios de los miembros de Naciones Unidas- que han reconocido ya un Estado de\u00a0Palestina.<mark><strong>Estados Unidos y Reino Unido, entre otros, han respaldado la idea de un Estado palestino independiente que coexista con Israel, pero dicen que debe formar parte de un acuerdo negociado.<\/strong><\/mark><\/p>\n\n\n\n<p>Los anuncios europeos se produjeron en una r\u00e1pida sucesi\u00f3n. Noruega, que ayud\u00f3 a negociar los acuerdos de Olso -que iniciaron el proceso de paz en la d\u00e9cada de 1990-, fue el primero en dar a conocer su decisi\u00f3n, y su primer ministro, Jonas Gahr St\u00f8re, apunt\u00f3 que&nbsp;<strong>&#8220;en Medio Oriente no puede haber paz si no hay reconocimiento&#8221;<\/strong>.<\/p>\n\n\n\n<p>Un poco m\u00e1s tarde, el primer ministro de Irlanda, Simon Harris, explic\u00f3 que las tres naciones se coordinaron y que era &#8220;un d\u00eda hist\u00f3rico e importante para Irlanda y para Palestina&#8221;, a\u00f1adiendo que cre\u00eda que otros pa\u00edses podr\u00edan seguir sus pasos &#8220;en las pr\u00f3ximas semanas&#8221;.<\/p>\n\n\n\n<p>La comunidad internacional considera desde hace tiempo que&nbsp;<strong>la creaci\u00f3n de un Estado palestino junto a Israel es la \u00fanica forma realista de resolver el conflicto<\/strong>, y en las \u00faltimas semanas los pa\u00edses de la Uni\u00f3n Europea han indicado que planean reconocer un Estado palestino para impulsar esos esfuerzos.<\/p>\n\n\n\n<p>Por su parte, el presidente del gobierno de\u00a0Espa\u00f1a, Pedro S\u00e1nchez, que anunci\u00f3 la decisi\u00f3n ante el Parlamento, recorri\u00f3 durante meses pa\u00edses europeos y de Oriente Medio para recabar apoyos al reconocimiento, as\u00ed como a un posible alto el fuego en la Franja de Gaza.<\/p>\n\n\n\n<p>El reconocimiento &#8220;no es acto contra nadie, no es contra el pueblo israel\u00ed (\u2026) Es un acto de paz, de justicia y de coherencia&#8221;, afirm\u00f3 el mandatario, que dijo que estaba claro que Netanyahu &#8220;no tiene un proyecto de paz&#8221;, al tiempo que reconoci\u00f3 que &#8220;su lucha contra el grupo terrorista jam\u00e1s es leg\u00edtima&#8221;.<\/p>\n\n\n\n<h2 class=\"wp-block-heading\">Israel reacciona al reconocimiento de Palestina<\/h2>\n\n\n\n<p>El gobierno israel\u00ed conden\u00f3 con contundencia la decisi\u00f3n adoptada por los tres pa\u00edses. El ministro de Exteriores, Israel Katz, orden\u00f3 el regreso inmediato de sus embajadores y convoc\u00f3 a los enviados diplom\u00e1ticos de los tres pa\u00edses en Israel. Dijo que ver\u00edan videos espeluznantes del ataque del 7 de octubre.<\/p>\n\n\n\n<p><mark><strong>&#8220;La historia recordar\u00e1 que Espa\u00f1a, Noruega e Irlanda decidieron conceder una medalla de oro a los asesinos y violadores de Ham\u00e1s&#8221;,<\/strong><\/mark>&nbsp;declar\u00f3. Adem\u00e1s, asegur\u00f3 que el anuncio socavar\u00eda las conversaciones encaminadas a lograr un alto el fuego y la liberaci\u00f3n de los rehenes que siguen en Gaza, que se estancaron a principios de mes.<\/p>\n\n\n\n<p>El presidente palestino, Mahmud Ab\u00e1s, l\u00edder de la Autoridad Palestina que administra partes de la Cisjordania ocupada por Israel, celebr\u00f3 los pasos hacia el reconocimiento y dijo que contribuir\u00edan a los esfuerzos para alcanzar una soluci\u00f3n de dos estados.<\/p>\n\n\n\n<p>Ham\u00e1s celebr\u00f3 tambi\u00e9n las medidas y pidi\u00f3 a otras naciones que &#8220;reconozcan nuestros derechos leg\u00edtimos y apoyen la lucha de nuestro pueblo por la liberaci\u00f3n y la independencia, y el fin de la ocupaci\u00f3n sionista de nuestra tierra&#8221;.<\/p>\n\n\n\n<p><strong>Ham\u00e1s, a quien Occidente e Israel consideran un grupo terrorista, no reconoce la existencia de Israel, pero ha indicado que podr\u00eda aceptar la creaci\u00f3n de un estado seg\u00fan las fronteras de 1967, al menos de forma provisional.<\/strong><\/p>\n\n\n\n<p>Es poco probable que los anuncios del mi\u00e9rcoles tengan alg\u00fan impacto sobre el terreno. Israel se anexion\u00f3 Jerusal\u00e9n Este y considera que forma parte de su capital. En la Cisjordania ocupada, ha levantado decenas de asentamientos jud\u00edos en los que ahora residen m\u00e1s de 500 mil israel\u00edes. Los colonos tienen ciudadan\u00eda israel\u00ed, mientras que los tres millones de palestinos que viven all\u00ed lo hacen bajo un r\u00e9gimen militar israel\u00ed aparentemente indefinido.<\/p>\n\n\n\n<p>En Gaza, la guerra sigue su curso y\u00a0Benjamin Netanyahu <strong>ha afirmado que Israel mantendr\u00e1 el control de la seguridad de forma indefinida, incluso despu\u00e9s de derrotar a Ham\u00e1s.<\/strong><\/p>\n\n\n\n<p>Hugh Lovatt, del centro de estudios Consejo Europeo de Relaciones Exteriores, indic\u00f3 que &#8220;el reconocimiento es un paso tangible hacia una v\u00eda pol\u00edtica viable que conduzca a la autodeterminaci\u00f3n palestina&#8221;.<\/p>\n\n\n\n<p>Pero para que tenga repercusi\u00f3n, debe ir acompa\u00f1ada de &#8220;medidas tangibles para contrarrestar la anexi\u00f3n y colonizaci\u00f3n de territorio palestino por tarde de Israel, como vetar los productos y servicios financieros de los asentamientos&#8221;.<\/p>\n\n\n\n<p>Con informaci\u00f3n de AP<\/p>\n","protected":false},"excerpt":{"rendered":"<p>Por Carolina Alonso Romei Internacionalista Los anuncios se dieron despu\u00e9s que el fiscal de la&#8230;<\/p>\n","protected":false},"author":2,"featured_media":110193,"comment_status":"open","ping_status":"open","sticky":false,"template":"","format":"standard","meta":{"_monsterinsights_skip_tracking":false,"_monsterinsights_sitenote_active":false,"_monsterinsights_sitenote_note":"","_monsterinsights_sitenote_category":0,"footnotes":""},"categories":[1],"tags":[],"class_list":["post-110192","post","type-post","status-publish","format-standard","has-post-thumbnail","hentry","category-sin-categoria"],"yoast_head":"<!-- This site is optimized with the Yoast SEO plugin v27.3 - https:\/\/yoast.com\/product\/yoast-seo-wordpress\/ -->\n<title>El Quehacer Pol\u00edtico Internacional\/\/\/Carolina Alonso Romei\/\/\/Noruega, Irlanda y Espa\u00f1a reconocen a Palestina y esto significa para Israel -<\/title>\n<meta name=\"robots\" content=\"index, follow, max-snippet:-1, max-image-preview:large, max-video-preview:-1\" \/>\n<link rel=\"canonical\" href=\"https:\/\/quehacerpolitico.mx\/?p=110192\" \/>\n<meta property=\"og:locale\" content=\"es_MX\" \/>\n<meta property=\"og:type\" content=\"article\" \/>\n<meta property=\"og:title\" content=\"El Quehacer Pol\u00edtico Internacional\/\/\/Carolina Alonso Romei\/\/\/Noruega, Irlanda y Espa\u00f1a reconocen a Palestina y esto significa para Israel -\" \/>\n<meta property=\"og:description\" content=\"Por Carolina Alonso Romei Internacionalista Los anuncios se dieron despu\u00e9s que el fiscal de la...\" \/>\n<meta property=\"og:url\" content=\"https:\/\/quehacerpolitico.mx\/?p=110192\" \/>\n<meta property=\"article:published_time\" content=\"2024-05-22T18:53:59+00:00\" \/>\n<meta property=\"article:modified_time\" content=\"2024-05-22T18:54:03+00:00\" \/>\n<meta property=\"og:image\" content=\"https:\/\/quehacerpolitico.mx\/wp-content\/uploads\/2024\/05\/03fa6135-c3fe-44b7-8e96-c6ca323ffebb-17.jpeg\" \/>\n\t<meta property=\"og:image:width\" content=\"963\" \/>\n\t<meta property=\"og:image:height\" content=\"493\" \/>\n\t<meta property=\"og:image:type\" content=\"image\/jpeg\" \/>\n<meta name=\"author\" content=\"Redacci\u00f3n QP\" \/>\n<meta name=\"twitter:card\" content=\"summary_large_image\" \/>\n<meta name=\"twitter:label1\" content=\"Escrito por\" \/>\n\t<meta name=\"twitter:data1\" content=\"Redacci\u00f3n QP\" \/>\n\t<meta name=\"twitter:label2\" content=\"Tiempo de lectura\" \/>\n\t<meta name=\"twitter:data2\" content=\"6 minutos\" \/>\n<script type=\"application\/ld+json\" class=\"yoast-schema-graph\">{\"@context\":\"https:\\\/\\\/schema.org\",\"@graph\":[{\"@type\":\"Article\",\"@id\":\"https:\\\/\\\/quehacerpolitico.mx\\\/?p=110192#article\",\"isPartOf\":{\"@id\":\"https:\\\/\\\/quehacerpolitico.mx\\\/?p=110192\"},\"author\":{\"name\":\"Redacci\u00f3n QP\",\"@id\":\"https:\\\/\\\/quehacerpolitico.mx\\\/#\\\/schema\\\/person\\\/496d8ad2d1d3f8036101dca7ee39e585\"},\"headline\":\"El Quehacer Pol\u00edtico Internacional\\\/\\\/\\\/Carolina Alonso Romei\\\/\\\/\\\/Noruega, Irlanda y Espa\u00f1a reconocen a Palestina y esto significa para Israel\",\"datePublished\":\"2024-05-22T18:53:59+00:00\",\"dateModified\":\"2024-05-22T18:54:03+00:00\",\"mainEntityOfPage\":{\"@id\":\"https:\\\/\\\/quehacerpolitico.mx\\\/?p=110192\"},\"wordCount\":1209,\"commentCount\":0,\"image\":{\"@id\":\"https:\\\/\\\/quehacerpolitico.mx\\\/?p=110192#primaryimage\"},\"thumbnailUrl\":\"https:\\\/\\\/quehacerpolitico.mx\\\/wp-content\\\/uploads\\\/2024\\\/05\\\/03fa6135-c3fe-44b7-8e96-c6ca323ffebb-17.jpeg\",\"articleSection\":[\"Internacionales\"],\"inLanguage\":\"es\",\"potentialAction\":[{\"@type\":\"CommentAction\",\"name\":\"Comment\",\"target\":[\"https:\\\/\\\/quehacerpolitico.mx\\\/?p=110192#respond\"]}]},{\"@type\":\"WebPage\",\"@id\":\"https:\\\/\\\/quehacerpolitico.mx\\\/?p=110192\",\"url\":\"https:\\\/\\\/quehacerpolitico.mx\\\/?p=110192\",\"name\":\"El Quehacer Pol\u00edtico Internacional\\\/\\\/\\\/Carolina Alonso Romei\\\/\\\/\\\/Noruega, Irlanda y Espa\u00f1a reconocen a Palestina y esto significa para Israel -\",\"isPartOf\":{\"@id\":\"https:\\\/\\\/quehacerpolitico.mx\\\/#website\"},\"primaryImageOfPage\":{\"@id\":\"https:\\\/\\\/quehacerpolitico.mx\\\/?p=110192#primaryimage\"},\"image\":{\"@id\":\"https:\\\/\\\/quehacerpolitico.mx\\\/?p=110192#primaryimage\"},\"thumbnailUrl\":\"https:\\\/\\\/quehacerpolitico.mx\\\/wp-content\\\/uploads\\\/2024\\\/05\\\/03fa6135-c3fe-44b7-8e96-c6ca323ffebb-17.jpeg\",\"datePublished\":\"2024-05-22T18:53:59+00:00\",\"dateModified\":\"2024-05-22T18:54:03+00:00\",\"author\":{\"@id\":\"https:\\\/\\\/quehacerpolitico.mx\\\/#\\\/schema\\\/person\\\/496d8ad2d1d3f8036101dca7ee39e585\"},\"breadcrumb\":{\"@id\":\"https:\\\/\\\/quehacerpolitico.mx\\\/?p=110192#breadcrumb\"},\"inLanguage\":\"es\",\"potentialAction\":[{\"@type\":\"ReadAction\",\"target\":[\"https:\\\/\\\/quehacerpolitico.mx\\\/?p=110192\"]}]},{\"@type\":\"ImageObject\",\"inLanguage\":\"es\",\"@id\":\"https:\\\/\\\/quehacerpolitico.mx\\\/?p=110192#primaryimage\",\"url\":\"https:\\\/\\\/quehacerpolitico.mx\\\/wp-content\\\/uploads\\\/2024\\\/05\\\/03fa6135-c3fe-44b7-8e96-c6ca323ffebb-17.jpeg\",\"contentUrl\":\"https:\\\/\\\/quehacerpolitico.mx\\\/wp-content\\\/uploads\\\/2024\\\/05\\\/03fa6135-c3fe-44b7-8e96-c6ca323ffebb-17.jpeg\",\"width\":963,\"height\":493},{\"@type\":\"BreadcrumbList\",\"@id\":\"https:\\\/\\\/quehacerpolitico.mx\\\/?p=110192#breadcrumb\",\"itemListElement\":[{\"@type\":\"ListItem\",\"position\":1,\"name\":\"Inicio\",\"item\":\"https:\\\/\\\/quehacerpolitico.mx\\\/\"},{\"@type\":\"ListItem\",\"position\":2,\"name\":\"El Quehacer Pol\u00edtico Internacional\\\/\\\/\\\/Carolina Alonso Romei\\\/\\\/\\\/Noruega, Irlanda y Espa\u00f1a reconocen a Palestina y esto significa para Israel\"}]},{\"@type\":\"WebSite\",\"@id\":\"https:\\\/\\\/quehacerpolitico.mx\\\/#website\",\"url\":\"https:\\\/\\\/quehacerpolitico.mx\\\/\",\"name\":\"\",\"description\":\"\",\"potentialAction\":[{\"@type\":\"SearchAction\",\"target\":{\"@type\":\"EntryPoint\",\"urlTemplate\":\"https:\\\/\\\/quehacerpolitico.mx\\\/?s={search_term_string}\"},\"query-input\":{\"@type\":\"PropertyValueSpecification\",\"valueRequired\":true,\"valueName\":\"search_term_string\"}}],\"inLanguage\":\"es\"},{\"@type\":\"Person\",\"@id\":\"https:\\\/\\\/quehacerpolitico.mx\\\/#\\\/schema\\\/person\\\/496d8ad2d1d3f8036101dca7ee39e585\",\"name\":\"Redacci\u00f3n QP\",\"image\":{\"@type\":\"ImageObject\",\"inLanguage\":\"es\",\"@id\":\"https:\\\/\\\/secure.gravatar.com\\\/avatar\\\/c7164ed6fdec453195284ad24a5ae5b6e1eed2b848477fa2a4787ba9adf39a41?s=96&d=mm&r=g\",\"url\":\"https:\\\/\\\/secure.gravatar.com\\\/avatar\\\/c7164ed6fdec453195284ad24a5ae5b6e1eed2b848477fa2a4787ba9adf39a41?s=96&d=mm&r=g\",\"contentUrl\":\"https:\\\/\\\/secure.gravatar.com\\\/avatar\\\/c7164ed6fdec453195284ad24a5ae5b6e1eed2b848477fa2a4787ba9adf39a41?s=96&d=mm&r=g\",\"caption\":\"Redacci\u00f3n QP\"},\"url\":\"https:\\\/\\\/quehacerpolitico.mx\\\/?author=2\"}]}<\/script>\n<!-- \/ Yoast SEO plugin. -->","yoast_head_json":{"title":"El Quehacer Pol\u00edtico Internacional\/\/\/Carolina Alonso Romei\/\/\/Noruega, Irlanda y Espa\u00f1a reconocen a Palestina y esto significa para Israel -","robots":{"index":"index","follow":"follow","max-snippet":"max-snippet:-1","max-image-preview":"max-image-preview:large","max-video-preview":"max-video-preview:-1"},"canonical":"https:\/\/quehacerpolitico.mx\/?p=110192","og_locale":"es_MX","og_type":"article","og_title":"El Quehacer Pol\u00edtico Internacional\/\/\/Carolina Alonso Romei\/\/\/Noruega, Irlanda y Espa\u00f1a reconocen a Palestina y esto significa para Israel -","og_description":"Por Carolina Alonso Romei Internacionalista Los anuncios se dieron despu\u00e9s que el fiscal de la...","og_url":"https:\/\/quehacerpolitico.mx\/?p=110192","article_published_time":"2024-05-22T18:53:59+00:00","article_modified_time":"2024-05-22T18:54:03+00:00","og_image":[{"width":963,"height":493,"url":"https:\/\/quehacerpolitico.mx\/wp-content\/uploads\/2024\/05\/03fa6135-c3fe-44b7-8e96-c6ca323ffebb-17.jpeg","type":"image\/jpeg"}],"author":"Redacci\u00f3n QP","twitter_card":"summary_large_image","twitter_misc":{"Escrito por":"Redacci\u00f3n QP","Tiempo de lectura":"6 minutos"},"schema":{"@context":"https:\/\/schema.org","@graph":[{"@type":"Article","@id":"https:\/\/quehacerpolitico.mx\/?p=110192#article","isPartOf":{"@id":"https:\/\/quehacerpolitico.mx\/?p=110192"},"author":{"name":"Redacci\u00f3n QP","@id":"https:\/\/quehacerpolitico.mx\/#\/schema\/person\/496d8ad2d1d3f8036101dca7ee39e585"},"headline":"El Quehacer Pol\u00edtico Internacional\/\/\/Carolina Alonso Romei\/\/\/Noruega, Irlanda y Espa\u00f1a reconocen a Palestina y esto significa para Israel","datePublished":"2024-05-22T18:53:59+00:00","dateModified":"2024-05-22T18:54:03+00:00","mainEntityOfPage":{"@id":"https:\/\/quehacerpolitico.mx\/?p=110192"},"wordCount":1209,"commentCount":0,"image":{"@id":"https:\/\/quehacerpolitico.mx\/?p=110192#primaryimage"},"thumbnailUrl":"https:\/\/quehacerpolitico.mx\/wp-content\/uploads\/2024\/05\/03fa6135-c3fe-44b7-8e96-c6ca323ffebb-17.jpeg","articleSection":["Internacionales"],"inLanguage":"es","potentialAction":[{"@type":"CommentAction","name":"Comment","target":["https:\/\/quehacerpolitico.mx\/?p=110192#respond"]}]},{"@type":"WebPage","@id":"https:\/\/quehacerpolitico.mx\/?p=110192","url":"https:\/\/quehacerpolitico.mx\/?p=110192","name":"El Quehacer Pol\u00edtico Internacional\/\/\/Carolina Alonso Romei\/\/\/Noruega, Irlanda y Espa\u00f1a reconocen a Palestina y esto significa para Israel -","isPartOf":{"@id":"https:\/\/quehacerpolitico.mx\/#website"},"primaryImageOfPage":{"@id":"https:\/\/quehacerpolitico.mx\/?p=110192#primaryimage"},"image":{"@id":"https:\/\/quehacerpolitico.mx\/?p=110192#primaryimage"},"thumbnailUrl":"https:\/\/quehacerpolitico.mx\/wp-content\/uploads\/2024\/05\/03fa6135-c3fe-44b7-8e96-c6ca323ffebb-17.jpeg","datePublished":"2024-05-22T18:53:59+00:00","dateModified":"2024-05-22T18:54:03+00:00","author":{"@id":"https:\/\/quehacerpolitico.mx\/#\/schema\/person\/496d8ad2d1d3f8036101dca7ee39e585"},"breadcrumb":{"@id":"https:\/\/quehacerpolitico.mx\/?p=110192#breadcrumb"},"inLanguage":"es","potentialAction":[{"@type":"ReadAction","target":["https:\/\/quehacerpolitico.mx\/?p=110192"]}]},{"@type":"ImageObject","inLanguage":"es","@id":"https:\/\/quehacerpolitico.mx\/?p=110192#primaryimage","url":"https:\/\/quehacerpolitico.mx\/wp-content\/uploads\/2024\/05\/03fa6135-c3fe-44b7-8e96-c6ca323ffebb-17.jpeg","contentUrl":"https:\/\/quehacerpolitico.mx\/wp-content\/uploads\/2024\/05\/03fa6135-c3fe-44b7-8e96-c6ca323ffebb-17.jpeg","width":963,"height":493},{"@type":"BreadcrumbList","@id":"https:\/\/quehacerpolitico.mx\/?p=110192#breadcrumb","itemListElement":[{"@type":"ListItem","position":1,"name":"Inicio","item":"https:\/\/quehacerpolitico.mx\/"},{"@type":"ListItem","position":2,"name":"El Quehacer Pol\u00edtico Internacional\/\/\/Carolina Alonso Romei\/\/\/Noruega, Irlanda y Espa\u00f1a reconocen a Palestina y esto significa para Israel"}]},{"@type":"WebSite","@id":"https:\/\/quehacerpolitico.mx\/#website","url":"https:\/\/quehacerpolitico.mx\/","name":"","description":"","potentialAction":[{"@type":"SearchAction","target":{"@type":"EntryPoint","urlTemplate":"https:\/\/quehacerpolitico.mx\/?s={search_term_string}"},"query-input":{"@type":"PropertyValueSpecification","valueRequired":true,"valueName":"search_term_string"}}],"inLanguage":"es"},{"@type":"Person","@id":"https:\/\/quehacerpolitico.mx\/#\/schema\/person\/496d8ad2d1d3f8036101dca7ee39e585","name":"Redacci\u00f3n QP","image":{"@type":"ImageObject","inLanguage":"es","@id":"https:\/\/secure.gravatar.com\/avatar\/c7164ed6fdec453195284ad24a5ae5b6e1eed2b848477fa2a4787ba9adf39a41?s=96&d=mm&r=g","url":"https:\/\/secure.gravatar.com\/avatar\/c7164ed6fdec453195284ad24a5ae5b6e1eed2b848477fa2a4787ba9adf39a41?s=96&d=mm&r=g","contentUrl":"https:\/\/secure.gravatar.com\/avatar\/c7164ed6fdec453195284ad24a5ae5b6e1eed2b848477fa2a4787ba9adf39a41?s=96&d=mm&r=g","caption":"Redacci\u00f3n QP"},"url":"https:\/\/quehacerpolitico.mx\/?author=2"}]}},"featured_image_urls":{"full":["https:\/\/quehacerpolitico.mx\/wp-content\/uploads\/2024\/05\/03fa6135-c3fe-44b7-8e96-c6ca323ffebb-17.jpeg",963,493,false],"thumbnail":["https:\/\/quehacerpolitico.mx\/wp-content\/uploads\/2024\/05\/03fa6135-c3fe-44b7-8e96-c6ca323ffebb-17-150x150.jpeg",150,150,true],"medium":["https:\/\/quehacerpolitico.mx\/wp-content\/uploads\/2024\/05\/03fa6135-c3fe-44b7-8e96-c6ca323ffebb-17-300x154.jpeg",300,154,true],"medium_large":["https:\/\/quehacerpolitico.mx\/wp-content\/uploads\/2024\/05\/03fa6135-c3fe-44b7-8e96-c6ca323ffebb-17-768x393.jpeg",640,328,true],"large":["https:\/\/quehacerpolitico.mx\/wp-content\/uploads\/2024\/05\/03fa6135-c3fe-44b7-8e96-c6ca323ffebb-17.jpeg",640,328,false],"1536x1536":["https:\/\/quehacerpolitico.mx\/wp-content\/uploads\/2024\/05\/03fa6135-c3fe-44b7-8e96-c6ca323ffebb-17.jpeg",963,493,false],"2048x2048":["https:\/\/quehacerpolitico.mx\/wp-content\/uploads\/2024\/05\/03fa6135-c3fe-44b7-8e96-c6ca323ffebb-17.jpeg",963,493,false],"covernews-featured":["https:\/\/quehacerpolitico.mx\/wp-content\/uploads\/2024\/05\/03fa6135-c3fe-44b7-8e96-c6ca323ffebb-17.jpeg",963,493,false],"covernews-medium":["https:\/\/quehacerpolitico.mx\/wp-content\/uploads\/2024\/05\/03fa6135-c3fe-44b7-8e96-c6ca323ffebb-17.jpeg",540,276,false]},"author_info":{"display_name":"Redacci\u00f3n QP","author_link":"https:\/\/quehacerpolitico.mx\/?author=2"},"category_info":"<a href=\"https:\/\/quehacerpolitico.mx\/?cat=1\" rel=\"category\">Internacionales<\/a>","tag_info":"Internacionales","comment_count":"0","_links":{"self":[{"href":"https:\/\/quehacerpolitico.mx\/index.php?rest_route=\/wp\/v2\/posts\/110192","targetHints":{"allow":["GET"]}}],"collection":[{"href":"https:\/\/quehacerpolitico.mx\/index.php?rest_route=\/wp\/v2\/posts"}],"about":[{"href":"https:\/\/quehacerpolitico.mx\/index.php?rest_route=\/wp\/v2\/types\/post"}],"author":[{"embeddable":true,"href":"https:\/\/quehacerpolitico.mx\/index.php?rest_route=\/wp\/v2\/users\/2"}],"replies":[{"embeddable":true,"href":"https:\/\/quehacerpolitico.mx\/index.php?rest_route=%2Fwp%2Fv2%2Fcomments&post=110192"}],"version-history":[{"count":1,"href":"https:\/\/quehacerpolitico.mx\/index.php?rest_route=\/wp\/v2\/posts\/110192\/revisions"}],"predecessor-version":[{"id":110194,"href":"https:\/\/quehacerpolitico.mx\/index.php?rest_route=\/wp\/v2\/posts\/110192\/revisions\/110194"}],"wp:featuredmedia":[{"embeddable":true,"href":"https:\/\/quehacerpolitico.mx\/index.php?rest_route=\/wp\/v2\/media\/110193"}],"wp:attachment":[{"href":"https:\/\/quehacerpolitico.mx\/index.php?rest_route=%2Fwp%2Fv2%2Fmedia&parent=110192"}],"wp:term":[{"taxonomy":"category","embeddable":true,"href":"https:\/\/quehacerpolitico.mx\/index.php?rest_route=%2Fwp%2Fv2%2Fcategories&post=110192"},{"taxonomy":"post_tag","embeddable":true,"href":"https:\/\/quehacerpolitico.mx\/index.php?rest_route=%2Fwp%2Fv2%2Ftags&post=110192"}],"curies":[{"name":"wp","href":"https:\/\/api.w.org\/{rel}","templated":true}]}}