{"id":110180,"date":"2024-05-21T22:37:05","date_gmt":"2024-05-21T22:37:05","guid":{"rendered":"https:\/\/quehacerpolitico.mx\/?p=110180"},"modified":"2024-05-21T22:37:07","modified_gmt":"2024-05-21T22:37:07","slug":"el-famoso-noticiero-31-minutos-llegara-al-museo-franz-mayer-con-nueva-exposicion","status":"publish","type":"post","link":"https:\/\/quehacerpolitico.mx\/?p=110180","title":{"rendered":"El famoso noticiero &#8220;31 Minutos&#8221; llegar\u00e1 al Museo Franz Mayer con nueva exposici\u00f3n"},"content":{"rendered":"\n<p>Por Redacci\u00f3n QP<\/p>\n\n\n\n<p>La preventa de boletos para esta esperada muestra comenz\u00f3 este lunes 20 de mayo, a trav\u00e9s de la p\u00e1gina oficial del Museo Franz Mayer<\/p>\n\n\n\n<p><strong>Con el objetivo de celebrar veinte a\u00f1os de historia,<\/strong>Tulio Trivi\u00f1o Tufillo, Juan Carlos Bodoque, Juan\u00edn Juan Harry, Policarpo Avenda\u00f1o, Mario Hugo, Patana Tufillo y Calcet\u00edn con Rombos Man, personajes ic\u00f3nicos del famoso programa infantil chileno<mark><strong>\u00a0&#8220;31 Minutos&#8221;<\/strong><\/mark>,\u00a0<mark><strong>volver\u00e1<\/strong>n<strong>\u00a0a la Ciudad de M\u00e9xico con una exposici\u00f3n especial en el Museo Franz Mayer.<\/strong><\/mark><\/p>\n\n\n\n<figure class=\"wp-block-embed is-type-rich is-provider-twitter wp-block-embed-twitter\"><div class=\"wp-block-embed__wrapper\">\n<blockquote class=\"twitter-tweet\" data-width=\"550\" data-dnt=\"true\"><p lang=\"es\" dir=\"ltr\">\u3030\ufe0f MUSEO 31 \u3030\ufe0f llega al Franz<br><br>Primera exposici\u00f3n en M\u00e9xico del programa 31 Minutos<br><br>Compra tus boletos a partir de hoy aqu\u00ed: <a href=\"https:\/\/t.co\/2g3sdy7ymz\">https:\/\/t.co\/2g3sdy7ymz<\/a><a href=\"https:\/\/twitter.com\/hashtag\/FranzEstamosAlAire?src=hash&amp;ref_src=twsrc%5Etfw\">#FranzEstamosAlAire<\/a><br><br>MUSEO 31 es una producci\u00f3n de <a href=\"https:\/\/twitter.com\/31minutos_tv?ref_src=twsrc%5Etfw\">@31minutos_tv<\/a>, <a href=\"https:\/\/twitter.com\/aplaplaccl?ref_src=twsrc%5Etfw\">@aplaplaccl<\/a> y <a href=\"https:\/\/twitter.com\/fundteatroamil?ref_src=twsrc%5Etfw\">@fundteatroamil<\/a> (Chile) <a href=\"https:\/\/t.co\/S4UEKL9Lso\">pic.twitter.com\/S4UEKL9Lso<\/a><\/p>&mdash; Museo Franz Mayer (@museofranzmayer) <a href=\"https:\/\/twitter.com\/museofranzmayer\/status\/1792714321845174290?ref_src=twsrc%5Etfw\">May 21, 2024<\/a><\/blockquote><script async src=\"https:\/\/platform.twitter.com\/widgets.js\" charset=\"utf-8\"><\/script>\n<\/div><\/figure>\n\n\n\n<p>Los admiradores de este famoso noticiero podr\u00e1n disfrutar de una experiencia excepcional que les permitir\u00e1 vincularse profundamente con el legado de este querido programa de marionetas.<\/p>\n\n\n\n<h2 class=\"wp-block-heading\">Conoce los detalles de la exposici\u00f3n &#8220;31 Minutos&#8221; en el Franz Mayer<\/h2>\n\n\n\n<p>El p\u00fablico podr\u00e1 disfrutar de esta exposici\u00f3n que sumerge en la historia de &#8220;31 Minutos&#8221;, explorando elementos interactivos y exhibiciones que detallan el desarrollo del programa y sus entra\u00f1ables personajes.<\/p>\n\n\n\n<p><mark><strong>La preventa&nbsp;<\/strong><\/mark>de boletos para esta esperada muestra&nbsp;<mark><strong>comenz\u00f3 este lunes 20 de mayo<\/strong><\/mark><strong>, a trav\u00e9s de la p\u00e1gina oficial del Museo Franz Mayer.<\/strong><\/p>\n\n\n\n<p>Los boletos para la exposici\u00f3n &#8220;Museo 31&#8221; tendr\u00e1n\u00a0<strong>un costo de 180 pesos para el p\u00fablico en general y visitantes extranjeros<\/strong>, mientras que ser\u00e1 de\u00a0<strong>90 pesos para afiliados, estudiantes, INAPAM, profesores y estudiantes extranjeros.<\/strong><\/p>\n\n\n\n<p><mark>La exposici\u00f3n estar\u00e1 disponible desde el 20 de junio hasta el 31 de julio, con horario de 10:00 am a 16:00 horas, de martes a domingo.<\/mark><\/p>\n\n\n\n<p>El Museo Franz Mayer se encuentra ubicado en Av. Hidalgo 45, en el Centro Hist\u00f3rico, frente a la Alameda Central y a pocos pasos de las estaciones de metro Hidalgo y Bellas Artes.<\/p>\n\n\n\n<p>Con informaci\u00f3n de SUN<\/p>\n","protected":false},"excerpt":{"rendered":"<p>Por Redacci\u00f3n QP La preventa de boletos para esta esperada muestra comenz\u00f3 este lunes 20&#8230;<\/p>\n","protected":false},"author":2,"featured_media":110181,"comment_status":"open","ping_status":"open","sticky":false,"template":"","format":"standard","meta":{"_monsterinsights_skip_tracking":false,"_monsterinsights_sitenote_active":false,"_monsterinsights_sitenote_note":"","_monsterinsights_sitenote_category":0,"footnotes":""},"categories":[58],"tags":[],"class_list":["post-110180","post","type-post","status-publish","format-standard","has-post-thumbnail","hentry","category-cultura"],"yoast_head":"<!-- This site is optimized with the Yoast SEO plugin v27.3 - https:\/\/yoast.com\/product\/yoast-seo-wordpress\/ -->\n<title>El famoso noticiero &quot;31 Minutos&quot; llegar\u00e1 al Museo Franz Mayer con nueva exposici\u00f3n -<\/title>\n<meta name=\"robots\" content=\"index, follow, max-snippet:-1, max-image-preview:large, max-video-preview:-1\" \/>\n<link rel=\"canonical\" href=\"https:\/\/quehacerpolitico.mx\/?p=110180\" \/>\n<meta property=\"og:locale\" content=\"es_MX\" \/>\n<meta property=\"og:type\" content=\"article\" \/>\n<meta property=\"og:title\" content=\"El famoso noticiero &quot;31 Minutos&quot; llegar\u00e1 al Museo Franz Mayer con nueva exposici\u00f3n -\" \/>\n<meta property=\"og:description\" content=\"Por Redacci\u00f3n QP La preventa de boletos para esta esperada muestra comenz\u00f3 este lunes 20...\" \/>\n<meta property=\"og:url\" content=\"https:\/\/quehacerpolitico.mx\/?p=110180\" \/>\n<meta property=\"article:published_time\" content=\"2024-05-21T22:37:05+00:00\" \/>\n<meta property=\"article:modified_time\" content=\"2024-05-21T22:37:07+00:00\" \/>\n<meta property=\"og:image\" content=\"https:\/\/quehacerpolitico.mx\/wp-content\/uploads\/2024\/05\/IMG_5788.jpeg\" \/>\n\t<meta property=\"og:image:width\" content=\"680\" \/>\n\t<meta property=\"og:image:height\" content=\"378\" \/>\n\t<meta property=\"og:image:type\" content=\"image\/jpeg\" \/>\n<meta name=\"author\" content=\"Redacci\u00f3n QP\" \/>\n<meta name=\"twitter:card\" content=\"summary_large_image\" \/>\n<meta name=\"twitter:label1\" content=\"Escrito por\" \/>\n\t<meta name=\"twitter:data1\" content=\"Redacci\u00f3n QP\" \/>\n\t<meta name=\"twitter:label2\" content=\"Tiempo de lectura\" \/>\n\t<meta name=\"twitter:data2\" content=\"1 minuto\" \/>\n<script type=\"application\/ld+json\" class=\"yoast-schema-graph\">{\"@context\":\"https:\\\/\\\/schema.org\",\"@graph\":[{\"@type\":\"Article\",\"@id\":\"https:\\\/\\\/quehacerpolitico.mx\\\/?p=110180#article\",\"isPartOf\":{\"@id\":\"https:\\\/\\\/quehacerpolitico.mx\\\/?p=110180\"},\"author\":{\"name\":\"Redacci\u00f3n QP\",\"@id\":\"https:\\\/\\\/quehacerpolitico.mx\\\/#\\\/schema\\\/person\\\/496d8ad2d1d3f8036101dca7ee39e585\"},\"headline\":\"El famoso noticiero &#8220;31 Minutos&#8221; llegar\u00e1 al Museo Franz Mayer con nueva exposici\u00f3n\",\"datePublished\":\"2024-05-21T22:37:05+00:00\",\"dateModified\":\"2024-05-21T22:37:07+00:00\",\"mainEntityOfPage\":{\"@id\":\"https:\\\/\\\/quehacerpolitico.mx\\\/?p=110180\"},\"wordCount\":308,\"commentCount\":0,\"image\":{\"@id\":\"https:\\\/\\\/quehacerpolitico.mx\\\/?p=110180#primaryimage\"},\"thumbnailUrl\":\"https:\\\/\\\/quehacerpolitico.mx\\\/wp-content\\\/uploads\\\/2024\\\/05\\\/IMG_5788.jpeg\",\"articleSection\":[\"Cultura y Entretenimiento\"],\"inLanguage\":\"es\",\"potentialAction\":[{\"@type\":\"CommentAction\",\"name\":\"Comment\",\"target\":[\"https:\\\/\\\/quehacerpolitico.mx\\\/?p=110180#respond\"]}]},{\"@type\":\"WebPage\",\"@id\":\"https:\\\/\\\/quehacerpolitico.mx\\\/?p=110180\",\"url\":\"https:\\\/\\\/quehacerpolitico.mx\\\/?p=110180\",\"name\":\"El famoso noticiero \\\"31 Minutos\\\" llegar\u00e1 al Museo Franz Mayer con nueva exposici\u00f3n -\",\"isPartOf\":{\"@id\":\"https:\\\/\\\/quehacerpolitico.mx\\\/#website\"},\"primaryImageOfPage\":{\"@id\":\"https:\\\/\\\/quehacerpolitico.mx\\\/?p=110180#primaryimage\"},\"image\":{\"@id\":\"https:\\\/\\\/quehacerpolitico.mx\\\/?p=110180#primaryimage\"},\"thumbnailUrl\":\"https:\\\/\\\/quehacerpolitico.mx\\\/wp-content\\\/uploads\\\/2024\\\/05\\\/IMG_5788.jpeg\",\"datePublished\":\"2024-05-21T22:37:05+00:00\",\"dateModified\":\"2024-05-21T22:37:07+00:00\",\"author\":{\"@id\":\"https:\\\/\\\/quehacerpolitico.mx\\\/#\\\/schema\\\/person\\\/496d8ad2d1d3f8036101dca7ee39e585\"},\"breadcrumb\":{\"@id\":\"https:\\\/\\\/quehacerpolitico.mx\\\/?p=110180#breadcrumb\"},\"inLanguage\":\"es\",\"potentialAction\":[{\"@type\":\"ReadAction\",\"target\":[\"https:\\\/\\\/quehacerpolitico.mx\\\/?p=110180\"]}]},{\"@type\":\"ImageObject\",\"inLanguage\":\"es\",\"@id\":\"https:\\\/\\\/quehacerpolitico.mx\\\/?p=110180#primaryimage\",\"url\":\"https:\\\/\\\/quehacerpolitico.mx\\\/wp-content\\\/uploads\\\/2024\\\/05\\\/IMG_5788.jpeg\",\"contentUrl\":\"https:\\\/\\\/quehacerpolitico.mx\\\/wp-content\\\/uploads\\\/2024\\\/05\\\/IMG_5788.jpeg\",\"width\":680,\"height\":378},{\"@type\":\"BreadcrumbList\",\"@id\":\"https:\\\/\\\/quehacerpolitico.mx\\\/?p=110180#breadcrumb\",\"itemListElement\":[{\"@type\":\"ListItem\",\"position\":1,\"name\":\"Inicio\",\"item\":\"https:\\\/\\\/quehacerpolitico.mx\\\/\"},{\"@type\":\"ListItem\",\"position\":2,\"name\":\"El famoso noticiero &#8220;31 Minutos&#8221; llegar\u00e1 al Museo Franz Mayer con nueva exposici\u00f3n\"}]},{\"@type\":\"WebSite\",\"@id\":\"https:\\\/\\\/quehacerpolitico.mx\\\/#website\",\"url\":\"https:\\\/\\\/quehacerpolitico.mx\\\/\",\"name\":\"\",\"description\":\"\",\"potentialAction\":[{\"@type\":\"SearchAction\",\"target\":{\"@type\":\"EntryPoint\",\"urlTemplate\":\"https:\\\/\\\/quehacerpolitico.mx\\\/?s={search_term_string}\"},\"query-input\":{\"@type\":\"PropertyValueSpecification\",\"valueRequired\":true,\"valueName\":\"search_term_string\"}}],\"inLanguage\":\"es\"},{\"@type\":\"Person\",\"@id\":\"https:\\\/\\\/quehacerpolitico.mx\\\/#\\\/schema\\\/person\\\/496d8ad2d1d3f8036101dca7ee39e585\",\"name\":\"Redacci\u00f3n QP\",\"image\":{\"@type\":\"ImageObject\",\"inLanguage\":\"es\",\"@id\":\"https:\\\/\\\/secure.gravatar.com\\\/avatar\\\/c7164ed6fdec453195284ad24a5ae5b6e1eed2b848477fa2a4787ba9adf39a41?s=96&d=mm&r=g\",\"url\":\"https:\\\/\\\/secure.gravatar.com\\\/avatar\\\/c7164ed6fdec453195284ad24a5ae5b6e1eed2b848477fa2a4787ba9adf39a41?s=96&d=mm&r=g\",\"contentUrl\":\"https:\\\/\\\/secure.gravatar.com\\\/avatar\\\/c7164ed6fdec453195284ad24a5ae5b6e1eed2b848477fa2a4787ba9adf39a41?s=96&d=mm&r=g\",\"caption\":\"Redacci\u00f3n QP\"},\"url\":\"https:\\\/\\\/quehacerpolitico.mx\\\/?author=2\"}]}<\/script>\n<!-- \/ Yoast SEO plugin. -->","yoast_head_json":{"title":"El famoso noticiero \"31 Minutos\" llegar\u00e1 al Museo Franz Mayer con nueva exposici\u00f3n -","robots":{"index":"index","follow":"follow","max-snippet":"max-snippet:-1","max-image-preview":"max-image-preview:large","max-video-preview":"max-video-preview:-1"},"canonical":"https:\/\/quehacerpolitico.mx\/?p=110180","og_locale":"es_MX","og_type":"article","og_title":"El famoso noticiero \"31 Minutos\" llegar\u00e1 al Museo Franz Mayer con nueva exposici\u00f3n -","og_description":"Por Redacci\u00f3n QP La preventa de boletos para esta esperada muestra comenz\u00f3 este lunes 20...","og_url":"https:\/\/quehacerpolitico.mx\/?p=110180","article_published_time":"2024-05-21T22:37:05+00:00","article_modified_time":"2024-05-21T22:37:07+00:00","og_image":[{"width":680,"height":378,"url":"https:\/\/quehacerpolitico.mx\/wp-content\/uploads\/2024\/05\/IMG_5788.jpeg","type":"image\/jpeg"}],"author":"Redacci\u00f3n QP","twitter_card":"summary_large_image","twitter_misc":{"Escrito por":"Redacci\u00f3n QP","Tiempo de lectura":"1 minuto"},"schema":{"@context":"https:\/\/schema.org","@graph":[{"@type":"Article","@id":"https:\/\/quehacerpolitico.mx\/?p=110180#article","isPartOf":{"@id":"https:\/\/quehacerpolitico.mx\/?p=110180"},"author":{"name":"Redacci\u00f3n QP","@id":"https:\/\/quehacerpolitico.mx\/#\/schema\/person\/496d8ad2d1d3f8036101dca7ee39e585"},"headline":"El famoso noticiero &#8220;31 Minutos&#8221; llegar\u00e1 al Museo Franz Mayer con nueva exposici\u00f3n","datePublished":"2024-05-21T22:37:05+00:00","dateModified":"2024-05-21T22:37:07+00:00","mainEntityOfPage":{"@id":"https:\/\/quehacerpolitico.mx\/?p=110180"},"wordCount":308,"commentCount":0,"image":{"@id":"https:\/\/quehacerpolitico.mx\/?p=110180#primaryimage"},"thumbnailUrl":"https:\/\/quehacerpolitico.mx\/wp-content\/uploads\/2024\/05\/IMG_5788.jpeg","articleSection":["Cultura y Entretenimiento"],"inLanguage":"es","potentialAction":[{"@type":"CommentAction","name":"Comment","target":["https:\/\/quehacerpolitico.mx\/?p=110180#respond"]}]},{"@type":"WebPage","@id":"https:\/\/quehacerpolitico.mx\/?p=110180","url":"https:\/\/quehacerpolitico.mx\/?p=110180","name":"El famoso noticiero \"31 Minutos\" llegar\u00e1 al Museo Franz Mayer con nueva exposici\u00f3n -","isPartOf":{"@id":"https:\/\/quehacerpolitico.mx\/#website"},"primaryImageOfPage":{"@id":"https:\/\/quehacerpolitico.mx\/?p=110180#primaryimage"},"image":{"@id":"https:\/\/quehacerpolitico.mx\/?p=110180#primaryimage"},"thumbnailUrl":"https:\/\/quehacerpolitico.mx\/wp-content\/uploads\/2024\/05\/IMG_5788.jpeg","datePublished":"2024-05-21T22:37:05+00:00","dateModified":"2024-05-21T22:37:07+00:00","author":{"@id":"https:\/\/quehacerpolitico.mx\/#\/schema\/person\/496d8ad2d1d3f8036101dca7ee39e585"},"breadcrumb":{"@id":"https:\/\/quehacerpolitico.mx\/?p=110180#breadcrumb"},"inLanguage":"es","potentialAction":[{"@type":"ReadAction","target":["https:\/\/quehacerpolitico.mx\/?p=110180"]}]},{"@type":"ImageObject","inLanguage":"es","@id":"https:\/\/quehacerpolitico.mx\/?p=110180#primaryimage","url":"https:\/\/quehacerpolitico.mx\/wp-content\/uploads\/2024\/05\/IMG_5788.jpeg","contentUrl":"https:\/\/quehacerpolitico.mx\/wp-content\/uploads\/2024\/05\/IMG_5788.jpeg","width":680,"height":378},{"@type":"BreadcrumbList","@id":"https:\/\/quehacerpolitico.mx\/?p=110180#breadcrumb","itemListElement":[{"@type":"ListItem","position":1,"name":"Inicio","item":"https:\/\/quehacerpolitico.mx\/"},{"@type":"ListItem","position":2,"name":"El famoso noticiero &#8220;31 Minutos&#8221; llegar\u00e1 al Museo Franz Mayer con nueva exposici\u00f3n"}]},{"@type":"WebSite","@id":"https:\/\/quehacerpolitico.mx\/#website","url":"https:\/\/quehacerpolitico.mx\/","name":"","description":"","potentialAction":[{"@type":"SearchAction","target":{"@type":"EntryPoint","urlTemplate":"https:\/\/quehacerpolitico.mx\/?s={search_term_string}"},"query-input":{"@type":"PropertyValueSpecification","valueRequired":true,"valueName":"search_term_string"}}],"inLanguage":"es"},{"@type":"Person","@id":"https:\/\/quehacerpolitico.mx\/#\/schema\/person\/496d8ad2d1d3f8036101dca7ee39e585","name":"Redacci\u00f3n QP","image":{"@type":"ImageObject","inLanguage":"es","@id":"https:\/\/secure.gravatar.com\/avatar\/c7164ed6fdec453195284ad24a5ae5b6e1eed2b848477fa2a4787ba9adf39a41?s=96&d=mm&r=g","url":"https:\/\/secure.gravatar.com\/avatar\/c7164ed6fdec453195284ad24a5ae5b6e1eed2b848477fa2a4787ba9adf39a41?s=96&d=mm&r=g","contentUrl":"https:\/\/secure.gravatar.com\/avatar\/c7164ed6fdec453195284ad24a5ae5b6e1eed2b848477fa2a4787ba9adf39a41?s=96&d=mm&r=g","caption":"Redacci\u00f3n QP"},"url":"https:\/\/quehacerpolitico.mx\/?author=2"}]}},"featured_image_urls":{"full":["https:\/\/quehacerpolitico.mx\/wp-content\/uploads\/2024\/05\/IMG_5788.jpeg",680,378,false],"thumbnail":["https:\/\/quehacerpolitico.mx\/wp-content\/uploads\/2024\/05\/IMG_5788-150x150.jpeg",150,150,true],"medium":["https:\/\/quehacerpolitico.mx\/wp-content\/uploads\/2024\/05\/IMG_5788-300x167.jpeg",300,167,true],"medium_large":["https:\/\/quehacerpolitico.mx\/wp-content\/uploads\/2024\/05\/IMG_5788.jpeg",640,356,false],"large":["https:\/\/quehacerpolitico.mx\/wp-content\/uploads\/2024\/05\/IMG_5788.jpeg",640,356,false],"1536x1536":["https:\/\/quehacerpolitico.mx\/wp-content\/uploads\/2024\/05\/IMG_5788.jpeg",680,378,false],"2048x2048":["https:\/\/quehacerpolitico.mx\/wp-content\/uploads\/2024\/05\/IMG_5788.jpeg",680,378,false],"covernews-featured":["https:\/\/quehacerpolitico.mx\/wp-content\/uploads\/2024\/05\/IMG_5788.jpeg",680,378,false],"covernews-medium":["https:\/\/quehacerpolitico.mx\/wp-content\/uploads\/2024\/05\/IMG_5788.jpeg",540,300,false]},"author_info":{"display_name":"Redacci\u00f3n QP","author_link":"https:\/\/quehacerpolitico.mx\/?author=2"},"category_info":"<a href=\"https:\/\/quehacerpolitico.mx\/?cat=58\" rel=\"category\">Cultura y Entretenimiento<\/a>","tag_info":"Cultura y Entretenimiento","comment_count":"0","_links":{"self":[{"href":"https:\/\/quehacerpolitico.mx\/index.php?rest_route=\/wp\/v2\/posts\/110180","targetHints":{"allow":["GET"]}}],"collection":[{"href":"https:\/\/quehacerpolitico.mx\/index.php?rest_route=\/wp\/v2\/posts"}],"about":[{"href":"https:\/\/quehacerpolitico.mx\/index.php?rest_route=\/wp\/v2\/types\/post"}],"author":[{"embeddable":true,"href":"https:\/\/quehacerpolitico.mx\/index.php?rest_route=\/wp\/v2\/users\/2"}],"replies":[{"embeddable":true,"href":"https:\/\/quehacerpolitico.mx\/index.php?rest_route=%2Fwp%2Fv2%2Fcomments&post=110180"}],"version-history":[{"count":1,"href":"https:\/\/quehacerpolitico.mx\/index.php?rest_route=\/wp\/v2\/posts\/110180\/revisions"}],"predecessor-version":[{"id":110182,"href":"https:\/\/quehacerpolitico.mx\/index.php?rest_route=\/wp\/v2\/posts\/110180\/revisions\/110182"}],"wp:featuredmedia":[{"embeddable":true,"href":"https:\/\/quehacerpolitico.mx\/index.php?rest_route=\/wp\/v2\/media\/110181"}],"wp:attachment":[{"href":"https:\/\/quehacerpolitico.mx\/index.php?rest_route=%2Fwp%2Fv2%2Fmedia&parent=110180"}],"wp:term":[{"taxonomy":"category","embeddable":true,"href":"https:\/\/quehacerpolitico.mx\/index.php?rest_route=%2Fwp%2Fv2%2Fcategories&post=110180"},{"taxonomy":"post_tag","embeddable":true,"href":"https:\/\/quehacerpolitico.mx\/index.php?rest_route=%2Fwp%2Fv2%2Ftags&post=110180"}],"curies":[{"name":"wp","href":"https:\/\/api.w.org\/{rel}","templated":true}]}}