{"id":110173,"date":"2024-05-21T21:21:27","date_gmt":"2024-05-21T21:21:27","guid":{"rendered":"https:\/\/quehacerpolitico.mx\/?p=110173"},"modified":"2024-05-21T21:21:29","modified_gmt":"2024-05-21T21:21:29","slug":"el-quehacer-politico-internacional-carolina-alonso-romei-las-universidades-espanolas-continuan-mostrando-su-apoyo-a-gaza","status":"publish","type":"post","link":"https:\/\/quehacerpolitico.mx\/?p=110173","title":{"rendered":"El Quehacer Pol\u00edtico Internacional\/\/\/Carolina Alonso Romei\/\/\/Las\u00a0universidades espa\u00f1olas\u00a0contin\u00faan mostrando su\u00a0apoyo\u00a0a\u00a0Gaza"},"content":{"rendered":"\n<p>Por Carolina Alonso Romei<\/p>\n\n\n\n<p>Internacionalista <\/p>\n\n\n\n<p>Miles de universitarios siguen acampados frente a sus centros educativos como protesta por la ofensiva israel\u00ed en Gaza<\/p>\n\n\n\n<p>Las&nbsp;<strong>universidades espa\u00f1olas<\/strong>&nbsp;contin\u00faan mostrando su&nbsp;<strong>apoyo<\/strong>&nbsp;a&nbsp;<strong>Gaza<\/strong>: este martes, la P\u00fablica de Navarra (norte de Espa\u00f1a) decidi\u00f3 evitar mantener relaciones con centros israel\u00edes que no rechacen los cr\u00edmenes contra la humanidad y la Pablo de Olavide de Sevilla (sur de Espa\u00f1a) rompi\u00f3 todas las relaciones con empresas y centros educativos de Israel.<\/p>\n\n\n\n<p>Mientras tanto, miles de&nbsp;<strong>universitarios siguen acampados<\/strong>frente a sus centros educativos como protesta por la ofensiva israel\u00ed en Gaza y los estudiantes que est\u00e1n desde hace una semana en la Pablo de Olavide decidieron mantener su postura de fuerza, incluido un encierro en el rectorado, a pesar de que la instituci\u00f3n anunci\u00f3 la ruptura de relaciones.<\/p>\n\n\n\n<figure class=\"wp-block-image\" id=\"attachment_1620903\"><a href=\"https:\/\/i0.wp.com\/lopezdoriga.com\/wp-content\/uploads\/2024\/05\/acampada-universitaria-en-espana-contra-guerra-en-gaza.jpg?ssl=1\" target=\"_blank\" rel=\"noreferrer noopener\"><img decoding=\"async\" src=\"https:\/\/i0.wp.com\/lopezdoriga.com\/wp-content\/uploads\/2024\/05\/acampada-universitaria-en-espana-contra-guerra-en-gaza.jpg?resize=1024%2C683&amp;ssl=1\" alt=\"M\u00e1s universidades espa\u00f1olas rompen con Israel mientras estudiantes contin\u00faan las protestas - acampada-universitaria-en-espana-contra-guerra-en-gaza-1024x683\" class=\"wp-image-1620903\" title=\"\"\/><\/a><figcaption class=\"wp-element-caption\">Acampada universitaria en Espa\u00f1a contra guerra en Gaza. Foto de EFE\/ Miquel A. Borr\u00e0s<\/figcaption><\/figure>\n\n\n\n<p>En Sevilla, adem\u00e1s, una manifestaci\u00f3n transcurri\u00f3 desde el rectorado de la Universidad hasta la Facultad de Derecho para reclamar la ruptura de relaciones con empresas y centros educativos de Israel, como complemento a la acampada que tambi\u00e9n tiene lugar en sus instalaciones desde hace m\u00e1s de una semana.<\/p>\n\n\n\n<p>Esa es una de las reivindicaciones de las acampadas de los estudiantes en las universidades espa\u00f1olas, que se iniciaron hace dos semanas. Por eso en Granada ya se levant\u00f3 el asentamiento, que construyeron el 8 de mayo, despu\u00e9s de que el viernes la Universidad anunciara la ruptura de relaciones con centros de Israel.<\/p>\n\n\n\n<figure class=\"wp-block-embed is-type-video is-provider-youtube wp-block-embed-youtube wp-embed-aspect-16-9 wp-has-aspect-ratio\"><div class=\"wp-block-embed__wrapper\">\n<iframe loading=\"lazy\" title=\"ESPA\u00d1A | Las protestas estudiantiles por Palestina llegan a la Universidad Complutense de Madrid\" width=\"640\" height=\"360\" src=\"https:\/\/www.youtube.com\/embed\/IzhDxoY_APA?feature=oembed\" frameborder=\"0\" allow=\"accelerometer; autoplay; clipboard-write; encrypted-media; gyroscope; picture-in-picture; web-share\" referrerpolicy=\"strict-origin-when-cross-origin\" allowfullscreen><\/iframe>\n<\/div><\/figure>\n\n\n\n<p>En d\u00edas anteriores, tambi\u00e9n rompieron relaciones institucionales y acad\u00e9micas hasta que se detenga el \u201cgenocidio\u201d las universidades de Barcelona (nordeste) y la de Ja\u00e9n (sur).<\/p>\n\n\n\n<p>En Santiago de Compostela (noroeste), los universitarios siguen al pie del ca\u00f1\u00f3n: mantienen la acampada en la Facultad de Historia desde el pasado martes y convocaron otra concentraci\u00f3n este mi\u00e9rcoles para denunciar el \u201csilencio\u201d mostrado por las autoridades de la instituci\u00f3n acad\u00e9mica sobre la guerra en Gaza.<\/p>\n\n\n\n<p>M\u00e1s de dos centenares de universitarios est\u00e1n durmiendo en los pasillos de la facultad para mostrar su solidaridad con el pueblo palestino y pedir a las autoridades de las universidades gallegas que reclamen un \u201calto el fuego inmediato y permanente\u201d.<\/p>\n\n\n\n<p>En Murcia (sureste), los universitarios permanecen desde el pasado d\u00eda 13 en el campus de La Merced de la universidad para exigir al rectorado que rompa tambi\u00e9n cualquier relaci\u00f3n con Israel, acoja a la comunidad educativa palestina y condene la destrucci\u00f3n de universidades en Gaza y Cisjordania.<\/p>\n\n\n\n<p>Entretanto, en Madrid, las asociaciones de la \u2018Acampada por Palestina\u2019 denunciaron la \u201cruptura unilateral\u201d de la negociaci\u00f3n con los vicerrectores de las seis universidades p\u00fablicas, a quienes instan a retomar los contactos y a que \u201cse posicionen del lado bueno y dejen de ser c\u00f3mplices de un genocidio\u201d.<\/p>\n\n\n\n<figure class=\"wp-block-image size-large\"><img loading=\"lazy\" decoding=\"async\" width=\"1024\" height=\"683\" src=\"https:\/\/quehacerpolitico.mx\/wp-content\/uploads\/2024\/05\/image-35-1024x683.jpeg\" alt=\"\" class=\"wp-image-110175\" srcset=\"https:\/\/quehacerpolitico.mx\/wp-content\/uploads\/2024\/05\/image-35-1024x683.jpeg 1024w, https:\/\/quehacerpolitico.mx\/wp-content\/uploads\/2024\/05\/image-35-300x200.jpeg 300w, https:\/\/quehacerpolitico.mx\/wp-content\/uploads\/2024\/05\/image-35-768x512.jpeg 768w, https:\/\/quehacerpolitico.mx\/wp-content\/uploads\/2024\/05\/image-35-219x146.jpeg 219w, https:\/\/quehacerpolitico.mx\/wp-content\/uploads\/2024\/05\/image-35-50x33.jpeg 50w, https:\/\/quehacerpolitico.mx\/wp-content\/uploads\/2024\/05\/image-35-113x75.jpeg 113w, https:\/\/quehacerpolitico.mx\/wp-content\/uploads\/2024\/05\/image-35.jpeg 1536w\" sizes=\"auto, (max-width: 1024px) 100vw, 1024px\" \/><\/figure>\n\n\n\n<p>Al cumplirse dos semanas desde el inicio de la acampada el 7 de mayo en la explanada de la Complutense de Madrid, las asociaciones celebraron una rueda de prensa presidida por una gran pancarta que dec\u00eda \u201cLas unis no se sientan a negociar. C\u00f3mplices del genocidio\u201d.<\/p>\n\n\n\n<p>Los profesores que integran la Red Universitaria de la Comunidad de Madrid por Palestina relevar\u00e1n a los estudiantes acampados en la explanada de la Complutense para que estos \u201cpuedan descansar y retomar su preparaci\u00f3n de ex\u00e1menes en el periodo que comienza\u201d.<\/p>\n\n\n\n<p>Consideran que \u201cen tanto no haya un acuerdo con contenido concreto\u201d entre las asociaciones estudiantiles y los rectorados madrile\u00f1os, que permita avanzar en el bloqueo de la colaboraci\u00f3n con el genocidio en curso en Gaza, su obligaci\u00f3n es apoyar a los estudiantes.<\/p>\n\n\n\n<p>Con informaci\u00f3n de EFE<\/p>\n","protected":false},"excerpt":{"rendered":"<p>Por Carolina Alonso Romei Internacionalista Miles de universitarios siguen acampados frente a sus centros educativos&#8230;<\/p>\n","protected":false},"author":2,"featured_media":110174,"comment_status":"open","ping_status":"open","sticky":false,"template":"","format":"standard","meta":{"_monsterinsights_skip_tracking":false,"_monsterinsights_sitenote_active":false,"_monsterinsights_sitenote_note":"","_monsterinsights_sitenote_category":0,"footnotes":""},"categories":[1],"tags":[],"class_list":["post-110173","post","type-post","status-publish","format-standard","has-post-thumbnail","hentry","category-sin-categoria"],"yoast_head":"<!-- This site is optimized with the Yoast SEO plugin v27.3 - https:\/\/yoast.com\/product\/yoast-seo-wordpress\/ -->\n<title>El Quehacer Pol\u00edtico Internacional\/\/\/Carolina Alonso Romei\/\/\/Las\u00a0universidades espa\u00f1olas\u00a0contin\u00faan mostrando su\u00a0apoyo\u00a0a\u00a0Gaza -<\/title>\n<meta name=\"robots\" content=\"index, follow, max-snippet:-1, max-image-preview:large, max-video-preview:-1\" \/>\n<link rel=\"canonical\" href=\"https:\/\/quehacerpolitico.mx\/?p=110173\" \/>\n<meta property=\"og:locale\" content=\"es_MX\" \/>\n<meta property=\"og:type\" content=\"article\" \/>\n<meta property=\"og:title\" content=\"El Quehacer Pol\u00edtico Internacional\/\/\/Carolina Alonso Romei\/\/\/Las\u00a0universidades espa\u00f1olas\u00a0contin\u00faan mostrando su\u00a0apoyo\u00a0a\u00a0Gaza -\" \/>\n<meta property=\"og:description\" content=\"Por Carolina Alonso Romei Internacionalista Miles de universitarios siguen acampados frente a sus centros educativos...\" \/>\n<meta property=\"og:url\" content=\"https:\/\/quehacerpolitico.mx\/?p=110173\" \/>\n<meta property=\"article:published_time\" content=\"2024-05-21T21:21:27+00:00\" \/>\n<meta property=\"article:modified_time\" content=\"2024-05-21T21:21:29+00:00\" \/>\n<meta property=\"og:image\" content=\"https:\/\/quehacerpolitico.mx\/wp-content\/uploads\/2024\/05\/03fa6135-c3fe-44b7-8e96-c6ca323ffebb-16.jpeg\" \/>\n\t<meta property=\"og:image:width\" content=\"963\" \/>\n\t<meta property=\"og:image:height\" content=\"493\" \/>\n\t<meta property=\"og:image:type\" content=\"image\/jpeg\" \/>\n<meta name=\"author\" content=\"Redacci\u00f3n QP\" \/>\n<meta name=\"twitter:card\" content=\"summary_large_image\" \/>\n<meta name=\"twitter:label1\" content=\"Escrito por\" \/>\n\t<meta name=\"twitter:data1\" content=\"Redacci\u00f3n QP\" \/>\n\t<meta name=\"twitter:label2\" content=\"Tiempo de lectura\" \/>\n\t<meta name=\"twitter:data2\" content=\"3 minutos\" \/>\n<script type=\"application\/ld+json\" class=\"yoast-schema-graph\">{\"@context\":\"https:\\\/\\\/schema.org\",\"@graph\":[{\"@type\":\"Article\",\"@id\":\"https:\\\/\\\/quehacerpolitico.mx\\\/?p=110173#article\",\"isPartOf\":{\"@id\":\"https:\\\/\\\/quehacerpolitico.mx\\\/?p=110173\"},\"author\":{\"name\":\"Redacci\u00f3n QP\",\"@id\":\"https:\\\/\\\/quehacerpolitico.mx\\\/#\\\/schema\\\/person\\\/496d8ad2d1d3f8036101dca7ee39e585\"},\"headline\":\"El Quehacer Pol\u00edtico Internacional\\\/\\\/\\\/Carolina Alonso Romei\\\/\\\/\\\/Las\u00a0universidades espa\u00f1olas\u00a0contin\u00faan mostrando su\u00a0apoyo\u00a0a\u00a0Gaza\",\"datePublished\":\"2024-05-21T21:21:27+00:00\",\"dateModified\":\"2024-05-21T21:21:29+00:00\",\"mainEntityOfPage\":{\"@id\":\"https:\\\/\\\/quehacerpolitico.mx\\\/?p=110173\"},\"wordCount\":664,\"commentCount\":0,\"image\":{\"@id\":\"https:\\\/\\\/quehacerpolitico.mx\\\/?p=110173#primaryimage\"},\"thumbnailUrl\":\"https:\\\/\\\/quehacerpolitico.mx\\\/wp-content\\\/uploads\\\/2024\\\/05\\\/03fa6135-c3fe-44b7-8e96-c6ca323ffebb-16.jpeg\",\"articleSection\":[\"Internacionales\"],\"inLanguage\":\"es\",\"potentialAction\":[{\"@type\":\"CommentAction\",\"name\":\"Comment\",\"target\":[\"https:\\\/\\\/quehacerpolitico.mx\\\/?p=110173#respond\"]}]},{\"@type\":\"WebPage\",\"@id\":\"https:\\\/\\\/quehacerpolitico.mx\\\/?p=110173\",\"url\":\"https:\\\/\\\/quehacerpolitico.mx\\\/?p=110173\",\"name\":\"El Quehacer Pol\u00edtico Internacional\\\/\\\/\\\/Carolina Alonso Romei\\\/\\\/\\\/Las\u00a0universidades espa\u00f1olas\u00a0contin\u00faan mostrando su\u00a0apoyo\u00a0a\u00a0Gaza -\",\"isPartOf\":{\"@id\":\"https:\\\/\\\/quehacerpolitico.mx\\\/#website\"},\"primaryImageOfPage\":{\"@id\":\"https:\\\/\\\/quehacerpolitico.mx\\\/?p=110173#primaryimage\"},\"image\":{\"@id\":\"https:\\\/\\\/quehacerpolitico.mx\\\/?p=110173#primaryimage\"},\"thumbnailUrl\":\"https:\\\/\\\/quehacerpolitico.mx\\\/wp-content\\\/uploads\\\/2024\\\/05\\\/03fa6135-c3fe-44b7-8e96-c6ca323ffebb-16.jpeg\",\"datePublished\":\"2024-05-21T21:21:27+00:00\",\"dateModified\":\"2024-05-21T21:21:29+00:00\",\"author\":{\"@id\":\"https:\\\/\\\/quehacerpolitico.mx\\\/#\\\/schema\\\/person\\\/496d8ad2d1d3f8036101dca7ee39e585\"},\"breadcrumb\":{\"@id\":\"https:\\\/\\\/quehacerpolitico.mx\\\/?p=110173#breadcrumb\"},\"inLanguage\":\"es\",\"potentialAction\":[{\"@type\":\"ReadAction\",\"target\":[\"https:\\\/\\\/quehacerpolitico.mx\\\/?p=110173\"]}]},{\"@type\":\"ImageObject\",\"inLanguage\":\"es\",\"@id\":\"https:\\\/\\\/quehacerpolitico.mx\\\/?p=110173#primaryimage\",\"url\":\"https:\\\/\\\/quehacerpolitico.mx\\\/wp-content\\\/uploads\\\/2024\\\/05\\\/03fa6135-c3fe-44b7-8e96-c6ca323ffebb-16.jpeg\",\"contentUrl\":\"https:\\\/\\\/quehacerpolitico.mx\\\/wp-content\\\/uploads\\\/2024\\\/05\\\/03fa6135-c3fe-44b7-8e96-c6ca323ffebb-16.jpeg\",\"width\":963,\"height\":493},{\"@type\":\"BreadcrumbList\",\"@id\":\"https:\\\/\\\/quehacerpolitico.mx\\\/?p=110173#breadcrumb\",\"itemListElement\":[{\"@type\":\"ListItem\",\"position\":1,\"name\":\"Inicio\",\"item\":\"https:\\\/\\\/quehacerpolitico.mx\\\/\"},{\"@type\":\"ListItem\",\"position\":2,\"name\":\"El Quehacer Pol\u00edtico Internacional\\\/\\\/\\\/Carolina Alonso Romei\\\/\\\/\\\/Las\u00a0universidades espa\u00f1olas\u00a0contin\u00faan mostrando su\u00a0apoyo\u00a0a\u00a0Gaza\"}]},{\"@type\":\"WebSite\",\"@id\":\"https:\\\/\\\/quehacerpolitico.mx\\\/#website\",\"url\":\"https:\\\/\\\/quehacerpolitico.mx\\\/\",\"name\":\"\",\"description\":\"\",\"potentialAction\":[{\"@type\":\"SearchAction\",\"target\":{\"@type\":\"EntryPoint\",\"urlTemplate\":\"https:\\\/\\\/quehacerpolitico.mx\\\/?s={search_term_string}\"},\"query-input\":{\"@type\":\"PropertyValueSpecification\",\"valueRequired\":true,\"valueName\":\"search_term_string\"}}],\"inLanguage\":\"es\"},{\"@type\":\"Person\",\"@id\":\"https:\\\/\\\/quehacerpolitico.mx\\\/#\\\/schema\\\/person\\\/496d8ad2d1d3f8036101dca7ee39e585\",\"name\":\"Redacci\u00f3n QP\",\"image\":{\"@type\":\"ImageObject\",\"inLanguage\":\"es\",\"@id\":\"https:\\\/\\\/secure.gravatar.com\\\/avatar\\\/c7164ed6fdec453195284ad24a5ae5b6e1eed2b848477fa2a4787ba9adf39a41?s=96&d=mm&r=g\",\"url\":\"https:\\\/\\\/secure.gravatar.com\\\/avatar\\\/c7164ed6fdec453195284ad24a5ae5b6e1eed2b848477fa2a4787ba9adf39a41?s=96&d=mm&r=g\",\"contentUrl\":\"https:\\\/\\\/secure.gravatar.com\\\/avatar\\\/c7164ed6fdec453195284ad24a5ae5b6e1eed2b848477fa2a4787ba9adf39a41?s=96&d=mm&r=g\",\"caption\":\"Redacci\u00f3n QP\"},\"url\":\"https:\\\/\\\/quehacerpolitico.mx\\\/?author=2\"}]}<\/script>\n<!-- \/ Yoast SEO plugin. -->","yoast_head_json":{"title":"El Quehacer Pol\u00edtico Internacional\/\/\/Carolina Alonso Romei\/\/\/Las\u00a0universidades espa\u00f1olas\u00a0contin\u00faan mostrando su\u00a0apoyo\u00a0a\u00a0Gaza -","robots":{"index":"index","follow":"follow","max-snippet":"max-snippet:-1","max-image-preview":"max-image-preview:large","max-video-preview":"max-video-preview:-1"},"canonical":"https:\/\/quehacerpolitico.mx\/?p=110173","og_locale":"es_MX","og_type":"article","og_title":"El Quehacer Pol\u00edtico Internacional\/\/\/Carolina Alonso Romei\/\/\/Las\u00a0universidades espa\u00f1olas\u00a0contin\u00faan mostrando su\u00a0apoyo\u00a0a\u00a0Gaza -","og_description":"Por Carolina Alonso Romei Internacionalista Miles de universitarios siguen acampados frente a sus centros educativos...","og_url":"https:\/\/quehacerpolitico.mx\/?p=110173","article_published_time":"2024-05-21T21:21:27+00:00","article_modified_time":"2024-05-21T21:21:29+00:00","og_image":[{"width":963,"height":493,"url":"https:\/\/quehacerpolitico.mx\/wp-content\/uploads\/2024\/05\/03fa6135-c3fe-44b7-8e96-c6ca323ffebb-16.jpeg","type":"image\/jpeg"}],"author":"Redacci\u00f3n QP","twitter_card":"summary_large_image","twitter_misc":{"Escrito por":"Redacci\u00f3n QP","Tiempo de lectura":"3 minutos"},"schema":{"@context":"https:\/\/schema.org","@graph":[{"@type":"Article","@id":"https:\/\/quehacerpolitico.mx\/?p=110173#article","isPartOf":{"@id":"https:\/\/quehacerpolitico.mx\/?p=110173"},"author":{"name":"Redacci\u00f3n QP","@id":"https:\/\/quehacerpolitico.mx\/#\/schema\/person\/496d8ad2d1d3f8036101dca7ee39e585"},"headline":"El Quehacer Pol\u00edtico Internacional\/\/\/Carolina Alonso Romei\/\/\/Las\u00a0universidades espa\u00f1olas\u00a0contin\u00faan mostrando su\u00a0apoyo\u00a0a\u00a0Gaza","datePublished":"2024-05-21T21:21:27+00:00","dateModified":"2024-05-21T21:21:29+00:00","mainEntityOfPage":{"@id":"https:\/\/quehacerpolitico.mx\/?p=110173"},"wordCount":664,"commentCount":0,"image":{"@id":"https:\/\/quehacerpolitico.mx\/?p=110173#primaryimage"},"thumbnailUrl":"https:\/\/quehacerpolitico.mx\/wp-content\/uploads\/2024\/05\/03fa6135-c3fe-44b7-8e96-c6ca323ffebb-16.jpeg","articleSection":["Internacionales"],"inLanguage":"es","potentialAction":[{"@type":"CommentAction","name":"Comment","target":["https:\/\/quehacerpolitico.mx\/?p=110173#respond"]}]},{"@type":"WebPage","@id":"https:\/\/quehacerpolitico.mx\/?p=110173","url":"https:\/\/quehacerpolitico.mx\/?p=110173","name":"El Quehacer Pol\u00edtico Internacional\/\/\/Carolina Alonso Romei\/\/\/Las\u00a0universidades espa\u00f1olas\u00a0contin\u00faan mostrando su\u00a0apoyo\u00a0a\u00a0Gaza -","isPartOf":{"@id":"https:\/\/quehacerpolitico.mx\/#website"},"primaryImageOfPage":{"@id":"https:\/\/quehacerpolitico.mx\/?p=110173#primaryimage"},"image":{"@id":"https:\/\/quehacerpolitico.mx\/?p=110173#primaryimage"},"thumbnailUrl":"https:\/\/quehacerpolitico.mx\/wp-content\/uploads\/2024\/05\/03fa6135-c3fe-44b7-8e96-c6ca323ffebb-16.jpeg","datePublished":"2024-05-21T21:21:27+00:00","dateModified":"2024-05-21T21:21:29+00:00","author":{"@id":"https:\/\/quehacerpolitico.mx\/#\/schema\/person\/496d8ad2d1d3f8036101dca7ee39e585"},"breadcrumb":{"@id":"https:\/\/quehacerpolitico.mx\/?p=110173#breadcrumb"},"inLanguage":"es","potentialAction":[{"@type":"ReadAction","target":["https:\/\/quehacerpolitico.mx\/?p=110173"]}]},{"@type":"ImageObject","inLanguage":"es","@id":"https:\/\/quehacerpolitico.mx\/?p=110173#primaryimage","url":"https:\/\/quehacerpolitico.mx\/wp-content\/uploads\/2024\/05\/03fa6135-c3fe-44b7-8e96-c6ca323ffebb-16.jpeg","contentUrl":"https:\/\/quehacerpolitico.mx\/wp-content\/uploads\/2024\/05\/03fa6135-c3fe-44b7-8e96-c6ca323ffebb-16.jpeg","width":963,"height":493},{"@type":"BreadcrumbList","@id":"https:\/\/quehacerpolitico.mx\/?p=110173#breadcrumb","itemListElement":[{"@type":"ListItem","position":1,"name":"Inicio","item":"https:\/\/quehacerpolitico.mx\/"},{"@type":"ListItem","position":2,"name":"El Quehacer Pol\u00edtico Internacional\/\/\/Carolina Alonso Romei\/\/\/Las\u00a0universidades espa\u00f1olas\u00a0contin\u00faan mostrando su\u00a0apoyo\u00a0a\u00a0Gaza"}]},{"@type":"WebSite","@id":"https:\/\/quehacerpolitico.mx\/#website","url":"https:\/\/quehacerpolitico.mx\/","name":"","description":"","potentialAction":[{"@type":"SearchAction","target":{"@type":"EntryPoint","urlTemplate":"https:\/\/quehacerpolitico.mx\/?s={search_term_string}"},"query-input":{"@type":"PropertyValueSpecification","valueRequired":true,"valueName":"search_term_string"}}],"inLanguage":"es"},{"@type":"Person","@id":"https:\/\/quehacerpolitico.mx\/#\/schema\/person\/496d8ad2d1d3f8036101dca7ee39e585","name":"Redacci\u00f3n QP","image":{"@type":"ImageObject","inLanguage":"es","@id":"https:\/\/secure.gravatar.com\/avatar\/c7164ed6fdec453195284ad24a5ae5b6e1eed2b848477fa2a4787ba9adf39a41?s=96&d=mm&r=g","url":"https:\/\/secure.gravatar.com\/avatar\/c7164ed6fdec453195284ad24a5ae5b6e1eed2b848477fa2a4787ba9adf39a41?s=96&d=mm&r=g","contentUrl":"https:\/\/secure.gravatar.com\/avatar\/c7164ed6fdec453195284ad24a5ae5b6e1eed2b848477fa2a4787ba9adf39a41?s=96&d=mm&r=g","caption":"Redacci\u00f3n QP"},"url":"https:\/\/quehacerpolitico.mx\/?author=2"}]}},"featured_image_urls":{"full":["https:\/\/quehacerpolitico.mx\/wp-content\/uploads\/2024\/05\/03fa6135-c3fe-44b7-8e96-c6ca323ffebb-16.jpeg",963,493,false],"thumbnail":["https:\/\/quehacerpolitico.mx\/wp-content\/uploads\/2024\/05\/03fa6135-c3fe-44b7-8e96-c6ca323ffebb-16-150x150.jpeg",150,150,true],"medium":["https:\/\/quehacerpolitico.mx\/wp-content\/uploads\/2024\/05\/03fa6135-c3fe-44b7-8e96-c6ca323ffebb-16-300x154.jpeg",300,154,true],"medium_large":["https:\/\/quehacerpolitico.mx\/wp-content\/uploads\/2024\/05\/03fa6135-c3fe-44b7-8e96-c6ca323ffebb-16-768x393.jpeg",640,328,true],"large":["https:\/\/quehacerpolitico.mx\/wp-content\/uploads\/2024\/05\/03fa6135-c3fe-44b7-8e96-c6ca323ffebb-16.jpeg",640,328,false],"1536x1536":["https:\/\/quehacerpolitico.mx\/wp-content\/uploads\/2024\/05\/03fa6135-c3fe-44b7-8e96-c6ca323ffebb-16.jpeg",963,493,false],"2048x2048":["https:\/\/quehacerpolitico.mx\/wp-content\/uploads\/2024\/05\/03fa6135-c3fe-44b7-8e96-c6ca323ffebb-16.jpeg",963,493,false],"covernews-featured":["https:\/\/quehacerpolitico.mx\/wp-content\/uploads\/2024\/05\/03fa6135-c3fe-44b7-8e96-c6ca323ffebb-16.jpeg",963,493,false],"covernews-medium":["https:\/\/quehacerpolitico.mx\/wp-content\/uploads\/2024\/05\/03fa6135-c3fe-44b7-8e96-c6ca323ffebb-16.jpeg",540,276,false]},"author_info":{"display_name":"Redacci\u00f3n QP","author_link":"https:\/\/quehacerpolitico.mx\/?author=2"},"category_info":"<a href=\"https:\/\/quehacerpolitico.mx\/?cat=1\" rel=\"category\">Internacionales<\/a>","tag_info":"Internacionales","comment_count":"0","_links":{"self":[{"href":"https:\/\/quehacerpolitico.mx\/index.php?rest_route=\/wp\/v2\/posts\/110173","targetHints":{"allow":["GET"]}}],"collection":[{"href":"https:\/\/quehacerpolitico.mx\/index.php?rest_route=\/wp\/v2\/posts"}],"about":[{"href":"https:\/\/quehacerpolitico.mx\/index.php?rest_route=\/wp\/v2\/types\/post"}],"author":[{"embeddable":true,"href":"https:\/\/quehacerpolitico.mx\/index.php?rest_route=\/wp\/v2\/users\/2"}],"replies":[{"embeddable":true,"href":"https:\/\/quehacerpolitico.mx\/index.php?rest_route=%2Fwp%2Fv2%2Fcomments&post=110173"}],"version-history":[{"count":1,"href":"https:\/\/quehacerpolitico.mx\/index.php?rest_route=\/wp\/v2\/posts\/110173\/revisions"}],"predecessor-version":[{"id":110176,"href":"https:\/\/quehacerpolitico.mx\/index.php?rest_route=\/wp\/v2\/posts\/110173\/revisions\/110176"}],"wp:featuredmedia":[{"embeddable":true,"href":"https:\/\/quehacerpolitico.mx\/index.php?rest_route=\/wp\/v2\/media\/110174"}],"wp:attachment":[{"href":"https:\/\/quehacerpolitico.mx\/index.php?rest_route=%2Fwp%2Fv2%2Fmedia&parent=110173"}],"wp:term":[{"taxonomy":"category","embeddable":true,"href":"https:\/\/quehacerpolitico.mx\/index.php?rest_route=%2Fwp%2Fv2%2Fcategories&post=110173"},{"taxonomy":"post_tag","embeddable":true,"href":"https:\/\/quehacerpolitico.mx\/index.php?rest_route=%2Fwp%2Fv2%2Ftags&post=110173"}],"curies":[{"name":"wp","href":"https:\/\/api.w.org\/{rel}","templated":true}]}}