{"id":110170,"date":"2024-05-21T21:03:33","date_gmt":"2024-05-21T21:03:33","guid":{"rendered":"https:\/\/quehacerpolitico.mx\/?p=110170"},"modified":"2024-05-21T21:03:36","modified_gmt":"2024-05-21T21:03:36","slug":"stephanie-palacios-denuncio-amenazas-tras-exponer-presuntas-presiones-a-periodistas-durante-la-conferencia-matutina-de-amlo","status":"publish","type":"post","link":"https:\/\/quehacerpolitico.mx\/?p=110170","title":{"rendered":"Stephanie Palacios denunci\u00f3 amenazas tras exponer presuntas presiones a periodistas durante la conferencia matutina de AMLO"},"content":{"rendered":"\n<p>Por Redacci\u00f3n QP<\/p>\n\n\n\n<p>La periodista\u00a0<strong>Stephanie Palacios<\/strong>\u00a0denunci\u00f3\u00a0<strong>amenazas<\/strong>\u00a0en su contra tras exponer presuntos actos contra representantes de medios de comunicaci\u00f3n durante la\u00a0<strong>conferencia de prensa<\/strong>\u00a0del presidente\u00a0<strong>Andr\u00e9s Manuel L\u00f3pez Obrador<\/strong>.<\/p>\n\n\n\n<figure class=\"wp-block-embed is-type-rich is-provider-twitter wp-block-embed-twitter\"><div class=\"wp-block-embed__wrapper\">\n<blockquote class=\"twitter-tweet\" data-width=\"550\" data-dnt=\"true\"><p lang=\"es\" dir=\"ltr\">Y Jes\u00fas Ram\u00edrez orden\u00f3 censurar a quien se atreva a levantar la voz para preguntarle lo que sea a <a href=\"https:\/\/twitter.com\/lopezobrador_?ref_src=twsrc%5Etfw\">@lopezobrador_<\/a>&#8230; Stephanie Palacios <a href=\"https:\/\/twitter.com\/novalick?ref_src=twsrc%5Etfw\">@novalick<\/a> intent\u00f3 exponer el caso y le neg\u00f3 la palabra para luego sacar la vieja confiable de &quot;todos tienen derecho a preguntar&quot;. \ud83e\udd21 <a href=\"https:\/\/t.co\/tbC3r33HXo\">pic.twitter.com\/tbC3r33HXo<\/a><\/p>&mdash; Luis Alberto Alonso (@ikaro_46) <a href=\"https:\/\/twitter.com\/ikaro_46\/status\/1788217949439811901?ref_src=twsrc%5Etfw\">May 8, 2024<\/a><\/blockquote><script async src=\"https:\/\/platform.twitter.com\/widgets.js\" charset=\"utf-8\"><\/script>\n<\/div><\/figure>\n\n\n\n<p>El 8 de mayo pasado, la reportera de\u00a0<em>Sputnik Mundo<\/em>\u00a0revel\u00f3 que se hab\u00eda advertido a los\u00a0<strong>periodistas<\/strong>\u00a0que\u00a0<strong>no pueden hacer preguntas<\/strong>\u00a0cuando el\u00a0<strong>presidente<\/strong>\u00a0est\u00e9 exponiendo sobre un tema, a fin de\u00a0<strong>no interrumpirlo<\/strong>.<\/p>\n\n\n\n<p>Est\u00e1n sancionando a los periodistas y no es justo. Se molestaron y nos pusieron hasta fin de mes, porque le preguntamos. Usted ha dicho siempre que esto es un ejercicio democr\u00e1tico; nosotros como periodistas le preguntamos cuando est\u00e1 platicando, entonces, si por esto que estoy haciendo me van a correr de una conferencia de prensa\u2026 eso que est\u00e1n haciendo es una amenaza, la vez pasada a m\u00ed se sancionaron con un mes y no vine un mes y se lo dije a mi agencia internacional\u201d, dijo en persona a L\u00f3pez Obrador.<\/p>\n\n\n\n<p>El mandatario mexicano rechaz\u00f3 amenaza alguna a periodistas asegurando que \u201cnosotros no somos iguales, nosotros no somos autoritarios\u201d<\/p>\n\n\n\n<p>No hay ninguna limitaci\u00f3n. No te preocupes, tranquilos, no hay problema, todos tienen derecho a preguntar porque no tenemos nada que ocultar. A lo mejor hay un malentendido, pero yo te digo, aqu\u00ed no hay ning\u00fan problema. Aqu\u00ed son libres, pueden preguntar lo que sea\u201d, expuso el presidente.<\/p>\n\n\n\n<p>A dos semanas del suceso,\u00a0<strong>Stephanie Palacios<\/strong>\u00a0revel\u00f3 a\u00a0Articulo 19 que ha recibido\u00a0<strong>mensajes intimidatorios<\/strong>\u00a0y\u00a0<strong>amenazas<\/strong>\u00a0a su integridad v\u00eda redes sociales.<\/p>\n\n\n\n<p>Se\u00f1al\u00f3 que sus agresores han utilizado&nbsp;<strong>connotaciones sexuales<\/strong>y desacreditado su labor profesional.<\/p>\n\n\n\n<p>Inclusive, expuso, ha recibido\u00a0<strong>llamadas an\u00f3nimas de acoso<\/strong>.<\/p>\n\n\n\n<figure class=\"wp-block-embed is-type-rich is-provider-twitter wp-block-embed-twitter\"><div class=\"wp-block-embed__wrapper\">\n<blockquote class=\"twitter-tweet\" data-width=\"550\" data-dnt=\"true\"><p lang=\"es\" dir=\"ltr\">Si no paran estos ataques vamos a denunciarlos ante la <a href=\"https:\/\/twitter.com\/FiscaliaCDMX?ref_src=twsrc%5Etfw\">@FiscaliaCDMX<\/a> una autoridad por estas violencias <a href=\"https:\/\/twitter.com\/JesusRCuevas?ref_src=twsrc%5Etfw\">@JesusRCuevas<\/a> <a href=\"https:\/\/t.co\/VVXL1RUn5K\">https:\/\/t.co\/VVXL1RUn5K<\/a><\/p>&mdash; Stephanie Palacios (@novalick) <a href=\"https:\/\/twitter.com\/novalick\/status\/1788233417517113813?ref_src=twsrc%5Etfw\">May 8, 2024<\/a><\/blockquote><script async src=\"https:\/\/platform.twitter.com\/widgets.js\" charset=\"utf-8\"><\/script>\n<\/div><\/figure>\n\n\n\n<p>La periodista ya interpuso una\u00a0<strong>denuncia<\/strong>\u00a0ante la\u00a0<strong>Fiscal\u00eda General de Justicia<\/strong>\u00a0(FGJ) de la\u00a0<strong>Ciudad de M\u00e9xico<\/strong>\u00a0por\u00a0<strong>discriminaci\u00f3n<\/strong>.<\/p>\n\n\n\n<p>Esta situaci\u00f3n pone en evidencia el grave riesgo al que se enfrentan las mujeres periodistas en el ejercicio de su labor. Las amenazas y los mensajes intimidatorios que recibi\u00f3 en redes sociales son un reflejo alarmante de la situaci\u00f3n de vulnerabilidad a la que est\u00e1n expuestas. Este tipo de agresiones no solo buscan intimidar y coartar la libertad de expresi\u00f3n, sino que tambi\u00e9n tienen un impacto profundo en la percepci\u00f3n de seguridad personal y psicol\u00f3gica de las personas agredidas\u201d, manifest\u00f3 Article 19.<\/p>\n\n\n\n<p>La organizaci\u00f3n exigi\u00f3 a la&nbsp;<strong>Fiscal\u00eda capitalina<\/strong>&nbsp;una&nbsp;<strong>investigaci\u00f3n<\/strong>&nbsp;diligente y que d\u00e9 continuidad a la denuncia de Palacios, garantizando justicia, reparaci\u00f3n y garant\u00edas de no repetici\u00f3n.<\/p>\n\n\n\n<p>Asimismo, la actuaci\u00f3n del&nbsp;<strong>Mecanismo de Protecci\u00f3n para Personas Defensoras de Derechos Humanos y Periodistas<\/strong>&nbsp;para dar protecci\u00f3n a la periodista.<\/p>\n","protected":false},"excerpt":{"rendered":"<p>Por Redacci\u00f3n QP La periodista\u00a0Stephanie Palacios\u00a0denunci\u00f3\u00a0amenazas\u00a0en su contra tras exponer presuntos actos contra representantes de&#8230;<\/p>\n","protected":false},"author":2,"featured_media":110171,"comment_status":"open","ping_status":"open","sticky":false,"template":"","format":"standard","meta":{"_monsterinsights_skip_tracking":false,"_monsterinsights_sitenote_active":false,"_monsterinsights_sitenote_note":"","_monsterinsights_sitenote_category":0,"footnotes":""},"categories":[2],"tags":[],"class_list":["post-110170","post","type-post","status-publish","format-standard","has-post-thumbnail","hentry","category-noticias"],"yoast_head":"<!-- This site is optimized with the Yoast SEO plugin v27.3 - https:\/\/yoast.com\/product\/yoast-seo-wordpress\/ -->\n<title>Stephanie Palacios denunci\u00f3 amenazas tras exponer presuntas presiones a periodistas durante la conferencia matutina de AMLO -<\/title>\n<meta name=\"robots\" content=\"index, follow, max-snippet:-1, max-image-preview:large, max-video-preview:-1\" \/>\n<link rel=\"canonical\" href=\"https:\/\/quehacerpolitico.mx\/?p=110170\" \/>\n<meta property=\"og:locale\" content=\"es_MX\" \/>\n<meta property=\"og:type\" content=\"article\" \/>\n<meta property=\"og:title\" content=\"Stephanie Palacios denunci\u00f3 amenazas tras exponer presuntas presiones a periodistas durante la conferencia matutina de AMLO -\" \/>\n<meta property=\"og:description\" content=\"Por Redacci\u00f3n QP La periodista\u00a0Stephanie Palacios\u00a0denunci\u00f3\u00a0amenazas\u00a0en su contra tras exponer presuntos actos contra representantes de...\" \/>\n<meta property=\"og:url\" content=\"https:\/\/quehacerpolitico.mx\/?p=110170\" \/>\n<meta property=\"article:published_time\" content=\"2024-05-21T21:03:33+00:00\" \/>\n<meta property=\"article:modified_time\" content=\"2024-05-21T21:03:36+00:00\" \/>\n<meta property=\"og:image\" content=\"https:\/\/quehacerpolitico.mx\/wp-content\/uploads\/2024\/05\/IMG_5781.webp\" \/>\n\t<meta property=\"og:image:width\" content=\"1000\" \/>\n\t<meta property=\"og:image:height\" content=\"563\" \/>\n\t<meta property=\"og:image:type\" content=\"image\/webp\" \/>\n<meta name=\"author\" content=\"Redacci\u00f3n QP\" \/>\n<meta name=\"twitter:card\" content=\"summary_large_image\" \/>\n<meta name=\"twitter:label1\" content=\"Escrito por\" \/>\n\t<meta name=\"twitter:data1\" content=\"Redacci\u00f3n QP\" \/>\n\t<meta name=\"twitter:label2\" content=\"Tiempo de lectura\" \/>\n\t<meta name=\"twitter:data2\" content=\"2 minutos\" \/>\n<script type=\"application\/ld+json\" class=\"yoast-schema-graph\">{\"@context\":\"https:\\\/\\\/schema.org\",\"@graph\":[{\"@type\":\"Article\",\"@id\":\"https:\\\/\\\/quehacerpolitico.mx\\\/?p=110170#article\",\"isPartOf\":{\"@id\":\"https:\\\/\\\/quehacerpolitico.mx\\\/?p=110170\"},\"author\":{\"name\":\"Redacci\u00f3n QP\",\"@id\":\"https:\\\/\\\/quehacerpolitico.mx\\\/#\\\/schema\\\/person\\\/496d8ad2d1d3f8036101dca7ee39e585\"},\"headline\":\"Stephanie Palacios denunci\u00f3 amenazas tras exponer presuntas presiones a periodistas durante la conferencia matutina de AMLO\",\"datePublished\":\"2024-05-21T21:03:33+00:00\",\"dateModified\":\"2024-05-21T21:03:36+00:00\",\"mainEntityOfPage\":{\"@id\":\"https:\\\/\\\/quehacerpolitico.mx\\\/?p=110170\"},\"wordCount\":495,\"commentCount\":0,\"image\":{\"@id\":\"https:\\\/\\\/quehacerpolitico.mx\\\/?p=110170#primaryimage\"},\"thumbnailUrl\":\"https:\\\/\\\/quehacerpolitico.mx\\\/wp-content\\\/uploads\\\/2024\\\/05\\\/IMG_5781.webp\",\"articleSection\":[\"Noticias\"],\"inLanguage\":\"es\",\"potentialAction\":[{\"@type\":\"CommentAction\",\"name\":\"Comment\",\"target\":[\"https:\\\/\\\/quehacerpolitico.mx\\\/?p=110170#respond\"]}]},{\"@type\":\"WebPage\",\"@id\":\"https:\\\/\\\/quehacerpolitico.mx\\\/?p=110170\",\"url\":\"https:\\\/\\\/quehacerpolitico.mx\\\/?p=110170\",\"name\":\"Stephanie Palacios denunci\u00f3 amenazas tras exponer presuntas presiones a periodistas durante la conferencia matutina de AMLO -\",\"isPartOf\":{\"@id\":\"https:\\\/\\\/quehacerpolitico.mx\\\/#website\"},\"primaryImageOfPage\":{\"@id\":\"https:\\\/\\\/quehacerpolitico.mx\\\/?p=110170#primaryimage\"},\"image\":{\"@id\":\"https:\\\/\\\/quehacerpolitico.mx\\\/?p=110170#primaryimage\"},\"thumbnailUrl\":\"https:\\\/\\\/quehacerpolitico.mx\\\/wp-content\\\/uploads\\\/2024\\\/05\\\/IMG_5781.webp\",\"datePublished\":\"2024-05-21T21:03:33+00:00\",\"dateModified\":\"2024-05-21T21:03:36+00:00\",\"author\":{\"@id\":\"https:\\\/\\\/quehacerpolitico.mx\\\/#\\\/schema\\\/person\\\/496d8ad2d1d3f8036101dca7ee39e585\"},\"breadcrumb\":{\"@id\":\"https:\\\/\\\/quehacerpolitico.mx\\\/?p=110170#breadcrumb\"},\"inLanguage\":\"es\",\"potentialAction\":[{\"@type\":\"ReadAction\",\"target\":[\"https:\\\/\\\/quehacerpolitico.mx\\\/?p=110170\"]}]},{\"@type\":\"ImageObject\",\"inLanguage\":\"es\",\"@id\":\"https:\\\/\\\/quehacerpolitico.mx\\\/?p=110170#primaryimage\",\"url\":\"https:\\\/\\\/quehacerpolitico.mx\\\/wp-content\\\/uploads\\\/2024\\\/05\\\/IMG_5781.webp\",\"contentUrl\":\"https:\\\/\\\/quehacerpolitico.mx\\\/wp-content\\\/uploads\\\/2024\\\/05\\\/IMG_5781.webp\",\"width\":1000,\"height\":563},{\"@type\":\"BreadcrumbList\",\"@id\":\"https:\\\/\\\/quehacerpolitico.mx\\\/?p=110170#breadcrumb\",\"itemListElement\":[{\"@type\":\"ListItem\",\"position\":1,\"name\":\"Inicio\",\"item\":\"https:\\\/\\\/quehacerpolitico.mx\\\/\"},{\"@type\":\"ListItem\",\"position\":2,\"name\":\"Stephanie Palacios denunci\u00f3 amenazas tras exponer presuntas presiones a periodistas durante la conferencia matutina de AMLO\"}]},{\"@type\":\"WebSite\",\"@id\":\"https:\\\/\\\/quehacerpolitico.mx\\\/#website\",\"url\":\"https:\\\/\\\/quehacerpolitico.mx\\\/\",\"name\":\"\",\"description\":\"\",\"potentialAction\":[{\"@type\":\"SearchAction\",\"target\":{\"@type\":\"EntryPoint\",\"urlTemplate\":\"https:\\\/\\\/quehacerpolitico.mx\\\/?s={search_term_string}\"},\"query-input\":{\"@type\":\"PropertyValueSpecification\",\"valueRequired\":true,\"valueName\":\"search_term_string\"}}],\"inLanguage\":\"es\"},{\"@type\":\"Person\",\"@id\":\"https:\\\/\\\/quehacerpolitico.mx\\\/#\\\/schema\\\/person\\\/496d8ad2d1d3f8036101dca7ee39e585\",\"name\":\"Redacci\u00f3n QP\",\"image\":{\"@type\":\"ImageObject\",\"inLanguage\":\"es\",\"@id\":\"https:\\\/\\\/secure.gravatar.com\\\/avatar\\\/c7164ed6fdec453195284ad24a5ae5b6e1eed2b848477fa2a4787ba9adf39a41?s=96&d=mm&r=g\",\"url\":\"https:\\\/\\\/secure.gravatar.com\\\/avatar\\\/c7164ed6fdec453195284ad24a5ae5b6e1eed2b848477fa2a4787ba9adf39a41?s=96&d=mm&r=g\",\"contentUrl\":\"https:\\\/\\\/secure.gravatar.com\\\/avatar\\\/c7164ed6fdec453195284ad24a5ae5b6e1eed2b848477fa2a4787ba9adf39a41?s=96&d=mm&r=g\",\"caption\":\"Redacci\u00f3n QP\"},\"url\":\"https:\\\/\\\/quehacerpolitico.mx\\\/?author=2\"}]}<\/script>\n<!-- \/ Yoast SEO plugin. -->","yoast_head_json":{"title":"Stephanie Palacios denunci\u00f3 amenazas tras exponer presuntas presiones a periodistas durante la conferencia matutina de AMLO -","robots":{"index":"index","follow":"follow","max-snippet":"max-snippet:-1","max-image-preview":"max-image-preview:large","max-video-preview":"max-video-preview:-1"},"canonical":"https:\/\/quehacerpolitico.mx\/?p=110170","og_locale":"es_MX","og_type":"article","og_title":"Stephanie Palacios denunci\u00f3 amenazas tras exponer presuntas presiones a periodistas durante la conferencia matutina de AMLO -","og_description":"Por Redacci\u00f3n QP La periodista\u00a0Stephanie Palacios\u00a0denunci\u00f3\u00a0amenazas\u00a0en su contra tras exponer presuntos actos contra representantes de...","og_url":"https:\/\/quehacerpolitico.mx\/?p=110170","article_published_time":"2024-05-21T21:03:33+00:00","article_modified_time":"2024-05-21T21:03:36+00:00","og_image":[{"width":1000,"height":563,"url":"https:\/\/quehacerpolitico.mx\/wp-content\/uploads\/2024\/05\/IMG_5781.webp","type":"image\/webp"}],"author":"Redacci\u00f3n QP","twitter_card":"summary_large_image","twitter_misc":{"Escrito por":"Redacci\u00f3n QP","Tiempo de lectura":"2 minutos"},"schema":{"@context":"https:\/\/schema.org","@graph":[{"@type":"Article","@id":"https:\/\/quehacerpolitico.mx\/?p=110170#article","isPartOf":{"@id":"https:\/\/quehacerpolitico.mx\/?p=110170"},"author":{"name":"Redacci\u00f3n QP","@id":"https:\/\/quehacerpolitico.mx\/#\/schema\/person\/496d8ad2d1d3f8036101dca7ee39e585"},"headline":"Stephanie Palacios denunci\u00f3 amenazas tras exponer presuntas presiones a periodistas durante la conferencia matutina de AMLO","datePublished":"2024-05-21T21:03:33+00:00","dateModified":"2024-05-21T21:03:36+00:00","mainEntityOfPage":{"@id":"https:\/\/quehacerpolitico.mx\/?p=110170"},"wordCount":495,"commentCount":0,"image":{"@id":"https:\/\/quehacerpolitico.mx\/?p=110170#primaryimage"},"thumbnailUrl":"https:\/\/quehacerpolitico.mx\/wp-content\/uploads\/2024\/05\/IMG_5781.webp","articleSection":["Noticias"],"inLanguage":"es","potentialAction":[{"@type":"CommentAction","name":"Comment","target":["https:\/\/quehacerpolitico.mx\/?p=110170#respond"]}]},{"@type":"WebPage","@id":"https:\/\/quehacerpolitico.mx\/?p=110170","url":"https:\/\/quehacerpolitico.mx\/?p=110170","name":"Stephanie Palacios denunci\u00f3 amenazas tras exponer presuntas presiones a periodistas durante la conferencia matutina de AMLO -","isPartOf":{"@id":"https:\/\/quehacerpolitico.mx\/#website"},"primaryImageOfPage":{"@id":"https:\/\/quehacerpolitico.mx\/?p=110170#primaryimage"},"image":{"@id":"https:\/\/quehacerpolitico.mx\/?p=110170#primaryimage"},"thumbnailUrl":"https:\/\/quehacerpolitico.mx\/wp-content\/uploads\/2024\/05\/IMG_5781.webp","datePublished":"2024-05-21T21:03:33+00:00","dateModified":"2024-05-21T21:03:36+00:00","author":{"@id":"https:\/\/quehacerpolitico.mx\/#\/schema\/person\/496d8ad2d1d3f8036101dca7ee39e585"},"breadcrumb":{"@id":"https:\/\/quehacerpolitico.mx\/?p=110170#breadcrumb"},"inLanguage":"es","potentialAction":[{"@type":"ReadAction","target":["https:\/\/quehacerpolitico.mx\/?p=110170"]}]},{"@type":"ImageObject","inLanguage":"es","@id":"https:\/\/quehacerpolitico.mx\/?p=110170#primaryimage","url":"https:\/\/quehacerpolitico.mx\/wp-content\/uploads\/2024\/05\/IMG_5781.webp","contentUrl":"https:\/\/quehacerpolitico.mx\/wp-content\/uploads\/2024\/05\/IMG_5781.webp","width":1000,"height":563},{"@type":"BreadcrumbList","@id":"https:\/\/quehacerpolitico.mx\/?p=110170#breadcrumb","itemListElement":[{"@type":"ListItem","position":1,"name":"Inicio","item":"https:\/\/quehacerpolitico.mx\/"},{"@type":"ListItem","position":2,"name":"Stephanie Palacios denunci\u00f3 amenazas tras exponer presuntas presiones a periodistas durante la conferencia matutina de AMLO"}]},{"@type":"WebSite","@id":"https:\/\/quehacerpolitico.mx\/#website","url":"https:\/\/quehacerpolitico.mx\/","name":"","description":"","potentialAction":[{"@type":"SearchAction","target":{"@type":"EntryPoint","urlTemplate":"https:\/\/quehacerpolitico.mx\/?s={search_term_string}"},"query-input":{"@type":"PropertyValueSpecification","valueRequired":true,"valueName":"search_term_string"}}],"inLanguage":"es"},{"@type":"Person","@id":"https:\/\/quehacerpolitico.mx\/#\/schema\/person\/496d8ad2d1d3f8036101dca7ee39e585","name":"Redacci\u00f3n QP","image":{"@type":"ImageObject","inLanguage":"es","@id":"https:\/\/secure.gravatar.com\/avatar\/c7164ed6fdec453195284ad24a5ae5b6e1eed2b848477fa2a4787ba9adf39a41?s=96&d=mm&r=g","url":"https:\/\/secure.gravatar.com\/avatar\/c7164ed6fdec453195284ad24a5ae5b6e1eed2b848477fa2a4787ba9adf39a41?s=96&d=mm&r=g","contentUrl":"https:\/\/secure.gravatar.com\/avatar\/c7164ed6fdec453195284ad24a5ae5b6e1eed2b848477fa2a4787ba9adf39a41?s=96&d=mm&r=g","caption":"Redacci\u00f3n QP"},"url":"https:\/\/quehacerpolitico.mx\/?author=2"}]}},"featured_image_urls":{"full":["https:\/\/quehacerpolitico.mx\/wp-content\/uploads\/2024\/05\/IMG_5781.webp",1000,563,false],"thumbnail":["https:\/\/quehacerpolitico.mx\/wp-content\/uploads\/2024\/05\/IMG_5781-150x150.webp",150,150,true],"medium":["https:\/\/quehacerpolitico.mx\/wp-content\/uploads\/2024\/05\/IMG_5781-300x169.webp",300,169,true],"medium_large":["https:\/\/quehacerpolitico.mx\/wp-content\/uploads\/2024\/05\/IMG_5781-768x432.webp",640,360,true],"large":["https:\/\/quehacerpolitico.mx\/wp-content\/uploads\/2024\/05\/IMG_5781.webp",640,360,false],"1536x1536":["https:\/\/quehacerpolitico.mx\/wp-content\/uploads\/2024\/05\/IMG_5781.webp",1000,563,false],"2048x2048":["https:\/\/quehacerpolitico.mx\/wp-content\/uploads\/2024\/05\/IMG_5781.webp",1000,563,false],"covernews-featured":["https:\/\/quehacerpolitico.mx\/wp-content\/uploads\/2024\/05\/IMG_5781.webp",1000,563,false],"covernews-medium":["https:\/\/quehacerpolitico.mx\/wp-content\/uploads\/2024\/05\/IMG_5781.webp",540,304,false]},"author_info":{"display_name":"Redacci\u00f3n QP","author_link":"https:\/\/quehacerpolitico.mx\/?author=2"},"category_info":"<a href=\"https:\/\/quehacerpolitico.mx\/?cat=2\" rel=\"category\">Noticias<\/a>","tag_info":"Noticias","comment_count":"0","_links":{"self":[{"href":"https:\/\/quehacerpolitico.mx\/index.php?rest_route=\/wp\/v2\/posts\/110170","targetHints":{"allow":["GET"]}}],"collection":[{"href":"https:\/\/quehacerpolitico.mx\/index.php?rest_route=\/wp\/v2\/posts"}],"about":[{"href":"https:\/\/quehacerpolitico.mx\/index.php?rest_route=\/wp\/v2\/types\/post"}],"author":[{"embeddable":true,"href":"https:\/\/quehacerpolitico.mx\/index.php?rest_route=\/wp\/v2\/users\/2"}],"replies":[{"embeddable":true,"href":"https:\/\/quehacerpolitico.mx\/index.php?rest_route=%2Fwp%2Fv2%2Fcomments&post=110170"}],"version-history":[{"count":1,"href":"https:\/\/quehacerpolitico.mx\/index.php?rest_route=\/wp\/v2\/posts\/110170\/revisions"}],"predecessor-version":[{"id":110172,"href":"https:\/\/quehacerpolitico.mx\/index.php?rest_route=\/wp\/v2\/posts\/110170\/revisions\/110172"}],"wp:featuredmedia":[{"embeddable":true,"href":"https:\/\/quehacerpolitico.mx\/index.php?rest_route=\/wp\/v2\/media\/110171"}],"wp:attachment":[{"href":"https:\/\/quehacerpolitico.mx\/index.php?rest_route=%2Fwp%2Fv2%2Fmedia&parent=110170"}],"wp:term":[{"taxonomy":"category","embeddable":true,"href":"https:\/\/quehacerpolitico.mx\/index.php?rest_route=%2Fwp%2Fv2%2Fcategories&post=110170"},{"taxonomy":"post_tag","embeddable":true,"href":"https:\/\/quehacerpolitico.mx\/index.php?rest_route=%2Fwp%2Fv2%2Ftags&post=110170"}],"curies":[{"name":"wp","href":"https:\/\/api.w.org\/{rel}","templated":true}]}}