{"id":110159,"date":"2024-05-21T19:59:13","date_gmt":"2024-05-21T19:59:13","guid":{"rendered":"https:\/\/quehacerpolitico.mx\/?p=110159"},"modified":"2024-05-21T20:06:33","modified_gmt":"2024-05-21T20:06:33","slug":"la-antorcha-olimpica-de-paris-2024-ilumina-la-alfombra-roja-del-festival-de-cine-de-cannes","status":"publish","type":"post","link":"https:\/\/quehacerpolitico.mx\/?p=110159","title":{"rendered":"La antorcha ol\u00edmpica de Par\u00eds 2024 ilumina la alfombra roja del Festival de cine de Cannes"},"content":{"rendered":"\n<p>Por Redacci\u00f3n QP<\/p>\n\n\n\n<p>La antorcha ol\u00edmpica de Par\u00eds fue la estrella al pasear por la alfombra roja del Festival de Cannes portada por deportistas franceses.<\/p>\n\n\n\n<p>La&nbsp;<strong>llama ol\u00edmpica de&nbsp;<\/strong>Paris 2024 fue la&nbsp;<strong>gran estrella<\/strong>&nbsp;este martes -con permiso de&nbsp;<strong>Catherine Deneuve<\/strong>\u2013 de la&nbsp;<strong>alfombra roja del Festival de cine de Cannes<\/strong>, al hacer su aparici\u00f3n en la Croisette para&nbsp;<strong>subir los famosos 24 escalones<\/strong>&nbsp;del Palacio de Festivales, en la&nbsp;<strong>antorcha portada por deportistas franceses<\/strong>.<\/p>\n\n\n\n<p>Como si de una&nbsp;<strong>actriz de Hollywood<\/strong>&nbsp;se tratara, la&nbsp;<strong>antorcha ol\u00edmpica<\/strong>&nbsp;desat\u00f3 los flashes de decenas de fot\u00f3grafos y la&nbsp;<strong>emoci\u00f3n<\/strong>de los curiosos que se acercaron por la tarde al coraz\u00f3n del festival de Cannes para el estreno de la pel\u00edcula \u2018<strong>Marcello mio<\/strong>\u2018 con Deneuve -la \u00fanica potencial rival hoy de la llama en cuanto a expectaci\u00f3n-, y del documental \u2018Olympiques! La France des Jeux\u2019 (Mickael Gamrasni).<\/p>\n\n\n\n<p>La\u00a0<strong>llama apareci\u00f3 en\u00a0<\/strong>escena transportada por el atleta paral\u00edmpico\u00a0<strong>Arnaud Assoumani<\/strong>, quien tiene\u00a0<strong>cuatro medallas en su palmar\u00e9s<\/strong>, en una fecha en la que se cumplen exactamente\u00a0<strong>99 d\u00edas para el pistoletazo de salida<\/strong>\u00a0de los\u00a0<strong>Juegos Paral\u00edmpicos<\/strong>, que se celebrar\u00e1n del 28 de agosto al 8 de septiembre).<\/p>\n\n\n\n<p>Le dieron la r\u00e9plica otros&nbsp;<strong>tres deportistas paral\u00edmpicos<\/strong>: el triatleta Alexis Hanquinquant, la kayakista N\u00e9lia Barbosa y la ciclista Marie Patouillet.<\/p>\n\n\n\n<h2 class=\"wp-block-heading\" id=\"h-momento\">MOMENTO<\/h2>\n\n\n\n<p>La llama pas\u00f3 a continuaci\u00f3n por las manos de la atleta&nbsp;<strong>Marie-Jos\u00e9 Perec<\/strong>, del judoka<strong>&nbsp;Thierry Rey<\/strong>&nbsp;y de la jugadora de baloncesto<strong>&nbsp;Iliana Rupert<\/strong>&nbsp;para el momento m\u00e1s esperado de la tarde: el del&nbsp;<strong>ascenso de los escalones<\/strong>, que se produjo mientras sonaba la banda sonora de la pel\u00edcula \u2018<strong>Carros de fuego<\/strong>\u2018.<\/p>\n\n\n\n<p>De esmoquin como manda el&nbsp;<strong>protocolo<\/strong>, tambi\u00e9n desfil\u00f3 junto a ellos&nbsp;<strong>Tony Estanguet<\/strong>, el presidente del Comit\u00e9 Organizador de los Juegos Ol\u00edmpicos de Par\u00eds 2024.<\/p>\n\n\n\n<p>La comitiva al completo fue recibida en la entrada del Palacio de Festivales por la presidenta del Festival de Cannes,&nbsp;<strong>Iris Knobloch<\/strong>, y el director art\u00edstico,&nbsp;<strong>Thierry Fr\u00e9maux<\/strong>.<\/p>\n\n\n\n<figure class=\"wp-block-embed is-type-rich is-provider-twitter wp-block-embed-twitter\"><div class=\"wp-block-embed__wrapper\">\n<blockquote class=\"twitter-tweet\" data-width=\"550\" data-dnt=\"true\"><p lang=\"fr\" dir=\"ltr\">La flamme olympique sur les Marches! \ud83d\udd25 The Olympic flame on the Red Steps!<br><br>Avec \/ With <br><br>\ud83d\udd0e Tony Estanguet, Marie-Jos\u00e9 P\u00e9rec, Thierry Rey, Iliana Rupert, Marie Patouillet, N\u00e9lia Barbosa, Alexis Hanquiquant, Christine Caron, Brahim Asloum, Arnaud Assoumani<a href=\"https:\/\/twitter.com\/hashtag\/Cannes2024?src=hash&amp;ref_src=twsrc%5Etfw\">#Cannes2024<\/a>\u2026 <a href=\"https:\/\/t.co\/qEoRSuiIe4\">pic.twitter.com\/qEoRSuiIe4<\/a><\/p>&mdash; Festival de Cannes (@Festival_Cannes) <a href=\"https:\/\/twitter.com\/Festival_Cannes\/status\/1792967757769625938?ref_src=twsrc%5Etfw\">May 21, 2024<\/a><\/blockquote><script async src=\"https:\/\/platform.twitter.com\/widgets.js\" charset=\"utf-8\"><\/script>\n<\/div><\/figure>\n\n\n\n<p>Aunque inicialmente no estaba previsto en el recorrido -la llama recorrer\u00e1 esta zona de la Costa Azul francesa en junio-, fue Estanguet el que sugiri\u00f3 llevar la antorcha ol\u00edmpica de Par\u00eds al<strong>&nbsp;festival<\/strong>&nbsp;de Cannes aprovechando el estreno del documental de Gamrasni, seg\u00fan apunt\u00f3 Fr\u00e9maux en una rueda de prensa la v\u00edspera de la apertura del certamen.<\/p>\n\n\n\n<p>Todos juntos se hicieron finalmente las&nbsp;<strong>fotos de grupo<\/strong>&nbsp;de rigor en lo alto de la escalera alfombrada, con las guitarras de \u2018Eye of the tiger\u2019 sonando de fondo.<\/p>\n\n\n\n<p>Con informaci\u00f3n de EFE<\/p>\n","protected":false},"excerpt":{"rendered":"<p>Por Redacci\u00f3n QP La antorcha ol\u00edmpica de Par\u00eds fue la estrella al pasear por la&#8230;<\/p>\n","protected":false},"author":2,"featured_media":110160,"comment_status":"open","ping_status":"open","sticky":false,"template":"","format":"standard","meta":{"_monsterinsights_skip_tracking":false,"_monsterinsights_sitenote_active":false,"_monsterinsights_sitenote_note":"","_monsterinsights_sitenote_category":0,"footnotes":""},"categories":[54],"tags":[],"class_list":["post-110159","post","type-post","status-publish","format-standard","has-post-thumbnail","hentry","category-deportes"],"yoast_head":"<!-- This site is optimized with the Yoast SEO plugin v27.3 - https:\/\/yoast.com\/product\/yoast-seo-wordpress\/ -->\n<title>La antorcha ol\u00edmpica de Par\u00eds 2024 ilumina la alfombra roja del Festival de cine de Cannes -<\/title>\n<meta name=\"robots\" content=\"index, follow, max-snippet:-1, max-image-preview:large, max-video-preview:-1\" \/>\n<link rel=\"canonical\" href=\"https:\/\/quehacerpolitico.mx\/?p=110159\" \/>\n<meta property=\"og:locale\" content=\"es_MX\" \/>\n<meta property=\"og:type\" content=\"article\" \/>\n<meta property=\"og:title\" content=\"La antorcha ol\u00edmpica de Par\u00eds 2024 ilumina la alfombra roja del Festival de cine de Cannes -\" \/>\n<meta property=\"og:description\" content=\"Por Redacci\u00f3n QP La antorcha ol\u00edmpica de Par\u00eds fue la estrella al pasear por la...\" \/>\n<meta property=\"og:url\" content=\"https:\/\/quehacerpolitico.mx\/?p=110159\" \/>\n<meta property=\"article:published_time\" content=\"2024-05-21T19:59:13+00:00\" \/>\n<meta property=\"article:modified_time\" content=\"2024-05-21T20:06:33+00:00\" \/>\n<meta property=\"og:image\" content=\"https:\/\/quehacerpolitico.mx\/wp-content\/uploads\/2024\/05\/IMG_5778.jpeg\" \/>\n\t<meta property=\"og:image:width\" content=\"2048\" \/>\n\t<meta property=\"og:image:height\" content=\"1365\" \/>\n\t<meta property=\"og:image:type\" content=\"image\/jpeg\" \/>\n<meta name=\"author\" content=\"Redacci\u00f3n QP\" \/>\n<meta name=\"twitter:card\" content=\"summary_large_image\" \/>\n<meta name=\"twitter:label1\" content=\"Escrito por\" \/>\n\t<meta name=\"twitter:data1\" content=\"Redacci\u00f3n QP\" \/>\n\t<meta name=\"twitter:label2\" content=\"Tiempo de lectura\" \/>\n\t<meta name=\"twitter:data2\" content=\"2 minutos\" \/>\n<script type=\"application\/ld+json\" class=\"yoast-schema-graph\">{\"@context\":\"https:\\\/\\\/schema.org\",\"@graph\":[{\"@type\":\"Article\",\"@id\":\"https:\\\/\\\/quehacerpolitico.mx\\\/?p=110159#article\",\"isPartOf\":{\"@id\":\"https:\\\/\\\/quehacerpolitico.mx\\\/?p=110159\"},\"author\":{\"name\":\"Redacci\u00f3n QP\",\"@id\":\"https:\\\/\\\/quehacerpolitico.mx\\\/#\\\/schema\\\/person\\\/496d8ad2d1d3f8036101dca7ee39e585\"},\"headline\":\"La antorcha ol\u00edmpica de Par\u00eds 2024 ilumina la alfombra roja del Festival de cine de Cannes\",\"datePublished\":\"2024-05-21T19:59:13+00:00\",\"dateModified\":\"2024-05-21T20:06:33+00:00\",\"mainEntityOfPage\":{\"@id\":\"https:\\\/\\\/quehacerpolitico.mx\\\/?p=110159\"},\"wordCount\":497,\"commentCount\":0,\"image\":{\"@id\":\"https:\\\/\\\/quehacerpolitico.mx\\\/?p=110159#primaryimage\"},\"thumbnailUrl\":\"https:\\\/\\\/quehacerpolitico.mx\\\/wp-content\\\/uploads\\\/2024\\\/05\\\/IMG_5778.jpeg\",\"articleSection\":[\"Deportes\"],\"inLanguage\":\"es\",\"potentialAction\":[{\"@type\":\"CommentAction\",\"name\":\"Comment\",\"target\":[\"https:\\\/\\\/quehacerpolitico.mx\\\/?p=110159#respond\"]}]},{\"@type\":\"WebPage\",\"@id\":\"https:\\\/\\\/quehacerpolitico.mx\\\/?p=110159\",\"url\":\"https:\\\/\\\/quehacerpolitico.mx\\\/?p=110159\",\"name\":\"La antorcha ol\u00edmpica de Par\u00eds 2024 ilumina la alfombra roja del Festival de cine de Cannes -\",\"isPartOf\":{\"@id\":\"https:\\\/\\\/quehacerpolitico.mx\\\/#website\"},\"primaryImageOfPage\":{\"@id\":\"https:\\\/\\\/quehacerpolitico.mx\\\/?p=110159#primaryimage\"},\"image\":{\"@id\":\"https:\\\/\\\/quehacerpolitico.mx\\\/?p=110159#primaryimage\"},\"thumbnailUrl\":\"https:\\\/\\\/quehacerpolitico.mx\\\/wp-content\\\/uploads\\\/2024\\\/05\\\/IMG_5778.jpeg\",\"datePublished\":\"2024-05-21T19:59:13+00:00\",\"dateModified\":\"2024-05-21T20:06:33+00:00\",\"author\":{\"@id\":\"https:\\\/\\\/quehacerpolitico.mx\\\/#\\\/schema\\\/person\\\/496d8ad2d1d3f8036101dca7ee39e585\"},\"breadcrumb\":{\"@id\":\"https:\\\/\\\/quehacerpolitico.mx\\\/?p=110159#breadcrumb\"},\"inLanguage\":\"es\",\"potentialAction\":[{\"@type\":\"ReadAction\",\"target\":[\"https:\\\/\\\/quehacerpolitico.mx\\\/?p=110159\"]}]},{\"@type\":\"ImageObject\",\"inLanguage\":\"es\",\"@id\":\"https:\\\/\\\/quehacerpolitico.mx\\\/?p=110159#primaryimage\",\"url\":\"https:\\\/\\\/quehacerpolitico.mx\\\/wp-content\\\/uploads\\\/2024\\\/05\\\/IMG_5778.jpeg\",\"contentUrl\":\"https:\\\/\\\/quehacerpolitico.mx\\\/wp-content\\\/uploads\\\/2024\\\/05\\\/IMG_5778.jpeg\",\"width\":2048,\"height\":1365},{\"@type\":\"BreadcrumbList\",\"@id\":\"https:\\\/\\\/quehacerpolitico.mx\\\/?p=110159#breadcrumb\",\"itemListElement\":[{\"@type\":\"ListItem\",\"position\":1,\"name\":\"Inicio\",\"item\":\"https:\\\/\\\/quehacerpolitico.mx\\\/\"},{\"@type\":\"ListItem\",\"position\":2,\"name\":\"La antorcha ol\u00edmpica de Par\u00eds 2024 ilumina la alfombra roja del Festival de cine de Cannes\"}]},{\"@type\":\"WebSite\",\"@id\":\"https:\\\/\\\/quehacerpolitico.mx\\\/#website\",\"url\":\"https:\\\/\\\/quehacerpolitico.mx\\\/\",\"name\":\"\",\"description\":\"\",\"potentialAction\":[{\"@type\":\"SearchAction\",\"target\":{\"@type\":\"EntryPoint\",\"urlTemplate\":\"https:\\\/\\\/quehacerpolitico.mx\\\/?s={search_term_string}\"},\"query-input\":{\"@type\":\"PropertyValueSpecification\",\"valueRequired\":true,\"valueName\":\"search_term_string\"}}],\"inLanguage\":\"es\"},{\"@type\":\"Person\",\"@id\":\"https:\\\/\\\/quehacerpolitico.mx\\\/#\\\/schema\\\/person\\\/496d8ad2d1d3f8036101dca7ee39e585\",\"name\":\"Redacci\u00f3n QP\",\"image\":{\"@type\":\"ImageObject\",\"inLanguage\":\"es\",\"@id\":\"https:\\\/\\\/secure.gravatar.com\\\/avatar\\\/c7164ed6fdec453195284ad24a5ae5b6e1eed2b848477fa2a4787ba9adf39a41?s=96&d=mm&r=g\",\"url\":\"https:\\\/\\\/secure.gravatar.com\\\/avatar\\\/c7164ed6fdec453195284ad24a5ae5b6e1eed2b848477fa2a4787ba9adf39a41?s=96&d=mm&r=g\",\"contentUrl\":\"https:\\\/\\\/secure.gravatar.com\\\/avatar\\\/c7164ed6fdec453195284ad24a5ae5b6e1eed2b848477fa2a4787ba9adf39a41?s=96&d=mm&r=g\",\"caption\":\"Redacci\u00f3n QP\"},\"url\":\"https:\\\/\\\/quehacerpolitico.mx\\\/?author=2\"}]}<\/script>\n<!-- \/ Yoast SEO plugin. -->","yoast_head_json":{"title":"La antorcha ol\u00edmpica de Par\u00eds 2024 ilumina la alfombra roja del Festival de cine de Cannes -","robots":{"index":"index","follow":"follow","max-snippet":"max-snippet:-1","max-image-preview":"max-image-preview:large","max-video-preview":"max-video-preview:-1"},"canonical":"https:\/\/quehacerpolitico.mx\/?p=110159","og_locale":"es_MX","og_type":"article","og_title":"La antorcha ol\u00edmpica de Par\u00eds 2024 ilumina la alfombra roja del Festival de cine de Cannes -","og_description":"Por Redacci\u00f3n QP La antorcha ol\u00edmpica de Par\u00eds fue la estrella al pasear por la...","og_url":"https:\/\/quehacerpolitico.mx\/?p=110159","article_published_time":"2024-05-21T19:59:13+00:00","article_modified_time":"2024-05-21T20:06:33+00:00","og_image":[{"width":2048,"height":1365,"url":"https:\/\/quehacerpolitico.mx\/wp-content\/uploads\/2024\/05\/IMG_5778.jpeg","type":"image\/jpeg"}],"author":"Redacci\u00f3n QP","twitter_card":"summary_large_image","twitter_misc":{"Escrito por":"Redacci\u00f3n QP","Tiempo de lectura":"2 minutos"},"schema":{"@context":"https:\/\/schema.org","@graph":[{"@type":"Article","@id":"https:\/\/quehacerpolitico.mx\/?p=110159#article","isPartOf":{"@id":"https:\/\/quehacerpolitico.mx\/?p=110159"},"author":{"name":"Redacci\u00f3n QP","@id":"https:\/\/quehacerpolitico.mx\/#\/schema\/person\/496d8ad2d1d3f8036101dca7ee39e585"},"headline":"La antorcha ol\u00edmpica de Par\u00eds 2024 ilumina la alfombra roja del Festival de cine de Cannes","datePublished":"2024-05-21T19:59:13+00:00","dateModified":"2024-05-21T20:06:33+00:00","mainEntityOfPage":{"@id":"https:\/\/quehacerpolitico.mx\/?p=110159"},"wordCount":497,"commentCount":0,"image":{"@id":"https:\/\/quehacerpolitico.mx\/?p=110159#primaryimage"},"thumbnailUrl":"https:\/\/quehacerpolitico.mx\/wp-content\/uploads\/2024\/05\/IMG_5778.jpeg","articleSection":["Deportes"],"inLanguage":"es","potentialAction":[{"@type":"CommentAction","name":"Comment","target":["https:\/\/quehacerpolitico.mx\/?p=110159#respond"]}]},{"@type":"WebPage","@id":"https:\/\/quehacerpolitico.mx\/?p=110159","url":"https:\/\/quehacerpolitico.mx\/?p=110159","name":"La antorcha ol\u00edmpica de Par\u00eds 2024 ilumina la alfombra roja del Festival de cine de Cannes -","isPartOf":{"@id":"https:\/\/quehacerpolitico.mx\/#website"},"primaryImageOfPage":{"@id":"https:\/\/quehacerpolitico.mx\/?p=110159#primaryimage"},"image":{"@id":"https:\/\/quehacerpolitico.mx\/?p=110159#primaryimage"},"thumbnailUrl":"https:\/\/quehacerpolitico.mx\/wp-content\/uploads\/2024\/05\/IMG_5778.jpeg","datePublished":"2024-05-21T19:59:13+00:00","dateModified":"2024-05-21T20:06:33+00:00","author":{"@id":"https:\/\/quehacerpolitico.mx\/#\/schema\/person\/496d8ad2d1d3f8036101dca7ee39e585"},"breadcrumb":{"@id":"https:\/\/quehacerpolitico.mx\/?p=110159#breadcrumb"},"inLanguage":"es","potentialAction":[{"@type":"ReadAction","target":["https:\/\/quehacerpolitico.mx\/?p=110159"]}]},{"@type":"ImageObject","inLanguage":"es","@id":"https:\/\/quehacerpolitico.mx\/?p=110159#primaryimage","url":"https:\/\/quehacerpolitico.mx\/wp-content\/uploads\/2024\/05\/IMG_5778.jpeg","contentUrl":"https:\/\/quehacerpolitico.mx\/wp-content\/uploads\/2024\/05\/IMG_5778.jpeg","width":2048,"height":1365},{"@type":"BreadcrumbList","@id":"https:\/\/quehacerpolitico.mx\/?p=110159#breadcrumb","itemListElement":[{"@type":"ListItem","position":1,"name":"Inicio","item":"https:\/\/quehacerpolitico.mx\/"},{"@type":"ListItem","position":2,"name":"La antorcha ol\u00edmpica de Par\u00eds 2024 ilumina la alfombra roja del Festival de cine de Cannes"}]},{"@type":"WebSite","@id":"https:\/\/quehacerpolitico.mx\/#website","url":"https:\/\/quehacerpolitico.mx\/","name":"","description":"","potentialAction":[{"@type":"SearchAction","target":{"@type":"EntryPoint","urlTemplate":"https:\/\/quehacerpolitico.mx\/?s={search_term_string}"},"query-input":{"@type":"PropertyValueSpecification","valueRequired":true,"valueName":"search_term_string"}}],"inLanguage":"es"},{"@type":"Person","@id":"https:\/\/quehacerpolitico.mx\/#\/schema\/person\/496d8ad2d1d3f8036101dca7ee39e585","name":"Redacci\u00f3n QP","image":{"@type":"ImageObject","inLanguage":"es","@id":"https:\/\/secure.gravatar.com\/avatar\/c7164ed6fdec453195284ad24a5ae5b6e1eed2b848477fa2a4787ba9adf39a41?s=96&d=mm&r=g","url":"https:\/\/secure.gravatar.com\/avatar\/c7164ed6fdec453195284ad24a5ae5b6e1eed2b848477fa2a4787ba9adf39a41?s=96&d=mm&r=g","contentUrl":"https:\/\/secure.gravatar.com\/avatar\/c7164ed6fdec453195284ad24a5ae5b6e1eed2b848477fa2a4787ba9adf39a41?s=96&d=mm&r=g","caption":"Redacci\u00f3n QP"},"url":"https:\/\/quehacerpolitico.mx\/?author=2"}]}},"featured_image_urls":{"full":["https:\/\/quehacerpolitico.mx\/wp-content\/uploads\/2024\/05\/IMG_5778.jpeg",2048,1365,false],"thumbnail":["https:\/\/quehacerpolitico.mx\/wp-content\/uploads\/2024\/05\/IMG_5778-150x150.jpeg",150,150,true],"medium":["https:\/\/quehacerpolitico.mx\/wp-content\/uploads\/2024\/05\/IMG_5778-300x200.jpeg",300,200,true],"medium_large":["https:\/\/quehacerpolitico.mx\/wp-content\/uploads\/2024\/05\/IMG_5778-768x512.jpeg",640,427,true],"large":["https:\/\/quehacerpolitico.mx\/wp-content\/uploads\/2024\/05\/IMG_5778-1024x683.jpeg",640,427,true],"1536x1536":["https:\/\/quehacerpolitico.mx\/wp-content\/uploads\/2024\/05\/IMG_5778-1536x1024.jpeg",1536,1024,true],"2048x2048":["https:\/\/quehacerpolitico.mx\/wp-content\/uploads\/2024\/05\/IMG_5778.jpeg",2048,1365,false],"covernews-featured":["https:\/\/quehacerpolitico.mx\/wp-content\/uploads\/2024\/05\/IMG_5778.jpeg",1024,683,false],"covernews-medium":["https:\/\/quehacerpolitico.mx\/wp-content\/uploads\/2024\/05\/IMG_5778.jpeg",510,340,false]},"author_info":{"display_name":"Redacci\u00f3n QP","author_link":"https:\/\/quehacerpolitico.mx\/?author=2"},"category_info":"<a href=\"https:\/\/quehacerpolitico.mx\/?cat=54\" rel=\"category\">Deportes<\/a>","tag_info":"Deportes","comment_count":"0","_links":{"self":[{"href":"https:\/\/quehacerpolitico.mx\/index.php?rest_route=\/wp\/v2\/posts\/110159","targetHints":{"allow":["GET"]}}],"collection":[{"href":"https:\/\/quehacerpolitico.mx\/index.php?rest_route=\/wp\/v2\/posts"}],"about":[{"href":"https:\/\/quehacerpolitico.mx\/index.php?rest_route=\/wp\/v2\/types\/post"}],"author":[{"embeddable":true,"href":"https:\/\/quehacerpolitico.mx\/index.php?rest_route=\/wp\/v2\/users\/2"}],"replies":[{"embeddable":true,"href":"https:\/\/quehacerpolitico.mx\/index.php?rest_route=%2Fwp%2Fv2%2Fcomments&post=110159"}],"version-history":[{"count":2,"href":"https:\/\/quehacerpolitico.mx\/index.php?rest_route=\/wp\/v2\/posts\/110159\/revisions"}],"predecessor-version":[{"id":110162,"href":"https:\/\/quehacerpolitico.mx\/index.php?rest_route=\/wp\/v2\/posts\/110159\/revisions\/110162"}],"wp:featuredmedia":[{"embeddable":true,"href":"https:\/\/quehacerpolitico.mx\/index.php?rest_route=\/wp\/v2\/media\/110160"}],"wp:attachment":[{"href":"https:\/\/quehacerpolitico.mx\/index.php?rest_route=%2Fwp%2Fv2%2Fmedia&parent=110159"}],"wp:term":[{"taxonomy":"category","embeddable":true,"href":"https:\/\/quehacerpolitico.mx\/index.php?rest_route=%2Fwp%2Fv2%2Fcategories&post=110159"},{"taxonomy":"post_tag","embeddable":true,"href":"https:\/\/quehacerpolitico.mx\/index.php?rest_route=%2Fwp%2Fv2%2Ftags&post=110159"}],"curies":[{"name":"wp","href":"https:\/\/api.w.org\/{rel}","templated":true}]}}