{"id":110152,"date":"2024-05-21T19:31:39","date_gmt":"2024-05-21T19:31:39","guid":{"rendered":"https:\/\/quehacerpolitico.mx\/?p=110152"},"modified":"2024-05-21T19:31:42","modified_gmt":"2024-05-21T19:31:42","slug":"mexico-suministrara-electricidad-a-belice-pese-a-apagones-masivos","status":"publish","type":"post","link":"https:\/\/quehacerpolitico.mx\/?p=110152","title":{"rendered":"M\u00e9xico suministrar\u00e1 electricidad a Belice pese a apagones masivos"},"content":{"rendered":"\n<p>Por Redacci\u00f3n QP<\/p>\n\n\n\n<p>&#8220;Somos pueblos hermanos, somos vecinos y tenemos que ayudarnos mutuamente&#8221;, argument\u00f3 el Presidente L\u00f3pez Obrador<\/p>\n\n\n\n<p>El\u00a0Gobierno de M\u00e9xico suministrar\u00e1 electricidad a Belice pese a los recientes apagones masivos provocados\u00a0<strong>por la sobredemanda de calor<\/strong>, seg\u00fan revel\u00f3 este martes 21 de mayo el Presidente Andr\u00e9s Manuel L\u00f3pez Obrador.<\/p>\n\n\n\n<p>&#8220;Acabamos de tener una reuni\u00f3n con el primer ministro de Belice (Juan Antonio Brice\u00f1o) y hay un acuerdo con ellos de ayudarles tambi\u00e9n con energ\u00eda el\u00e9ctrica, aun con esta situaci\u00f3n especial por el calor&#8221;, expuso el mandatario en su ma\u00f1anera de hoy.<\/p>\n\n\n\n<figure class=\"wp-block-embed is-type-rich is-provider-twitter wp-block-embed-twitter\"><div class=\"wp-block-embed__wrapper\">\n<blockquote class=\"twitter-tweet\" data-width=\"550\" data-dnt=\"true\"><p lang=\"es\" dir=\"ltr\">&quot;Se ayudar\u00e1 a <a href=\"https:\/\/twitter.com\/hashtag\/Belice?src=hash&amp;ref_src=twsrc%5Etfw\">#Belice<\/a> con energ\u00eda el\u00e9ctrica aun con esta situaci\u00f3n especial (en M\u00e9xico) por el calor&quot;, AMLO <a href=\"https:\/\/t.co\/5ZcJvbFxco\">pic.twitter.com\/5ZcJvbFxco<\/a><\/p>&mdash; Manuel Lopez San Martin (@MLopezSanMartin) <a href=\"https:\/\/twitter.com\/MLopezSanMartin\/status\/1792929934991671330?ref_src=twsrc%5Etfw\">May 21, 2024<\/a><\/blockquote><script async src=\"https:\/\/platform.twitter.com\/widgets.js\" charset=\"utf-8\"><\/script>\n<\/div><\/figure>\n\n\n\n<p>El convenio, del que L\u00f3pez Obrador no ofreci\u00f3 m\u00e1s detalles, ocurre pese a que la Comisi\u00f3n Federal de Electricidad\u00a0(CFE) inform\u00f3\u00a0<mark><strong>la semana pasada de m\u00e1s de 2.66 millones de usuarios afectados por los apagones que ocurrieron en el pa\u00eds entre el 7 y 9 de mayo durante la segunda onda de calor del a\u00f1o.<\/strong><\/mark><\/p>\n\n\n\n<p>La CFE report\u00f3 una temperatura de 1.4 grados por encima del promedio de a\u00f1os anteriores, por lo que&nbsp;<mark><strong>la demanda aument\u00f3 hasta un 13% ante el mismo periodo de 2023,<\/strong><\/mark>&nbsp;lo que equivale a 2.5 veces el consumo de la pen\u00ednsula de Yucat\u00e1n.<\/p>\n\n\n\n<p>Pero el Presidente indic\u00f3 que &#8220;se va a cumplir con el acuerdo de ayudarles para que no les falte la energ\u00eda el\u00e9ctrica en el caso de\u00a0Belice&#8221;.<\/p>\n\n\n\n<p>&#8220;Somos pueblos hermanos, somos vecinos y tenemos que ayudarnos mutuamente&#8221;, argument\u00f3.<\/p>\n\n\n\n<p>Especialistas&nbsp;<mark><strong>temen que los apagones vuelvan a repetirse despu\u00e9s del comienzo este lunes de la tercera onda de calor,<\/strong><\/mark>&nbsp;que hoy martes ocasionar\u00e1 temperaturas por encima de los 40 grados en 26 de los 32 estados del pa\u00eds, incluyendo 12 con superiores a los 45.<\/p>\n\n\n\n<p>Aun as\u00ed, el Presidente sostuvo que el lunes fue &#8220;un d\u00eda de mucho consumo de\u00a0energ\u00eda y afortunadamente no hubo suspensi\u00f3n del servicio el\u00e9ctrico&#8221;.<\/p>\n\n\n\n<p>Los apagones han revivido cr\u00edticas del sector privado y de la oposici\u00f3n contra la pol\u00edtica energ\u00e9tica L\u00f3pez Obrador, a quien acusan de privilegiar a la CFE en detrimento de las plantas privadas, en particular de renovables, pero el Mandatario defendi\u00f3 de nuevo su visi\u00f3n de &#8220;rescatar&#8221; a la compa\u00f1\u00eda del Estado.<\/p>\n\n\n\n<p>&#8220;Dicen algunos que es un s\u00edntoma o un signo de falta de infraestructura o de debilitamiento de la industria el\u00e9ctrica el que estemos hablando de que no ha habido apagones, lo cierto es que est\u00e1 bien la industria el\u00e9ctrica, pero imag\u00ednense que no hubi\u00e9semos intervenido desde el principio para fortalecer a la CFE&#8221;, concluy\u00f3.<\/p>\n\n\n\n<p>Con informaci\u00f3n de EFE<\/p>\n","protected":false},"excerpt":{"rendered":"<p>Por Redacci\u00f3n QP &#8220;Somos pueblos hermanos, somos vecinos y tenemos que ayudarnos mutuamente&#8221;, argument\u00f3 el&#8230;<\/p>\n","protected":false},"author":2,"featured_media":110153,"comment_status":"open","ping_status":"open","sticky":false,"template":"","format":"standard","meta":{"_monsterinsights_skip_tracking":false,"_monsterinsights_sitenote_active":false,"_monsterinsights_sitenote_note":"","_monsterinsights_sitenote_category":0,"footnotes":""},"categories":[2],"tags":[],"class_list":["post-110152","post","type-post","status-publish","format-standard","has-post-thumbnail","hentry","category-noticias"],"yoast_head":"<!-- This site is optimized with the Yoast SEO plugin v27.3 - https:\/\/yoast.com\/product\/yoast-seo-wordpress\/ -->\n<title>M\u00e9xico suministrar\u00e1 electricidad a Belice pese a apagones masivos -<\/title>\n<meta name=\"robots\" content=\"index, follow, max-snippet:-1, max-image-preview:large, max-video-preview:-1\" \/>\n<link rel=\"canonical\" href=\"https:\/\/quehacerpolitico.mx\/?p=110152\" \/>\n<meta property=\"og:locale\" content=\"es_MX\" \/>\n<meta property=\"og:type\" content=\"article\" \/>\n<meta property=\"og:title\" content=\"M\u00e9xico suministrar\u00e1 electricidad a Belice pese a apagones masivos -\" \/>\n<meta property=\"og:description\" content=\"Por Redacci\u00f3n QP &#8220;Somos pueblos hermanos, somos vecinos y tenemos que ayudarnos mutuamente&#8221;, argument\u00f3 el...\" \/>\n<meta property=\"og:url\" content=\"https:\/\/quehacerpolitico.mx\/?p=110152\" \/>\n<meta property=\"article:published_time\" content=\"2024-05-21T19:31:39+00:00\" \/>\n<meta property=\"article:modified_time\" content=\"2024-05-21T19:31:42+00:00\" \/>\n<meta property=\"og:image\" content=\"https:\/\/quehacerpolitico.mx\/wp-content\/uploads\/2024\/05\/IMG_5777.jpeg\" \/>\n\t<meta property=\"og:image:width\" content=\"1284\" \/>\n\t<meta property=\"og:image:height\" content=\"713\" \/>\n\t<meta property=\"og:image:type\" content=\"image\/jpeg\" \/>\n<meta name=\"author\" content=\"Redacci\u00f3n QP\" \/>\n<meta name=\"twitter:card\" content=\"summary_large_image\" \/>\n<meta name=\"twitter:label1\" content=\"Escrito por\" \/>\n\t<meta name=\"twitter:data1\" content=\"Redacci\u00f3n QP\" \/>\n\t<meta name=\"twitter:label2\" content=\"Tiempo de lectura\" \/>\n\t<meta name=\"twitter:data2\" content=\"2 minutos\" \/>\n<script type=\"application\/ld+json\" class=\"yoast-schema-graph\">{\"@context\":\"https:\\\/\\\/schema.org\",\"@graph\":[{\"@type\":\"Article\",\"@id\":\"https:\\\/\\\/quehacerpolitico.mx\\\/?p=110152#article\",\"isPartOf\":{\"@id\":\"https:\\\/\\\/quehacerpolitico.mx\\\/?p=110152\"},\"author\":{\"name\":\"Redacci\u00f3n QP\",\"@id\":\"https:\\\/\\\/quehacerpolitico.mx\\\/#\\\/schema\\\/person\\\/496d8ad2d1d3f8036101dca7ee39e585\"},\"headline\":\"M\u00e9xico suministrar\u00e1 electricidad a Belice pese a apagones masivos\",\"datePublished\":\"2024-05-21T19:31:39+00:00\",\"dateModified\":\"2024-05-21T19:31:42+00:00\",\"mainEntityOfPage\":{\"@id\":\"https:\\\/\\\/quehacerpolitico.mx\\\/?p=110152\"},\"wordCount\":462,\"commentCount\":0,\"image\":{\"@id\":\"https:\\\/\\\/quehacerpolitico.mx\\\/?p=110152#primaryimage\"},\"thumbnailUrl\":\"https:\\\/\\\/quehacerpolitico.mx\\\/wp-content\\\/uploads\\\/2024\\\/05\\\/IMG_5777.jpeg\",\"articleSection\":[\"Noticias\"],\"inLanguage\":\"es\",\"potentialAction\":[{\"@type\":\"CommentAction\",\"name\":\"Comment\",\"target\":[\"https:\\\/\\\/quehacerpolitico.mx\\\/?p=110152#respond\"]}]},{\"@type\":\"WebPage\",\"@id\":\"https:\\\/\\\/quehacerpolitico.mx\\\/?p=110152\",\"url\":\"https:\\\/\\\/quehacerpolitico.mx\\\/?p=110152\",\"name\":\"M\u00e9xico suministrar\u00e1 electricidad a Belice pese a apagones masivos -\",\"isPartOf\":{\"@id\":\"https:\\\/\\\/quehacerpolitico.mx\\\/#website\"},\"primaryImageOfPage\":{\"@id\":\"https:\\\/\\\/quehacerpolitico.mx\\\/?p=110152#primaryimage\"},\"image\":{\"@id\":\"https:\\\/\\\/quehacerpolitico.mx\\\/?p=110152#primaryimage\"},\"thumbnailUrl\":\"https:\\\/\\\/quehacerpolitico.mx\\\/wp-content\\\/uploads\\\/2024\\\/05\\\/IMG_5777.jpeg\",\"datePublished\":\"2024-05-21T19:31:39+00:00\",\"dateModified\":\"2024-05-21T19:31:42+00:00\",\"author\":{\"@id\":\"https:\\\/\\\/quehacerpolitico.mx\\\/#\\\/schema\\\/person\\\/496d8ad2d1d3f8036101dca7ee39e585\"},\"breadcrumb\":{\"@id\":\"https:\\\/\\\/quehacerpolitico.mx\\\/?p=110152#breadcrumb\"},\"inLanguage\":\"es\",\"potentialAction\":[{\"@type\":\"ReadAction\",\"target\":[\"https:\\\/\\\/quehacerpolitico.mx\\\/?p=110152\"]}]},{\"@type\":\"ImageObject\",\"inLanguage\":\"es\",\"@id\":\"https:\\\/\\\/quehacerpolitico.mx\\\/?p=110152#primaryimage\",\"url\":\"https:\\\/\\\/quehacerpolitico.mx\\\/wp-content\\\/uploads\\\/2024\\\/05\\\/IMG_5777.jpeg\",\"contentUrl\":\"https:\\\/\\\/quehacerpolitico.mx\\\/wp-content\\\/uploads\\\/2024\\\/05\\\/IMG_5777.jpeg\",\"width\":1284,\"height\":713,\"caption\":\"Screenshot\"},{\"@type\":\"BreadcrumbList\",\"@id\":\"https:\\\/\\\/quehacerpolitico.mx\\\/?p=110152#breadcrumb\",\"itemListElement\":[{\"@type\":\"ListItem\",\"position\":1,\"name\":\"Inicio\",\"item\":\"https:\\\/\\\/quehacerpolitico.mx\\\/\"},{\"@type\":\"ListItem\",\"position\":2,\"name\":\"M\u00e9xico suministrar\u00e1 electricidad a Belice pese a apagones masivos\"}]},{\"@type\":\"WebSite\",\"@id\":\"https:\\\/\\\/quehacerpolitico.mx\\\/#website\",\"url\":\"https:\\\/\\\/quehacerpolitico.mx\\\/\",\"name\":\"\",\"description\":\"\",\"potentialAction\":[{\"@type\":\"SearchAction\",\"target\":{\"@type\":\"EntryPoint\",\"urlTemplate\":\"https:\\\/\\\/quehacerpolitico.mx\\\/?s={search_term_string}\"},\"query-input\":{\"@type\":\"PropertyValueSpecification\",\"valueRequired\":true,\"valueName\":\"search_term_string\"}}],\"inLanguage\":\"es\"},{\"@type\":\"Person\",\"@id\":\"https:\\\/\\\/quehacerpolitico.mx\\\/#\\\/schema\\\/person\\\/496d8ad2d1d3f8036101dca7ee39e585\",\"name\":\"Redacci\u00f3n QP\",\"image\":{\"@type\":\"ImageObject\",\"inLanguage\":\"es\",\"@id\":\"https:\\\/\\\/secure.gravatar.com\\\/avatar\\\/c7164ed6fdec453195284ad24a5ae5b6e1eed2b848477fa2a4787ba9adf39a41?s=96&d=mm&r=g\",\"url\":\"https:\\\/\\\/secure.gravatar.com\\\/avatar\\\/c7164ed6fdec453195284ad24a5ae5b6e1eed2b848477fa2a4787ba9adf39a41?s=96&d=mm&r=g\",\"contentUrl\":\"https:\\\/\\\/secure.gravatar.com\\\/avatar\\\/c7164ed6fdec453195284ad24a5ae5b6e1eed2b848477fa2a4787ba9adf39a41?s=96&d=mm&r=g\",\"caption\":\"Redacci\u00f3n QP\"},\"url\":\"https:\\\/\\\/quehacerpolitico.mx\\\/?author=2\"}]}<\/script>\n<!-- \/ Yoast SEO plugin. -->","yoast_head_json":{"title":"M\u00e9xico suministrar\u00e1 electricidad a Belice pese a apagones masivos -","robots":{"index":"index","follow":"follow","max-snippet":"max-snippet:-1","max-image-preview":"max-image-preview:large","max-video-preview":"max-video-preview:-1"},"canonical":"https:\/\/quehacerpolitico.mx\/?p=110152","og_locale":"es_MX","og_type":"article","og_title":"M\u00e9xico suministrar\u00e1 electricidad a Belice pese a apagones masivos -","og_description":"Por Redacci\u00f3n QP &#8220;Somos pueblos hermanos, somos vecinos y tenemos que ayudarnos mutuamente&#8221;, argument\u00f3 el...","og_url":"https:\/\/quehacerpolitico.mx\/?p=110152","article_published_time":"2024-05-21T19:31:39+00:00","article_modified_time":"2024-05-21T19:31:42+00:00","og_image":[{"width":1284,"height":713,"url":"https:\/\/quehacerpolitico.mx\/wp-content\/uploads\/2024\/05\/IMG_5777.jpeg","type":"image\/jpeg"}],"author":"Redacci\u00f3n QP","twitter_card":"summary_large_image","twitter_misc":{"Escrito por":"Redacci\u00f3n QP","Tiempo de lectura":"2 minutos"},"schema":{"@context":"https:\/\/schema.org","@graph":[{"@type":"Article","@id":"https:\/\/quehacerpolitico.mx\/?p=110152#article","isPartOf":{"@id":"https:\/\/quehacerpolitico.mx\/?p=110152"},"author":{"name":"Redacci\u00f3n QP","@id":"https:\/\/quehacerpolitico.mx\/#\/schema\/person\/496d8ad2d1d3f8036101dca7ee39e585"},"headline":"M\u00e9xico suministrar\u00e1 electricidad a Belice pese a apagones masivos","datePublished":"2024-05-21T19:31:39+00:00","dateModified":"2024-05-21T19:31:42+00:00","mainEntityOfPage":{"@id":"https:\/\/quehacerpolitico.mx\/?p=110152"},"wordCount":462,"commentCount":0,"image":{"@id":"https:\/\/quehacerpolitico.mx\/?p=110152#primaryimage"},"thumbnailUrl":"https:\/\/quehacerpolitico.mx\/wp-content\/uploads\/2024\/05\/IMG_5777.jpeg","articleSection":["Noticias"],"inLanguage":"es","potentialAction":[{"@type":"CommentAction","name":"Comment","target":["https:\/\/quehacerpolitico.mx\/?p=110152#respond"]}]},{"@type":"WebPage","@id":"https:\/\/quehacerpolitico.mx\/?p=110152","url":"https:\/\/quehacerpolitico.mx\/?p=110152","name":"M\u00e9xico suministrar\u00e1 electricidad a Belice pese a apagones masivos -","isPartOf":{"@id":"https:\/\/quehacerpolitico.mx\/#website"},"primaryImageOfPage":{"@id":"https:\/\/quehacerpolitico.mx\/?p=110152#primaryimage"},"image":{"@id":"https:\/\/quehacerpolitico.mx\/?p=110152#primaryimage"},"thumbnailUrl":"https:\/\/quehacerpolitico.mx\/wp-content\/uploads\/2024\/05\/IMG_5777.jpeg","datePublished":"2024-05-21T19:31:39+00:00","dateModified":"2024-05-21T19:31:42+00:00","author":{"@id":"https:\/\/quehacerpolitico.mx\/#\/schema\/person\/496d8ad2d1d3f8036101dca7ee39e585"},"breadcrumb":{"@id":"https:\/\/quehacerpolitico.mx\/?p=110152#breadcrumb"},"inLanguage":"es","potentialAction":[{"@type":"ReadAction","target":["https:\/\/quehacerpolitico.mx\/?p=110152"]}]},{"@type":"ImageObject","inLanguage":"es","@id":"https:\/\/quehacerpolitico.mx\/?p=110152#primaryimage","url":"https:\/\/quehacerpolitico.mx\/wp-content\/uploads\/2024\/05\/IMG_5777.jpeg","contentUrl":"https:\/\/quehacerpolitico.mx\/wp-content\/uploads\/2024\/05\/IMG_5777.jpeg","width":1284,"height":713,"caption":"Screenshot"},{"@type":"BreadcrumbList","@id":"https:\/\/quehacerpolitico.mx\/?p=110152#breadcrumb","itemListElement":[{"@type":"ListItem","position":1,"name":"Inicio","item":"https:\/\/quehacerpolitico.mx\/"},{"@type":"ListItem","position":2,"name":"M\u00e9xico suministrar\u00e1 electricidad a Belice pese a apagones masivos"}]},{"@type":"WebSite","@id":"https:\/\/quehacerpolitico.mx\/#website","url":"https:\/\/quehacerpolitico.mx\/","name":"","description":"","potentialAction":[{"@type":"SearchAction","target":{"@type":"EntryPoint","urlTemplate":"https:\/\/quehacerpolitico.mx\/?s={search_term_string}"},"query-input":{"@type":"PropertyValueSpecification","valueRequired":true,"valueName":"search_term_string"}}],"inLanguage":"es"},{"@type":"Person","@id":"https:\/\/quehacerpolitico.mx\/#\/schema\/person\/496d8ad2d1d3f8036101dca7ee39e585","name":"Redacci\u00f3n QP","image":{"@type":"ImageObject","inLanguage":"es","@id":"https:\/\/secure.gravatar.com\/avatar\/c7164ed6fdec453195284ad24a5ae5b6e1eed2b848477fa2a4787ba9adf39a41?s=96&d=mm&r=g","url":"https:\/\/secure.gravatar.com\/avatar\/c7164ed6fdec453195284ad24a5ae5b6e1eed2b848477fa2a4787ba9adf39a41?s=96&d=mm&r=g","contentUrl":"https:\/\/secure.gravatar.com\/avatar\/c7164ed6fdec453195284ad24a5ae5b6e1eed2b848477fa2a4787ba9adf39a41?s=96&d=mm&r=g","caption":"Redacci\u00f3n QP"},"url":"https:\/\/quehacerpolitico.mx\/?author=2"}]}},"featured_image_urls":{"full":["https:\/\/quehacerpolitico.mx\/wp-content\/uploads\/2024\/05\/IMG_5777.jpeg",1284,713,false],"thumbnail":["https:\/\/quehacerpolitico.mx\/wp-content\/uploads\/2024\/05\/IMG_5777-150x150.jpeg",150,150,true],"medium":["https:\/\/quehacerpolitico.mx\/wp-content\/uploads\/2024\/05\/IMG_5777-300x167.jpeg",300,167,true],"medium_large":["https:\/\/quehacerpolitico.mx\/wp-content\/uploads\/2024\/05\/IMG_5777-768x426.jpeg",640,355,true],"large":["https:\/\/quehacerpolitico.mx\/wp-content\/uploads\/2024\/05\/IMG_5777-1024x569.jpeg",640,356,true],"1536x1536":["https:\/\/quehacerpolitico.mx\/wp-content\/uploads\/2024\/05\/IMG_5777.jpeg",1284,713,false],"2048x2048":["https:\/\/quehacerpolitico.mx\/wp-content\/uploads\/2024\/05\/IMG_5777.jpeg",1284,713,false],"covernews-featured":["https:\/\/quehacerpolitico.mx\/wp-content\/uploads\/2024\/05\/IMG_5777.jpeg",1024,569,false],"covernews-medium":["https:\/\/quehacerpolitico.mx\/wp-content\/uploads\/2024\/05\/IMG_5777.jpeg",540,300,false]},"author_info":{"display_name":"Redacci\u00f3n QP","author_link":"https:\/\/quehacerpolitico.mx\/?author=2"},"category_info":"<a href=\"https:\/\/quehacerpolitico.mx\/?cat=2\" rel=\"category\">Noticias<\/a>","tag_info":"Noticias","comment_count":"0","_links":{"self":[{"href":"https:\/\/quehacerpolitico.mx\/index.php?rest_route=\/wp\/v2\/posts\/110152","targetHints":{"allow":["GET"]}}],"collection":[{"href":"https:\/\/quehacerpolitico.mx\/index.php?rest_route=\/wp\/v2\/posts"}],"about":[{"href":"https:\/\/quehacerpolitico.mx\/index.php?rest_route=\/wp\/v2\/types\/post"}],"author":[{"embeddable":true,"href":"https:\/\/quehacerpolitico.mx\/index.php?rest_route=\/wp\/v2\/users\/2"}],"replies":[{"embeddable":true,"href":"https:\/\/quehacerpolitico.mx\/index.php?rest_route=%2Fwp%2Fv2%2Fcomments&post=110152"}],"version-history":[{"count":1,"href":"https:\/\/quehacerpolitico.mx\/index.php?rest_route=\/wp\/v2\/posts\/110152\/revisions"}],"predecessor-version":[{"id":110154,"href":"https:\/\/quehacerpolitico.mx\/index.php?rest_route=\/wp\/v2\/posts\/110152\/revisions\/110154"}],"wp:featuredmedia":[{"embeddable":true,"href":"https:\/\/quehacerpolitico.mx\/index.php?rest_route=\/wp\/v2\/media\/110153"}],"wp:attachment":[{"href":"https:\/\/quehacerpolitico.mx\/index.php?rest_route=%2Fwp%2Fv2%2Fmedia&parent=110152"}],"wp:term":[{"taxonomy":"category","embeddable":true,"href":"https:\/\/quehacerpolitico.mx\/index.php?rest_route=%2Fwp%2Fv2%2Fcategories&post=110152"},{"taxonomy":"post_tag","embeddable":true,"href":"https:\/\/quehacerpolitico.mx\/index.php?rest_route=%2Fwp%2Fv2%2Ftags&post=110152"}],"curies":[{"name":"wp","href":"https:\/\/api.w.org\/{rel}","templated":true}]}}