{"id":110144,"date":"2024-05-21T18:53:20","date_gmt":"2024-05-21T18:53:20","guid":{"rendered":"https:\/\/quehacerpolitico.mx\/?p=110144"},"modified":"2024-05-21T18:53:24","modified_gmt":"2024-05-21T18:53:24","slug":"cristiano-ronaldo-hara-historia-al-disputar-su-sexta-eurocopa-con-portugal","status":"publish","type":"post","link":"https:\/\/quehacerpolitico.mx\/?p=110144","title":{"rendered":"Cristiano Ronaldo har\u00e1 historia al disputar su sexta Eurocopa con Portugal"},"content":{"rendered":"\n<p>Por Redacci\u00f3n QP<\/p>\n\n\n\n<p>A sus 39 a\u00f1os, el delantero Cristiano Ronaldo encabeza la convocatoria de Portugal que asistir\u00e1 a la Eurocopa en Alemania.<\/p>\n\n\n\n<p><strong>Cristiano Ronaldo<\/strong>&nbsp;se apresta a disputar su sexto Campeonato Europeo con Portugal,&nbsp;<strong>un nuevo r\u00e9cord<\/strong>&nbsp;en el torneo del cual es el&nbsp;<strong>goleador hist\u00f3rico.<\/strong><\/p>\n\n\n\n<p>El delantero de\u00a0<strong>39 a\u00f1os<\/strong>\u00a0sobresali\u00f3 en la lista de\u00a0<strong>26 jugadores<\/strong>\u00a0que fue anunciada el martes por el t\u00e9cnico\u00a0<strong>Roberto Mart\u00ednez<\/strong>.<\/p>\n\n\n\n<p>La primera Euro de Cristiano fue la de&nbsp;<strong>2004 en Portugal&nbsp;<\/strong>y se consagr\u00f3 campe\u00f3n continental en la edici\u00f3n de 2016 en Francia.<\/p>\n\n\n\n<p>Se hab\u00eda puesto en duda que el astro luso continuar\u00eda con la selecci\u00f3n tras perder su condici\u00f3n de titular indiscutible durante el Mundial de Qatar 2022, seguido por su decisi\u00f3n de marcharse al f\u00fatbol de Arabia Saud\u00ed. Pero ha seguido siendo un referente en el equipo de Mart\u00ednez.<\/p>\n\n\n\n<p>Aparte de ser el goleador hist\u00f3rico de la Euro, con 14 dianas, Cristiano es el jugador con m\u00e1s partidos disputados, un total de 25.<\/p>\n\n\n\n<p>El torneo en Alemania\u00a0<strong>podr\u00eda marcar el adi\u00f3s de Cristiano<\/strong>\u00a0con el seleccionado.<\/p>\n\n\n\n<figure class=\"wp-block-embed is-type-rich is-provider-twitter wp-block-embed-twitter\"><div class=\"wp-block-embed__wrapper\">\n<blockquote class=\"twitter-tweet\" data-width=\"550\" data-dnt=\"true\"><p lang=\"pt\" dir=\"ltr\">\ud83d\udd1c\ud83c\udde9\ud83c\uddea <a href=\"https:\/\/twitter.com\/EURO2024?ref_src=twsrc%5Etfw\">@euro2024<\/a> <a href=\"https:\/\/twitter.com\/hashtag\/PartilhaAPaix%C3%A3o?src=hash&amp;ref_src=twsrc%5Etfw\">#PartilhaAPaix\u00e3o<\/a><br><br>\ud83c\udf9f\ufe0f Bilhetes para o \ud83c\uddf5\ud83c\uddf9\u2716\ufe0f\ud83c\uddeb\ud83c\uddee em <a href=\"https:\/\/t.co\/crwK8OnS0k\">https:\/\/t.co\/crwK8OnS0k<\/a> <a href=\"https:\/\/t.co\/NhXqM8xYK6\">pic.twitter.com\/NhXqM8xYK6<\/a><\/p>&mdash; Portugal (@selecaoportugal) <a href=\"https:\/\/twitter.com\/selecaoportugal\/status\/1792914919186116729?ref_src=twsrc%5Etfw\">May 21, 2024<\/a><\/blockquote><script async src=\"https:\/\/platform.twitter.com\/widgets.js\" charset=\"utf-8\"><\/script>\n<\/div><\/figure>\n\n\n\n<p>A sus 41 a\u00f1os, el zaguero central<strong>\u00a0Pepe acudir\u00e1 a su quinta Euro.<\/strong><\/p>\n\n\n\n<p>Entre las ausencias m\u00e1s destacadas est\u00e1n las del delantero Francisco Trinc\u00e3o, el volante Pedro Gon\u00e7alves y el atacante Ricardo Horta. El lateral izquierdo Raphael Guerreiro qued\u00f3 fuera tras sufrir una lesi\u00f3n de la rodilla jugando para el Bayern M\u00fanich.<\/p>\n\n\n\n<p>Dos de las sorpresas fueron los atacantes Pedro Neto y Francisco Concei\u00e7\u00e3o.<\/p>\n\n\n\n<p><strong>Portugal est\u00e1 en el Grupo F\u00a0<\/strong>y enfrentar\u00e1 a la Rep\u00fablica Checa, Turqu\u00eda y Georgia. En la antesala disputar\u00e1n amistosos contra Finlandia, Croacia e Irlanda.<\/p>\n\n\n\n<figure class=\"wp-block-image size-full\"><img loading=\"lazy\" decoding=\"async\" width=\"536\" height=\"572\" src=\"https:\/\/quehacerpolitico.mx\/wp-content\/uploads\/2024\/05\/image-32.jpeg\" alt=\"\" class=\"wp-image-110146\" srcset=\"https:\/\/quehacerpolitico.mx\/wp-content\/uploads\/2024\/05\/image-32.jpeg 536w, https:\/\/quehacerpolitico.mx\/wp-content\/uploads\/2024\/05\/image-32-281x300.jpeg 281w, https:\/\/quehacerpolitico.mx\/wp-content\/uploads\/2024\/05\/image-32-137x146.jpeg 137w, https:\/\/quehacerpolitico.mx\/wp-content\/uploads\/2024\/05\/image-32-47x50.jpeg 47w, https:\/\/quehacerpolitico.mx\/wp-content\/uploads\/2024\/05\/image-32-70x75.jpeg 70w\" sizes=\"auto, (max-width: 536px) 100vw, 536px\" \/><\/figure>\n\n\n\n<p><strong>LA CONVOCATORIA<\/strong><\/p>\n\n\n\n<p><strong>Porteros<\/strong>: Diogo Costa (Porto), Jos\u00e9 S\u00e1 (Wolverhampton), Rui Patr\u00edcio (Roma).<\/p>\n\n\n\n<p><strong>Defensas<\/strong>: Jo\u00e3o Cancelo (Barcelona), N\u00e9lson Semedo (Wolverhampton), Diogo Dalot (Manchester United), Danilo Pereira (Wolverhampton), Nuno Mendes (Paris Saint-Germain), Pepe (Porto), R\u00faben Dias (Manchester City), Ant\u00f3nio Silva (Benfica), Gon\u00e7alo In\u00e1cio (Sporting Lisboa).<\/p>\n\n\n\n<p><strong>Mediocampistas<\/strong>: Bruno Fernandes (Manchester United), Jo\u00e3o Neves (Benfica), Palhinha (Fulham), Ot\u00e1vio (Al Nassr), R\u00faben Neves (Al Hilal), Vitinha (PSG), Bernardo Silva (Manchester City).<\/p>\n\n\n\n<p><strong>Delanteros<\/strong>: Cristiano Ronaldo (Al Nassr), Diogo Jota (Liverpool), Francisco Concei\u00e7\u00e3o (Porto), Gon\u00e7alo Ramos (PSG), Joao F\u00e9lix (Barcelona), Pedro Neto (Wolverhampton), Rafael Le\u00e3o (AC Milan).<\/p>\n\n\n\n<p>Con informaci\u00f3n de AP<\/p>\n","protected":false},"excerpt":{"rendered":"<p>Por Redacci\u00f3n QP A sus 39 a\u00f1os, el delantero Cristiano Ronaldo encabeza la convocatoria de&#8230;<\/p>\n","protected":false},"author":2,"featured_media":110145,"comment_status":"open","ping_status":"open","sticky":false,"template":"","format":"standard","meta":{"_monsterinsights_skip_tracking":false,"_monsterinsights_sitenote_active":false,"_monsterinsights_sitenote_note":"","_monsterinsights_sitenote_category":0,"footnotes":""},"categories":[54],"tags":[],"class_list":["post-110144","post","type-post","status-publish","format-standard","has-post-thumbnail","hentry","category-deportes"],"yoast_head":"<!-- This site is optimized with the Yoast SEO plugin v27.3 - https:\/\/yoast.com\/product\/yoast-seo-wordpress\/ -->\n<title>Cristiano Ronaldo har\u00e1 historia al disputar su sexta Eurocopa con Portugal -<\/title>\n<meta name=\"robots\" content=\"index, follow, max-snippet:-1, max-image-preview:large, max-video-preview:-1\" \/>\n<link rel=\"canonical\" href=\"https:\/\/quehacerpolitico.mx\/?p=110144\" \/>\n<meta property=\"og:locale\" content=\"es_MX\" \/>\n<meta property=\"og:type\" content=\"article\" \/>\n<meta property=\"og:title\" content=\"Cristiano Ronaldo har\u00e1 historia al disputar su sexta Eurocopa con Portugal -\" \/>\n<meta property=\"og:description\" content=\"Por Redacci\u00f3n QP A sus 39 a\u00f1os, el delantero Cristiano Ronaldo encabeza la convocatoria de...\" \/>\n<meta property=\"og:url\" content=\"https:\/\/quehacerpolitico.mx\/?p=110144\" \/>\n<meta property=\"article:published_time\" content=\"2024-05-21T18:53:20+00:00\" \/>\n<meta property=\"article:modified_time\" content=\"2024-05-21T18:53:24+00:00\" \/>\n<meta property=\"og:image\" content=\"https:\/\/quehacerpolitico.mx\/wp-content\/uploads\/2024\/05\/IMG_5773.jpeg\" \/>\n\t<meta property=\"og:image:width\" content=\"678\" \/>\n\t<meta property=\"og:image:height\" content=\"452\" \/>\n\t<meta property=\"og:image:type\" content=\"image\/jpeg\" \/>\n<meta name=\"author\" content=\"Redacci\u00f3n QP\" \/>\n<meta name=\"twitter:card\" content=\"summary_large_image\" \/>\n<meta name=\"twitter:label1\" content=\"Escrito por\" \/>\n\t<meta name=\"twitter:data1\" content=\"Redacci\u00f3n QP\" \/>\n\t<meta name=\"twitter:label2\" content=\"Tiempo de lectura\" \/>\n\t<meta name=\"twitter:data2\" content=\"2 minutos\" \/>\n<script type=\"application\/ld+json\" class=\"yoast-schema-graph\">{\"@context\":\"https:\\\/\\\/schema.org\",\"@graph\":[{\"@type\":\"Article\",\"@id\":\"https:\\\/\\\/quehacerpolitico.mx\\\/?p=110144#article\",\"isPartOf\":{\"@id\":\"https:\\\/\\\/quehacerpolitico.mx\\\/?p=110144\"},\"author\":{\"name\":\"Redacci\u00f3n QP\",\"@id\":\"https:\\\/\\\/quehacerpolitico.mx\\\/#\\\/schema\\\/person\\\/496d8ad2d1d3f8036101dca7ee39e585\"},\"headline\":\"Cristiano Ronaldo har\u00e1 historia al disputar su sexta Eurocopa con Portugal\",\"datePublished\":\"2024-05-21T18:53:20+00:00\",\"dateModified\":\"2024-05-21T18:53:24+00:00\",\"mainEntityOfPage\":{\"@id\":\"https:\\\/\\\/quehacerpolitico.mx\\\/?p=110144\"},\"wordCount\":425,\"commentCount\":0,\"image\":{\"@id\":\"https:\\\/\\\/quehacerpolitico.mx\\\/?p=110144#primaryimage\"},\"thumbnailUrl\":\"https:\\\/\\\/quehacerpolitico.mx\\\/wp-content\\\/uploads\\\/2024\\\/05\\\/IMG_5773.jpeg\",\"articleSection\":[\"Deportes\"],\"inLanguage\":\"es\",\"potentialAction\":[{\"@type\":\"CommentAction\",\"name\":\"Comment\",\"target\":[\"https:\\\/\\\/quehacerpolitico.mx\\\/?p=110144#respond\"]}]},{\"@type\":\"WebPage\",\"@id\":\"https:\\\/\\\/quehacerpolitico.mx\\\/?p=110144\",\"url\":\"https:\\\/\\\/quehacerpolitico.mx\\\/?p=110144\",\"name\":\"Cristiano Ronaldo har\u00e1 historia al disputar su sexta Eurocopa con Portugal -\",\"isPartOf\":{\"@id\":\"https:\\\/\\\/quehacerpolitico.mx\\\/#website\"},\"primaryImageOfPage\":{\"@id\":\"https:\\\/\\\/quehacerpolitico.mx\\\/?p=110144#primaryimage\"},\"image\":{\"@id\":\"https:\\\/\\\/quehacerpolitico.mx\\\/?p=110144#primaryimage\"},\"thumbnailUrl\":\"https:\\\/\\\/quehacerpolitico.mx\\\/wp-content\\\/uploads\\\/2024\\\/05\\\/IMG_5773.jpeg\",\"datePublished\":\"2024-05-21T18:53:20+00:00\",\"dateModified\":\"2024-05-21T18:53:24+00:00\",\"author\":{\"@id\":\"https:\\\/\\\/quehacerpolitico.mx\\\/#\\\/schema\\\/person\\\/496d8ad2d1d3f8036101dca7ee39e585\"},\"breadcrumb\":{\"@id\":\"https:\\\/\\\/quehacerpolitico.mx\\\/?p=110144#breadcrumb\"},\"inLanguage\":\"es\",\"potentialAction\":[{\"@type\":\"ReadAction\",\"target\":[\"https:\\\/\\\/quehacerpolitico.mx\\\/?p=110144\"]}]},{\"@type\":\"ImageObject\",\"inLanguage\":\"es\",\"@id\":\"https:\\\/\\\/quehacerpolitico.mx\\\/?p=110144#primaryimage\",\"url\":\"https:\\\/\\\/quehacerpolitico.mx\\\/wp-content\\\/uploads\\\/2024\\\/05\\\/IMG_5773.jpeg\",\"contentUrl\":\"https:\\\/\\\/quehacerpolitico.mx\\\/wp-content\\\/uploads\\\/2024\\\/05\\\/IMG_5773.jpeg\",\"width\":678,\"height\":452},{\"@type\":\"BreadcrumbList\",\"@id\":\"https:\\\/\\\/quehacerpolitico.mx\\\/?p=110144#breadcrumb\",\"itemListElement\":[{\"@type\":\"ListItem\",\"position\":1,\"name\":\"Inicio\",\"item\":\"https:\\\/\\\/quehacerpolitico.mx\\\/\"},{\"@type\":\"ListItem\",\"position\":2,\"name\":\"Cristiano Ronaldo har\u00e1 historia al disputar su sexta Eurocopa con Portugal\"}]},{\"@type\":\"WebSite\",\"@id\":\"https:\\\/\\\/quehacerpolitico.mx\\\/#website\",\"url\":\"https:\\\/\\\/quehacerpolitico.mx\\\/\",\"name\":\"\",\"description\":\"\",\"potentialAction\":[{\"@type\":\"SearchAction\",\"target\":{\"@type\":\"EntryPoint\",\"urlTemplate\":\"https:\\\/\\\/quehacerpolitico.mx\\\/?s={search_term_string}\"},\"query-input\":{\"@type\":\"PropertyValueSpecification\",\"valueRequired\":true,\"valueName\":\"search_term_string\"}}],\"inLanguage\":\"es\"},{\"@type\":\"Person\",\"@id\":\"https:\\\/\\\/quehacerpolitico.mx\\\/#\\\/schema\\\/person\\\/496d8ad2d1d3f8036101dca7ee39e585\",\"name\":\"Redacci\u00f3n QP\",\"image\":{\"@type\":\"ImageObject\",\"inLanguage\":\"es\",\"@id\":\"https:\\\/\\\/secure.gravatar.com\\\/avatar\\\/c7164ed6fdec453195284ad24a5ae5b6e1eed2b848477fa2a4787ba9adf39a41?s=96&d=mm&r=g\",\"url\":\"https:\\\/\\\/secure.gravatar.com\\\/avatar\\\/c7164ed6fdec453195284ad24a5ae5b6e1eed2b848477fa2a4787ba9adf39a41?s=96&d=mm&r=g\",\"contentUrl\":\"https:\\\/\\\/secure.gravatar.com\\\/avatar\\\/c7164ed6fdec453195284ad24a5ae5b6e1eed2b848477fa2a4787ba9adf39a41?s=96&d=mm&r=g\",\"caption\":\"Redacci\u00f3n QP\"},\"url\":\"https:\\\/\\\/quehacerpolitico.mx\\\/?author=2\"}]}<\/script>\n<!-- \/ Yoast SEO plugin. -->","yoast_head_json":{"title":"Cristiano Ronaldo har\u00e1 historia al disputar su sexta Eurocopa con Portugal -","robots":{"index":"index","follow":"follow","max-snippet":"max-snippet:-1","max-image-preview":"max-image-preview:large","max-video-preview":"max-video-preview:-1"},"canonical":"https:\/\/quehacerpolitico.mx\/?p=110144","og_locale":"es_MX","og_type":"article","og_title":"Cristiano Ronaldo har\u00e1 historia al disputar su sexta Eurocopa con Portugal -","og_description":"Por Redacci\u00f3n QP A sus 39 a\u00f1os, el delantero Cristiano Ronaldo encabeza la convocatoria de...","og_url":"https:\/\/quehacerpolitico.mx\/?p=110144","article_published_time":"2024-05-21T18:53:20+00:00","article_modified_time":"2024-05-21T18:53:24+00:00","og_image":[{"width":678,"height":452,"url":"https:\/\/quehacerpolitico.mx\/wp-content\/uploads\/2024\/05\/IMG_5773.jpeg","type":"image\/jpeg"}],"author":"Redacci\u00f3n QP","twitter_card":"summary_large_image","twitter_misc":{"Escrito por":"Redacci\u00f3n QP","Tiempo de lectura":"2 minutos"},"schema":{"@context":"https:\/\/schema.org","@graph":[{"@type":"Article","@id":"https:\/\/quehacerpolitico.mx\/?p=110144#article","isPartOf":{"@id":"https:\/\/quehacerpolitico.mx\/?p=110144"},"author":{"name":"Redacci\u00f3n QP","@id":"https:\/\/quehacerpolitico.mx\/#\/schema\/person\/496d8ad2d1d3f8036101dca7ee39e585"},"headline":"Cristiano Ronaldo har\u00e1 historia al disputar su sexta Eurocopa con Portugal","datePublished":"2024-05-21T18:53:20+00:00","dateModified":"2024-05-21T18:53:24+00:00","mainEntityOfPage":{"@id":"https:\/\/quehacerpolitico.mx\/?p=110144"},"wordCount":425,"commentCount":0,"image":{"@id":"https:\/\/quehacerpolitico.mx\/?p=110144#primaryimage"},"thumbnailUrl":"https:\/\/quehacerpolitico.mx\/wp-content\/uploads\/2024\/05\/IMG_5773.jpeg","articleSection":["Deportes"],"inLanguage":"es","potentialAction":[{"@type":"CommentAction","name":"Comment","target":["https:\/\/quehacerpolitico.mx\/?p=110144#respond"]}]},{"@type":"WebPage","@id":"https:\/\/quehacerpolitico.mx\/?p=110144","url":"https:\/\/quehacerpolitico.mx\/?p=110144","name":"Cristiano Ronaldo har\u00e1 historia al disputar su sexta Eurocopa con Portugal -","isPartOf":{"@id":"https:\/\/quehacerpolitico.mx\/#website"},"primaryImageOfPage":{"@id":"https:\/\/quehacerpolitico.mx\/?p=110144#primaryimage"},"image":{"@id":"https:\/\/quehacerpolitico.mx\/?p=110144#primaryimage"},"thumbnailUrl":"https:\/\/quehacerpolitico.mx\/wp-content\/uploads\/2024\/05\/IMG_5773.jpeg","datePublished":"2024-05-21T18:53:20+00:00","dateModified":"2024-05-21T18:53:24+00:00","author":{"@id":"https:\/\/quehacerpolitico.mx\/#\/schema\/person\/496d8ad2d1d3f8036101dca7ee39e585"},"breadcrumb":{"@id":"https:\/\/quehacerpolitico.mx\/?p=110144#breadcrumb"},"inLanguage":"es","potentialAction":[{"@type":"ReadAction","target":["https:\/\/quehacerpolitico.mx\/?p=110144"]}]},{"@type":"ImageObject","inLanguage":"es","@id":"https:\/\/quehacerpolitico.mx\/?p=110144#primaryimage","url":"https:\/\/quehacerpolitico.mx\/wp-content\/uploads\/2024\/05\/IMG_5773.jpeg","contentUrl":"https:\/\/quehacerpolitico.mx\/wp-content\/uploads\/2024\/05\/IMG_5773.jpeg","width":678,"height":452},{"@type":"BreadcrumbList","@id":"https:\/\/quehacerpolitico.mx\/?p=110144#breadcrumb","itemListElement":[{"@type":"ListItem","position":1,"name":"Inicio","item":"https:\/\/quehacerpolitico.mx\/"},{"@type":"ListItem","position":2,"name":"Cristiano Ronaldo har\u00e1 historia al disputar su sexta Eurocopa con Portugal"}]},{"@type":"WebSite","@id":"https:\/\/quehacerpolitico.mx\/#website","url":"https:\/\/quehacerpolitico.mx\/","name":"","description":"","potentialAction":[{"@type":"SearchAction","target":{"@type":"EntryPoint","urlTemplate":"https:\/\/quehacerpolitico.mx\/?s={search_term_string}"},"query-input":{"@type":"PropertyValueSpecification","valueRequired":true,"valueName":"search_term_string"}}],"inLanguage":"es"},{"@type":"Person","@id":"https:\/\/quehacerpolitico.mx\/#\/schema\/person\/496d8ad2d1d3f8036101dca7ee39e585","name":"Redacci\u00f3n QP","image":{"@type":"ImageObject","inLanguage":"es","@id":"https:\/\/secure.gravatar.com\/avatar\/c7164ed6fdec453195284ad24a5ae5b6e1eed2b848477fa2a4787ba9adf39a41?s=96&d=mm&r=g","url":"https:\/\/secure.gravatar.com\/avatar\/c7164ed6fdec453195284ad24a5ae5b6e1eed2b848477fa2a4787ba9adf39a41?s=96&d=mm&r=g","contentUrl":"https:\/\/secure.gravatar.com\/avatar\/c7164ed6fdec453195284ad24a5ae5b6e1eed2b848477fa2a4787ba9adf39a41?s=96&d=mm&r=g","caption":"Redacci\u00f3n QP"},"url":"https:\/\/quehacerpolitico.mx\/?author=2"}]}},"featured_image_urls":{"full":["https:\/\/quehacerpolitico.mx\/wp-content\/uploads\/2024\/05\/IMG_5773.jpeg",678,452,false],"thumbnail":["https:\/\/quehacerpolitico.mx\/wp-content\/uploads\/2024\/05\/IMG_5773-150x150.jpeg",150,150,true],"medium":["https:\/\/quehacerpolitico.mx\/wp-content\/uploads\/2024\/05\/IMG_5773-300x200.jpeg",300,200,true],"medium_large":["https:\/\/quehacerpolitico.mx\/wp-content\/uploads\/2024\/05\/IMG_5773.jpeg",640,427,false],"large":["https:\/\/quehacerpolitico.mx\/wp-content\/uploads\/2024\/05\/IMG_5773.jpeg",640,427,false],"1536x1536":["https:\/\/quehacerpolitico.mx\/wp-content\/uploads\/2024\/05\/IMG_5773.jpeg",678,452,false],"2048x2048":["https:\/\/quehacerpolitico.mx\/wp-content\/uploads\/2024\/05\/IMG_5773.jpeg",678,452,false],"covernews-featured":["https:\/\/quehacerpolitico.mx\/wp-content\/uploads\/2024\/05\/IMG_5773.jpeg",678,452,false],"covernews-medium":["https:\/\/quehacerpolitico.mx\/wp-content\/uploads\/2024\/05\/IMG_5773.jpeg",510,340,false]},"author_info":{"display_name":"Redacci\u00f3n QP","author_link":"https:\/\/quehacerpolitico.mx\/?author=2"},"category_info":"<a href=\"https:\/\/quehacerpolitico.mx\/?cat=54\" rel=\"category\">Deportes<\/a>","tag_info":"Deportes","comment_count":"0","_links":{"self":[{"href":"https:\/\/quehacerpolitico.mx\/index.php?rest_route=\/wp\/v2\/posts\/110144","targetHints":{"allow":["GET"]}}],"collection":[{"href":"https:\/\/quehacerpolitico.mx\/index.php?rest_route=\/wp\/v2\/posts"}],"about":[{"href":"https:\/\/quehacerpolitico.mx\/index.php?rest_route=\/wp\/v2\/types\/post"}],"author":[{"embeddable":true,"href":"https:\/\/quehacerpolitico.mx\/index.php?rest_route=\/wp\/v2\/users\/2"}],"replies":[{"embeddable":true,"href":"https:\/\/quehacerpolitico.mx\/index.php?rest_route=%2Fwp%2Fv2%2Fcomments&post=110144"}],"version-history":[{"count":1,"href":"https:\/\/quehacerpolitico.mx\/index.php?rest_route=\/wp\/v2\/posts\/110144\/revisions"}],"predecessor-version":[{"id":110147,"href":"https:\/\/quehacerpolitico.mx\/index.php?rest_route=\/wp\/v2\/posts\/110144\/revisions\/110147"}],"wp:featuredmedia":[{"embeddable":true,"href":"https:\/\/quehacerpolitico.mx\/index.php?rest_route=\/wp\/v2\/media\/110145"}],"wp:attachment":[{"href":"https:\/\/quehacerpolitico.mx\/index.php?rest_route=%2Fwp%2Fv2%2Fmedia&parent=110144"}],"wp:term":[{"taxonomy":"category","embeddable":true,"href":"https:\/\/quehacerpolitico.mx\/index.php?rest_route=%2Fwp%2Fv2%2Fcategories&post=110144"},{"taxonomy":"post_tag","embeddable":true,"href":"https:\/\/quehacerpolitico.mx\/index.php?rest_route=%2Fwp%2Fv2%2Ftags&post=110144"}],"curies":[{"name":"wp","href":"https:\/\/api.w.org\/{rel}","templated":true}]}}