{"id":11014,"date":"2018-12-05T15:50:18","date_gmt":"2018-12-05T15:50:18","guid":{"rendered":"http:\/\/quehacerpolitico.mx\/mas-de-600-jueces-y-magistrados-se-amparan-contra-reduccion-de-salarios\/"},"modified":"2018-12-05T15:50:18","modified_gmt":"2018-12-05T15:50:18","slug":"mas-de-600-jueces-y-magistrados-se-amparan-contra-reduccion-de-salarios","status":"publish","type":"post","link":"https:\/\/quehacerpolitico.mx\/?p=11014","title":{"rendered":"M\u00e1s de 600 jueces y magistrados se amparan contra reducci\u00f3n de salarios."},"content":{"rendered":"<h3 class=\"post-title entry-title\">M\u00e1s de 600 jueces y magistrados se amparan contra reducci\u00f3n de salarios.<\/h3>\n<p>Por Jaqueline Morgado<\/p>\n<div>La austeridad de L\u00f3pez Obrador es un alfiler olvidado en un sill\u00f3n: alguien saldr\u00e1 molesto despu\u00e9s de acomodarse. La intenci\u00f3n del tabasque\u00f1o de recortar su salario a la mitad fue bien aplaudida por la sociedad y varias instituciones, el problema empieza cuando fij\u00f3 su salario como el tope m\u00e1ximo de lo que se puede ganar en M\u00e9xico siendo un funcionario p\u00fablico. El esc\u00e1ndalo peg\u00f3 directamente al poder judicial, espec\u00edficamente a 600 magistrados.<\/div>\n<div>M\u00e1s de 2.000 empleados de la judicatura, entre ellos 600 magistrados, han promovido juicios de amparo, un proceso en el que se impugnan normas generales que se consideran violatorias de los derechos humanos. Los funcionarios se han mostrado inconformes por la primera reforma del Gobierno de Morena, la de dos art\u00edculos de la Constituci\u00f3n 75 y 127, con la que L\u00f3pez Obrador ha decretado que nadie en la Administraci\u00f3n P\u00fablica gane m\u00e1s que \u00e9l.\u00a0<\/div>\n<div>El mandatario recort\u00f3 un 40% su sueldo y lo fij\u00f3 en 108.000 pesos mensuales (5.300 d\u00f3lares). La demanda afirma que esta reforma &#8220;es contraria al orden constitucional&#8221;. &#8220;El Poder Judicial goza de autonom\u00eda para disponer de sus recursos, por lo cual no tiene obligaci\u00f3n de someter al escrutinio del Poder Legislativo las remuneraciones que asigne a jueces y magistrados federales&#8221;, afirma la demanda, de la que EL PA\u00cdS tiene una copia.<\/div>\n<div>La magistrada Sonia Rojas, de Sinaloa, fue una de las primeras personas en promover un amparo. Su demanda fue aceptada en un tribunal.<\/div>\n<div>Hasta el pasado viernes 30 de noviembre se hab\u00edan promovido 440 juicios que incluyen a 2 mil 94 quejosos, entre ellos 291 jueces y 323 magistrados de circuito. Se estima que la cifra aumentar\u00e1 entre los mil 429 puestos m\u00e1s altos de la judicatura: ministros de la Suprema Corte, magistrados y jueces de distrito, consejeros de la judicatura y magistrados electorales.<\/div>\n<div>Los demandantes piden a los jueces de distrito que se declaren impedidos y pidieron a los Tribunales Colegiados que soliciten a la Suprema Corte de Justicia de la Naci\u00f3n (SCJN) atraer el caso para ponderar la constitucionalidad de la reforma.<\/div>\n","protected":false},"excerpt":{"rendered":"<p>M\u00e1s de 600 jueces y magistrados se amparan contra reducci\u00f3n de salarios.<br \/>\nPor Jaqueline Morgado<\/p>\n","protected":false},"author":2,"featured_media":11013,"comment_status":"open","ping_status":"open","sticky":false,"template":"","format":"standard","meta":{"_monsterinsights_skip_tracking":false,"_monsterinsights_sitenote_active":false,"_monsterinsights_sitenote_note":"","_monsterinsights_sitenote_category":0,"footnotes":""},"categories":[2],"tags":[],"class_list":["post-11014","post","type-post","status-publish","format-standard","has-post-thumbnail","hentry","category-noticias"],"yoast_head":"<!-- This site is optimized with the Yoast SEO plugin v27.3 - https:\/\/yoast.com\/product\/yoast-seo-wordpress\/ -->\n<title>M\u00e1s de 600 jueces y magistrados se amparan contra reducci\u00f3n de salarios. -<\/title>\n<meta name=\"robots\" content=\"index, follow, max-snippet:-1, max-image-preview:large, max-video-preview:-1\" \/>\n<link rel=\"canonical\" href=\"https:\/\/quehacerpolitico.mx\/?p=11014\" \/>\n<meta property=\"og:locale\" content=\"es_MX\" \/>\n<meta property=\"og:type\" content=\"article\" \/>\n<meta property=\"og:title\" content=\"M\u00e1s de 600 jueces y magistrados se amparan contra reducci\u00f3n de salarios. -\" \/>\n<meta property=\"og:description\" content=\"M\u00e1s de 600 jueces y magistrados se amparan contra reducci\u00f3n de salarios. Por Jaqueline Morgado\" \/>\n<meta property=\"og:url\" content=\"https:\/\/quehacerpolitico.mx\/?p=11014\" \/>\n<meta property=\"article:published_time\" content=\"2018-12-05T15:50:18+00:00\" \/>\n<meta name=\"author\" content=\"Redacci\u00f3n QP\" \/>\n<meta name=\"twitter:card\" content=\"summary_large_image\" \/>\n<meta name=\"twitter:label1\" content=\"Escrito por\" \/>\n\t<meta name=\"twitter:data1\" content=\"Redacci\u00f3n QP\" \/>\n\t<meta name=\"twitter:label2\" content=\"Tiempo de lectura\" \/>\n\t<meta name=\"twitter:data2\" content=\"2 minutos\" \/>\n<script type=\"application\/ld+json\" class=\"yoast-schema-graph\">{\"@context\":\"https:\\\/\\\/schema.org\",\"@graph\":[{\"@type\":\"Article\",\"@id\":\"https:\\\/\\\/quehacerpolitico.mx\\\/?p=11014#article\",\"isPartOf\":{\"@id\":\"https:\\\/\\\/quehacerpolitico.mx\\\/?p=11014\"},\"author\":{\"name\":\"Redacci\u00f3n QP\",\"@id\":\"https:\\\/\\\/quehacerpolitico.mx\\\/#\\\/schema\\\/person\\\/496d8ad2d1d3f8036101dca7ee39e585\"},\"headline\":\"M\u00e1s de 600 jueces y magistrados se amparan contra reducci\u00f3n de salarios.\",\"datePublished\":\"2018-12-05T15:50:18+00:00\",\"mainEntityOfPage\":{\"@id\":\"https:\\\/\\\/quehacerpolitico.mx\\\/?p=11014\"},\"wordCount\":379,\"commentCount\":0,\"image\":{\"@id\":\"https:\\\/\\\/quehacerpolitico.mx\\\/?p=11014#primaryimage\"},\"thumbnailUrl\":\"\",\"articleSection\":[\"Noticias\"],\"inLanguage\":\"es\",\"potentialAction\":[{\"@type\":\"CommentAction\",\"name\":\"Comment\",\"target\":[\"https:\\\/\\\/quehacerpolitico.mx\\\/?p=11014#respond\"]}]},{\"@type\":\"WebPage\",\"@id\":\"https:\\\/\\\/quehacerpolitico.mx\\\/?p=11014\",\"url\":\"https:\\\/\\\/quehacerpolitico.mx\\\/?p=11014\",\"name\":\"M\u00e1s de 600 jueces y magistrados se amparan contra reducci\u00f3n de salarios. -\",\"isPartOf\":{\"@id\":\"https:\\\/\\\/quehacerpolitico.mx\\\/#website\"},\"primaryImageOfPage\":{\"@id\":\"https:\\\/\\\/quehacerpolitico.mx\\\/?p=11014#primaryimage\"},\"image\":{\"@id\":\"https:\\\/\\\/quehacerpolitico.mx\\\/?p=11014#primaryimage\"},\"thumbnailUrl\":\"\",\"datePublished\":\"2018-12-05T15:50:18+00:00\",\"author\":{\"@id\":\"https:\\\/\\\/quehacerpolitico.mx\\\/#\\\/schema\\\/person\\\/496d8ad2d1d3f8036101dca7ee39e585\"},\"breadcrumb\":{\"@id\":\"https:\\\/\\\/quehacerpolitico.mx\\\/?p=11014#breadcrumb\"},\"inLanguage\":\"es\",\"potentialAction\":[{\"@type\":\"ReadAction\",\"target\":[\"https:\\\/\\\/quehacerpolitico.mx\\\/?p=11014\"]}]},{\"@type\":\"ImageObject\",\"inLanguage\":\"es\",\"@id\":\"https:\\\/\\\/quehacerpolitico.mx\\\/?p=11014#primaryimage\",\"url\":\"\",\"contentUrl\":\"\"},{\"@type\":\"BreadcrumbList\",\"@id\":\"https:\\\/\\\/quehacerpolitico.mx\\\/?p=11014#breadcrumb\",\"itemListElement\":[{\"@type\":\"ListItem\",\"position\":1,\"name\":\"Inicio\",\"item\":\"https:\\\/\\\/quehacerpolitico.mx\\\/\"},{\"@type\":\"ListItem\",\"position\":2,\"name\":\"M\u00e1s de 600 jueces y magistrados se amparan contra reducci\u00f3n de salarios.\"}]},{\"@type\":\"WebSite\",\"@id\":\"https:\\\/\\\/quehacerpolitico.mx\\\/#website\",\"url\":\"https:\\\/\\\/quehacerpolitico.mx\\\/\",\"name\":\"\",\"description\":\"\",\"potentialAction\":[{\"@type\":\"SearchAction\",\"target\":{\"@type\":\"EntryPoint\",\"urlTemplate\":\"https:\\\/\\\/quehacerpolitico.mx\\\/?s={search_term_string}\"},\"query-input\":{\"@type\":\"PropertyValueSpecification\",\"valueRequired\":true,\"valueName\":\"search_term_string\"}}],\"inLanguage\":\"es\"},{\"@type\":\"Person\",\"@id\":\"https:\\\/\\\/quehacerpolitico.mx\\\/#\\\/schema\\\/person\\\/496d8ad2d1d3f8036101dca7ee39e585\",\"name\":\"Redacci\u00f3n QP\",\"image\":{\"@type\":\"ImageObject\",\"inLanguage\":\"es\",\"@id\":\"https:\\\/\\\/secure.gravatar.com\\\/avatar\\\/c7164ed6fdec453195284ad24a5ae5b6e1eed2b848477fa2a4787ba9adf39a41?s=96&d=mm&r=g\",\"url\":\"https:\\\/\\\/secure.gravatar.com\\\/avatar\\\/c7164ed6fdec453195284ad24a5ae5b6e1eed2b848477fa2a4787ba9adf39a41?s=96&d=mm&r=g\",\"contentUrl\":\"https:\\\/\\\/secure.gravatar.com\\\/avatar\\\/c7164ed6fdec453195284ad24a5ae5b6e1eed2b848477fa2a4787ba9adf39a41?s=96&d=mm&r=g\",\"caption\":\"Redacci\u00f3n QP\"},\"url\":\"https:\\\/\\\/quehacerpolitico.mx\\\/?author=2\"}]}<\/script>\n<!-- \/ Yoast SEO plugin. -->","yoast_head_json":{"title":"M\u00e1s de 600 jueces y magistrados se amparan contra reducci\u00f3n de salarios. -","robots":{"index":"index","follow":"follow","max-snippet":"max-snippet:-1","max-image-preview":"max-image-preview:large","max-video-preview":"max-video-preview:-1"},"canonical":"https:\/\/quehacerpolitico.mx\/?p=11014","og_locale":"es_MX","og_type":"article","og_title":"M\u00e1s de 600 jueces y magistrados se amparan contra reducci\u00f3n de salarios. -","og_description":"M\u00e1s de 600 jueces y magistrados se amparan contra reducci\u00f3n de salarios. Por Jaqueline Morgado","og_url":"https:\/\/quehacerpolitico.mx\/?p=11014","article_published_time":"2018-12-05T15:50:18+00:00","author":"Redacci\u00f3n QP","twitter_card":"summary_large_image","twitter_misc":{"Escrito por":"Redacci\u00f3n QP","Tiempo de lectura":"2 minutos"},"schema":{"@context":"https:\/\/schema.org","@graph":[{"@type":"Article","@id":"https:\/\/quehacerpolitico.mx\/?p=11014#article","isPartOf":{"@id":"https:\/\/quehacerpolitico.mx\/?p=11014"},"author":{"name":"Redacci\u00f3n QP","@id":"https:\/\/quehacerpolitico.mx\/#\/schema\/person\/496d8ad2d1d3f8036101dca7ee39e585"},"headline":"M\u00e1s de 600 jueces y magistrados se amparan contra reducci\u00f3n de salarios.","datePublished":"2018-12-05T15:50:18+00:00","mainEntityOfPage":{"@id":"https:\/\/quehacerpolitico.mx\/?p=11014"},"wordCount":379,"commentCount":0,"image":{"@id":"https:\/\/quehacerpolitico.mx\/?p=11014#primaryimage"},"thumbnailUrl":"","articleSection":["Noticias"],"inLanguage":"es","potentialAction":[{"@type":"CommentAction","name":"Comment","target":["https:\/\/quehacerpolitico.mx\/?p=11014#respond"]}]},{"@type":"WebPage","@id":"https:\/\/quehacerpolitico.mx\/?p=11014","url":"https:\/\/quehacerpolitico.mx\/?p=11014","name":"M\u00e1s de 600 jueces y magistrados se amparan contra reducci\u00f3n de salarios. -","isPartOf":{"@id":"https:\/\/quehacerpolitico.mx\/#website"},"primaryImageOfPage":{"@id":"https:\/\/quehacerpolitico.mx\/?p=11014#primaryimage"},"image":{"@id":"https:\/\/quehacerpolitico.mx\/?p=11014#primaryimage"},"thumbnailUrl":"","datePublished":"2018-12-05T15:50:18+00:00","author":{"@id":"https:\/\/quehacerpolitico.mx\/#\/schema\/person\/496d8ad2d1d3f8036101dca7ee39e585"},"breadcrumb":{"@id":"https:\/\/quehacerpolitico.mx\/?p=11014#breadcrumb"},"inLanguage":"es","potentialAction":[{"@type":"ReadAction","target":["https:\/\/quehacerpolitico.mx\/?p=11014"]}]},{"@type":"ImageObject","inLanguage":"es","@id":"https:\/\/quehacerpolitico.mx\/?p=11014#primaryimage","url":"","contentUrl":""},{"@type":"BreadcrumbList","@id":"https:\/\/quehacerpolitico.mx\/?p=11014#breadcrumb","itemListElement":[{"@type":"ListItem","position":1,"name":"Inicio","item":"https:\/\/quehacerpolitico.mx\/"},{"@type":"ListItem","position":2,"name":"M\u00e1s de 600 jueces y magistrados se amparan contra reducci\u00f3n de salarios."}]},{"@type":"WebSite","@id":"https:\/\/quehacerpolitico.mx\/#website","url":"https:\/\/quehacerpolitico.mx\/","name":"","description":"","potentialAction":[{"@type":"SearchAction","target":{"@type":"EntryPoint","urlTemplate":"https:\/\/quehacerpolitico.mx\/?s={search_term_string}"},"query-input":{"@type":"PropertyValueSpecification","valueRequired":true,"valueName":"search_term_string"}}],"inLanguage":"es"},{"@type":"Person","@id":"https:\/\/quehacerpolitico.mx\/#\/schema\/person\/496d8ad2d1d3f8036101dca7ee39e585","name":"Redacci\u00f3n QP","image":{"@type":"ImageObject","inLanguage":"es","@id":"https:\/\/secure.gravatar.com\/avatar\/c7164ed6fdec453195284ad24a5ae5b6e1eed2b848477fa2a4787ba9adf39a41?s=96&d=mm&r=g","url":"https:\/\/secure.gravatar.com\/avatar\/c7164ed6fdec453195284ad24a5ae5b6e1eed2b848477fa2a4787ba9adf39a41?s=96&d=mm&r=g","contentUrl":"https:\/\/secure.gravatar.com\/avatar\/c7164ed6fdec453195284ad24a5ae5b6e1eed2b848477fa2a4787ba9adf39a41?s=96&d=mm&r=g","caption":"Redacci\u00f3n QP"},"url":"https:\/\/quehacerpolitico.mx\/?author=2"}]}},"featured_image_urls":{"full":"","thumbnail":"","medium":"","medium_large":"","large":"","1536x1536":"","2048x2048":"","covernews-featured":"","covernews-medium":""},"author_info":{"display_name":"Redacci\u00f3n QP","author_link":"https:\/\/quehacerpolitico.mx\/?author=2"},"category_info":"<a href=\"https:\/\/quehacerpolitico.mx\/?cat=2\" rel=\"category\">Noticias<\/a>","tag_info":"Noticias","comment_count":"0","_links":{"self":[{"href":"https:\/\/quehacerpolitico.mx\/index.php?rest_route=\/wp\/v2\/posts\/11014","targetHints":{"allow":["GET"]}}],"collection":[{"href":"https:\/\/quehacerpolitico.mx\/index.php?rest_route=\/wp\/v2\/posts"}],"about":[{"href":"https:\/\/quehacerpolitico.mx\/index.php?rest_route=\/wp\/v2\/types\/post"}],"author":[{"embeddable":true,"href":"https:\/\/quehacerpolitico.mx\/index.php?rest_route=\/wp\/v2\/users\/2"}],"replies":[{"embeddable":true,"href":"https:\/\/quehacerpolitico.mx\/index.php?rest_route=%2Fwp%2Fv2%2Fcomments&post=11014"}],"version-history":[{"count":0,"href":"https:\/\/quehacerpolitico.mx\/index.php?rest_route=\/wp\/v2\/posts\/11014\/revisions"}],"wp:featuredmedia":[{"embeddable":true,"href":"https:\/\/quehacerpolitico.mx\/index.php?rest_route=\/"}],"wp:attachment":[{"href":"https:\/\/quehacerpolitico.mx\/index.php?rest_route=%2Fwp%2Fv2%2Fmedia&parent=11014"}],"wp:term":[{"taxonomy":"category","embeddable":true,"href":"https:\/\/quehacerpolitico.mx\/index.php?rest_route=%2Fwp%2Fv2%2Fcategories&post=11014"},{"taxonomy":"post_tag","embeddable":true,"href":"https:\/\/quehacerpolitico.mx\/index.php?rest_route=%2Fwp%2Fv2%2Ftags&post=11014"}],"curies":[{"name":"wp","href":"https:\/\/api.w.org\/{rel}","templated":true}]}}