{"id":110124,"date":"2024-05-21T01:33:49","date_gmt":"2024-05-21T01:33:49","guid":{"rendered":"https:\/\/quehacerpolitico.mx\/?p=110124"},"modified":"2024-05-21T01:33:51","modified_gmt":"2024-05-21T01:33:51","slug":"arq-longinos-garcia-rios-exoperador-politico-de-marcelo-ebrard-se-sumo-a-la-campana-de-santiago-taboada-candidato-a-jefe-de-gobierno-de-la-cdmx","status":"publish","type":"post","link":"https:\/\/quehacerpolitico.mx\/?p=110124","title":{"rendered":"Arq. Longinos Garc\u00eda R\u00edos exoperador pol\u00edtico de Marcelo Ebrard, se sum\u00f3 a la campa\u00f1a de Santiago Taboada, candidato a jefe de Gobierno de la CDMX"},"content":{"rendered":"\n<p>Por Redacci\u00f3n QP<\/p>\n\n\n\n<p><em>Longinos Garc\u00eda, exoperador pol\u00edtico de Marcelo Ebrard, se sum\u00f3 a la campa\u00f1a de Santiago Taboada, candidato a jefe de Gobierno de la CDMX<\/em><\/p>\n\n\n\n<p>Este lunes, se dio a conocer que\u00a0<strong>Longinos Garc\u00eda<\/strong>, exoperador pol\u00edtico de\u00a0<strong>Marcelo Ebrard<\/strong>, se sum\u00f3 a la campa\u00f1a de Santiago Taboada, candidato a jefe de Gobierno de la CDMX.<\/p>\n\n\n\n<figure class=\"wp-block-embed is-type-rich is-provider-twitter wp-block-embed-twitter\"><div class=\"wp-block-embed__wrapper\">\nhttps:\/\/twitter.com\/karenquirogaan\/status\/1792606416156475590?s=46&#038;t=pyttrToxhaPYSt_hljQQ_g\n<\/div><\/figure>\n\n\n\n<p>Candidatos a alcaldes de la coalici\u00f3n\u00a0<strong>Va X La CDMX<\/strong>, arropados por\u00a0<strong>Santiago Taboada<\/strong>, informaron que sigue la violencia durante sus recorridos y denunciaron que\u00a0<strong>Morena<\/strong>\u00a0est\u00e1 usando el reparto de agua como bot\u00edn pol\u00edtico.<\/p>\n\n\n\n<p>De igual forma, durante su rueda de prensa semanal, anunciaron que un exoperador pol\u00edtico de Marcelo Ebrard se sum\u00f3 a su movimiento.<\/p>\n\n\n\n<p>La candidata Karen Quiroga present\u00f3 a Longinos Garc\u00eda, exdelegado de Iztapalapa, quien se sum\u00f3 a la campa\u00f1a de Va X La CDMX. Hace unos meses coordin\u00f3 la precampa\u00f1a de Marcelo Ebrard en la zona oriente de la Ciudad.<\/p>\n\n\n\n<p>Longinos Garc\u00eda asegur\u00f3 que no son mercenarios, y que el \u00fanico que puede cambiar el rumbo de la Ciudad es Santiago Taboada.<\/p>\n\n\n\n<p>Luis Mendoza, aspirante de Benito Ju\u00e1rez, sostuvo que ya van 51 d\u00edas desde que comenz\u00f3 la contaminaci\u00f3n del agua en la alcald\u00eda, y a\u00fan no saben lo que origin\u00f3 esta situaci\u00f3n, por lo que pidi\u00f3 al jefe de Gobierno, Mart\u00ed Batres, dejar de ser jefe de campa\u00f1a de Morena y dar respuestas.<\/p>\n\n\n\n<p>Giovani Guti\u00e9rrez dijo que Ren\u00e9 Bejarano ya est\u00e1 metiendo las manos en la elecci\u00f3n de Coyoac\u00e1n, y que se est\u00e1n condicionando los programas y ayudas sociales a cambio del voto, por lo que hizo un llamado a la serenidad. \u201cLa decisi\u00f3n de la ciudadan\u00eda debe de ser respetada y nuestro ej\u00e9rcito electoral ya est\u00e1 preparado para defender las casillas\u201d.<\/p>\n\n\n\n<h3 class=\"wp-block-heading\"><strong>Exoperador pol\u00edtico de Ebrard se suma a campa\u00f1a de Taboada<\/strong><\/h3>\n\n\n\n<p>Alessandra Rojo de la Vega sostuvo que durante la semana pasada ha vivido en carne propia lo que sufren miles de v\u00edctimas: la revictimizaci\u00f3n. Detall\u00f3 que parece que buscan que se \u201ccaiga el caso\u201d o encubrir este atentado. \u201cSu prioridad no es buscar al autor intelectual\u201d.<\/p>\n\n\n\n<p>Luis Gerardo Quijano puntualiz\u00f3 que ya est\u00e1n condicionando el reparto de pipas de agua en La Magdalena Contreras a cambio de que los vecinos bajen la publicidad de los candidatos de la alianza. Asimismo, asever\u00f3 que los brigadistas de Morena est\u00e1n bajando su publicidad y portan armas de fuego.<\/p>\n\n\n\n<p>En este sentido, Mauricio Tabe dijo que buscan culpar, desde el gobierno capitalino, a la alcald\u00eda Miguel Hidalgo por la falta del vital l\u00edquido, cosa que es falsa, pues esto depende directamente del Sistema de Aguas. \u201cCon los derechos de los vecinos no se juega\u201d.<\/p>\n\n\n\n<p>Alfa Gonz\u00e1lez apunt\u00f3 que esta misma pr\u00e1ctica se repite en Tlalpan. \u201cHan castigado a la ciudadan\u00eda porque ya no est\u00e1n de acuerdo con Morena\u201d.<\/p>\n\n\n\n<h3 class=\"wp-block-heading\"><strong>Condicionan reparto de agua en alcald\u00edas<\/strong><\/h3>\n\n\n\n<p>Asimismo, Jorge Alvarado coment\u00f3 que han condicionado el reparto de agua en Milpa Alta a cambio de las credenciales de elector. Tambi\u00e9n critic\u00f3 que su publicidad haya sido retirada por gente ligada a la Corena.<\/p>\n\n\n\n<p>Carlos Orva\u00f1anos denunci\u00f3 al \u201cC\u00e1rtel Drag\u00f3n\u201d en Cuajimalpa por la violencia y agresiones en contra de candidatos de Va X La CDMX, y adelant\u00f3 que solicitar\u00e1n vigilancia especial de la Guardia Nacional para evitar violencia en las elecciones.<\/p>\n\n\n\n<p>Por \u00faltimo, Margarita Salda\u00f1a tambi\u00e9n asegur\u00f3 que Morena est\u00e1 usando el agua como \u201cbot\u00edn pol\u00edtico\u201d en Azcapotzalco, por lo que pidi\u00f3 a las y los vecinos sacar a este partido de la Ciudad\u201d.<\/p>\n\n\n\n<p>Los candidatos anunciaron que de ser necesario acompa\u00f1ar\u00edan a vecinos en protestas en las calles para exigir agua en sus hogares.<\/p>\n\n\n\n<p>A menos de dos semanas para la jornada electoral del 2 de junio, Longinos Garc\u00eda, exoperador pol\u00edtico de Marcelo Ebrard, se sum\u00f3 a la campa\u00f1a de Santiago Taboada.<\/p>\n\n\n\n<p>Con informaci\u00f3n de\u00a0El Universal<\/p>\n","protected":false},"excerpt":{"rendered":"<p>Por Redacci\u00f3n QP Longinos Garc\u00eda, exoperador pol\u00edtico de Marcelo Ebrard, se sum\u00f3 a la campa\u00f1a&#8230;<\/p>\n","protected":false},"author":2,"featured_media":110125,"comment_status":"open","ping_status":"open","sticky":false,"template":"","format":"standard","meta":{"_monsterinsights_skip_tracking":false,"_monsterinsights_sitenote_active":false,"_monsterinsights_sitenote_note":"","_monsterinsights_sitenote_category":0,"footnotes":""},"categories":[55],"tags":[],"class_list":["post-110124","post","type-post","status-publish","format-standard","has-post-thumbnail","hentry","category-cdmx"],"yoast_head":"<!-- This site is optimized with the Yoast SEO plugin v27.3 - https:\/\/yoast.com\/product\/yoast-seo-wordpress\/ -->\n<title>Arq. Longinos Garc\u00eda R\u00edos exoperador pol\u00edtico de Marcelo Ebrard, se sum\u00f3 a la campa\u00f1a de Santiago Taboada, candidato a jefe de Gobierno de la CDMX -<\/title>\n<meta name=\"robots\" content=\"index, follow, max-snippet:-1, max-image-preview:large, max-video-preview:-1\" \/>\n<link rel=\"canonical\" href=\"https:\/\/quehacerpolitico.mx\/?p=110124\" \/>\n<meta property=\"og:locale\" content=\"es_MX\" \/>\n<meta property=\"og:type\" content=\"article\" \/>\n<meta property=\"og:title\" content=\"Arq. Longinos Garc\u00eda R\u00edos exoperador pol\u00edtico de Marcelo Ebrard, se sum\u00f3 a la campa\u00f1a de Santiago Taboada, candidato a jefe de Gobierno de la CDMX -\" \/>\n<meta property=\"og:description\" content=\"Por Redacci\u00f3n QP Longinos Garc\u00eda, exoperador pol\u00edtico de Marcelo Ebrard, se sum\u00f3 a la campa\u00f1a...\" \/>\n<meta property=\"og:url\" content=\"https:\/\/quehacerpolitico.mx\/?p=110124\" \/>\n<meta property=\"article:published_time\" content=\"2024-05-21T01:33:49+00:00\" \/>\n<meta property=\"article:modified_time\" content=\"2024-05-21T01:33:51+00:00\" \/>\n<meta property=\"og:image\" content=\"https:\/\/quehacerpolitico.mx\/wp-content\/uploads\/2024\/05\/IMG_5767.jpeg\" \/>\n\t<meta property=\"og:image:width\" content=\"1280\" \/>\n\t<meta property=\"og:image:height\" content=\"853\" \/>\n\t<meta property=\"og:image:type\" content=\"image\/jpeg\" \/>\n<meta name=\"author\" content=\"Redacci\u00f3n QP\" \/>\n<meta name=\"twitter:card\" content=\"summary_large_image\" \/>\n<meta name=\"twitter:label1\" content=\"Escrito por\" \/>\n\t<meta name=\"twitter:data1\" content=\"Redacci\u00f3n QP\" \/>\n\t<meta name=\"twitter:label2\" content=\"Tiempo de lectura\" \/>\n\t<meta name=\"twitter:data2\" content=\"3 minutos\" \/>\n<script type=\"application\/ld+json\" class=\"yoast-schema-graph\">{\"@context\":\"https:\\\/\\\/schema.org\",\"@graph\":[{\"@type\":\"Article\",\"@id\":\"https:\\\/\\\/quehacerpolitico.mx\\\/?p=110124#article\",\"isPartOf\":{\"@id\":\"https:\\\/\\\/quehacerpolitico.mx\\\/?p=110124\"},\"author\":{\"name\":\"Redacci\u00f3n QP\",\"@id\":\"https:\\\/\\\/quehacerpolitico.mx\\\/#\\\/schema\\\/person\\\/496d8ad2d1d3f8036101dca7ee39e585\"},\"headline\":\"Arq. Longinos Garc\u00eda R\u00edos exoperador pol\u00edtico de Marcelo Ebrard, se sum\u00f3 a la campa\u00f1a de Santiago Taboada, candidato a jefe de Gobierno de la CDMX\",\"datePublished\":\"2024-05-21T01:33:49+00:00\",\"dateModified\":\"2024-05-21T01:33:51+00:00\",\"mainEntityOfPage\":{\"@id\":\"https:\\\/\\\/quehacerpolitico.mx\\\/?p=110124\"},\"wordCount\":719,\"commentCount\":0,\"image\":{\"@id\":\"https:\\\/\\\/quehacerpolitico.mx\\\/?p=110124#primaryimage\"},\"thumbnailUrl\":\"https:\\\/\\\/quehacerpolitico.mx\\\/wp-content\\\/uploads\\\/2024\\\/05\\\/IMG_5767.jpeg\",\"articleSection\":[\"CDMX\"],\"inLanguage\":\"es\",\"potentialAction\":[{\"@type\":\"CommentAction\",\"name\":\"Comment\",\"target\":[\"https:\\\/\\\/quehacerpolitico.mx\\\/?p=110124#respond\"]}]},{\"@type\":\"WebPage\",\"@id\":\"https:\\\/\\\/quehacerpolitico.mx\\\/?p=110124\",\"url\":\"https:\\\/\\\/quehacerpolitico.mx\\\/?p=110124\",\"name\":\"Arq. Longinos Garc\u00eda R\u00edos exoperador pol\u00edtico de Marcelo Ebrard, se sum\u00f3 a la campa\u00f1a de Santiago Taboada, candidato a jefe de Gobierno de la CDMX -\",\"isPartOf\":{\"@id\":\"https:\\\/\\\/quehacerpolitico.mx\\\/#website\"},\"primaryImageOfPage\":{\"@id\":\"https:\\\/\\\/quehacerpolitico.mx\\\/?p=110124#primaryimage\"},\"image\":{\"@id\":\"https:\\\/\\\/quehacerpolitico.mx\\\/?p=110124#primaryimage\"},\"thumbnailUrl\":\"https:\\\/\\\/quehacerpolitico.mx\\\/wp-content\\\/uploads\\\/2024\\\/05\\\/IMG_5767.jpeg\",\"datePublished\":\"2024-05-21T01:33:49+00:00\",\"dateModified\":\"2024-05-21T01:33:51+00:00\",\"author\":{\"@id\":\"https:\\\/\\\/quehacerpolitico.mx\\\/#\\\/schema\\\/person\\\/496d8ad2d1d3f8036101dca7ee39e585\"},\"breadcrumb\":{\"@id\":\"https:\\\/\\\/quehacerpolitico.mx\\\/?p=110124#breadcrumb\"},\"inLanguage\":\"es\",\"potentialAction\":[{\"@type\":\"ReadAction\",\"target\":[\"https:\\\/\\\/quehacerpolitico.mx\\\/?p=110124\"]}]},{\"@type\":\"ImageObject\",\"inLanguage\":\"es\",\"@id\":\"https:\\\/\\\/quehacerpolitico.mx\\\/?p=110124#primaryimage\",\"url\":\"https:\\\/\\\/quehacerpolitico.mx\\\/wp-content\\\/uploads\\\/2024\\\/05\\\/IMG_5767.jpeg\",\"contentUrl\":\"https:\\\/\\\/quehacerpolitico.mx\\\/wp-content\\\/uploads\\\/2024\\\/05\\\/IMG_5767.jpeg\",\"width\":1280,\"height\":853},{\"@type\":\"BreadcrumbList\",\"@id\":\"https:\\\/\\\/quehacerpolitico.mx\\\/?p=110124#breadcrumb\",\"itemListElement\":[{\"@type\":\"ListItem\",\"position\":1,\"name\":\"Inicio\",\"item\":\"https:\\\/\\\/quehacerpolitico.mx\\\/\"},{\"@type\":\"ListItem\",\"position\":2,\"name\":\"Arq. Longinos Garc\u00eda R\u00edos exoperador pol\u00edtico de Marcelo Ebrard, se sum\u00f3 a la campa\u00f1a de Santiago Taboada, candidato a jefe de Gobierno de la CDMX\"}]},{\"@type\":\"WebSite\",\"@id\":\"https:\\\/\\\/quehacerpolitico.mx\\\/#website\",\"url\":\"https:\\\/\\\/quehacerpolitico.mx\\\/\",\"name\":\"\",\"description\":\"\",\"potentialAction\":[{\"@type\":\"SearchAction\",\"target\":{\"@type\":\"EntryPoint\",\"urlTemplate\":\"https:\\\/\\\/quehacerpolitico.mx\\\/?s={search_term_string}\"},\"query-input\":{\"@type\":\"PropertyValueSpecification\",\"valueRequired\":true,\"valueName\":\"search_term_string\"}}],\"inLanguage\":\"es\"},{\"@type\":\"Person\",\"@id\":\"https:\\\/\\\/quehacerpolitico.mx\\\/#\\\/schema\\\/person\\\/496d8ad2d1d3f8036101dca7ee39e585\",\"name\":\"Redacci\u00f3n QP\",\"image\":{\"@type\":\"ImageObject\",\"inLanguage\":\"es\",\"@id\":\"https:\\\/\\\/secure.gravatar.com\\\/avatar\\\/c7164ed6fdec453195284ad24a5ae5b6e1eed2b848477fa2a4787ba9adf39a41?s=96&d=mm&r=g\",\"url\":\"https:\\\/\\\/secure.gravatar.com\\\/avatar\\\/c7164ed6fdec453195284ad24a5ae5b6e1eed2b848477fa2a4787ba9adf39a41?s=96&d=mm&r=g\",\"contentUrl\":\"https:\\\/\\\/secure.gravatar.com\\\/avatar\\\/c7164ed6fdec453195284ad24a5ae5b6e1eed2b848477fa2a4787ba9adf39a41?s=96&d=mm&r=g\",\"caption\":\"Redacci\u00f3n QP\"},\"url\":\"https:\\\/\\\/quehacerpolitico.mx\\\/?author=2\"}]}<\/script>\n<!-- \/ Yoast SEO plugin. -->","yoast_head_json":{"title":"Arq. Longinos Garc\u00eda R\u00edos exoperador pol\u00edtico de Marcelo Ebrard, se sum\u00f3 a la campa\u00f1a de Santiago Taboada, candidato a jefe de Gobierno de la CDMX -","robots":{"index":"index","follow":"follow","max-snippet":"max-snippet:-1","max-image-preview":"max-image-preview:large","max-video-preview":"max-video-preview:-1"},"canonical":"https:\/\/quehacerpolitico.mx\/?p=110124","og_locale":"es_MX","og_type":"article","og_title":"Arq. Longinos Garc\u00eda R\u00edos exoperador pol\u00edtico de Marcelo Ebrard, se sum\u00f3 a la campa\u00f1a de Santiago Taboada, candidato a jefe de Gobierno de la CDMX -","og_description":"Por Redacci\u00f3n QP Longinos Garc\u00eda, exoperador pol\u00edtico de Marcelo Ebrard, se sum\u00f3 a la campa\u00f1a...","og_url":"https:\/\/quehacerpolitico.mx\/?p=110124","article_published_time":"2024-05-21T01:33:49+00:00","article_modified_time":"2024-05-21T01:33:51+00:00","og_image":[{"width":1280,"height":853,"url":"https:\/\/quehacerpolitico.mx\/wp-content\/uploads\/2024\/05\/IMG_5767.jpeg","type":"image\/jpeg"}],"author":"Redacci\u00f3n QP","twitter_card":"summary_large_image","twitter_misc":{"Escrito por":"Redacci\u00f3n QP","Tiempo de lectura":"3 minutos"},"schema":{"@context":"https:\/\/schema.org","@graph":[{"@type":"Article","@id":"https:\/\/quehacerpolitico.mx\/?p=110124#article","isPartOf":{"@id":"https:\/\/quehacerpolitico.mx\/?p=110124"},"author":{"name":"Redacci\u00f3n QP","@id":"https:\/\/quehacerpolitico.mx\/#\/schema\/person\/496d8ad2d1d3f8036101dca7ee39e585"},"headline":"Arq. Longinos Garc\u00eda R\u00edos exoperador pol\u00edtico de Marcelo Ebrard, se sum\u00f3 a la campa\u00f1a de Santiago Taboada, candidato a jefe de Gobierno de la CDMX","datePublished":"2024-05-21T01:33:49+00:00","dateModified":"2024-05-21T01:33:51+00:00","mainEntityOfPage":{"@id":"https:\/\/quehacerpolitico.mx\/?p=110124"},"wordCount":719,"commentCount":0,"image":{"@id":"https:\/\/quehacerpolitico.mx\/?p=110124#primaryimage"},"thumbnailUrl":"https:\/\/quehacerpolitico.mx\/wp-content\/uploads\/2024\/05\/IMG_5767.jpeg","articleSection":["CDMX"],"inLanguage":"es","potentialAction":[{"@type":"CommentAction","name":"Comment","target":["https:\/\/quehacerpolitico.mx\/?p=110124#respond"]}]},{"@type":"WebPage","@id":"https:\/\/quehacerpolitico.mx\/?p=110124","url":"https:\/\/quehacerpolitico.mx\/?p=110124","name":"Arq. Longinos Garc\u00eda R\u00edos exoperador pol\u00edtico de Marcelo Ebrard, se sum\u00f3 a la campa\u00f1a de Santiago Taboada, candidato a jefe de Gobierno de la CDMX -","isPartOf":{"@id":"https:\/\/quehacerpolitico.mx\/#website"},"primaryImageOfPage":{"@id":"https:\/\/quehacerpolitico.mx\/?p=110124#primaryimage"},"image":{"@id":"https:\/\/quehacerpolitico.mx\/?p=110124#primaryimage"},"thumbnailUrl":"https:\/\/quehacerpolitico.mx\/wp-content\/uploads\/2024\/05\/IMG_5767.jpeg","datePublished":"2024-05-21T01:33:49+00:00","dateModified":"2024-05-21T01:33:51+00:00","author":{"@id":"https:\/\/quehacerpolitico.mx\/#\/schema\/person\/496d8ad2d1d3f8036101dca7ee39e585"},"breadcrumb":{"@id":"https:\/\/quehacerpolitico.mx\/?p=110124#breadcrumb"},"inLanguage":"es","potentialAction":[{"@type":"ReadAction","target":["https:\/\/quehacerpolitico.mx\/?p=110124"]}]},{"@type":"ImageObject","inLanguage":"es","@id":"https:\/\/quehacerpolitico.mx\/?p=110124#primaryimage","url":"https:\/\/quehacerpolitico.mx\/wp-content\/uploads\/2024\/05\/IMG_5767.jpeg","contentUrl":"https:\/\/quehacerpolitico.mx\/wp-content\/uploads\/2024\/05\/IMG_5767.jpeg","width":1280,"height":853},{"@type":"BreadcrumbList","@id":"https:\/\/quehacerpolitico.mx\/?p=110124#breadcrumb","itemListElement":[{"@type":"ListItem","position":1,"name":"Inicio","item":"https:\/\/quehacerpolitico.mx\/"},{"@type":"ListItem","position":2,"name":"Arq. Longinos Garc\u00eda R\u00edos exoperador pol\u00edtico de Marcelo Ebrard, se sum\u00f3 a la campa\u00f1a de Santiago Taboada, candidato a jefe de Gobierno de la CDMX"}]},{"@type":"WebSite","@id":"https:\/\/quehacerpolitico.mx\/#website","url":"https:\/\/quehacerpolitico.mx\/","name":"","description":"","potentialAction":[{"@type":"SearchAction","target":{"@type":"EntryPoint","urlTemplate":"https:\/\/quehacerpolitico.mx\/?s={search_term_string}"},"query-input":{"@type":"PropertyValueSpecification","valueRequired":true,"valueName":"search_term_string"}}],"inLanguage":"es"},{"@type":"Person","@id":"https:\/\/quehacerpolitico.mx\/#\/schema\/person\/496d8ad2d1d3f8036101dca7ee39e585","name":"Redacci\u00f3n QP","image":{"@type":"ImageObject","inLanguage":"es","@id":"https:\/\/secure.gravatar.com\/avatar\/c7164ed6fdec453195284ad24a5ae5b6e1eed2b848477fa2a4787ba9adf39a41?s=96&d=mm&r=g","url":"https:\/\/secure.gravatar.com\/avatar\/c7164ed6fdec453195284ad24a5ae5b6e1eed2b848477fa2a4787ba9adf39a41?s=96&d=mm&r=g","contentUrl":"https:\/\/secure.gravatar.com\/avatar\/c7164ed6fdec453195284ad24a5ae5b6e1eed2b848477fa2a4787ba9adf39a41?s=96&d=mm&r=g","caption":"Redacci\u00f3n QP"},"url":"https:\/\/quehacerpolitico.mx\/?author=2"}]}},"featured_image_urls":{"full":["https:\/\/quehacerpolitico.mx\/wp-content\/uploads\/2024\/05\/IMG_5767.jpeg",1280,853,false],"thumbnail":["https:\/\/quehacerpolitico.mx\/wp-content\/uploads\/2024\/05\/IMG_5767-150x150.jpeg",150,150,true],"medium":["https:\/\/quehacerpolitico.mx\/wp-content\/uploads\/2024\/05\/IMG_5767-300x200.jpeg",300,200,true],"medium_large":["https:\/\/quehacerpolitico.mx\/wp-content\/uploads\/2024\/05\/IMG_5767-768x512.jpeg",640,427,true],"large":["https:\/\/quehacerpolitico.mx\/wp-content\/uploads\/2024\/05\/IMG_5767-1024x682.jpeg",640,426,true],"1536x1536":["https:\/\/quehacerpolitico.mx\/wp-content\/uploads\/2024\/05\/IMG_5767.jpeg",1280,853,false],"2048x2048":["https:\/\/quehacerpolitico.mx\/wp-content\/uploads\/2024\/05\/IMG_5767.jpeg",1280,853,false],"covernews-featured":["https:\/\/quehacerpolitico.mx\/wp-content\/uploads\/2024\/05\/IMG_5767.jpeg",1024,682,false],"covernews-medium":["https:\/\/quehacerpolitico.mx\/wp-content\/uploads\/2024\/05\/IMG_5767.jpeg",510,340,false]},"author_info":{"display_name":"Redacci\u00f3n QP","author_link":"https:\/\/quehacerpolitico.mx\/?author=2"},"category_info":"<a href=\"https:\/\/quehacerpolitico.mx\/?cat=55\" rel=\"category\">CDMX<\/a>","tag_info":"CDMX","comment_count":"0","_links":{"self":[{"href":"https:\/\/quehacerpolitico.mx\/index.php?rest_route=\/wp\/v2\/posts\/110124","targetHints":{"allow":["GET"]}}],"collection":[{"href":"https:\/\/quehacerpolitico.mx\/index.php?rest_route=\/wp\/v2\/posts"}],"about":[{"href":"https:\/\/quehacerpolitico.mx\/index.php?rest_route=\/wp\/v2\/types\/post"}],"author":[{"embeddable":true,"href":"https:\/\/quehacerpolitico.mx\/index.php?rest_route=\/wp\/v2\/users\/2"}],"replies":[{"embeddable":true,"href":"https:\/\/quehacerpolitico.mx\/index.php?rest_route=%2Fwp%2Fv2%2Fcomments&post=110124"}],"version-history":[{"count":1,"href":"https:\/\/quehacerpolitico.mx\/index.php?rest_route=\/wp\/v2\/posts\/110124\/revisions"}],"predecessor-version":[{"id":110126,"href":"https:\/\/quehacerpolitico.mx\/index.php?rest_route=\/wp\/v2\/posts\/110124\/revisions\/110126"}],"wp:featuredmedia":[{"embeddable":true,"href":"https:\/\/quehacerpolitico.mx\/index.php?rest_route=\/wp\/v2\/media\/110125"}],"wp:attachment":[{"href":"https:\/\/quehacerpolitico.mx\/index.php?rest_route=%2Fwp%2Fv2%2Fmedia&parent=110124"}],"wp:term":[{"taxonomy":"category","embeddable":true,"href":"https:\/\/quehacerpolitico.mx\/index.php?rest_route=%2Fwp%2Fv2%2Fcategories&post=110124"},{"taxonomy":"post_tag","embeddable":true,"href":"https:\/\/quehacerpolitico.mx\/index.php?rest_route=%2Fwp%2Fv2%2Ftags&post=110124"}],"curies":[{"name":"wp","href":"https:\/\/api.w.org\/{rel}","templated":true}]}}