{"id":110102,"date":"2024-05-20T19:00:11","date_gmt":"2024-05-20T19:00:11","guid":{"rendered":"https:\/\/quehacerpolitico.mx\/?p=110102"},"modified":"2024-05-20T19:00:13","modified_gmt":"2024-05-20T19:00:13","slug":"se-demostro-que-no-hay-represion-hay-democracia-autentica-dice-amlo-tras-marearosa-en-el-zocalo-y-tercer-debate-presidencial","status":"publish","type":"post","link":"https:\/\/quehacerpolitico.mx\/?p=110102","title":{"rendered":"&#8220;Se demostr\u00f3 que no hay represi\u00f3n, hay democracia aut\u00e9ntica&#8221;, dice AMLO tras MareaRosa en el Z\u00f3calo y tercer debate presidencial"},"content":{"rendered":"\n<p>Por Redacci\u00f3n QP<\/p>\n\n\n\n<p>L\u00f3pez Obrador asever\u00f3 que a menos de 15 d\u00edas de la elecci\u00f3n presidencial, en M\u00e9xico se garantizan las libertades y no hay represi\u00f3n<\/p>\n\n\n\n<p>El presidente de\u00a0<strong>M\u00e9xico<\/strong>,\u00a0<strong>Andres Manuel L\u00f3pez Obrador\u00a0<\/strong>dej\u00f3 en claro este lunes que el pa\u00eds va \u201c<strong>muy bien, requetebi\u00e9n<\/strong>\u201d tras el intenso domingo en donde se realiz\u00f3 la\u00a0manifestaci\u00f3n de\u00a0<strong>Marea Rosa<\/strong>\u00a0en el Z\u00f3calo de la Ciudad de M\u00e9xico y el Tercer debate presidencial.<\/p>\n\n\n\n<p>En la conferencia matutina de Palacio Nacional, L\u00f3pez Obrador asever\u00f3 que a menos de 15 d\u00edas de la elecci\u00f3n presidencial, en el pa\u00eds se garantizan las\u00a0<strong>libertades<\/strong>\u00a0y\u00a0<strong>no hay represi\u00f3n<\/strong>.<\/p>\n\n\n\n<figure class=\"wp-block-embed is-type-rich is-provider-twitter wp-block-embed-twitter\"><div class=\"wp-block-embed__wrapper\">\n<blockquote class=\"twitter-tweet\" data-width=\"550\" data-dnt=\"true\"><p lang=\"es\" dir=\"ltr\">&quot;Se demostr\u00f3 que no hay represi\u00f3n, hay democracia aut\u00e9ntica&quot;, dice AMLO tras <a href=\"https:\/\/twitter.com\/hashtag\/MareaRosa?src=hash&amp;ref_src=twsrc%5Etfw\">#MareaRosa<\/a> en el <a href=\"https:\/\/twitter.com\/hashtag\/Z%C3%B3calo?src=hash&amp;ref_src=twsrc%5Etfw\">#Z\u00f3calo<\/a> y tercer debate presidencial <a href=\"https:\/\/t.co\/9Y6buN3eQ2\">pic.twitter.com\/9Y6buN3eQ2<\/a><\/p>&mdash; Manuel Lopez San Martin (@MLopezSanMartin) <a href=\"https:\/\/twitter.com\/MLopezSanMartin\/status\/1792567953969570293?ref_src=twsrc%5Etfw\">May 20, 2024<\/a><\/blockquote><script async src=\"https:\/\/platform.twitter.com\/widgets.js\" charset=\"utf-8\"><\/script>\n<\/div><\/figure>\n\n\n\n<p>En lo interno muy bien, muy bien, hasta dir\u00eda requetebi\u00e9n, porque estamos a 15 d\u00edas, menos de la elecci\u00f3n presidencial y ayer fue un d\u00eda en efecto intenso, de manifestaciones y de debate, y se demostr\u00f3 que se garantizan en M\u00e9xico las libertades, que no hay represi\u00f3n, que hay democracia, aut\u00e9ntica\u201d, se\u00f1al\u00f3.<\/p>\n\n\n\n<p>\u201cEl Z\u00f3calo estuvo lleno de manifestantes. Se logr\u00f3 izar la bandera nacional y en la noche el debate y los ciudadanos pues ya sabe porque una de las cosas que siempre subrayamos es que el pueblo de M\u00e9xico est\u00e1 en su mejor momento, est\u00e1 bateando arriba de .300, el pueblo es mucha pieza y est\u00e1 muy politizado el pueblo de M\u00e9xico, muy consciente, puntualiz\u00f3.<\/p>\n\n\n\n<p>El mandatario mexicano recalc\u00f3 que en M\u00e9xico hay una \u201cdemocracia aut\u00e9ntica, no simulada y libertad de expresi\u00f3n, de manifestaci\u00f3n, como nunca, como nunca\u201d.<\/p>\n\n\n\n<p>\u201cNo hay persecuci\u00f3n a nadie, no se reprime a nadie, insultan al presidente, eso no suced\u00eda antes. \u00bfInsultaban al licenciado Pe\u00f1a Nieto y a los anteriores presidentes? Pues no, a lo mejor por ah\u00ed alguien de los medios independientes, pero de las corporaciones, de las grandes empresas medi\u00e1ticas no, hab\u00eda un acuerdo, eran parte del mismo r\u00e9gimen y hab\u00eda mucho dinero de por medio\u201d, subray\u00f3.<\/p>\n\n\n\n<figure class=\"wp-block-embed is-type-rich is-provider-twitter wp-block-embed-twitter\"><div class=\"wp-block-embed__wrapper\">\n<blockquote class=\"twitter-tweet\" data-width=\"550\" data-dnt=\"true\"><p lang=\"es\" dir=\"ltr\">AMLO llama &quot;agrupamiento rosado&quot; a la <a href=\"https:\/\/twitter.com\/hashtag\/MareaRosa?src=hash&amp;ref_src=twsrc%5Etfw\">#MareaRosa<\/a>, un d\u00eda despu\u00e9s del evento en el <a href=\"https:\/\/twitter.com\/hashtag\/Z%C3%B3calo?src=hash&amp;ref_src=twsrc%5Etfw\">#Z\u00f3calo<\/a> <a href=\"https:\/\/t.co\/3URqLZCLbk\">pic.twitter.com\/3URqLZCLbk<\/a><\/p>&mdash; Manuel Lopez San Martin (@MLopezSanMartin) <a href=\"https:\/\/twitter.com\/MLopezSanMartin\/status\/1792573733942534511?ref_src=twsrc%5Etfw\">May 20, 2024<\/a><\/blockquote><script async src=\"https:\/\/platform.twitter.com\/widgets.js\" charset=\"utf-8\"><\/script>\n<\/div><\/figure>\n\n\n\n<p>\u201cSe dedicaban a quemarle incienso al presidente en turno, ahora no, por eso les digo que estamos muy bien, requetebi\u00e9n, y ya falta poco para que los ciudadanos de manera libre van a decidir sobre el destino del pa\u00eds y del de nuestro pueblo. Vamos bastante bien\u201d, indic\u00f3.<\/p>\n","protected":false},"excerpt":{"rendered":"<p>Por Redacci\u00f3n QP L\u00f3pez Obrador asever\u00f3 que a menos de 15 d\u00edas de la elecci\u00f3n&#8230;<\/p>\n","protected":false},"author":2,"featured_media":110103,"comment_status":"open","ping_status":"open","sticky":false,"template":"","format":"standard","meta":{"_monsterinsights_skip_tracking":false,"_monsterinsights_sitenote_active":false,"_monsterinsights_sitenote_note":"","_monsterinsights_sitenote_category":0,"footnotes":""},"categories":[2],"tags":[],"class_list":["post-110102","post","type-post","status-publish","format-standard","has-post-thumbnail","hentry","category-noticias"],"yoast_head":"<!-- This site is optimized with the Yoast SEO plugin v27.3 - https:\/\/yoast.com\/product\/yoast-seo-wordpress\/ -->\n<title>&quot;Se demostr\u00f3 que no hay represi\u00f3n, hay democracia aut\u00e9ntica&quot;, dice AMLO tras MareaRosa en el Z\u00f3calo y tercer debate presidencial -<\/title>\n<meta name=\"robots\" content=\"index, follow, max-snippet:-1, max-image-preview:large, max-video-preview:-1\" \/>\n<link rel=\"canonical\" href=\"https:\/\/quehacerpolitico.mx\/?p=110102\" \/>\n<meta property=\"og:locale\" content=\"es_MX\" \/>\n<meta property=\"og:type\" content=\"article\" \/>\n<meta property=\"og:title\" content=\"&quot;Se demostr\u00f3 que no hay represi\u00f3n, hay democracia aut\u00e9ntica&quot;, dice AMLO tras MareaRosa en el Z\u00f3calo y tercer debate presidencial -\" \/>\n<meta property=\"og:description\" content=\"Por Redacci\u00f3n QP L\u00f3pez Obrador asever\u00f3 que a menos de 15 d\u00edas de la elecci\u00f3n...\" \/>\n<meta property=\"og:url\" content=\"https:\/\/quehacerpolitico.mx\/?p=110102\" \/>\n<meta property=\"article:published_time\" content=\"2024-05-20T19:00:11+00:00\" \/>\n<meta property=\"article:modified_time\" content=\"2024-05-20T19:00:13+00:00\" \/>\n<meta property=\"og:image\" content=\"https:\/\/quehacerpolitico.mx\/wp-content\/uploads\/2024\/05\/IMG_5754.jpeg\" \/>\n\t<meta property=\"og:image:width\" content=\"739\" \/>\n\t<meta property=\"og:image:height\" content=\"415\" \/>\n\t<meta property=\"og:image:type\" content=\"image\/jpeg\" \/>\n<meta name=\"author\" content=\"Redacci\u00f3n QP\" \/>\n<meta name=\"twitter:card\" content=\"summary_large_image\" \/>\n<meta name=\"twitter:label1\" content=\"Escrito por\" \/>\n\t<meta name=\"twitter:data1\" content=\"Redacci\u00f3n QP\" \/>\n\t<meta name=\"twitter:label2\" content=\"Tiempo de lectura\" \/>\n\t<meta name=\"twitter:data2\" content=\"2 minutos\" \/>\n<script type=\"application\/ld+json\" class=\"yoast-schema-graph\">{\"@context\":\"https:\\\/\\\/schema.org\",\"@graph\":[{\"@type\":\"Article\",\"@id\":\"https:\\\/\\\/quehacerpolitico.mx\\\/?p=110102#article\",\"isPartOf\":{\"@id\":\"https:\\\/\\\/quehacerpolitico.mx\\\/?p=110102\"},\"author\":{\"name\":\"Redacci\u00f3n QP\",\"@id\":\"https:\\\/\\\/quehacerpolitico.mx\\\/#\\\/schema\\\/person\\\/496d8ad2d1d3f8036101dca7ee39e585\"},\"headline\":\"&#8220;Se demostr\u00f3 que no hay represi\u00f3n, hay democracia aut\u00e9ntica&#8221;, dice AMLO tras MareaRosa en el Z\u00f3calo y tercer debate presidencial\",\"datePublished\":\"2024-05-20T19:00:11+00:00\",\"dateModified\":\"2024-05-20T19:00:13+00:00\",\"mainEntityOfPage\":{\"@id\":\"https:\\\/\\\/quehacerpolitico.mx\\\/?p=110102\"},\"wordCount\":439,\"commentCount\":0,\"image\":{\"@id\":\"https:\\\/\\\/quehacerpolitico.mx\\\/?p=110102#primaryimage\"},\"thumbnailUrl\":\"https:\\\/\\\/quehacerpolitico.mx\\\/wp-content\\\/uploads\\\/2024\\\/05\\\/IMG_5754.jpeg\",\"articleSection\":[\"Noticias\"],\"inLanguage\":\"es\",\"potentialAction\":[{\"@type\":\"CommentAction\",\"name\":\"Comment\",\"target\":[\"https:\\\/\\\/quehacerpolitico.mx\\\/?p=110102#respond\"]}]},{\"@type\":\"WebPage\",\"@id\":\"https:\\\/\\\/quehacerpolitico.mx\\\/?p=110102\",\"url\":\"https:\\\/\\\/quehacerpolitico.mx\\\/?p=110102\",\"name\":\"\\\"Se demostr\u00f3 que no hay represi\u00f3n, hay democracia aut\u00e9ntica\\\", dice AMLO tras MareaRosa en el Z\u00f3calo y tercer debate presidencial -\",\"isPartOf\":{\"@id\":\"https:\\\/\\\/quehacerpolitico.mx\\\/#website\"},\"primaryImageOfPage\":{\"@id\":\"https:\\\/\\\/quehacerpolitico.mx\\\/?p=110102#primaryimage\"},\"image\":{\"@id\":\"https:\\\/\\\/quehacerpolitico.mx\\\/?p=110102#primaryimage\"},\"thumbnailUrl\":\"https:\\\/\\\/quehacerpolitico.mx\\\/wp-content\\\/uploads\\\/2024\\\/05\\\/IMG_5754.jpeg\",\"datePublished\":\"2024-05-20T19:00:11+00:00\",\"dateModified\":\"2024-05-20T19:00:13+00:00\",\"author\":{\"@id\":\"https:\\\/\\\/quehacerpolitico.mx\\\/#\\\/schema\\\/person\\\/496d8ad2d1d3f8036101dca7ee39e585\"},\"breadcrumb\":{\"@id\":\"https:\\\/\\\/quehacerpolitico.mx\\\/?p=110102#breadcrumb\"},\"inLanguage\":\"es\",\"potentialAction\":[{\"@type\":\"ReadAction\",\"target\":[\"https:\\\/\\\/quehacerpolitico.mx\\\/?p=110102\"]}]},{\"@type\":\"ImageObject\",\"inLanguage\":\"es\",\"@id\":\"https:\\\/\\\/quehacerpolitico.mx\\\/?p=110102#primaryimage\",\"url\":\"https:\\\/\\\/quehacerpolitico.mx\\\/wp-content\\\/uploads\\\/2024\\\/05\\\/IMG_5754.jpeg\",\"contentUrl\":\"https:\\\/\\\/quehacerpolitico.mx\\\/wp-content\\\/uploads\\\/2024\\\/05\\\/IMG_5754.jpeg\",\"width\":739,\"height\":415},{\"@type\":\"BreadcrumbList\",\"@id\":\"https:\\\/\\\/quehacerpolitico.mx\\\/?p=110102#breadcrumb\",\"itemListElement\":[{\"@type\":\"ListItem\",\"position\":1,\"name\":\"Inicio\",\"item\":\"https:\\\/\\\/quehacerpolitico.mx\\\/\"},{\"@type\":\"ListItem\",\"position\":2,\"name\":\"&#8220;Se demostr\u00f3 que no hay represi\u00f3n, hay democracia aut\u00e9ntica&#8221;, dice AMLO tras MareaRosa en el Z\u00f3calo y tercer debate presidencial\"}]},{\"@type\":\"WebSite\",\"@id\":\"https:\\\/\\\/quehacerpolitico.mx\\\/#website\",\"url\":\"https:\\\/\\\/quehacerpolitico.mx\\\/\",\"name\":\"\",\"description\":\"\",\"potentialAction\":[{\"@type\":\"SearchAction\",\"target\":{\"@type\":\"EntryPoint\",\"urlTemplate\":\"https:\\\/\\\/quehacerpolitico.mx\\\/?s={search_term_string}\"},\"query-input\":{\"@type\":\"PropertyValueSpecification\",\"valueRequired\":true,\"valueName\":\"search_term_string\"}}],\"inLanguage\":\"es\"},{\"@type\":\"Person\",\"@id\":\"https:\\\/\\\/quehacerpolitico.mx\\\/#\\\/schema\\\/person\\\/496d8ad2d1d3f8036101dca7ee39e585\",\"name\":\"Redacci\u00f3n QP\",\"image\":{\"@type\":\"ImageObject\",\"inLanguage\":\"es\",\"@id\":\"https:\\\/\\\/secure.gravatar.com\\\/avatar\\\/c7164ed6fdec453195284ad24a5ae5b6e1eed2b848477fa2a4787ba9adf39a41?s=96&d=mm&r=g\",\"url\":\"https:\\\/\\\/secure.gravatar.com\\\/avatar\\\/c7164ed6fdec453195284ad24a5ae5b6e1eed2b848477fa2a4787ba9adf39a41?s=96&d=mm&r=g\",\"contentUrl\":\"https:\\\/\\\/secure.gravatar.com\\\/avatar\\\/c7164ed6fdec453195284ad24a5ae5b6e1eed2b848477fa2a4787ba9adf39a41?s=96&d=mm&r=g\",\"caption\":\"Redacci\u00f3n QP\"},\"url\":\"https:\\\/\\\/quehacerpolitico.mx\\\/?author=2\"}]}<\/script>\n<!-- \/ Yoast SEO plugin. -->","yoast_head_json":{"title":"\"Se demostr\u00f3 que no hay represi\u00f3n, hay democracia aut\u00e9ntica\", dice AMLO tras MareaRosa en el Z\u00f3calo y tercer debate presidencial -","robots":{"index":"index","follow":"follow","max-snippet":"max-snippet:-1","max-image-preview":"max-image-preview:large","max-video-preview":"max-video-preview:-1"},"canonical":"https:\/\/quehacerpolitico.mx\/?p=110102","og_locale":"es_MX","og_type":"article","og_title":"\"Se demostr\u00f3 que no hay represi\u00f3n, hay democracia aut\u00e9ntica\", dice AMLO tras MareaRosa en el Z\u00f3calo y tercer debate presidencial -","og_description":"Por Redacci\u00f3n QP L\u00f3pez Obrador asever\u00f3 que a menos de 15 d\u00edas de la elecci\u00f3n...","og_url":"https:\/\/quehacerpolitico.mx\/?p=110102","article_published_time":"2024-05-20T19:00:11+00:00","article_modified_time":"2024-05-20T19:00:13+00:00","og_image":[{"width":739,"height":415,"url":"https:\/\/quehacerpolitico.mx\/wp-content\/uploads\/2024\/05\/IMG_5754.jpeg","type":"image\/jpeg"}],"author":"Redacci\u00f3n QP","twitter_card":"summary_large_image","twitter_misc":{"Escrito por":"Redacci\u00f3n QP","Tiempo de lectura":"2 minutos"},"schema":{"@context":"https:\/\/schema.org","@graph":[{"@type":"Article","@id":"https:\/\/quehacerpolitico.mx\/?p=110102#article","isPartOf":{"@id":"https:\/\/quehacerpolitico.mx\/?p=110102"},"author":{"name":"Redacci\u00f3n QP","@id":"https:\/\/quehacerpolitico.mx\/#\/schema\/person\/496d8ad2d1d3f8036101dca7ee39e585"},"headline":"&#8220;Se demostr\u00f3 que no hay represi\u00f3n, hay democracia aut\u00e9ntica&#8221;, dice AMLO tras MareaRosa en el Z\u00f3calo y tercer debate presidencial","datePublished":"2024-05-20T19:00:11+00:00","dateModified":"2024-05-20T19:00:13+00:00","mainEntityOfPage":{"@id":"https:\/\/quehacerpolitico.mx\/?p=110102"},"wordCount":439,"commentCount":0,"image":{"@id":"https:\/\/quehacerpolitico.mx\/?p=110102#primaryimage"},"thumbnailUrl":"https:\/\/quehacerpolitico.mx\/wp-content\/uploads\/2024\/05\/IMG_5754.jpeg","articleSection":["Noticias"],"inLanguage":"es","potentialAction":[{"@type":"CommentAction","name":"Comment","target":["https:\/\/quehacerpolitico.mx\/?p=110102#respond"]}]},{"@type":"WebPage","@id":"https:\/\/quehacerpolitico.mx\/?p=110102","url":"https:\/\/quehacerpolitico.mx\/?p=110102","name":"\"Se demostr\u00f3 que no hay represi\u00f3n, hay democracia aut\u00e9ntica\", dice AMLO tras MareaRosa en el Z\u00f3calo y tercer debate presidencial -","isPartOf":{"@id":"https:\/\/quehacerpolitico.mx\/#website"},"primaryImageOfPage":{"@id":"https:\/\/quehacerpolitico.mx\/?p=110102#primaryimage"},"image":{"@id":"https:\/\/quehacerpolitico.mx\/?p=110102#primaryimage"},"thumbnailUrl":"https:\/\/quehacerpolitico.mx\/wp-content\/uploads\/2024\/05\/IMG_5754.jpeg","datePublished":"2024-05-20T19:00:11+00:00","dateModified":"2024-05-20T19:00:13+00:00","author":{"@id":"https:\/\/quehacerpolitico.mx\/#\/schema\/person\/496d8ad2d1d3f8036101dca7ee39e585"},"breadcrumb":{"@id":"https:\/\/quehacerpolitico.mx\/?p=110102#breadcrumb"},"inLanguage":"es","potentialAction":[{"@type":"ReadAction","target":["https:\/\/quehacerpolitico.mx\/?p=110102"]}]},{"@type":"ImageObject","inLanguage":"es","@id":"https:\/\/quehacerpolitico.mx\/?p=110102#primaryimage","url":"https:\/\/quehacerpolitico.mx\/wp-content\/uploads\/2024\/05\/IMG_5754.jpeg","contentUrl":"https:\/\/quehacerpolitico.mx\/wp-content\/uploads\/2024\/05\/IMG_5754.jpeg","width":739,"height":415},{"@type":"BreadcrumbList","@id":"https:\/\/quehacerpolitico.mx\/?p=110102#breadcrumb","itemListElement":[{"@type":"ListItem","position":1,"name":"Inicio","item":"https:\/\/quehacerpolitico.mx\/"},{"@type":"ListItem","position":2,"name":"&#8220;Se demostr\u00f3 que no hay represi\u00f3n, hay democracia aut\u00e9ntica&#8221;, dice AMLO tras MareaRosa en el Z\u00f3calo y tercer debate presidencial"}]},{"@type":"WebSite","@id":"https:\/\/quehacerpolitico.mx\/#website","url":"https:\/\/quehacerpolitico.mx\/","name":"","description":"","potentialAction":[{"@type":"SearchAction","target":{"@type":"EntryPoint","urlTemplate":"https:\/\/quehacerpolitico.mx\/?s={search_term_string}"},"query-input":{"@type":"PropertyValueSpecification","valueRequired":true,"valueName":"search_term_string"}}],"inLanguage":"es"},{"@type":"Person","@id":"https:\/\/quehacerpolitico.mx\/#\/schema\/person\/496d8ad2d1d3f8036101dca7ee39e585","name":"Redacci\u00f3n QP","image":{"@type":"ImageObject","inLanguage":"es","@id":"https:\/\/secure.gravatar.com\/avatar\/c7164ed6fdec453195284ad24a5ae5b6e1eed2b848477fa2a4787ba9adf39a41?s=96&d=mm&r=g","url":"https:\/\/secure.gravatar.com\/avatar\/c7164ed6fdec453195284ad24a5ae5b6e1eed2b848477fa2a4787ba9adf39a41?s=96&d=mm&r=g","contentUrl":"https:\/\/secure.gravatar.com\/avatar\/c7164ed6fdec453195284ad24a5ae5b6e1eed2b848477fa2a4787ba9adf39a41?s=96&d=mm&r=g","caption":"Redacci\u00f3n QP"},"url":"https:\/\/quehacerpolitico.mx\/?author=2"}]}},"featured_image_urls":{"full":["https:\/\/quehacerpolitico.mx\/wp-content\/uploads\/2024\/05\/IMG_5754.jpeg",739,415,false],"thumbnail":["https:\/\/quehacerpolitico.mx\/wp-content\/uploads\/2024\/05\/IMG_5754-150x150.jpeg",150,150,true],"medium":["https:\/\/quehacerpolitico.mx\/wp-content\/uploads\/2024\/05\/IMG_5754-300x168.jpeg",300,168,true],"medium_large":["https:\/\/quehacerpolitico.mx\/wp-content\/uploads\/2024\/05\/IMG_5754.jpeg",640,359,false],"large":["https:\/\/quehacerpolitico.mx\/wp-content\/uploads\/2024\/05\/IMG_5754.jpeg",640,359,false],"1536x1536":["https:\/\/quehacerpolitico.mx\/wp-content\/uploads\/2024\/05\/IMG_5754.jpeg",739,415,false],"2048x2048":["https:\/\/quehacerpolitico.mx\/wp-content\/uploads\/2024\/05\/IMG_5754.jpeg",739,415,false],"covernews-featured":["https:\/\/quehacerpolitico.mx\/wp-content\/uploads\/2024\/05\/IMG_5754.jpeg",739,415,false],"covernews-medium":["https:\/\/quehacerpolitico.mx\/wp-content\/uploads\/2024\/05\/IMG_5754.jpeg",540,303,false]},"author_info":{"display_name":"Redacci\u00f3n QP","author_link":"https:\/\/quehacerpolitico.mx\/?author=2"},"category_info":"<a href=\"https:\/\/quehacerpolitico.mx\/?cat=2\" rel=\"category\">Noticias<\/a>","tag_info":"Noticias","comment_count":"0","_links":{"self":[{"href":"https:\/\/quehacerpolitico.mx\/index.php?rest_route=\/wp\/v2\/posts\/110102","targetHints":{"allow":["GET"]}}],"collection":[{"href":"https:\/\/quehacerpolitico.mx\/index.php?rest_route=\/wp\/v2\/posts"}],"about":[{"href":"https:\/\/quehacerpolitico.mx\/index.php?rest_route=\/wp\/v2\/types\/post"}],"author":[{"embeddable":true,"href":"https:\/\/quehacerpolitico.mx\/index.php?rest_route=\/wp\/v2\/users\/2"}],"replies":[{"embeddable":true,"href":"https:\/\/quehacerpolitico.mx\/index.php?rest_route=%2Fwp%2Fv2%2Fcomments&post=110102"}],"version-history":[{"count":1,"href":"https:\/\/quehacerpolitico.mx\/index.php?rest_route=\/wp\/v2\/posts\/110102\/revisions"}],"predecessor-version":[{"id":110104,"href":"https:\/\/quehacerpolitico.mx\/index.php?rest_route=\/wp\/v2\/posts\/110102\/revisions\/110104"}],"wp:featuredmedia":[{"embeddable":true,"href":"https:\/\/quehacerpolitico.mx\/index.php?rest_route=\/wp\/v2\/media\/110103"}],"wp:attachment":[{"href":"https:\/\/quehacerpolitico.mx\/index.php?rest_route=%2Fwp%2Fv2%2Fmedia&parent=110102"}],"wp:term":[{"taxonomy":"category","embeddable":true,"href":"https:\/\/quehacerpolitico.mx\/index.php?rest_route=%2Fwp%2Fv2%2Fcategories&post=110102"},{"taxonomy":"post_tag","embeddable":true,"href":"https:\/\/quehacerpolitico.mx\/index.php?rest_route=%2Fwp%2Fv2%2Ftags&post=110102"}],"curies":[{"name":"wp","href":"https:\/\/api.w.org\/{rel}","templated":true}]}}