{"id":110099,"date":"2024-05-20T18:45:14","date_gmt":"2024-05-20T18:45:14","guid":{"rendered":"https:\/\/quehacerpolitico.mx\/?p=110099"},"modified":"2024-05-20T18:45:16","modified_gmt":"2024-05-20T18:45:16","slug":"lopez-obrador-reitera-que-para-esta-fecha-el-sistema-de-salud-estara-listo","status":"publish","type":"post","link":"https:\/\/quehacerpolitico.mx\/?p=110099","title":{"rendered":"L\u00f3pez Obrador reitera que para esta fecha el sistema de salud estar\u00e1 listo"},"content":{"rendered":"\n<p>Por Redacci\u00f3n QP<\/p>\n\n\n\n<p>Ese ser\u00e1 uno de los temas centrales que abordar\u00e1 con las mandatarias y mandatarios locales<\/p>\n\n\n\n<p><mark><strong>El Presidente Andr\u00e9s Manuel L\u00f3pez Obrador, adelant\u00f3 que urgir\u00e1 a los gobernadores de Morena a redoblar esfuerzos en materia de infraestructura hospitalaria,&nbsp;<\/strong><\/mark>para poder contar con el mejor sistema de salud en el mundo en septiembre pr\u00f3ximo.<\/p>\n\n\n\n<p>Previo a su reuni\u00f3n de esta tarde, con mandatarios emanados de Morena y partidos aliados,\u00a0<strong>L\u00f3pez Obrador dijo que ese ser\u00e1 uno de los temas centrales que abordar\u00e1 con las mandatarias y mandatarios locales.<\/strong><\/p>\n\n\n\n<p><strong>Asegur\u00f3 que aunque sus adversarios los conservadores se burlen,\u00a0<\/strong>\u201cel que r\u00ede al \u00faltimo r\u00ede mejor\u201d y en septiembre M\u00e9xico tendr\u00e1 el mejor sistema de salud p\u00fablico en el mundo.<\/p>\n\n\n\n<figure class=\"wp-block-embed is-type-rich is-provider-twitter wp-block-embed-twitter\"><div class=\"wp-block-embed__wrapper\">\n<blockquote class=\"twitter-tweet\" data-width=\"550\" data-dnt=\"true\"><p lang=\"es\" dir=\"ltr\"><a href=\"https:\/\/twitter.com\/hashtag\/EnLaMa%C3%B1anera?src=hash&amp;ref_src=twsrc%5Etfw\">#EnLaMa\u00f1anera<\/a> | \u201cEn septiembre vamos a tener el mejor sistema de salud p\u00fablica del mundo. Ya lo dije, el que r\u00ede al \u00faltimo r\u00ede mejor, porque se burlan los conservadores, como ellos no creen en la salud p\u00fablica, ni la educaci\u00f3n p\u00fablica\u201d, afirm\u00f3 <a href=\"https:\/\/twitter.com\/lopezobrador_?ref_src=twsrc%5Etfw\">@lopezobrador_<\/a>. <a href=\"https:\/\/t.co\/vrtMS0Hof0\">pic.twitter.com\/vrtMS0Hof0<\/a><\/p>&mdash; El Financiero TV (@ElFinancieroTv) <a href=\"https:\/\/twitter.com\/ElFinancieroTv\/status\/1792602606994329815?ref_src=twsrc%5Etfw\">May 20, 2024<\/a><\/blockquote><script async src=\"https:\/\/platform.twitter.com\/widgets.js\" charset=\"utf-8\"><\/script>\n<\/div><\/figure>\n\n\n\n<p>L\u00f3pez Obrador dijo que tras una reuni\u00f3n con el doctor Gustavo Reyes Ter\u00e1n, titular de la Comisi\u00f3n Coordinadora de Institutos Nacionales de Salud y Hospitales de Alta Especialidad,&nbsp;<mark><strong>le inform\u00f3 que ya en los institutos nacionales se alcanz\u00f3 el 80% de los servicios gratuitos y se instruy\u00f3 a Hacienda a otorgar el presupuesto para llegar al 100%.<\/strong><\/mark><\/p>\n\n\n\n<p><strong>Dijo que se trabaja en un convenio entre el IMSS y el ISSSTE para que los trabajadores al servicio del estado puedan ser atendidos en las cl\u00ednicas del IMSS.<\/strong><\/p>\n\n\n\n<p>Con informaci\u00f3n de SUN<\/p>\n","protected":false},"excerpt":{"rendered":"<p>Por Redacci\u00f3n QP Ese ser\u00e1 uno de los temas centrales que abordar\u00e1 con las mandatarias&#8230;<\/p>\n","protected":false},"author":2,"featured_media":110100,"comment_status":"open","ping_status":"open","sticky":false,"template":"","format":"standard","meta":{"_monsterinsights_skip_tracking":false,"_monsterinsights_sitenote_active":false,"_monsterinsights_sitenote_note":"","_monsterinsights_sitenote_category":0,"footnotes":""},"categories":[2],"tags":[],"class_list":["post-110099","post","type-post","status-publish","format-standard","has-post-thumbnail","hentry","category-noticias"],"yoast_head":"<!-- This site is optimized with the Yoast SEO plugin v27.3 - https:\/\/yoast.com\/product\/yoast-seo-wordpress\/ -->\n<title>L\u00f3pez Obrador reitera que para esta fecha el sistema de salud estar\u00e1 listo -<\/title>\n<meta name=\"robots\" content=\"index, follow, max-snippet:-1, max-image-preview:large, max-video-preview:-1\" \/>\n<link rel=\"canonical\" href=\"https:\/\/quehacerpolitico.mx\/?p=110099\" \/>\n<meta property=\"og:locale\" content=\"es_MX\" \/>\n<meta property=\"og:type\" content=\"article\" \/>\n<meta property=\"og:title\" content=\"L\u00f3pez Obrador reitera que para esta fecha el sistema de salud estar\u00e1 listo -\" \/>\n<meta property=\"og:description\" content=\"Por Redacci\u00f3n QP Ese ser\u00e1 uno de los temas centrales que abordar\u00e1 con las mandatarias...\" \/>\n<meta property=\"og:url\" content=\"https:\/\/quehacerpolitico.mx\/?p=110099\" \/>\n<meta property=\"article:published_time\" content=\"2024-05-20T18:45:14+00:00\" \/>\n<meta property=\"article:modified_time\" content=\"2024-05-20T18:45:16+00:00\" \/>\n<meta property=\"og:image\" content=\"https:\/\/quehacerpolitico.mx\/wp-content\/uploads\/2024\/05\/IMG_5751.jpeg\" \/>\n\t<meta property=\"og:image:width\" content=\"1284\" \/>\n\t<meta property=\"og:image:height\" content=\"559\" \/>\n\t<meta property=\"og:image:type\" content=\"image\/jpeg\" \/>\n<meta name=\"author\" content=\"Redacci\u00f3n QP\" \/>\n<meta name=\"twitter:card\" content=\"summary_large_image\" \/>\n<meta name=\"twitter:label1\" content=\"Escrito por\" \/>\n\t<meta name=\"twitter:data1\" content=\"Redacci\u00f3n QP\" \/>\n\t<meta name=\"twitter:label2\" content=\"Tiempo de lectura\" \/>\n\t<meta name=\"twitter:data2\" content=\"1 minuto\" \/>\n<script type=\"application\/ld+json\" class=\"yoast-schema-graph\">{\"@context\":\"https:\\\/\\\/schema.org\",\"@graph\":[{\"@type\":\"Article\",\"@id\":\"https:\\\/\\\/quehacerpolitico.mx\\\/?p=110099#article\",\"isPartOf\":{\"@id\":\"https:\\\/\\\/quehacerpolitico.mx\\\/?p=110099\"},\"author\":{\"name\":\"Redacci\u00f3n QP\",\"@id\":\"https:\\\/\\\/quehacerpolitico.mx\\\/#\\\/schema\\\/person\\\/496d8ad2d1d3f8036101dca7ee39e585\"},\"headline\":\"L\u00f3pez Obrador reitera que para esta fecha el sistema de salud estar\u00e1 listo\",\"datePublished\":\"2024-05-20T18:45:14+00:00\",\"dateModified\":\"2024-05-20T18:45:16+00:00\",\"mainEntityOfPage\":{\"@id\":\"https:\\\/\\\/quehacerpolitico.mx\\\/?p=110099\"},\"wordCount\":250,\"commentCount\":0,\"image\":{\"@id\":\"https:\\\/\\\/quehacerpolitico.mx\\\/?p=110099#primaryimage\"},\"thumbnailUrl\":\"https:\\\/\\\/quehacerpolitico.mx\\\/wp-content\\\/uploads\\\/2024\\\/05\\\/IMG_5751.jpeg\",\"articleSection\":[\"Noticias\"],\"inLanguage\":\"es\",\"potentialAction\":[{\"@type\":\"CommentAction\",\"name\":\"Comment\",\"target\":[\"https:\\\/\\\/quehacerpolitico.mx\\\/?p=110099#respond\"]}]},{\"@type\":\"WebPage\",\"@id\":\"https:\\\/\\\/quehacerpolitico.mx\\\/?p=110099\",\"url\":\"https:\\\/\\\/quehacerpolitico.mx\\\/?p=110099\",\"name\":\"L\u00f3pez Obrador reitera que para esta fecha el sistema de salud estar\u00e1 listo -\",\"isPartOf\":{\"@id\":\"https:\\\/\\\/quehacerpolitico.mx\\\/#website\"},\"primaryImageOfPage\":{\"@id\":\"https:\\\/\\\/quehacerpolitico.mx\\\/?p=110099#primaryimage\"},\"image\":{\"@id\":\"https:\\\/\\\/quehacerpolitico.mx\\\/?p=110099#primaryimage\"},\"thumbnailUrl\":\"https:\\\/\\\/quehacerpolitico.mx\\\/wp-content\\\/uploads\\\/2024\\\/05\\\/IMG_5751.jpeg\",\"datePublished\":\"2024-05-20T18:45:14+00:00\",\"dateModified\":\"2024-05-20T18:45:16+00:00\",\"author\":{\"@id\":\"https:\\\/\\\/quehacerpolitico.mx\\\/#\\\/schema\\\/person\\\/496d8ad2d1d3f8036101dca7ee39e585\"},\"breadcrumb\":{\"@id\":\"https:\\\/\\\/quehacerpolitico.mx\\\/?p=110099#breadcrumb\"},\"inLanguage\":\"es\",\"potentialAction\":[{\"@type\":\"ReadAction\",\"target\":[\"https:\\\/\\\/quehacerpolitico.mx\\\/?p=110099\"]}]},{\"@type\":\"ImageObject\",\"inLanguage\":\"es\",\"@id\":\"https:\\\/\\\/quehacerpolitico.mx\\\/?p=110099#primaryimage\",\"url\":\"https:\\\/\\\/quehacerpolitico.mx\\\/wp-content\\\/uploads\\\/2024\\\/05\\\/IMG_5751.jpeg\",\"contentUrl\":\"https:\\\/\\\/quehacerpolitico.mx\\\/wp-content\\\/uploads\\\/2024\\\/05\\\/IMG_5751.jpeg\",\"width\":1284,\"height\":559,\"caption\":\"Screenshot\"},{\"@type\":\"BreadcrumbList\",\"@id\":\"https:\\\/\\\/quehacerpolitico.mx\\\/?p=110099#breadcrumb\",\"itemListElement\":[{\"@type\":\"ListItem\",\"position\":1,\"name\":\"Inicio\",\"item\":\"https:\\\/\\\/quehacerpolitico.mx\\\/\"},{\"@type\":\"ListItem\",\"position\":2,\"name\":\"L\u00f3pez Obrador reitera que para esta fecha el sistema de salud estar\u00e1 listo\"}]},{\"@type\":\"WebSite\",\"@id\":\"https:\\\/\\\/quehacerpolitico.mx\\\/#website\",\"url\":\"https:\\\/\\\/quehacerpolitico.mx\\\/\",\"name\":\"\",\"description\":\"\",\"potentialAction\":[{\"@type\":\"SearchAction\",\"target\":{\"@type\":\"EntryPoint\",\"urlTemplate\":\"https:\\\/\\\/quehacerpolitico.mx\\\/?s={search_term_string}\"},\"query-input\":{\"@type\":\"PropertyValueSpecification\",\"valueRequired\":true,\"valueName\":\"search_term_string\"}}],\"inLanguage\":\"es\"},{\"@type\":\"Person\",\"@id\":\"https:\\\/\\\/quehacerpolitico.mx\\\/#\\\/schema\\\/person\\\/496d8ad2d1d3f8036101dca7ee39e585\",\"name\":\"Redacci\u00f3n QP\",\"image\":{\"@type\":\"ImageObject\",\"inLanguage\":\"es\",\"@id\":\"https:\\\/\\\/secure.gravatar.com\\\/avatar\\\/c7164ed6fdec453195284ad24a5ae5b6e1eed2b848477fa2a4787ba9adf39a41?s=96&d=mm&r=g\",\"url\":\"https:\\\/\\\/secure.gravatar.com\\\/avatar\\\/c7164ed6fdec453195284ad24a5ae5b6e1eed2b848477fa2a4787ba9adf39a41?s=96&d=mm&r=g\",\"contentUrl\":\"https:\\\/\\\/secure.gravatar.com\\\/avatar\\\/c7164ed6fdec453195284ad24a5ae5b6e1eed2b848477fa2a4787ba9adf39a41?s=96&d=mm&r=g\",\"caption\":\"Redacci\u00f3n QP\"},\"url\":\"https:\\\/\\\/quehacerpolitico.mx\\\/?author=2\"}]}<\/script>\n<!-- \/ Yoast SEO plugin. -->","yoast_head_json":{"title":"L\u00f3pez Obrador reitera que para esta fecha el sistema de salud estar\u00e1 listo -","robots":{"index":"index","follow":"follow","max-snippet":"max-snippet:-1","max-image-preview":"max-image-preview:large","max-video-preview":"max-video-preview:-1"},"canonical":"https:\/\/quehacerpolitico.mx\/?p=110099","og_locale":"es_MX","og_type":"article","og_title":"L\u00f3pez Obrador reitera que para esta fecha el sistema de salud estar\u00e1 listo -","og_description":"Por Redacci\u00f3n QP Ese ser\u00e1 uno de los temas centrales que abordar\u00e1 con las mandatarias...","og_url":"https:\/\/quehacerpolitico.mx\/?p=110099","article_published_time":"2024-05-20T18:45:14+00:00","article_modified_time":"2024-05-20T18:45:16+00:00","og_image":[{"width":1284,"height":559,"url":"https:\/\/quehacerpolitico.mx\/wp-content\/uploads\/2024\/05\/IMG_5751.jpeg","type":"image\/jpeg"}],"author":"Redacci\u00f3n QP","twitter_card":"summary_large_image","twitter_misc":{"Escrito por":"Redacci\u00f3n QP","Tiempo de lectura":"1 minuto"},"schema":{"@context":"https:\/\/schema.org","@graph":[{"@type":"Article","@id":"https:\/\/quehacerpolitico.mx\/?p=110099#article","isPartOf":{"@id":"https:\/\/quehacerpolitico.mx\/?p=110099"},"author":{"name":"Redacci\u00f3n QP","@id":"https:\/\/quehacerpolitico.mx\/#\/schema\/person\/496d8ad2d1d3f8036101dca7ee39e585"},"headline":"L\u00f3pez Obrador reitera que para esta fecha el sistema de salud estar\u00e1 listo","datePublished":"2024-05-20T18:45:14+00:00","dateModified":"2024-05-20T18:45:16+00:00","mainEntityOfPage":{"@id":"https:\/\/quehacerpolitico.mx\/?p=110099"},"wordCount":250,"commentCount":0,"image":{"@id":"https:\/\/quehacerpolitico.mx\/?p=110099#primaryimage"},"thumbnailUrl":"https:\/\/quehacerpolitico.mx\/wp-content\/uploads\/2024\/05\/IMG_5751.jpeg","articleSection":["Noticias"],"inLanguage":"es","potentialAction":[{"@type":"CommentAction","name":"Comment","target":["https:\/\/quehacerpolitico.mx\/?p=110099#respond"]}]},{"@type":"WebPage","@id":"https:\/\/quehacerpolitico.mx\/?p=110099","url":"https:\/\/quehacerpolitico.mx\/?p=110099","name":"L\u00f3pez Obrador reitera que para esta fecha el sistema de salud estar\u00e1 listo -","isPartOf":{"@id":"https:\/\/quehacerpolitico.mx\/#website"},"primaryImageOfPage":{"@id":"https:\/\/quehacerpolitico.mx\/?p=110099#primaryimage"},"image":{"@id":"https:\/\/quehacerpolitico.mx\/?p=110099#primaryimage"},"thumbnailUrl":"https:\/\/quehacerpolitico.mx\/wp-content\/uploads\/2024\/05\/IMG_5751.jpeg","datePublished":"2024-05-20T18:45:14+00:00","dateModified":"2024-05-20T18:45:16+00:00","author":{"@id":"https:\/\/quehacerpolitico.mx\/#\/schema\/person\/496d8ad2d1d3f8036101dca7ee39e585"},"breadcrumb":{"@id":"https:\/\/quehacerpolitico.mx\/?p=110099#breadcrumb"},"inLanguage":"es","potentialAction":[{"@type":"ReadAction","target":["https:\/\/quehacerpolitico.mx\/?p=110099"]}]},{"@type":"ImageObject","inLanguage":"es","@id":"https:\/\/quehacerpolitico.mx\/?p=110099#primaryimage","url":"https:\/\/quehacerpolitico.mx\/wp-content\/uploads\/2024\/05\/IMG_5751.jpeg","contentUrl":"https:\/\/quehacerpolitico.mx\/wp-content\/uploads\/2024\/05\/IMG_5751.jpeg","width":1284,"height":559,"caption":"Screenshot"},{"@type":"BreadcrumbList","@id":"https:\/\/quehacerpolitico.mx\/?p=110099#breadcrumb","itemListElement":[{"@type":"ListItem","position":1,"name":"Inicio","item":"https:\/\/quehacerpolitico.mx\/"},{"@type":"ListItem","position":2,"name":"L\u00f3pez Obrador reitera que para esta fecha el sistema de salud estar\u00e1 listo"}]},{"@type":"WebSite","@id":"https:\/\/quehacerpolitico.mx\/#website","url":"https:\/\/quehacerpolitico.mx\/","name":"","description":"","potentialAction":[{"@type":"SearchAction","target":{"@type":"EntryPoint","urlTemplate":"https:\/\/quehacerpolitico.mx\/?s={search_term_string}"},"query-input":{"@type":"PropertyValueSpecification","valueRequired":true,"valueName":"search_term_string"}}],"inLanguage":"es"},{"@type":"Person","@id":"https:\/\/quehacerpolitico.mx\/#\/schema\/person\/496d8ad2d1d3f8036101dca7ee39e585","name":"Redacci\u00f3n QP","image":{"@type":"ImageObject","inLanguage":"es","@id":"https:\/\/secure.gravatar.com\/avatar\/c7164ed6fdec453195284ad24a5ae5b6e1eed2b848477fa2a4787ba9adf39a41?s=96&d=mm&r=g","url":"https:\/\/secure.gravatar.com\/avatar\/c7164ed6fdec453195284ad24a5ae5b6e1eed2b848477fa2a4787ba9adf39a41?s=96&d=mm&r=g","contentUrl":"https:\/\/secure.gravatar.com\/avatar\/c7164ed6fdec453195284ad24a5ae5b6e1eed2b848477fa2a4787ba9adf39a41?s=96&d=mm&r=g","caption":"Redacci\u00f3n QP"},"url":"https:\/\/quehacerpolitico.mx\/?author=2"}]}},"featured_image_urls":{"full":["https:\/\/quehacerpolitico.mx\/wp-content\/uploads\/2024\/05\/IMG_5751.jpeg",1284,559,false],"thumbnail":["https:\/\/quehacerpolitico.mx\/wp-content\/uploads\/2024\/05\/IMG_5751-150x150.jpeg",150,150,true],"medium":["https:\/\/quehacerpolitico.mx\/wp-content\/uploads\/2024\/05\/IMG_5751-300x131.jpeg",300,131,true],"medium_large":["https:\/\/quehacerpolitico.mx\/wp-content\/uploads\/2024\/05\/IMG_5751-768x334.jpeg",640,278,true],"large":["https:\/\/quehacerpolitico.mx\/wp-content\/uploads\/2024\/05\/IMG_5751-1024x446.jpeg",640,279,true],"1536x1536":["https:\/\/quehacerpolitico.mx\/wp-content\/uploads\/2024\/05\/IMG_5751.jpeg",1284,559,false],"2048x2048":["https:\/\/quehacerpolitico.mx\/wp-content\/uploads\/2024\/05\/IMG_5751.jpeg",1284,559,false],"covernews-featured":["https:\/\/quehacerpolitico.mx\/wp-content\/uploads\/2024\/05\/IMG_5751.jpeg",1024,446,false],"covernews-medium":["https:\/\/quehacerpolitico.mx\/wp-content\/uploads\/2024\/05\/IMG_5751.jpeg",540,235,false]},"author_info":{"display_name":"Redacci\u00f3n QP","author_link":"https:\/\/quehacerpolitico.mx\/?author=2"},"category_info":"<a href=\"https:\/\/quehacerpolitico.mx\/?cat=2\" rel=\"category\">Noticias<\/a>","tag_info":"Noticias","comment_count":"0","_links":{"self":[{"href":"https:\/\/quehacerpolitico.mx\/index.php?rest_route=\/wp\/v2\/posts\/110099","targetHints":{"allow":["GET"]}}],"collection":[{"href":"https:\/\/quehacerpolitico.mx\/index.php?rest_route=\/wp\/v2\/posts"}],"about":[{"href":"https:\/\/quehacerpolitico.mx\/index.php?rest_route=\/wp\/v2\/types\/post"}],"author":[{"embeddable":true,"href":"https:\/\/quehacerpolitico.mx\/index.php?rest_route=\/wp\/v2\/users\/2"}],"replies":[{"embeddable":true,"href":"https:\/\/quehacerpolitico.mx\/index.php?rest_route=%2Fwp%2Fv2%2Fcomments&post=110099"}],"version-history":[{"count":1,"href":"https:\/\/quehacerpolitico.mx\/index.php?rest_route=\/wp\/v2\/posts\/110099\/revisions"}],"predecessor-version":[{"id":110101,"href":"https:\/\/quehacerpolitico.mx\/index.php?rest_route=\/wp\/v2\/posts\/110099\/revisions\/110101"}],"wp:featuredmedia":[{"embeddable":true,"href":"https:\/\/quehacerpolitico.mx\/index.php?rest_route=\/wp\/v2\/media\/110100"}],"wp:attachment":[{"href":"https:\/\/quehacerpolitico.mx\/index.php?rest_route=%2Fwp%2Fv2%2Fmedia&parent=110099"}],"wp:term":[{"taxonomy":"category","embeddable":true,"href":"https:\/\/quehacerpolitico.mx\/index.php?rest_route=%2Fwp%2Fv2%2Fcategories&post=110099"},{"taxonomy":"post_tag","embeddable":true,"href":"https:\/\/quehacerpolitico.mx\/index.php?rest_route=%2Fwp%2Fv2%2Ftags&post=110099"}],"curies":[{"name":"wp","href":"https:\/\/api.w.org\/{rel}","templated":true}]}}