{"id":110089,"date":"2024-05-20T14:43:22","date_gmt":"2024-05-20T14:43:22","guid":{"rendered":"https:\/\/quehacerpolitico.mx\/?p=110089"},"modified":"2024-05-20T14:43:28","modified_gmt":"2024-05-20T14:43:28","slug":"el-quehacer-politico-internacional-carolina-alonso-romei-mohammad-mokhber-es-nombrado-presidente-en-funciones-de-iran-tras-la-muerte-de-ebrahim-raisi-en-un-accidente-de-helicoptero","status":"publish","type":"post","link":"https:\/\/quehacerpolitico.mx\/?p=110089","title":{"rendered":"El Quehacer Pol\u00edtico Internacional\/\/\/Carolina Alonso Romei\/\/\/Mohammad Mokhber es nombrado presidente en funciones de Ir\u00e1n tras la muerte de Ebrahim Raisi en un accidente de helic\u00f3ptero"},"content":{"rendered":"\n<p>Por Carolina Alonso Romei<\/p>\n\n\n\n<p>Internacionalista <\/p>\n\n\n\n<p>El primer vicepresidente de Ir\u00e1n,&nbsp;<strong>Mohammad Mokhber<\/strong>, fue nombrado el lunes como presidente en funciones de la Rep\u00fablica Isl\u00e1mica tras la muerte del presidente,&nbsp;<strong>Ebrahim Raisi<\/strong>, en un choque de helic\u00f3ptero en el noroeste del pa\u00eds.<\/p>\n\n\n\n<p><strong>Mokhber<\/strong>, de 68 a\u00f1os, ha ejercido un papel m\u00e1s discreto que otros\u00a0<strong>pol\u00edticos\u00a0<\/strong>en la teocracia chi\u00ed, pero las normas constitucionales colocaban a\u00a0<strong>Mokhber<\/strong>\u00a0en primera l\u00ednea tras la muerte de Raisi. Estaba previsto que ejerciera de presidente en funciones unos 50 d\u00edas antes de unas elecciones presidenciales obligatorias.<\/p>\n\n\n\n<p>El l\u00edder supremo del pa\u00eds, Ali Jamenei, anunci\u00f3 el nombramiento de\u00a0<strong>Mokhber<\/strong>\u00a0en un mensaje de condolencias sobre la muerte de\u00a0<strong>Raisi<\/strong>\u00a0en el choque del domingo. El helic\u00f3ptero fue encontrado este lunes en el noroeste del pa\u00eds.<\/p>\n\n\n\n<figure class=\"wp-block-image size-full\"><img loading=\"lazy\" decoding=\"async\" width=\"700\" height=\"400\" src=\"https:\/\/quehacerpolitico.mx\/wp-content\/uploads\/2024\/05\/image-30.jpeg\" alt=\"\" class=\"wp-image-110091\" srcset=\"https:\/\/quehacerpolitico.mx\/wp-content\/uploads\/2024\/05\/image-30.jpeg 700w, https:\/\/quehacerpolitico.mx\/wp-content\/uploads\/2024\/05\/image-30-300x171.jpeg 300w, https:\/\/quehacerpolitico.mx\/wp-content\/uploads\/2024\/05\/image-30-256x146.jpeg 256w, https:\/\/quehacerpolitico.mx\/wp-content\/uploads\/2024\/05\/image-30-50x29.jpeg 50w, https:\/\/quehacerpolitico.mx\/wp-content\/uploads\/2024\/05\/image-30-131x75.jpeg 131w\" sizes=\"auto, (max-width: 700px) 100vw, 700px\" \/><\/figure>\n\n\n\n<p>Pese a ser menos conocido,<strong>&nbsp;Mokhber&nbsp;<\/strong>ha ocupado puestos importantes en la estructura de poder del pa\u00eds, especialmente en sus bonyads, u organizaciones ben\u00e9ficas. Esos grupos se vieron impulsados con donaciones o activos confiscados tras la Revoluci\u00f3n Isl\u00e1mica de 1979, en especial los asociados al shah de Ir\u00e1n o los miembros de su gobierno.<\/p>\n\n\n\n<p><strong>Mokhber<\/strong>&nbsp;dirig\u00eda un bonyad conocido en ingl\u00e9s como Ejecuci\u00f3n de la Orden del Im\u00e1n Jomeini, o EIKO, en referencia al fallecido l\u00edder supremo ayatol\u00e1 Rujol\u00e1 Jomeini.<\/p>\n\n\n\n<p>Seg\u00fan el\u00a0<strong>Tesoro de Estados Unidos<\/strong>, esa organizaci\u00f3n controlaba miles de millones de activos como \u201cgigante empresarial bajo supervisi\u00f3n directa del l\u00edder supremo Ali Jamenei, que tiene una participaci\u00f3n en pr\u00e1cticamente todos los sectores de la econom\u00eda iran\u00ed, incluidos energ\u00eda, telecomunicaciones y servicios financieros\u201d.<\/p>\n\n\n\n<p>\u201cEIKO ha violado de forma sistem\u00e1tica los derechos de los disidentes al confiscar tierras y propiedades de opositores al r\u00e9gimen, incluidos opositores&nbsp;<strong>pol\u00edticos<\/strong>, minor\u00edas religiosas e iran\u00edes exiliados\u201d, indic\u00f3 el Tesoro en una decisi\u00f3n de 2021 para sancionar a&nbsp;<strong>Mokhber<\/strong>. La Uni\u00f3n Europea tambi\u00e9n lo sancion\u00f3 durante un tiempo por preocupaciones sobre el programa nuclear iran\u00ed.<\/p>\n\n\n\n<p>Como responsable de EIKO,&nbsp;<strong>Mokhbar&nbsp;<\/strong>dirigi\u00f3 un esfuerzo de desarrollar una vacuna contra la Covid-19 durante el apogeo de la&nbsp;<strong>pandemia&nbsp;<\/strong>y prometi\u00f3 fabricar decenas de millones de dosis. Apenas una fracci\u00f3n de eso lleg\u00f3 al p\u00fablico, pero no se dieron explicaciones.<\/p>\n\n\n\n<p><strong>Mokhber<\/strong>&nbsp;hab\u00eda trabajado antes en banca y telecomunicaciones. Tambi\u00e9n trabaj\u00f3 en la Fundaci\u00f3n Mostazafan, otro bonyad que es un importante conglomerado que gestiona los negocios y grandes proyectos del pa\u00eds. En esa \u00e9poca se vio inmerso en una batalla legal entre los proveedores de telefon\u00eda m\u00f3vil Turkcell y la sudafricana MTN sobre su posible entrada en el mercado iran\u00ed.<\/p>\n\n\n\n<p>MTN termin\u00f3 entrando en Ir\u00e1n. Una demanda posterior de Turkcell acusaba a\u00a0<strong>Mokhber<\/strong>\u00a0de buscar ayuda de MTN para conseguir \u201ccierto equipamiento de defensa\u201d a cambio de posiblemente trabajar con esa compa\u00f1\u00eda en lugar de con Turkcell.<\/p>\n\n\n\n<p>La operadora acus\u00f3 a\u00a0<strong>Mokhber<\/strong>\u00a0de utilizar \u201cuna influencia inapropiada hasta e incluyendo la negociaci\u00f3n con y en nombre del l\u00edder supremo en favor de MTN\u201d. Un comunicado de MTN m\u00e1s tarde dijo que no se hab\u00edan hecho entregas de\u00a0<strong>armas<\/strong>, aunque reconoci\u00f3 que Mokhber hab\u00eda jugado un papel en la decisi\u00f3n iran\u00ed de optar por MTN.<\/p>\n\n\n\n<p>Reportes en medios iran\u00edes sugirieron que&nbsp;<strong>Mokhber<\/strong>, que tiene un doctorado en derecho internacional, fue crucial en los esfuerzos iran\u00edes para eludir las sanciones occidentales a su industria petrolera.<\/p>\n\n\n\n<p><strong>Mokhber\u00a0<\/strong>es miembro del Consejo de Intereses de Ir\u00e1n desde 2022, un organismo que asesora al l\u00edder supremo y resuelve disputas entre el parlamento y el Consejo de Guardianes, el organismo supervisor iran\u00ed y que tambi\u00e9n controla las elecciones del pa\u00eds.<\/p>\n\n\n\n<figure class=\"wp-block-embed is-type-video is-provider-youtube wp-block-embed-youtube wp-embed-aspect-16-9 wp-has-aspect-ratio\"><div class=\"wp-block-embed__wrapper\">\n<iframe loading=\"lazy\" title=\"Ir\u00e1n nombra a Mohammad Mokhber presidente en funciones de Ir\u00e1n mientras llora la muerte de Rais\u00ed\" width=\"640\" height=\"360\" src=\"https:\/\/www.youtube.com\/embed\/4GrU8R0NAig?feature=oembed\" frameborder=\"0\" allow=\"accelerometer; autoplay; clipboard-write; encrypted-media; gyroscope; picture-in-picture; web-share\" referrerpolicy=\"strict-origin-when-cross-origin\" allowfullscreen><\/iframe>\n<\/div><\/figure>\n\n\n\n<p>Con informaci\u00f3n de AP<\/p>\n","protected":false},"excerpt":{"rendered":"<p>Por Carolina Alonso Romei Internacionalista El primer vicepresidente de Ir\u00e1n,&nbsp;Mohammad Mokhber, fue nombrado el lunes&#8230;<\/p>\n","protected":false},"author":2,"featured_media":110090,"comment_status":"open","ping_status":"open","sticky":false,"template":"","format":"standard","meta":{"_monsterinsights_skip_tracking":false,"_monsterinsights_sitenote_active":false,"_monsterinsights_sitenote_note":"","_monsterinsights_sitenote_category":0,"footnotes":""},"categories":[1],"tags":[],"class_list":["post-110089","post","type-post","status-publish","format-standard","has-post-thumbnail","hentry","category-sin-categoria"],"yoast_head":"<!-- This site is optimized with the Yoast SEO plugin v27.3 - https:\/\/yoast.com\/product\/yoast-seo-wordpress\/ -->\n<title>El Quehacer Pol\u00edtico Internacional\/\/\/Carolina Alonso Romei\/\/\/Mohammad Mokhber es nombrado presidente en funciones de Ir\u00e1n tras la muerte de Ebrahim Raisi en un accidente de helic\u00f3ptero -<\/title>\n<meta name=\"robots\" content=\"index, follow, max-snippet:-1, max-image-preview:large, max-video-preview:-1\" \/>\n<link rel=\"canonical\" href=\"https:\/\/quehacerpolitico.mx\/?p=110089\" \/>\n<meta property=\"og:locale\" content=\"es_MX\" \/>\n<meta property=\"og:type\" content=\"article\" \/>\n<meta property=\"og:title\" content=\"El Quehacer Pol\u00edtico Internacional\/\/\/Carolina Alonso Romei\/\/\/Mohammad Mokhber es nombrado presidente en funciones de Ir\u00e1n tras la muerte de Ebrahim Raisi en un accidente de helic\u00f3ptero -\" \/>\n<meta property=\"og:description\" content=\"Por Carolina Alonso Romei Internacionalista El primer vicepresidente de Ir\u00e1n,&nbsp;Mohammad Mokhber, fue nombrado el lunes...\" \/>\n<meta property=\"og:url\" content=\"https:\/\/quehacerpolitico.mx\/?p=110089\" \/>\n<meta property=\"article:published_time\" content=\"2024-05-20T14:43:22+00:00\" \/>\n<meta property=\"article:modified_time\" content=\"2024-05-20T14:43:28+00:00\" \/>\n<meta property=\"og:image\" content=\"https:\/\/quehacerpolitico.mx\/wp-content\/uploads\/2024\/05\/03fa6135-c3fe-44b7-8e96-c6ca323ffebb-13.jpeg\" \/>\n\t<meta property=\"og:image:width\" content=\"963\" \/>\n\t<meta property=\"og:image:height\" content=\"493\" \/>\n\t<meta property=\"og:image:type\" content=\"image\/jpeg\" \/>\n<meta name=\"author\" content=\"Redacci\u00f3n QP\" \/>\n<meta name=\"twitter:card\" content=\"summary_large_image\" \/>\n<meta name=\"twitter:label1\" content=\"Escrito por\" \/>\n\t<meta name=\"twitter:data1\" content=\"Redacci\u00f3n QP\" \/>\n\t<meta name=\"twitter:label2\" content=\"Tiempo de lectura\" \/>\n\t<meta name=\"twitter:data2\" content=\"3 minutos\" \/>\n<script type=\"application\/ld+json\" class=\"yoast-schema-graph\">{\"@context\":\"https:\\\/\\\/schema.org\",\"@graph\":[{\"@type\":\"Article\",\"@id\":\"https:\\\/\\\/quehacerpolitico.mx\\\/?p=110089#article\",\"isPartOf\":{\"@id\":\"https:\\\/\\\/quehacerpolitico.mx\\\/?p=110089\"},\"author\":{\"name\":\"Redacci\u00f3n QP\",\"@id\":\"https:\\\/\\\/quehacerpolitico.mx\\\/#\\\/schema\\\/person\\\/496d8ad2d1d3f8036101dca7ee39e585\"},\"headline\":\"El Quehacer Pol\u00edtico Internacional\\\/\\\/\\\/Carolina Alonso Romei\\\/\\\/\\\/Mohammad Mokhber es nombrado presidente en funciones de Ir\u00e1n tras la muerte de Ebrahim Raisi en un accidente de helic\u00f3ptero\",\"datePublished\":\"2024-05-20T14:43:22+00:00\",\"dateModified\":\"2024-05-20T14:43:28+00:00\",\"mainEntityOfPage\":{\"@id\":\"https:\\\/\\\/quehacerpolitico.mx\\\/?p=110089\"},\"wordCount\":690,\"commentCount\":0,\"image\":{\"@id\":\"https:\\\/\\\/quehacerpolitico.mx\\\/?p=110089#primaryimage\"},\"thumbnailUrl\":\"https:\\\/\\\/quehacerpolitico.mx\\\/wp-content\\\/uploads\\\/2024\\\/05\\\/03fa6135-c3fe-44b7-8e96-c6ca323ffebb-13.jpeg\",\"articleSection\":[\"Internacionales\"],\"inLanguage\":\"es\",\"potentialAction\":[{\"@type\":\"CommentAction\",\"name\":\"Comment\",\"target\":[\"https:\\\/\\\/quehacerpolitico.mx\\\/?p=110089#respond\"]}]},{\"@type\":\"WebPage\",\"@id\":\"https:\\\/\\\/quehacerpolitico.mx\\\/?p=110089\",\"url\":\"https:\\\/\\\/quehacerpolitico.mx\\\/?p=110089\",\"name\":\"El Quehacer Pol\u00edtico Internacional\\\/\\\/\\\/Carolina Alonso Romei\\\/\\\/\\\/Mohammad Mokhber es nombrado presidente en funciones de Ir\u00e1n tras la muerte de Ebrahim Raisi en un accidente de helic\u00f3ptero -\",\"isPartOf\":{\"@id\":\"https:\\\/\\\/quehacerpolitico.mx\\\/#website\"},\"primaryImageOfPage\":{\"@id\":\"https:\\\/\\\/quehacerpolitico.mx\\\/?p=110089#primaryimage\"},\"image\":{\"@id\":\"https:\\\/\\\/quehacerpolitico.mx\\\/?p=110089#primaryimage\"},\"thumbnailUrl\":\"https:\\\/\\\/quehacerpolitico.mx\\\/wp-content\\\/uploads\\\/2024\\\/05\\\/03fa6135-c3fe-44b7-8e96-c6ca323ffebb-13.jpeg\",\"datePublished\":\"2024-05-20T14:43:22+00:00\",\"dateModified\":\"2024-05-20T14:43:28+00:00\",\"author\":{\"@id\":\"https:\\\/\\\/quehacerpolitico.mx\\\/#\\\/schema\\\/person\\\/496d8ad2d1d3f8036101dca7ee39e585\"},\"breadcrumb\":{\"@id\":\"https:\\\/\\\/quehacerpolitico.mx\\\/?p=110089#breadcrumb\"},\"inLanguage\":\"es\",\"potentialAction\":[{\"@type\":\"ReadAction\",\"target\":[\"https:\\\/\\\/quehacerpolitico.mx\\\/?p=110089\"]}]},{\"@type\":\"ImageObject\",\"inLanguage\":\"es\",\"@id\":\"https:\\\/\\\/quehacerpolitico.mx\\\/?p=110089#primaryimage\",\"url\":\"https:\\\/\\\/quehacerpolitico.mx\\\/wp-content\\\/uploads\\\/2024\\\/05\\\/03fa6135-c3fe-44b7-8e96-c6ca323ffebb-13.jpeg\",\"contentUrl\":\"https:\\\/\\\/quehacerpolitico.mx\\\/wp-content\\\/uploads\\\/2024\\\/05\\\/03fa6135-c3fe-44b7-8e96-c6ca323ffebb-13.jpeg\",\"width\":963,\"height\":493},{\"@type\":\"BreadcrumbList\",\"@id\":\"https:\\\/\\\/quehacerpolitico.mx\\\/?p=110089#breadcrumb\",\"itemListElement\":[{\"@type\":\"ListItem\",\"position\":1,\"name\":\"Inicio\",\"item\":\"https:\\\/\\\/quehacerpolitico.mx\\\/\"},{\"@type\":\"ListItem\",\"position\":2,\"name\":\"El Quehacer Pol\u00edtico Internacional\\\/\\\/\\\/Carolina Alonso Romei\\\/\\\/\\\/Mohammad Mokhber es nombrado presidente en funciones de Ir\u00e1n tras la muerte de Ebrahim Raisi en un accidente de helic\u00f3ptero\"}]},{\"@type\":\"WebSite\",\"@id\":\"https:\\\/\\\/quehacerpolitico.mx\\\/#website\",\"url\":\"https:\\\/\\\/quehacerpolitico.mx\\\/\",\"name\":\"\",\"description\":\"\",\"potentialAction\":[{\"@type\":\"SearchAction\",\"target\":{\"@type\":\"EntryPoint\",\"urlTemplate\":\"https:\\\/\\\/quehacerpolitico.mx\\\/?s={search_term_string}\"},\"query-input\":{\"@type\":\"PropertyValueSpecification\",\"valueRequired\":true,\"valueName\":\"search_term_string\"}}],\"inLanguage\":\"es\"},{\"@type\":\"Person\",\"@id\":\"https:\\\/\\\/quehacerpolitico.mx\\\/#\\\/schema\\\/person\\\/496d8ad2d1d3f8036101dca7ee39e585\",\"name\":\"Redacci\u00f3n QP\",\"image\":{\"@type\":\"ImageObject\",\"inLanguage\":\"es\",\"@id\":\"https:\\\/\\\/secure.gravatar.com\\\/avatar\\\/c7164ed6fdec453195284ad24a5ae5b6e1eed2b848477fa2a4787ba9adf39a41?s=96&d=mm&r=g\",\"url\":\"https:\\\/\\\/secure.gravatar.com\\\/avatar\\\/c7164ed6fdec453195284ad24a5ae5b6e1eed2b848477fa2a4787ba9adf39a41?s=96&d=mm&r=g\",\"contentUrl\":\"https:\\\/\\\/secure.gravatar.com\\\/avatar\\\/c7164ed6fdec453195284ad24a5ae5b6e1eed2b848477fa2a4787ba9adf39a41?s=96&d=mm&r=g\",\"caption\":\"Redacci\u00f3n QP\"},\"url\":\"https:\\\/\\\/quehacerpolitico.mx\\\/?author=2\"}]}<\/script>\n<!-- \/ Yoast SEO plugin. -->","yoast_head_json":{"title":"El Quehacer Pol\u00edtico Internacional\/\/\/Carolina Alonso Romei\/\/\/Mohammad Mokhber es nombrado presidente en funciones de Ir\u00e1n tras la muerte de Ebrahim Raisi en un accidente de helic\u00f3ptero -","robots":{"index":"index","follow":"follow","max-snippet":"max-snippet:-1","max-image-preview":"max-image-preview:large","max-video-preview":"max-video-preview:-1"},"canonical":"https:\/\/quehacerpolitico.mx\/?p=110089","og_locale":"es_MX","og_type":"article","og_title":"El Quehacer Pol\u00edtico Internacional\/\/\/Carolina Alonso Romei\/\/\/Mohammad Mokhber es nombrado presidente en funciones de Ir\u00e1n tras la muerte de Ebrahim Raisi en un accidente de helic\u00f3ptero -","og_description":"Por Carolina Alonso Romei Internacionalista El primer vicepresidente de Ir\u00e1n,&nbsp;Mohammad Mokhber, fue nombrado el lunes...","og_url":"https:\/\/quehacerpolitico.mx\/?p=110089","article_published_time":"2024-05-20T14:43:22+00:00","article_modified_time":"2024-05-20T14:43:28+00:00","og_image":[{"width":963,"height":493,"url":"https:\/\/quehacerpolitico.mx\/wp-content\/uploads\/2024\/05\/03fa6135-c3fe-44b7-8e96-c6ca323ffebb-13.jpeg","type":"image\/jpeg"}],"author":"Redacci\u00f3n QP","twitter_card":"summary_large_image","twitter_misc":{"Escrito por":"Redacci\u00f3n QP","Tiempo de lectura":"3 minutos"},"schema":{"@context":"https:\/\/schema.org","@graph":[{"@type":"Article","@id":"https:\/\/quehacerpolitico.mx\/?p=110089#article","isPartOf":{"@id":"https:\/\/quehacerpolitico.mx\/?p=110089"},"author":{"name":"Redacci\u00f3n QP","@id":"https:\/\/quehacerpolitico.mx\/#\/schema\/person\/496d8ad2d1d3f8036101dca7ee39e585"},"headline":"El Quehacer Pol\u00edtico Internacional\/\/\/Carolina Alonso Romei\/\/\/Mohammad Mokhber es nombrado presidente en funciones de Ir\u00e1n tras la muerte de Ebrahim Raisi en un accidente de helic\u00f3ptero","datePublished":"2024-05-20T14:43:22+00:00","dateModified":"2024-05-20T14:43:28+00:00","mainEntityOfPage":{"@id":"https:\/\/quehacerpolitico.mx\/?p=110089"},"wordCount":690,"commentCount":0,"image":{"@id":"https:\/\/quehacerpolitico.mx\/?p=110089#primaryimage"},"thumbnailUrl":"https:\/\/quehacerpolitico.mx\/wp-content\/uploads\/2024\/05\/03fa6135-c3fe-44b7-8e96-c6ca323ffebb-13.jpeg","articleSection":["Internacionales"],"inLanguage":"es","potentialAction":[{"@type":"CommentAction","name":"Comment","target":["https:\/\/quehacerpolitico.mx\/?p=110089#respond"]}]},{"@type":"WebPage","@id":"https:\/\/quehacerpolitico.mx\/?p=110089","url":"https:\/\/quehacerpolitico.mx\/?p=110089","name":"El Quehacer Pol\u00edtico Internacional\/\/\/Carolina Alonso Romei\/\/\/Mohammad Mokhber es nombrado presidente en funciones de Ir\u00e1n tras la muerte de Ebrahim Raisi en un accidente de helic\u00f3ptero -","isPartOf":{"@id":"https:\/\/quehacerpolitico.mx\/#website"},"primaryImageOfPage":{"@id":"https:\/\/quehacerpolitico.mx\/?p=110089#primaryimage"},"image":{"@id":"https:\/\/quehacerpolitico.mx\/?p=110089#primaryimage"},"thumbnailUrl":"https:\/\/quehacerpolitico.mx\/wp-content\/uploads\/2024\/05\/03fa6135-c3fe-44b7-8e96-c6ca323ffebb-13.jpeg","datePublished":"2024-05-20T14:43:22+00:00","dateModified":"2024-05-20T14:43:28+00:00","author":{"@id":"https:\/\/quehacerpolitico.mx\/#\/schema\/person\/496d8ad2d1d3f8036101dca7ee39e585"},"breadcrumb":{"@id":"https:\/\/quehacerpolitico.mx\/?p=110089#breadcrumb"},"inLanguage":"es","potentialAction":[{"@type":"ReadAction","target":["https:\/\/quehacerpolitico.mx\/?p=110089"]}]},{"@type":"ImageObject","inLanguage":"es","@id":"https:\/\/quehacerpolitico.mx\/?p=110089#primaryimage","url":"https:\/\/quehacerpolitico.mx\/wp-content\/uploads\/2024\/05\/03fa6135-c3fe-44b7-8e96-c6ca323ffebb-13.jpeg","contentUrl":"https:\/\/quehacerpolitico.mx\/wp-content\/uploads\/2024\/05\/03fa6135-c3fe-44b7-8e96-c6ca323ffebb-13.jpeg","width":963,"height":493},{"@type":"BreadcrumbList","@id":"https:\/\/quehacerpolitico.mx\/?p=110089#breadcrumb","itemListElement":[{"@type":"ListItem","position":1,"name":"Inicio","item":"https:\/\/quehacerpolitico.mx\/"},{"@type":"ListItem","position":2,"name":"El Quehacer Pol\u00edtico Internacional\/\/\/Carolina Alonso Romei\/\/\/Mohammad Mokhber es nombrado presidente en funciones de Ir\u00e1n tras la muerte de Ebrahim Raisi en un accidente de helic\u00f3ptero"}]},{"@type":"WebSite","@id":"https:\/\/quehacerpolitico.mx\/#website","url":"https:\/\/quehacerpolitico.mx\/","name":"","description":"","potentialAction":[{"@type":"SearchAction","target":{"@type":"EntryPoint","urlTemplate":"https:\/\/quehacerpolitico.mx\/?s={search_term_string}"},"query-input":{"@type":"PropertyValueSpecification","valueRequired":true,"valueName":"search_term_string"}}],"inLanguage":"es"},{"@type":"Person","@id":"https:\/\/quehacerpolitico.mx\/#\/schema\/person\/496d8ad2d1d3f8036101dca7ee39e585","name":"Redacci\u00f3n QP","image":{"@type":"ImageObject","inLanguage":"es","@id":"https:\/\/secure.gravatar.com\/avatar\/c7164ed6fdec453195284ad24a5ae5b6e1eed2b848477fa2a4787ba9adf39a41?s=96&d=mm&r=g","url":"https:\/\/secure.gravatar.com\/avatar\/c7164ed6fdec453195284ad24a5ae5b6e1eed2b848477fa2a4787ba9adf39a41?s=96&d=mm&r=g","contentUrl":"https:\/\/secure.gravatar.com\/avatar\/c7164ed6fdec453195284ad24a5ae5b6e1eed2b848477fa2a4787ba9adf39a41?s=96&d=mm&r=g","caption":"Redacci\u00f3n QP"},"url":"https:\/\/quehacerpolitico.mx\/?author=2"}]}},"featured_image_urls":{"full":["https:\/\/quehacerpolitico.mx\/wp-content\/uploads\/2024\/05\/03fa6135-c3fe-44b7-8e96-c6ca323ffebb-13.jpeg",963,493,false],"thumbnail":["https:\/\/quehacerpolitico.mx\/wp-content\/uploads\/2024\/05\/03fa6135-c3fe-44b7-8e96-c6ca323ffebb-13-150x150.jpeg",150,150,true],"medium":["https:\/\/quehacerpolitico.mx\/wp-content\/uploads\/2024\/05\/03fa6135-c3fe-44b7-8e96-c6ca323ffebb-13-300x154.jpeg",300,154,true],"medium_large":["https:\/\/quehacerpolitico.mx\/wp-content\/uploads\/2024\/05\/03fa6135-c3fe-44b7-8e96-c6ca323ffebb-13-768x393.jpeg",640,328,true],"large":["https:\/\/quehacerpolitico.mx\/wp-content\/uploads\/2024\/05\/03fa6135-c3fe-44b7-8e96-c6ca323ffebb-13.jpeg",640,328,false],"1536x1536":["https:\/\/quehacerpolitico.mx\/wp-content\/uploads\/2024\/05\/03fa6135-c3fe-44b7-8e96-c6ca323ffebb-13.jpeg",963,493,false],"2048x2048":["https:\/\/quehacerpolitico.mx\/wp-content\/uploads\/2024\/05\/03fa6135-c3fe-44b7-8e96-c6ca323ffebb-13.jpeg",963,493,false],"covernews-featured":["https:\/\/quehacerpolitico.mx\/wp-content\/uploads\/2024\/05\/03fa6135-c3fe-44b7-8e96-c6ca323ffebb-13.jpeg",963,493,false],"covernews-medium":["https:\/\/quehacerpolitico.mx\/wp-content\/uploads\/2024\/05\/03fa6135-c3fe-44b7-8e96-c6ca323ffebb-13.jpeg",540,276,false]},"author_info":{"display_name":"Redacci\u00f3n QP","author_link":"https:\/\/quehacerpolitico.mx\/?author=2"},"category_info":"<a href=\"https:\/\/quehacerpolitico.mx\/?cat=1\" rel=\"category\">Internacionales<\/a>","tag_info":"Internacionales","comment_count":"0","_links":{"self":[{"href":"https:\/\/quehacerpolitico.mx\/index.php?rest_route=\/wp\/v2\/posts\/110089","targetHints":{"allow":["GET"]}}],"collection":[{"href":"https:\/\/quehacerpolitico.mx\/index.php?rest_route=\/wp\/v2\/posts"}],"about":[{"href":"https:\/\/quehacerpolitico.mx\/index.php?rest_route=\/wp\/v2\/types\/post"}],"author":[{"embeddable":true,"href":"https:\/\/quehacerpolitico.mx\/index.php?rest_route=\/wp\/v2\/users\/2"}],"replies":[{"embeddable":true,"href":"https:\/\/quehacerpolitico.mx\/index.php?rest_route=%2Fwp%2Fv2%2Fcomments&post=110089"}],"version-history":[{"count":1,"href":"https:\/\/quehacerpolitico.mx\/index.php?rest_route=\/wp\/v2\/posts\/110089\/revisions"}],"predecessor-version":[{"id":110092,"href":"https:\/\/quehacerpolitico.mx\/index.php?rest_route=\/wp\/v2\/posts\/110089\/revisions\/110092"}],"wp:featuredmedia":[{"embeddable":true,"href":"https:\/\/quehacerpolitico.mx\/index.php?rest_route=\/wp\/v2\/media\/110090"}],"wp:attachment":[{"href":"https:\/\/quehacerpolitico.mx\/index.php?rest_route=%2Fwp%2Fv2%2Fmedia&parent=110089"}],"wp:term":[{"taxonomy":"category","embeddable":true,"href":"https:\/\/quehacerpolitico.mx\/index.php?rest_route=%2Fwp%2Fv2%2Fcategories&post=110089"},{"taxonomy":"post_tag","embeddable":true,"href":"https:\/\/quehacerpolitico.mx\/index.php?rest_route=%2Fwp%2Fv2%2Ftags&post=110089"}],"curies":[{"name":"wp","href":"https:\/\/api.w.org\/{rel}","templated":true}]}}