{"id":11006,"date":"2018-12-05T15:00:48","date_gmt":"2018-12-05T15:00:48","guid":{"rendered":"http:\/\/quehacerpolitico.mx\/video-en-vivo-sheinbaum-se-convierte-hoy-en-la-primera-mujer-electa-en-gobernar-la-cdmx-y-con-el-presidente-como-aliado\/"},"modified":"2018-12-05T15:00:48","modified_gmt":"2018-12-05T15:00:48","slug":"video-en-vivo-sheinbaum-se-convierte-hoy-en-la-primera-mujer-electa-en-gobernar-la-cdmx-y-con-el-presidente-como-aliado","status":"publish","type":"post","link":"https:\/\/quehacerpolitico.mx\/?p=11006","title":{"rendered":"(VIDEO EN VIVO) Sheinbaum se convierte hoy en la primera mujer electa en gobernar la CdMx\u2026 y con el Presidente como aliado"},"content":{"rendered":"<h1>(VIDEO EN VIVO) Sheinbaum se convierte hoy en la primera mujer electa en gobernar la CdMx\u2026 y con el Presidente como aliado<\/h1>\n<p>Por Redacci\u00f3n QP<\/p>\n<p><strong>Claudia Sheinbaum Pardo<\/strong><strong>asume<\/strong> hoy como<strong> Jefa de Gobierno<\/strong> de la capital mexicana y se convierte en la primera mujer que es electa para ese cargo desde que la Ciudad de M\u00e9xico era la gran Tenochtitlan.<\/p>\n<p>Sheinbaum y el nuevo Presidente mexicano, <strong>Andr\u00e9s Manuel L\u00f3pez Obrador<\/strong>, son miembros del mismo partido, el Movimiento de Regeneraci\u00f3n Nacional (<strong>Morena<\/strong>), lo que le agrega un poder in\u00e9dito.<\/p>\n<p>Desde que la capital elige a su gobernante, en 1997, nunca el Presidente y el Jefe de Gobierno pertenecieron al mismo partido, lo que restaba margen y presupuesto a ese importante puesto que influye en la vida de cerca de 20 millones de mexicanos.<\/p>\n<p>Claudia Sheinbaum ser\u00e1 la primera Jefa de Gobierno electa por los ciudadanos, pero no la primera mujer en ocupar el cargo. La ex Secretaria de Desarrollo Social, <strong>Rosario Robles Berlanga<\/strong>, estuvo al frente de la capital del 29 de diciembre de 1999 a 4 de diciembre del 2000 luego de que el entonces Jefe de Gobierno, Cuauht\u00e9moc C\u00e1rdenas, se separara del cargo para buscar la presidencia de la Rep\u00fablica.<\/p>\n<p><strong>LA TOMA DE POSESI\u00d3N<\/strong><\/p>\n<p>En punto de las 00:00 horas de este 5 de diciembre comenz\u00f3 la entrega y recepci\u00f3n de once dependencia del gobierno capitalino. Guillermo Orozco entreg\u00f3 la Secretar\u00eda de Gobierno para que Rosa Icela Rodr\u00edguez asumiera el cargo.<\/p>\n<p>En tanto, Raymundo collins dej\u00f3 el mando de la Secretar\u00eda de Seguridad P\u00fablica al nuevo titular Jes\u00fas Orta; el Procurador general de Justicia, Edmundo Garrido, entreg\u00f3 la dependencia a Ernestina Godoy.<\/p>\n<p>Se espera que a las 8:30 horas, Claudia Sheuinbaum arribe al Congreso de la Ciudad de M\u00e9xico para la toma de protesta, la cual contar\u00e1 con la presencia del Presidente Andr\u00e9s Manuel L\u00f3pez Obrador.<\/p>\n<p>Durante la ceremonia, los nueve partidos pol\u00edticos realizar\u00e1n sus posicionamientos. A las 11 de la ma\u00f1ana Sheinbaum tomar\u00e1 posesi\u00f3n como Jefa de Gobierno.<\/p>\n<p>Se prev\u00e9 que a la ceremonia acudan el Rector y el ex Rector de la Universidad Nacional Aut\u00f3noma de M\u00e9xico (UNAM), Enrique Graue y Juan Ram\u00f3n de la Fuente, integrantes del Gabinete federal,consejeros del Instituto Nacional Electoral (INE), senadores y diputados federales y actores Diego Luna, Gael Garc\u00eda, Joaquin Cosio, H\u00e9ctor Bonilla, Dami\u00e1n Bichir.<\/p>\n<p>Al concluir la toma de posesi\u00f3n, Sheinbaum caminar\u00e1 por la calle de Donceles hasta la Plaza de la Constituci\u00f3n, donde inaugurar\u00e1 el Jard\u00edn Cultural del Z\u00f3calo y despu\u00e9s realizar\u00e1 la entrega del Sal\u00f3n de los Cabildos, como parte de la inauguraci\u00f3n de una Secci\u00f3n del Museo Virreinal en el Antiguo Palacio del Ayuntamiento.<\/p>\n<p>https:\/\/www.facebook.com\/ClaudiaSheinbaumPardo\/videos\/341146733106458\/<\/p>\n","protected":false},"excerpt":{"rendered":"<p>(VIDEO EN VIVO) Sheinbaum se convierte hoy en la primera mujer electa en gobernar la CdMx\u2026 y con el Presidente como aliado<br \/>\nPor Redacci\u00f3n QP<\/p>\n","protected":false},"author":2,"featured_media":11005,"comment_status":"open","ping_status":"open","sticky":false,"template":"","format":"standard","meta":{"_monsterinsights_skip_tracking":false,"_monsterinsights_sitenote_active":false,"_monsterinsights_sitenote_note":"","_monsterinsights_sitenote_category":0,"footnotes":""},"categories":[55],"tags":[],"class_list":["post-11006","post","type-post","status-publish","format-standard","has-post-thumbnail","hentry","category-cdmx"],"yoast_head":"<!-- This site is optimized with the Yoast SEO plugin v27.3 - https:\/\/yoast.com\/product\/yoast-seo-wordpress\/ -->\n<title>(VIDEO EN VIVO) Sheinbaum se convierte hoy en la primera mujer electa en gobernar la CdMx\u2026 y con el Presidente como aliado -<\/title>\n<meta name=\"robots\" content=\"index, follow, max-snippet:-1, max-image-preview:large, max-video-preview:-1\" \/>\n<link rel=\"canonical\" href=\"https:\/\/quehacerpolitico.mx\/?p=11006\" \/>\n<meta property=\"og:locale\" content=\"es_MX\" \/>\n<meta property=\"og:type\" content=\"article\" \/>\n<meta property=\"og:title\" content=\"(VIDEO EN VIVO) Sheinbaum se convierte hoy en la primera mujer electa en gobernar la CdMx\u2026 y con el Presidente como aliado -\" \/>\n<meta property=\"og:description\" content=\"(VIDEO EN VIVO) Sheinbaum se convierte hoy en la primera mujer electa en gobernar la CdMx\u2026 y con el Presidente como aliado Por Redacci\u00f3n QP\" \/>\n<meta property=\"og:url\" content=\"https:\/\/quehacerpolitico.mx\/?p=11006\" \/>\n<meta property=\"article:published_time\" content=\"2018-12-05T15:00:48+00:00\" \/>\n<meta name=\"author\" content=\"Redacci\u00f3n QP\" \/>\n<meta name=\"twitter:card\" content=\"summary_large_image\" \/>\n<meta name=\"twitter:label1\" content=\"Escrito por\" \/>\n\t<meta name=\"twitter:data1\" content=\"Redacci\u00f3n QP\" \/>\n\t<meta name=\"twitter:label2\" content=\"Tiempo de lectura\" \/>\n\t<meta name=\"twitter:data2\" content=\"2 minutos\" \/>\n<script type=\"application\/ld+json\" class=\"yoast-schema-graph\">{\"@context\":\"https:\\\/\\\/schema.org\",\"@graph\":[{\"@type\":\"Article\",\"@id\":\"https:\\\/\\\/quehacerpolitico.mx\\\/?p=11006#article\",\"isPartOf\":{\"@id\":\"https:\\\/\\\/quehacerpolitico.mx\\\/?p=11006\"},\"author\":{\"name\":\"Redacci\u00f3n QP\",\"@id\":\"https:\\\/\\\/quehacerpolitico.mx\\\/#\\\/schema\\\/person\\\/496d8ad2d1d3f8036101dca7ee39e585\"},\"headline\":\"(VIDEO EN VIVO) Sheinbaum se convierte hoy en la primera mujer electa en gobernar la CdMx\u2026 y con el Presidente como aliado\",\"datePublished\":\"2018-12-05T15:00:48+00:00\",\"mainEntityOfPage\":{\"@id\":\"https:\\\/\\\/quehacerpolitico.mx\\\/?p=11006\"},\"wordCount\":494,\"commentCount\":0,\"image\":{\"@id\":\"https:\\\/\\\/quehacerpolitico.mx\\\/?p=11006#primaryimage\"},\"thumbnailUrl\":\"\",\"articleSection\":[\"CDMX\"],\"inLanguage\":\"es\",\"potentialAction\":[{\"@type\":\"CommentAction\",\"name\":\"Comment\",\"target\":[\"https:\\\/\\\/quehacerpolitico.mx\\\/?p=11006#respond\"]}]},{\"@type\":\"WebPage\",\"@id\":\"https:\\\/\\\/quehacerpolitico.mx\\\/?p=11006\",\"url\":\"https:\\\/\\\/quehacerpolitico.mx\\\/?p=11006\",\"name\":\"(VIDEO EN VIVO) Sheinbaum se convierte hoy en la primera mujer electa en gobernar la CdMx\u2026 y con el Presidente como aliado -\",\"isPartOf\":{\"@id\":\"https:\\\/\\\/quehacerpolitico.mx\\\/#website\"},\"primaryImageOfPage\":{\"@id\":\"https:\\\/\\\/quehacerpolitico.mx\\\/?p=11006#primaryimage\"},\"image\":{\"@id\":\"https:\\\/\\\/quehacerpolitico.mx\\\/?p=11006#primaryimage\"},\"thumbnailUrl\":\"\",\"datePublished\":\"2018-12-05T15:00:48+00:00\",\"author\":{\"@id\":\"https:\\\/\\\/quehacerpolitico.mx\\\/#\\\/schema\\\/person\\\/496d8ad2d1d3f8036101dca7ee39e585\"},\"breadcrumb\":{\"@id\":\"https:\\\/\\\/quehacerpolitico.mx\\\/?p=11006#breadcrumb\"},\"inLanguage\":\"es\",\"potentialAction\":[{\"@type\":\"ReadAction\",\"target\":[\"https:\\\/\\\/quehacerpolitico.mx\\\/?p=11006\"]}]},{\"@type\":\"ImageObject\",\"inLanguage\":\"es\",\"@id\":\"https:\\\/\\\/quehacerpolitico.mx\\\/?p=11006#primaryimage\",\"url\":\"\",\"contentUrl\":\"\"},{\"@type\":\"BreadcrumbList\",\"@id\":\"https:\\\/\\\/quehacerpolitico.mx\\\/?p=11006#breadcrumb\",\"itemListElement\":[{\"@type\":\"ListItem\",\"position\":1,\"name\":\"Inicio\",\"item\":\"https:\\\/\\\/quehacerpolitico.mx\\\/\"},{\"@type\":\"ListItem\",\"position\":2,\"name\":\"(VIDEO EN VIVO) Sheinbaum se convierte hoy en la primera mujer electa en gobernar la CdMx\u2026 y con el Presidente como aliado\"}]},{\"@type\":\"WebSite\",\"@id\":\"https:\\\/\\\/quehacerpolitico.mx\\\/#website\",\"url\":\"https:\\\/\\\/quehacerpolitico.mx\\\/\",\"name\":\"\",\"description\":\"\",\"potentialAction\":[{\"@type\":\"SearchAction\",\"target\":{\"@type\":\"EntryPoint\",\"urlTemplate\":\"https:\\\/\\\/quehacerpolitico.mx\\\/?s={search_term_string}\"},\"query-input\":{\"@type\":\"PropertyValueSpecification\",\"valueRequired\":true,\"valueName\":\"search_term_string\"}}],\"inLanguage\":\"es\"},{\"@type\":\"Person\",\"@id\":\"https:\\\/\\\/quehacerpolitico.mx\\\/#\\\/schema\\\/person\\\/496d8ad2d1d3f8036101dca7ee39e585\",\"name\":\"Redacci\u00f3n QP\",\"image\":{\"@type\":\"ImageObject\",\"inLanguage\":\"es\",\"@id\":\"https:\\\/\\\/secure.gravatar.com\\\/avatar\\\/c7164ed6fdec453195284ad24a5ae5b6e1eed2b848477fa2a4787ba9adf39a41?s=96&d=mm&r=g\",\"url\":\"https:\\\/\\\/secure.gravatar.com\\\/avatar\\\/c7164ed6fdec453195284ad24a5ae5b6e1eed2b848477fa2a4787ba9adf39a41?s=96&d=mm&r=g\",\"contentUrl\":\"https:\\\/\\\/secure.gravatar.com\\\/avatar\\\/c7164ed6fdec453195284ad24a5ae5b6e1eed2b848477fa2a4787ba9adf39a41?s=96&d=mm&r=g\",\"caption\":\"Redacci\u00f3n QP\"},\"url\":\"https:\\\/\\\/quehacerpolitico.mx\\\/?author=2\"}]}<\/script>\n<!-- \/ Yoast SEO plugin. -->","yoast_head_json":{"title":"(VIDEO EN VIVO) Sheinbaum se convierte hoy en la primera mujer electa en gobernar la CdMx\u2026 y con el Presidente como aliado -","robots":{"index":"index","follow":"follow","max-snippet":"max-snippet:-1","max-image-preview":"max-image-preview:large","max-video-preview":"max-video-preview:-1"},"canonical":"https:\/\/quehacerpolitico.mx\/?p=11006","og_locale":"es_MX","og_type":"article","og_title":"(VIDEO EN VIVO) Sheinbaum se convierte hoy en la primera mujer electa en gobernar la CdMx\u2026 y con el Presidente como aliado -","og_description":"(VIDEO EN VIVO) Sheinbaum se convierte hoy en la primera mujer electa en gobernar la CdMx\u2026 y con el Presidente como aliado Por Redacci\u00f3n QP","og_url":"https:\/\/quehacerpolitico.mx\/?p=11006","article_published_time":"2018-12-05T15:00:48+00:00","author":"Redacci\u00f3n QP","twitter_card":"summary_large_image","twitter_misc":{"Escrito por":"Redacci\u00f3n QP","Tiempo de lectura":"2 minutos"},"schema":{"@context":"https:\/\/schema.org","@graph":[{"@type":"Article","@id":"https:\/\/quehacerpolitico.mx\/?p=11006#article","isPartOf":{"@id":"https:\/\/quehacerpolitico.mx\/?p=11006"},"author":{"name":"Redacci\u00f3n QP","@id":"https:\/\/quehacerpolitico.mx\/#\/schema\/person\/496d8ad2d1d3f8036101dca7ee39e585"},"headline":"(VIDEO EN VIVO) Sheinbaum se convierte hoy en la primera mujer electa en gobernar la CdMx\u2026 y con el Presidente como aliado","datePublished":"2018-12-05T15:00:48+00:00","mainEntityOfPage":{"@id":"https:\/\/quehacerpolitico.mx\/?p=11006"},"wordCount":494,"commentCount":0,"image":{"@id":"https:\/\/quehacerpolitico.mx\/?p=11006#primaryimage"},"thumbnailUrl":"","articleSection":["CDMX"],"inLanguage":"es","potentialAction":[{"@type":"CommentAction","name":"Comment","target":["https:\/\/quehacerpolitico.mx\/?p=11006#respond"]}]},{"@type":"WebPage","@id":"https:\/\/quehacerpolitico.mx\/?p=11006","url":"https:\/\/quehacerpolitico.mx\/?p=11006","name":"(VIDEO EN VIVO) Sheinbaum se convierte hoy en la primera mujer electa en gobernar la CdMx\u2026 y con el Presidente como aliado -","isPartOf":{"@id":"https:\/\/quehacerpolitico.mx\/#website"},"primaryImageOfPage":{"@id":"https:\/\/quehacerpolitico.mx\/?p=11006#primaryimage"},"image":{"@id":"https:\/\/quehacerpolitico.mx\/?p=11006#primaryimage"},"thumbnailUrl":"","datePublished":"2018-12-05T15:00:48+00:00","author":{"@id":"https:\/\/quehacerpolitico.mx\/#\/schema\/person\/496d8ad2d1d3f8036101dca7ee39e585"},"breadcrumb":{"@id":"https:\/\/quehacerpolitico.mx\/?p=11006#breadcrumb"},"inLanguage":"es","potentialAction":[{"@type":"ReadAction","target":["https:\/\/quehacerpolitico.mx\/?p=11006"]}]},{"@type":"ImageObject","inLanguage":"es","@id":"https:\/\/quehacerpolitico.mx\/?p=11006#primaryimage","url":"","contentUrl":""},{"@type":"BreadcrumbList","@id":"https:\/\/quehacerpolitico.mx\/?p=11006#breadcrumb","itemListElement":[{"@type":"ListItem","position":1,"name":"Inicio","item":"https:\/\/quehacerpolitico.mx\/"},{"@type":"ListItem","position":2,"name":"(VIDEO EN VIVO) Sheinbaum se convierte hoy en la primera mujer electa en gobernar la CdMx\u2026 y con el Presidente como aliado"}]},{"@type":"WebSite","@id":"https:\/\/quehacerpolitico.mx\/#website","url":"https:\/\/quehacerpolitico.mx\/","name":"","description":"","potentialAction":[{"@type":"SearchAction","target":{"@type":"EntryPoint","urlTemplate":"https:\/\/quehacerpolitico.mx\/?s={search_term_string}"},"query-input":{"@type":"PropertyValueSpecification","valueRequired":true,"valueName":"search_term_string"}}],"inLanguage":"es"},{"@type":"Person","@id":"https:\/\/quehacerpolitico.mx\/#\/schema\/person\/496d8ad2d1d3f8036101dca7ee39e585","name":"Redacci\u00f3n QP","image":{"@type":"ImageObject","inLanguage":"es","@id":"https:\/\/secure.gravatar.com\/avatar\/c7164ed6fdec453195284ad24a5ae5b6e1eed2b848477fa2a4787ba9adf39a41?s=96&d=mm&r=g","url":"https:\/\/secure.gravatar.com\/avatar\/c7164ed6fdec453195284ad24a5ae5b6e1eed2b848477fa2a4787ba9adf39a41?s=96&d=mm&r=g","contentUrl":"https:\/\/secure.gravatar.com\/avatar\/c7164ed6fdec453195284ad24a5ae5b6e1eed2b848477fa2a4787ba9adf39a41?s=96&d=mm&r=g","caption":"Redacci\u00f3n QP"},"url":"https:\/\/quehacerpolitico.mx\/?author=2"}]}},"featured_image_urls":{"full":"","thumbnail":"","medium":"","medium_large":"","large":"","1536x1536":"","2048x2048":"","covernews-featured":"","covernews-medium":""},"author_info":{"display_name":"Redacci\u00f3n QP","author_link":"https:\/\/quehacerpolitico.mx\/?author=2"},"category_info":"<a href=\"https:\/\/quehacerpolitico.mx\/?cat=55\" rel=\"category\">CDMX<\/a>","tag_info":"CDMX","comment_count":"0","_links":{"self":[{"href":"https:\/\/quehacerpolitico.mx\/index.php?rest_route=\/wp\/v2\/posts\/11006","targetHints":{"allow":["GET"]}}],"collection":[{"href":"https:\/\/quehacerpolitico.mx\/index.php?rest_route=\/wp\/v2\/posts"}],"about":[{"href":"https:\/\/quehacerpolitico.mx\/index.php?rest_route=\/wp\/v2\/types\/post"}],"author":[{"embeddable":true,"href":"https:\/\/quehacerpolitico.mx\/index.php?rest_route=\/wp\/v2\/users\/2"}],"replies":[{"embeddable":true,"href":"https:\/\/quehacerpolitico.mx\/index.php?rest_route=%2Fwp%2Fv2%2Fcomments&post=11006"}],"version-history":[{"count":0,"href":"https:\/\/quehacerpolitico.mx\/index.php?rest_route=\/wp\/v2\/posts\/11006\/revisions"}],"wp:featuredmedia":[{"embeddable":true,"href":"https:\/\/quehacerpolitico.mx\/index.php?rest_route=\/"}],"wp:attachment":[{"href":"https:\/\/quehacerpolitico.mx\/index.php?rest_route=%2Fwp%2Fv2%2Fmedia&parent=11006"}],"wp:term":[{"taxonomy":"category","embeddable":true,"href":"https:\/\/quehacerpolitico.mx\/index.php?rest_route=%2Fwp%2Fv2%2Fcategories&post=11006"},{"taxonomy":"post_tag","embeddable":true,"href":"https:\/\/quehacerpolitico.mx\/index.php?rest_route=%2Fwp%2Fv2%2Ftags&post=11006"}],"curies":[{"name":"wp","href":"https:\/\/api.w.org\/{rel}","templated":true}]}}