{"id":110054,"date":"2024-05-17T14:53:33","date_gmt":"2024-05-17T14:53:33","guid":{"rendered":"https:\/\/quehacerpolitico.mx\/?p=110054"},"modified":"2024-05-17T14:53:36","modified_gmt":"2024-05-17T14:53:36","slug":"la-fifa-elige-a-brasil-como-sede-del-mundial-femenil-de-2027-primero-que-se-disputara-en-latinoamerica","status":"publish","type":"post","link":"https:\/\/quehacerpolitico.mx\/?p=110054","title":{"rendered":"La FIFA elige a Brasil como sede del Mundial Femenil de 2027, primero que se disputar\u00e1 en Latinoam\u00e9rica"},"content":{"rendered":"\n<p>Por Redacci\u00f3n QP<\/p>\n\n\n\n<p>El Congreso de la FIFA eligi\u00f3 a Brasil como sede del Mundial Femenil de 2027, candidatura que super\u00f3 a la de Alemania-B\u00e9lgica y Pa\u00edses Bajos.<\/p>\n\n\n\n<p><strong>Brasil<\/strong>\u00a0fue la<strong>\u00a0<\/strong>sede este viernes durante el\u00a0<strong>Congreso de la FIFA<\/strong>\u00a0celebrado en Bangkok para\u00a0<strong>organizar el Mundial Femenil de 2027<\/strong>, la primera vez que el campeonato se disputar\u00e1 en<strong>\u00a0Latinoam\u00e9rica<\/strong>.<\/p>\n\n\n\n<figure class=\"wp-block-embed is-type-video is-provider-youtube wp-block-embed-youtube wp-embed-aspect-16-9 wp-has-aspect-ratio\"><div class=\"wp-block-embed__wrapper\">\n<iframe loading=\"lazy\" title=\"FIFA concluye un Congreso marcado por la elecci\u00f3n de Brasil como sede del Mundial femenino de 2027\" width=\"640\" height=\"360\" src=\"https:\/\/www.youtube.com\/embed\/w3lSuz75NT4?feature=oembed\" frameborder=\"0\" allow=\"accelerometer; autoplay; clipboard-write; encrypted-media; gyroscope; picture-in-picture; web-share\" referrerpolicy=\"strict-origin-when-cross-origin\" allowfullscreen><\/iframe>\n<\/div><\/figure>\n\n\n\n<p>La&nbsp;<strong>candidatura de Brasil<\/strong>&nbsp;se impuso en la&nbsp;<strong>votaci\u00f3n abierta<\/strong>&nbsp;a la propuesta conjunta presentada por&nbsp;<strong>Alemania-B\u00e9lgica y Pa\u00edses Bajos<\/strong>, en la que participaron por primera vez&nbsp;<strong>211 federaciones que integran la FIFA<\/strong>.<\/p>\n\n\n\n<p>Entre los votantes,\u00a0<strong>119 seleccionaron a Brasil<\/strong>, frente a 78 que hicieron lo propio con la otra candidatura, con 10 abstenciones, mientras que cuatro federaciones (los pa\u00edses candidatos) no ten\u00edan derecho a voto.<\/p>\n\n\n\n<figure class=\"wp-block-image size-large\"><img loading=\"lazy\" decoding=\"async\" width=\"853\" height=\"1024\" src=\"https:\/\/quehacerpolitico.mx\/wp-content\/uploads\/2024\/05\/image-26-853x1024.jpeg\" alt=\"\" class=\"wp-image-110056\" srcset=\"https:\/\/quehacerpolitico.mx\/wp-content\/uploads\/2024\/05\/image-26-853x1024.jpeg 853w, https:\/\/quehacerpolitico.mx\/wp-content\/uploads\/2024\/05\/image-26-250x300.jpeg 250w, https:\/\/quehacerpolitico.mx\/wp-content\/uploads\/2024\/05\/image-26-768x922.jpeg 768w, https:\/\/quehacerpolitico.mx\/wp-content\/uploads\/2024\/05\/image-26-122x146.jpeg 122w, https:\/\/quehacerpolitico.mx\/wp-content\/uploads\/2024\/05\/image-26-42x50.jpeg 42w, https:\/\/quehacerpolitico.mx\/wp-content\/uploads\/2024\/05\/image-26-63x75.jpeg 63w, https:\/\/quehacerpolitico.mx\/wp-content\/uploads\/2024\/05\/image-26.jpeg 1000w\" sizes=\"auto, (max-width: 853px) 100vw, 853px\" \/><\/figure>\n\n\n\n<p>Al escuchar el&nbsp;<strong>resultado<\/strong>, la comitiva de Brasil se fundi\u00f3 en&nbsp;<strong>abrazos de alegr\u00eda<\/strong>.<\/p>\n\n\n\n<p>\u201cLa&nbsp;<strong>victoria de Brasil es la victoria de todos<\/strong>(\u2026) Con el futbol femenino no hay divisi\u00f3n, nos tenemos que unir para continuar con su desarrollo\u201d, dijo el&nbsp;<strong>presidente de la Federaci\u00f3n brasile\u00f1a<\/strong>,&nbsp;<strong>Ednaldo Rodrigues<\/strong>, en el discurso posterior al voto, en el que adem\u00e1s prometi\u00f3 un&nbsp;<strong>Mundial \u201chist\u00f3rico\u201d<\/strong>.<\/p>\n\n\n\n<h2 class=\"wp-block-heading\" id=\"h-experiencia\">EXPERIENCIA<\/h2>\n\n\n\n<p>En su&nbsp;<strong>presentaci\u00f3n<\/strong>&nbsp;antes de la votaci\u00f3n, la brasile\u00f1a&nbsp;<strong>Duda Pavao<\/strong>, acompa\u00f1ada por Iara -una asistente virtual-, remarc\u00f3 la&nbsp;<strong>experiencia de Brasil<\/strong>&nbsp;para organizar grandes eventos, como los&nbsp;<strong>Juegos Ol\u00edmpicos de R\u00edo<\/strong>&nbsp;2016 o el Mundial varonil 2014, al remarcar que sus estadios ya est\u00e1n preparados y cuentan con el apoyo y compromiso del Gobierno.<\/p>\n\n\n\n<p>\u201cEl\u00a0<strong>futbol femenino est\u00e1 creciendo<\/strong>\u00a0cada vez m\u00e1s en Brasil y en toda Sudam\u00e9rica\u201d, remarc\u00f3 Pavao en su turno.<\/p>\n\n\n\n<figure class=\"wp-block-image size-large\"><img loading=\"lazy\" decoding=\"async\" width=\"1024\" height=\"976\" src=\"https:\/\/quehacerpolitico.mx\/wp-content\/uploads\/2024\/05\/image-27-1024x976.jpeg\" alt=\"\" class=\"wp-image-110057\" srcset=\"https:\/\/quehacerpolitico.mx\/wp-content\/uploads\/2024\/05\/image-27-1024x976.jpeg 1024w, https:\/\/quehacerpolitico.mx\/wp-content\/uploads\/2024\/05\/image-27-300x286.jpeg 300w, https:\/\/quehacerpolitico.mx\/wp-content\/uploads\/2024\/05\/image-27-768x732.jpeg 768w, https:\/\/quehacerpolitico.mx\/wp-content\/uploads\/2024\/05\/image-27-153x146.jpeg 153w, https:\/\/quehacerpolitico.mx\/wp-content\/uploads\/2024\/05\/image-27-50x48.jpeg 50w, https:\/\/quehacerpolitico.mx\/wp-content\/uploads\/2024\/05\/image-27-79x75.jpeg 79w, https:\/\/quehacerpolitico.mx\/wp-content\/uploads\/2024\/05\/image-27.jpeg 1284w\" sizes=\"auto, (max-width: 1024px) 100vw, 1024px\" \/><figcaption class=\"wp-element-caption\">Screenshot<\/figcaption><\/figure>\n\n\n\n<p>Brasil part\u00eda con cierta&nbsp;<strong>ventaja<\/strong>, despu\u00e9s de que a principios de mayo el informe de evaluaci\u00f3n t\u00e9cnica de la FIFA le concediera una mayor puntuaci\u00f3n, con una media de 4.0 sobre 5, que a su rival, que tuvo una nota media de 3,7.<\/p>\n\n\n\n<p>El&nbsp;<strong>informe de evaluaci\u00f3n<\/strong>&nbsp;puntu\u00f3 aspectos como infraestructuras, los riesgos, el concepto y el legado de las candidaturas que tomar\u00e1n el relevo del hist\u00f3rico campeonato celebrado en 2023 en Australia y Nueva Zelanda, donde Espa\u00f1a se alz\u00f3 con el Mundial.<\/p>\n\n\n\n<p>La FIFA valor\u00f3 de manera positiva los&nbsp;<strong>estadios<\/strong>\u201cconstruidos espec\u00edficamente para albergar competiciones internacionales de gran envergadura\u201d que se usaron para la Copa Mundial de la FIFA 2014.<\/p>\n\n\n\n<h2 class=\"wp-block-heading\">APOYO<\/h2>\n\n\n\n<p>Tambi\u00e9n el\u00a0<strong>apoyo del Gobierno<\/strong>\u00a0y la Confederaci\u00f3n Brasile\u00f1a de Futbol con el lema \u201cTan natural como el futbol\u201d, cuya candidatura se centra en un evento que inspire a mujeres y ni\u00f1as y llame a la conciencia social en temas como la sostenibilidad, la inclusi\u00f3n y la responsabilidad social.<\/p>\n\n\n\n<figure class=\"wp-block-image size-large\"><img loading=\"lazy\" decoding=\"async\" width=\"1024\" height=\"693\" src=\"https:\/\/quehacerpolitico.mx\/wp-content\/uploads\/2024\/05\/image-28-1024x693.jpeg\" alt=\"\" class=\"wp-image-110058\" srcset=\"https:\/\/quehacerpolitico.mx\/wp-content\/uploads\/2024\/05\/image-28-1024x693.jpeg 1024w, https:\/\/quehacerpolitico.mx\/wp-content\/uploads\/2024\/05\/image-28-300x203.jpeg 300w, https:\/\/quehacerpolitico.mx\/wp-content\/uploads\/2024\/05\/image-28-768x520.jpeg 768w, https:\/\/quehacerpolitico.mx\/wp-content\/uploads\/2024\/05\/image-28-216x146.jpeg 216w, https:\/\/quehacerpolitico.mx\/wp-content\/uploads\/2024\/05\/image-28-50x34.jpeg 50w, https:\/\/quehacerpolitico.mx\/wp-content\/uploads\/2024\/05\/image-28-111x75.jpeg 111w, https:\/\/quehacerpolitico.mx\/wp-content\/uploads\/2024\/05\/image-28.jpeg 1284w\" sizes=\"auto, (max-width: 1024px) 100vw, 1024px\" \/><figcaption class=\"wp-element-caption\">Screenshot<\/figcaption><\/figure>\n\n\n\n<p>Brasil adem\u00e1s se convertir\u00e1 en 2027 en la\u00a0<strong>primera sede del Mundial Femenil disputado en Sudam\u00e9rica<\/strong>\u00a0y en general en Latinoam\u00e9rica, \u201clo que podr\u00eda tener una repercusi\u00f3n enorme en el f\u00fatbol femenino del continente\u201d, seg\u00fan la evaluaci\u00f3n de la FIFA.<\/p>\n\n\n\n<p>Previamente, otras dos candidaturas se quedaron en camino. Una candidatura conjunta de\u00a0<strong>Estados Unidos y M\u00e9xico anunci\u00f3 su retirada<\/strong>\u00a0a finales de abril, y Sud\u00e1frica hizo lo propio el pasado noviembre.<\/p>\n\n\n\n<p>Con informaci\u00f3n de EFE<\/p>\n","protected":false},"excerpt":{"rendered":"<p>Por Redacci\u00f3n QP El Congreso de la FIFA eligi\u00f3 a Brasil como sede del Mundial&#8230;<\/p>\n","protected":false},"author":2,"featured_media":110055,"comment_status":"open","ping_status":"open","sticky":false,"template":"","format":"standard","meta":{"_monsterinsights_skip_tracking":false,"_monsterinsights_sitenote_active":false,"_monsterinsights_sitenote_note":"","_monsterinsights_sitenote_category":0,"footnotes":""},"categories":[54],"tags":[],"class_list":["post-110054","post","type-post","status-publish","format-standard","has-post-thumbnail","hentry","category-deportes"],"yoast_head":"<!-- This site is optimized with the Yoast SEO plugin v27.3 - https:\/\/yoast.com\/product\/yoast-seo-wordpress\/ -->\n<title>La FIFA elige a Brasil como sede del Mundial Femenil de 2027, primero que se disputar\u00e1 en Latinoam\u00e9rica -<\/title>\n<meta name=\"robots\" content=\"index, follow, max-snippet:-1, max-image-preview:large, max-video-preview:-1\" \/>\n<link rel=\"canonical\" href=\"https:\/\/quehacerpolitico.mx\/?p=110054\" \/>\n<meta property=\"og:locale\" content=\"es_MX\" \/>\n<meta property=\"og:type\" content=\"article\" \/>\n<meta property=\"og:title\" content=\"La FIFA elige a Brasil como sede del Mundial Femenil de 2027, primero que se disputar\u00e1 en Latinoam\u00e9rica -\" \/>\n<meta property=\"og:description\" content=\"Por Redacci\u00f3n QP El Congreso de la FIFA eligi\u00f3 a Brasil como sede del Mundial...\" \/>\n<meta property=\"og:url\" content=\"https:\/\/quehacerpolitico.mx\/?p=110054\" \/>\n<meta property=\"article:published_time\" content=\"2024-05-17T14:53:33+00:00\" \/>\n<meta property=\"article:modified_time\" content=\"2024-05-17T14:53:36+00:00\" \/>\n<meta property=\"og:image\" content=\"https:\/\/quehacerpolitico.mx\/wp-content\/uploads\/2024\/05\/IMG_5704.jpeg\" \/>\n\t<meta property=\"og:image:width\" content=\"1284\" \/>\n\t<meta property=\"og:image:height\" content=\"826\" \/>\n\t<meta property=\"og:image:type\" content=\"image\/jpeg\" \/>\n<meta name=\"author\" content=\"Redacci\u00f3n QP\" \/>\n<meta name=\"twitter:card\" content=\"summary_large_image\" \/>\n<meta name=\"twitter:label1\" content=\"Escrito por\" \/>\n\t<meta name=\"twitter:data1\" content=\"Redacci\u00f3n QP\" \/>\n\t<meta name=\"twitter:label2\" content=\"Tiempo de lectura\" \/>\n\t<meta name=\"twitter:data2\" content=\"3 minutos\" \/>\n<script type=\"application\/ld+json\" class=\"yoast-schema-graph\">{\"@context\":\"https:\\\/\\\/schema.org\",\"@graph\":[{\"@type\":\"Article\",\"@id\":\"https:\\\/\\\/quehacerpolitico.mx\\\/?p=110054#article\",\"isPartOf\":{\"@id\":\"https:\\\/\\\/quehacerpolitico.mx\\\/?p=110054\"},\"author\":{\"name\":\"Redacci\u00f3n QP\",\"@id\":\"https:\\\/\\\/quehacerpolitico.mx\\\/#\\\/schema\\\/person\\\/496d8ad2d1d3f8036101dca7ee39e585\"},\"headline\":\"La FIFA elige a Brasil como sede del Mundial Femenil de 2027, primero que se disputar\u00e1 en Latinoam\u00e9rica\",\"datePublished\":\"2024-05-17T14:53:33+00:00\",\"dateModified\":\"2024-05-17T14:53:36+00:00\",\"mainEntityOfPage\":{\"@id\":\"https:\\\/\\\/quehacerpolitico.mx\\\/?p=110054\"},\"wordCount\":586,\"commentCount\":0,\"image\":{\"@id\":\"https:\\\/\\\/quehacerpolitico.mx\\\/?p=110054#primaryimage\"},\"thumbnailUrl\":\"https:\\\/\\\/quehacerpolitico.mx\\\/wp-content\\\/uploads\\\/2024\\\/05\\\/IMG_5704.jpeg\",\"articleSection\":[\"Deportes\"],\"inLanguage\":\"es\",\"potentialAction\":[{\"@type\":\"CommentAction\",\"name\":\"Comment\",\"target\":[\"https:\\\/\\\/quehacerpolitico.mx\\\/?p=110054#respond\"]}]},{\"@type\":\"WebPage\",\"@id\":\"https:\\\/\\\/quehacerpolitico.mx\\\/?p=110054\",\"url\":\"https:\\\/\\\/quehacerpolitico.mx\\\/?p=110054\",\"name\":\"La FIFA elige a Brasil como sede del Mundial Femenil de 2027, primero que se disputar\u00e1 en Latinoam\u00e9rica -\",\"isPartOf\":{\"@id\":\"https:\\\/\\\/quehacerpolitico.mx\\\/#website\"},\"primaryImageOfPage\":{\"@id\":\"https:\\\/\\\/quehacerpolitico.mx\\\/?p=110054#primaryimage\"},\"image\":{\"@id\":\"https:\\\/\\\/quehacerpolitico.mx\\\/?p=110054#primaryimage\"},\"thumbnailUrl\":\"https:\\\/\\\/quehacerpolitico.mx\\\/wp-content\\\/uploads\\\/2024\\\/05\\\/IMG_5704.jpeg\",\"datePublished\":\"2024-05-17T14:53:33+00:00\",\"dateModified\":\"2024-05-17T14:53:36+00:00\",\"author\":{\"@id\":\"https:\\\/\\\/quehacerpolitico.mx\\\/#\\\/schema\\\/person\\\/496d8ad2d1d3f8036101dca7ee39e585\"},\"breadcrumb\":{\"@id\":\"https:\\\/\\\/quehacerpolitico.mx\\\/?p=110054#breadcrumb\"},\"inLanguage\":\"es\",\"potentialAction\":[{\"@type\":\"ReadAction\",\"target\":[\"https:\\\/\\\/quehacerpolitico.mx\\\/?p=110054\"]}]},{\"@type\":\"ImageObject\",\"inLanguage\":\"es\",\"@id\":\"https:\\\/\\\/quehacerpolitico.mx\\\/?p=110054#primaryimage\",\"url\":\"https:\\\/\\\/quehacerpolitico.mx\\\/wp-content\\\/uploads\\\/2024\\\/05\\\/IMG_5704.jpeg\",\"contentUrl\":\"https:\\\/\\\/quehacerpolitico.mx\\\/wp-content\\\/uploads\\\/2024\\\/05\\\/IMG_5704.jpeg\",\"width\":1284,\"height\":826,\"caption\":\"Screenshot\"},{\"@type\":\"BreadcrumbList\",\"@id\":\"https:\\\/\\\/quehacerpolitico.mx\\\/?p=110054#breadcrumb\",\"itemListElement\":[{\"@type\":\"ListItem\",\"position\":1,\"name\":\"Inicio\",\"item\":\"https:\\\/\\\/quehacerpolitico.mx\\\/\"},{\"@type\":\"ListItem\",\"position\":2,\"name\":\"La FIFA elige a Brasil como sede del Mundial Femenil de 2027, primero que se disputar\u00e1 en Latinoam\u00e9rica\"}]},{\"@type\":\"WebSite\",\"@id\":\"https:\\\/\\\/quehacerpolitico.mx\\\/#website\",\"url\":\"https:\\\/\\\/quehacerpolitico.mx\\\/\",\"name\":\"\",\"description\":\"\",\"potentialAction\":[{\"@type\":\"SearchAction\",\"target\":{\"@type\":\"EntryPoint\",\"urlTemplate\":\"https:\\\/\\\/quehacerpolitico.mx\\\/?s={search_term_string}\"},\"query-input\":{\"@type\":\"PropertyValueSpecification\",\"valueRequired\":true,\"valueName\":\"search_term_string\"}}],\"inLanguage\":\"es\"},{\"@type\":\"Person\",\"@id\":\"https:\\\/\\\/quehacerpolitico.mx\\\/#\\\/schema\\\/person\\\/496d8ad2d1d3f8036101dca7ee39e585\",\"name\":\"Redacci\u00f3n QP\",\"image\":{\"@type\":\"ImageObject\",\"inLanguage\":\"es\",\"@id\":\"https:\\\/\\\/secure.gravatar.com\\\/avatar\\\/c7164ed6fdec453195284ad24a5ae5b6e1eed2b848477fa2a4787ba9adf39a41?s=96&d=mm&r=g\",\"url\":\"https:\\\/\\\/secure.gravatar.com\\\/avatar\\\/c7164ed6fdec453195284ad24a5ae5b6e1eed2b848477fa2a4787ba9adf39a41?s=96&d=mm&r=g\",\"contentUrl\":\"https:\\\/\\\/secure.gravatar.com\\\/avatar\\\/c7164ed6fdec453195284ad24a5ae5b6e1eed2b848477fa2a4787ba9adf39a41?s=96&d=mm&r=g\",\"caption\":\"Redacci\u00f3n QP\"},\"url\":\"https:\\\/\\\/quehacerpolitico.mx\\\/?author=2\"}]}<\/script>\n<!-- \/ Yoast SEO plugin. -->","yoast_head_json":{"title":"La FIFA elige a Brasil como sede del Mundial Femenil de 2027, primero que se disputar\u00e1 en Latinoam\u00e9rica -","robots":{"index":"index","follow":"follow","max-snippet":"max-snippet:-1","max-image-preview":"max-image-preview:large","max-video-preview":"max-video-preview:-1"},"canonical":"https:\/\/quehacerpolitico.mx\/?p=110054","og_locale":"es_MX","og_type":"article","og_title":"La FIFA elige a Brasil como sede del Mundial Femenil de 2027, primero que se disputar\u00e1 en Latinoam\u00e9rica -","og_description":"Por Redacci\u00f3n QP El Congreso de la FIFA eligi\u00f3 a Brasil como sede del Mundial...","og_url":"https:\/\/quehacerpolitico.mx\/?p=110054","article_published_time":"2024-05-17T14:53:33+00:00","article_modified_time":"2024-05-17T14:53:36+00:00","og_image":[{"width":1284,"height":826,"url":"https:\/\/quehacerpolitico.mx\/wp-content\/uploads\/2024\/05\/IMG_5704.jpeg","type":"image\/jpeg"}],"author":"Redacci\u00f3n QP","twitter_card":"summary_large_image","twitter_misc":{"Escrito por":"Redacci\u00f3n QP","Tiempo de lectura":"3 minutos"},"schema":{"@context":"https:\/\/schema.org","@graph":[{"@type":"Article","@id":"https:\/\/quehacerpolitico.mx\/?p=110054#article","isPartOf":{"@id":"https:\/\/quehacerpolitico.mx\/?p=110054"},"author":{"name":"Redacci\u00f3n QP","@id":"https:\/\/quehacerpolitico.mx\/#\/schema\/person\/496d8ad2d1d3f8036101dca7ee39e585"},"headline":"La FIFA elige a Brasil como sede del Mundial Femenil de 2027, primero que se disputar\u00e1 en Latinoam\u00e9rica","datePublished":"2024-05-17T14:53:33+00:00","dateModified":"2024-05-17T14:53:36+00:00","mainEntityOfPage":{"@id":"https:\/\/quehacerpolitico.mx\/?p=110054"},"wordCount":586,"commentCount":0,"image":{"@id":"https:\/\/quehacerpolitico.mx\/?p=110054#primaryimage"},"thumbnailUrl":"https:\/\/quehacerpolitico.mx\/wp-content\/uploads\/2024\/05\/IMG_5704.jpeg","articleSection":["Deportes"],"inLanguage":"es","potentialAction":[{"@type":"CommentAction","name":"Comment","target":["https:\/\/quehacerpolitico.mx\/?p=110054#respond"]}]},{"@type":"WebPage","@id":"https:\/\/quehacerpolitico.mx\/?p=110054","url":"https:\/\/quehacerpolitico.mx\/?p=110054","name":"La FIFA elige a Brasil como sede del Mundial Femenil de 2027, primero que se disputar\u00e1 en Latinoam\u00e9rica -","isPartOf":{"@id":"https:\/\/quehacerpolitico.mx\/#website"},"primaryImageOfPage":{"@id":"https:\/\/quehacerpolitico.mx\/?p=110054#primaryimage"},"image":{"@id":"https:\/\/quehacerpolitico.mx\/?p=110054#primaryimage"},"thumbnailUrl":"https:\/\/quehacerpolitico.mx\/wp-content\/uploads\/2024\/05\/IMG_5704.jpeg","datePublished":"2024-05-17T14:53:33+00:00","dateModified":"2024-05-17T14:53:36+00:00","author":{"@id":"https:\/\/quehacerpolitico.mx\/#\/schema\/person\/496d8ad2d1d3f8036101dca7ee39e585"},"breadcrumb":{"@id":"https:\/\/quehacerpolitico.mx\/?p=110054#breadcrumb"},"inLanguage":"es","potentialAction":[{"@type":"ReadAction","target":["https:\/\/quehacerpolitico.mx\/?p=110054"]}]},{"@type":"ImageObject","inLanguage":"es","@id":"https:\/\/quehacerpolitico.mx\/?p=110054#primaryimage","url":"https:\/\/quehacerpolitico.mx\/wp-content\/uploads\/2024\/05\/IMG_5704.jpeg","contentUrl":"https:\/\/quehacerpolitico.mx\/wp-content\/uploads\/2024\/05\/IMG_5704.jpeg","width":1284,"height":826,"caption":"Screenshot"},{"@type":"BreadcrumbList","@id":"https:\/\/quehacerpolitico.mx\/?p=110054#breadcrumb","itemListElement":[{"@type":"ListItem","position":1,"name":"Inicio","item":"https:\/\/quehacerpolitico.mx\/"},{"@type":"ListItem","position":2,"name":"La FIFA elige a Brasil como sede del Mundial Femenil de 2027, primero que se disputar\u00e1 en Latinoam\u00e9rica"}]},{"@type":"WebSite","@id":"https:\/\/quehacerpolitico.mx\/#website","url":"https:\/\/quehacerpolitico.mx\/","name":"","description":"","potentialAction":[{"@type":"SearchAction","target":{"@type":"EntryPoint","urlTemplate":"https:\/\/quehacerpolitico.mx\/?s={search_term_string}"},"query-input":{"@type":"PropertyValueSpecification","valueRequired":true,"valueName":"search_term_string"}}],"inLanguage":"es"},{"@type":"Person","@id":"https:\/\/quehacerpolitico.mx\/#\/schema\/person\/496d8ad2d1d3f8036101dca7ee39e585","name":"Redacci\u00f3n QP","image":{"@type":"ImageObject","inLanguage":"es","@id":"https:\/\/secure.gravatar.com\/avatar\/c7164ed6fdec453195284ad24a5ae5b6e1eed2b848477fa2a4787ba9adf39a41?s=96&d=mm&r=g","url":"https:\/\/secure.gravatar.com\/avatar\/c7164ed6fdec453195284ad24a5ae5b6e1eed2b848477fa2a4787ba9adf39a41?s=96&d=mm&r=g","contentUrl":"https:\/\/secure.gravatar.com\/avatar\/c7164ed6fdec453195284ad24a5ae5b6e1eed2b848477fa2a4787ba9adf39a41?s=96&d=mm&r=g","caption":"Redacci\u00f3n QP"},"url":"https:\/\/quehacerpolitico.mx\/?author=2"}]}},"featured_image_urls":{"full":["https:\/\/quehacerpolitico.mx\/wp-content\/uploads\/2024\/05\/IMG_5704.jpeg",1284,826,false],"thumbnail":["https:\/\/quehacerpolitico.mx\/wp-content\/uploads\/2024\/05\/IMG_5704-150x150.jpeg",150,150,true],"medium":["https:\/\/quehacerpolitico.mx\/wp-content\/uploads\/2024\/05\/IMG_5704-300x193.jpeg",300,193,true],"medium_large":["https:\/\/quehacerpolitico.mx\/wp-content\/uploads\/2024\/05\/IMG_5704-768x494.jpeg",640,412,true],"large":["https:\/\/quehacerpolitico.mx\/wp-content\/uploads\/2024\/05\/IMG_5704-1024x659.jpeg",640,412,true],"1536x1536":["https:\/\/quehacerpolitico.mx\/wp-content\/uploads\/2024\/05\/IMG_5704.jpeg",1284,826,false],"2048x2048":["https:\/\/quehacerpolitico.mx\/wp-content\/uploads\/2024\/05\/IMG_5704.jpeg",1284,826,false],"covernews-featured":["https:\/\/quehacerpolitico.mx\/wp-content\/uploads\/2024\/05\/IMG_5704.jpeg",1024,659,false],"covernews-medium":["https:\/\/quehacerpolitico.mx\/wp-content\/uploads\/2024\/05\/IMG_5704.jpeg",529,340,false]},"author_info":{"display_name":"Redacci\u00f3n QP","author_link":"https:\/\/quehacerpolitico.mx\/?author=2"},"category_info":"<a href=\"https:\/\/quehacerpolitico.mx\/?cat=54\" rel=\"category\">Deportes<\/a>","tag_info":"Deportes","comment_count":"0","_links":{"self":[{"href":"https:\/\/quehacerpolitico.mx\/index.php?rest_route=\/wp\/v2\/posts\/110054","targetHints":{"allow":["GET"]}}],"collection":[{"href":"https:\/\/quehacerpolitico.mx\/index.php?rest_route=\/wp\/v2\/posts"}],"about":[{"href":"https:\/\/quehacerpolitico.mx\/index.php?rest_route=\/wp\/v2\/types\/post"}],"author":[{"embeddable":true,"href":"https:\/\/quehacerpolitico.mx\/index.php?rest_route=\/wp\/v2\/users\/2"}],"replies":[{"embeddable":true,"href":"https:\/\/quehacerpolitico.mx\/index.php?rest_route=%2Fwp%2Fv2%2Fcomments&post=110054"}],"version-history":[{"count":1,"href":"https:\/\/quehacerpolitico.mx\/index.php?rest_route=\/wp\/v2\/posts\/110054\/revisions"}],"predecessor-version":[{"id":110059,"href":"https:\/\/quehacerpolitico.mx\/index.php?rest_route=\/wp\/v2\/posts\/110054\/revisions\/110059"}],"wp:featuredmedia":[{"embeddable":true,"href":"https:\/\/quehacerpolitico.mx\/index.php?rest_route=\/wp\/v2\/media\/110055"}],"wp:attachment":[{"href":"https:\/\/quehacerpolitico.mx\/index.php?rest_route=%2Fwp%2Fv2%2Fmedia&parent=110054"}],"wp:term":[{"taxonomy":"category","embeddable":true,"href":"https:\/\/quehacerpolitico.mx\/index.php?rest_route=%2Fwp%2Fv2%2Fcategories&post=110054"},{"taxonomy":"post_tag","embeddable":true,"href":"https:\/\/quehacerpolitico.mx\/index.php?rest_route=%2Fwp%2Fv2%2Ftags&post=110054"}],"curies":[{"name":"wp","href":"https:\/\/api.w.org\/{rel}","templated":true}]}}