{"id":110040,"date":"2024-05-17T02:46:11","date_gmt":"2024-05-17T02:46:11","guid":{"rendered":"https:\/\/quehacerpolitico.mx\/?p=110040"},"modified":"2024-05-17T02:46:13","modified_gmt":"2024-05-17T02:46:13","slug":"el-sexto-tribunal-colegiado-en-materia-de-trabajo-le-concedio-la-suspension-provisional-a-maria-amparo-casar-perez-para-que-pemex-le-siga-pagando-la-pension-post-mortem","status":"publish","type":"post","link":"https:\/\/quehacerpolitico.mx\/?p=110040","title":{"rendered":"El Sexto Tribunal Colegiado en materia de Trabajo le concedi\u00f3 la suspensi\u00f3n provisional a Mar\u00eda Amparo Casar P\u00e9rez para que PEMEX le siga pagando la pensi\u00f3n post mortem"},"content":{"rendered":"\n<p>Por Redacci\u00f3n QP<\/p>\n\n\n\n<p>Un tribunal colegiado concedi\u00f3 una suspensi\u00f3n provisional para que se le reponga la pensi\u00f3n de viudez a Mar\u00eda Amparo Casar<\/p>\n\n\n\n<p>Un tribunal colegiado confirm\u00f3 este jueves que\u00a0<strong>Petr\u00f3leos Mexicanos<\/strong>\u00a0(<strong>Pemex<\/strong>) deber\u00e1 pagar la pensi\u00f3n de viudez correspondiente a\u00a0<strong>Mar\u00eda Amparo Casar<\/strong>,\u00a0presidenta de\u00a0<strong>Mexicanos Contra la Corrupci\u00f3n y la Impunidad<\/strong>\u00a0(<strong>MCCI<\/strong>).<\/p>\n\n\n\n<figure class=\"wp-block-image size-large\"><img loading=\"lazy\" decoding=\"async\" width=\"1024\" height=\"934\" src=\"https:\/\/quehacerpolitico.mx\/wp-content\/uploads\/2024\/05\/image-25-1024x934.jpeg\" alt=\"\" class=\"wp-image-110042\" srcset=\"https:\/\/quehacerpolitico.mx\/wp-content\/uploads\/2024\/05\/image-25-1024x934.jpeg 1024w, https:\/\/quehacerpolitico.mx\/wp-content\/uploads\/2024\/05\/image-25-300x273.jpeg 300w, https:\/\/quehacerpolitico.mx\/wp-content\/uploads\/2024\/05\/image-25-768x700.jpeg 768w, https:\/\/quehacerpolitico.mx\/wp-content\/uploads\/2024\/05\/image-25-160x146.jpeg 160w, https:\/\/quehacerpolitico.mx\/wp-content\/uploads\/2024\/05\/image-25-50x46.jpeg 50w, https:\/\/quehacerpolitico.mx\/wp-content\/uploads\/2024\/05\/image-25-82x75.jpeg 82w, https:\/\/quehacerpolitico.mx\/wp-content\/uploads\/2024\/05\/image-25.jpeg 1132w\" sizes=\"auto, (max-width: 1024px) 100vw, 1024px\" \/><\/figure>\n\n\n\n<figure class=\"wp-block-image size-large\"><img loading=\"lazy\" decoding=\"async\" width=\"1024\" height=\"672\" src=\"https:\/\/quehacerpolitico.mx\/wp-content\/uploads\/2024\/05\/image-24-1024x672.jpeg\" alt=\"\" class=\"wp-image-110041\" srcset=\"https:\/\/quehacerpolitico.mx\/wp-content\/uploads\/2024\/05\/image-24-1024x672.jpeg 1024w, https:\/\/quehacerpolitico.mx\/wp-content\/uploads\/2024\/05\/image-24-300x197.jpeg 300w, https:\/\/quehacerpolitico.mx\/wp-content\/uploads\/2024\/05\/image-24-768x504.jpeg 768w, https:\/\/quehacerpolitico.mx\/wp-content\/uploads\/2024\/05\/image-24-222x146.jpeg 222w, https:\/\/quehacerpolitico.mx\/wp-content\/uploads\/2024\/05\/image-24-50x33.jpeg 50w, https:\/\/quehacerpolitico.mx\/wp-content\/uploads\/2024\/05\/image-24-114x75.jpeg 114w, https:\/\/quehacerpolitico.mx\/wp-content\/uploads\/2024\/05\/image-24.jpeg 1182w\" sizes=\"auto, (max-width: 1024px) 100vw, 1024px\" \/><\/figure>\n\n\n\n<p>La petrolera estatal asegura que la analista pol\u00edtica obtuvo de manera ilegal la pensi\u00f3n por la muerte de su esposo&nbsp;<strong>Carlos M\u00e1rquez<\/strong>, e interpuso una queja despu\u00e9s de que un juzgado otorgara otra suspensi\u00f3n para que se le pagara la pensi\u00f3n de viudez correspondiente.<\/p>\n\n\n\n<p>El\u00a0<strong>Sexto Tribunal Colegiado en Materia de Trabajo<\/strong>\u00a0en la\u00a0<strong>Ciudad de M\u00e9xico<\/strong>\u00a0concedi\u00f3 una\u00a0<strong>suspensi\u00f3n provisional<\/strong>\u00a0y declar\u00f3 infundada la queja de\u00a0<strong>Pemex<\/strong>\u00a0porque no existen suficientes elementos para acreditar la comisi\u00f3n de un delito.<\/p>\n\n\n\n<p>As\u00ed, se orden\u00f3 que se entregue a&nbsp;<strong>Mar\u00eda Amparo Casar&nbsp;<\/strong>los montos de la pensi\u00f3n desde la segunda quincena de febrero de 2024 y hasta que se resuelva una suspensi\u00f3n definitiva.<\/p>\n\n\n\n<p>Desde Pemex y desde el gobierno del presidente\u00a0<strong>Andr\u00e9s Manuel L\u00f3pez Obrador\u00a0<\/strong>se han hecho acusaciones a la\u00a0<strong>analista pol\u00edtica Mar\u00eda Amparo Casar<\/strong>, presidenta de\u00a0<strong>Mexicanos contra la Corrupci\u00f3n y la Impunidad<\/strong>\u00a0(<strong>MCCI<\/strong>), de haber intervenido para que se modificara el expediente relacionado con la muerte de su esposo,\u00a0<strong>Carlos Fernando M\u00e1rquez Padilla<\/strong>, y por ello ha cobrado una pensi\u00f3n mensual de manera indebida.<\/p>\n\n\n\n<p>Al respecto, la presidenta de\u00a0<strong>MCCI<\/strong>\u00a0ha denunciado que se ha utilizado la muerte de su esposo para \u201clucrar pol\u00edticamente\u201d.<\/p>\n\n\n\n<figure class=\"wp-block-embed is-type-video is-provider-youtube wp-block-embed-youtube wp-embed-aspect-16-9 wp-has-aspect-ratio\"><div class=\"wp-block-embed__wrapper\">\n<iframe loading=\"lazy\" title=\"Mar\u00eda Amparo Casar ejerce su derecho de r\u00e9plica ante los se\u00f1alamientos de L\u00f3pez Obrador\" width=\"640\" height=\"360\" src=\"https:\/\/www.youtube.com\/embed\/hFcIjAz5v7A?feature=oembed\" frameborder=\"0\" allow=\"accelerometer; autoplay; clipboard-write; encrypted-media; gyroscope; picture-in-picture; web-share\" referrerpolicy=\"strict-origin-when-cross-origin\" allowfullscreen><\/iframe>\n<\/div><\/figure>\n","protected":false},"excerpt":{"rendered":"<p>Por Redacci\u00f3n QP Un tribunal colegiado concedi\u00f3 una suspensi\u00f3n provisional para que se le reponga&#8230;<\/p>\n","protected":false},"author":2,"featured_media":110043,"comment_status":"open","ping_status":"open","sticky":false,"template":"","format":"standard","meta":{"_monsterinsights_skip_tracking":false,"_monsterinsights_sitenote_active":false,"_monsterinsights_sitenote_note":"","_monsterinsights_sitenote_category":0,"footnotes":""},"categories":[2],"tags":[],"class_list":["post-110040","post","type-post","status-publish","format-standard","has-post-thumbnail","hentry","category-noticias"],"yoast_head":"<!-- This site is optimized with the Yoast SEO plugin v27.3 - https:\/\/yoast.com\/product\/yoast-seo-wordpress\/ -->\n<title>El Sexto Tribunal Colegiado en materia de Trabajo le concedi\u00f3 la suspensi\u00f3n provisional a Mar\u00eda Amparo Casar P\u00e9rez para que PEMEX le siga pagando la pensi\u00f3n post mortem -<\/title>\n<meta name=\"robots\" content=\"index, follow, max-snippet:-1, max-image-preview:large, max-video-preview:-1\" \/>\n<link rel=\"canonical\" href=\"https:\/\/quehacerpolitico.mx\/?p=110040\" \/>\n<meta property=\"og:locale\" content=\"es_MX\" \/>\n<meta property=\"og:type\" content=\"article\" \/>\n<meta property=\"og:title\" content=\"El Sexto Tribunal Colegiado en materia de Trabajo le concedi\u00f3 la suspensi\u00f3n provisional a Mar\u00eda Amparo Casar P\u00e9rez para que PEMEX le siga pagando la pensi\u00f3n post mortem -\" \/>\n<meta property=\"og:description\" content=\"Por Redacci\u00f3n QP Un tribunal colegiado concedi\u00f3 una suspensi\u00f3n provisional para que se le reponga...\" \/>\n<meta property=\"og:url\" content=\"https:\/\/quehacerpolitico.mx\/?p=110040\" \/>\n<meta property=\"article:published_time\" content=\"2024-05-17T02:46:11+00:00\" \/>\n<meta property=\"article:modified_time\" content=\"2024-05-17T02:46:13+00:00\" \/>\n<meta property=\"og:image\" content=\"https:\/\/quehacerpolitico.mx\/wp-content\/uploads\/2024\/05\/IMG_5686.jpeg\" \/>\n\t<meta property=\"og:image:width\" content=\"1024\" \/>\n\t<meta property=\"og:image:height\" content=\"576\" \/>\n\t<meta property=\"og:image:type\" content=\"image\/jpeg\" \/>\n<meta name=\"author\" content=\"Redacci\u00f3n QP\" \/>\n<meta name=\"twitter:card\" content=\"summary_large_image\" \/>\n<meta name=\"twitter:label1\" content=\"Escrito por\" \/>\n\t<meta name=\"twitter:data1\" content=\"Redacci\u00f3n QP\" \/>\n\t<meta name=\"twitter:label2\" content=\"Tiempo de lectura\" \/>\n\t<meta name=\"twitter:data2\" content=\"1 minuto\" \/>\n<script type=\"application\/ld+json\" class=\"yoast-schema-graph\">{\"@context\":\"https:\\\/\\\/schema.org\",\"@graph\":[{\"@type\":\"Article\",\"@id\":\"https:\\\/\\\/quehacerpolitico.mx\\\/?p=110040#article\",\"isPartOf\":{\"@id\":\"https:\\\/\\\/quehacerpolitico.mx\\\/?p=110040\"},\"author\":{\"name\":\"Redacci\u00f3n QP\",\"@id\":\"https:\\\/\\\/quehacerpolitico.mx\\\/#\\\/schema\\\/person\\\/496d8ad2d1d3f8036101dca7ee39e585\"},\"headline\":\"El Sexto Tribunal Colegiado en materia de Trabajo le concedi\u00f3 la suspensi\u00f3n provisional a Mar\u00eda Amparo Casar P\u00e9rez para que PEMEX le siga pagando la pensi\u00f3n post mortem\",\"datePublished\":\"2024-05-17T02:46:11+00:00\",\"dateModified\":\"2024-05-17T02:46:13+00:00\",\"mainEntityOfPage\":{\"@id\":\"https:\\\/\\\/quehacerpolitico.mx\\\/?p=110040\"},\"wordCount\":320,\"commentCount\":0,\"image\":{\"@id\":\"https:\\\/\\\/quehacerpolitico.mx\\\/?p=110040#primaryimage\"},\"thumbnailUrl\":\"https:\\\/\\\/quehacerpolitico.mx\\\/wp-content\\\/uploads\\\/2024\\\/05\\\/IMG_5686.jpeg\",\"articleSection\":[\"Noticias\"],\"inLanguage\":\"es\",\"potentialAction\":[{\"@type\":\"CommentAction\",\"name\":\"Comment\",\"target\":[\"https:\\\/\\\/quehacerpolitico.mx\\\/?p=110040#respond\"]}]},{\"@type\":\"WebPage\",\"@id\":\"https:\\\/\\\/quehacerpolitico.mx\\\/?p=110040\",\"url\":\"https:\\\/\\\/quehacerpolitico.mx\\\/?p=110040\",\"name\":\"El Sexto Tribunal Colegiado en materia de Trabajo le concedi\u00f3 la suspensi\u00f3n provisional a Mar\u00eda Amparo Casar P\u00e9rez para que PEMEX le siga pagando la pensi\u00f3n post mortem -\",\"isPartOf\":{\"@id\":\"https:\\\/\\\/quehacerpolitico.mx\\\/#website\"},\"primaryImageOfPage\":{\"@id\":\"https:\\\/\\\/quehacerpolitico.mx\\\/?p=110040#primaryimage\"},\"image\":{\"@id\":\"https:\\\/\\\/quehacerpolitico.mx\\\/?p=110040#primaryimage\"},\"thumbnailUrl\":\"https:\\\/\\\/quehacerpolitico.mx\\\/wp-content\\\/uploads\\\/2024\\\/05\\\/IMG_5686.jpeg\",\"datePublished\":\"2024-05-17T02:46:11+00:00\",\"dateModified\":\"2024-05-17T02:46:13+00:00\",\"author\":{\"@id\":\"https:\\\/\\\/quehacerpolitico.mx\\\/#\\\/schema\\\/person\\\/496d8ad2d1d3f8036101dca7ee39e585\"},\"breadcrumb\":{\"@id\":\"https:\\\/\\\/quehacerpolitico.mx\\\/?p=110040#breadcrumb\"},\"inLanguage\":\"es\",\"potentialAction\":[{\"@type\":\"ReadAction\",\"target\":[\"https:\\\/\\\/quehacerpolitico.mx\\\/?p=110040\"]}]},{\"@type\":\"ImageObject\",\"inLanguage\":\"es\",\"@id\":\"https:\\\/\\\/quehacerpolitico.mx\\\/?p=110040#primaryimage\",\"url\":\"https:\\\/\\\/quehacerpolitico.mx\\\/wp-content\\\/uploads\\\/2024\\\/05\\\/IMG_5686.jpeg\",\"contentUrl\":\"https:\\\/\\\/quehacerpolitico.mx\\\/wp-content\\\/uploads\\\/2024\\\/05\\\/IMG_5686.jpeg\",\"width\":1024,\"height\":576},{\"@type\":\"BreadcrumbList\",\"@id\":\"https:\\\/\\\/quehacerpolitico.mx\\\/?p=110040#breadcrumb\",\"itemListElement\":[{\"@type\":\"ListItem\",\"position\":1,\"name\":\"Inicio\",\"item\":\"https:\\\/\\\/quehacerpolitico.mx\\\/\"},{\"@type\":\"ListItem\",\"position\":2,\"name\":\"El Sexto Tribunal Colegiado en materia de Trabajo le concedi\u00f3 la suspensi\u00f3n provisional a Mar\u00eda Amparo Casar P\u00e9rez para que PEMEX le siga pagando la pensi\u00f3n post mortem\"}]},{\"@type\":\"WebSite\",\"@id\":\"https:\\\/\\\/quehacerpolitico.mx\\\/#website\",\"url\":\"https:\\\/\\\/quehacerpolitico.mx\\\/\",\"name\":\"\",\"description\":\"\",\"potentialAction\":[{\"@type\":\"SearchAction\",\"target\":{\"@type\":\"EntryPoint\",\"urlTemplate\":\"https:\\\/\\\/quehacerpolitico.mx\\\/?s={search_term_string}\"},\"query-input\":{\"@type\":\"PropertyValueSpecification\",\"valueRequired\":true,\"valueName\":\"search_term_string\"}}],\"inLanguage\":\"es\"},{\"@type\":\"Person\",\"@id\":\"https:\\\/\\\/quehacerpolitico.mx\\\/#\\\/schema\\\/person\\\/496d8ad2d1d3f8036101dca7ee39e585\",\"name\":\"Redacci\u00f3n QP\",\"image\":{\"@type\":\"ImageObject\",\"inLanguage\":\"es\",\"@id\":\"https:\\\/\\\/secure.gravatar.com\\\/avatar\\\/c7164ed6fdec453195284ad24a5ae5b6e1eed2b848477fa2a4787ba9adf39a41?s=96&d=mm&r=g\",\"url\":\"https:\\\/\\\/secure.gravatar.com\\\/avatar\\\/c7164ed6fdec453195284ad24a5ae5b6e1eed2b848477fa2a4787ba9adf39a41?s=96&d=mm&r=g\",\"contentUrl\":\"https:\\\/\\\/secure.gravatar.com\\\/avatar\\\/c7164ed6fdec453195284ad24a5ae5b6e1eed2b848477fa2a4787ba9adf39a41?s=96&d=mm&r=g\",\"caption\":\"Redacci\u00f3n QP\"},\"url\":\"https:\\\/\\\/quehacerpolitico.mx\\\/?author=2\"}]}<\/script>\n<!-- \/ Yoast SEO plugin. -->","yoast_head_json":{"title":"El Sexto Tribunal Colegiado en materia de Trabajo le concedi\u00f3 la suspensi\u00f3n provisional a Mar\u00eda Amparo Casar P\u00e9rez para que PEMEX le siga pagando la pensi\u00f3n post mortem -","robots":{"index":"index","follow":"follow","max-snippet":"max-snippet:-1","max-image-preview":"max-image-preview:large","max-video-preview":"max-video-preview:-1"},"canonical":"https:\/\/quehacerpolitico.mx\/?p=110040","og_locale":"es_MX","og_type":"article","og_title":"El Sexto Tribunal Colegiado en materia de Trabajo le concedi\u00f3 la suspensi\u00f3n provisional a Mar\u00eda Amparo Casar P\u00e9rez para que PEMEX le siga pagando la pensi\u00f3n post mortem -","og_description":"Por Redacci\u00f3n QP Un tribunal colegiado concedi\u00f3 una suspensi\u00f3n provisional para que se le reponga...","og_url":"https:\/\/quehacerpolitico.mx\/?p=110040","article_published_time":"2024-05-17T02:46:11+00:00","article_modified_time":"2024-05-17T02:46:13+00:00","og_image":[{"width":1024,"height":576,"url":"https:\/\/quehacerpolitico.mx\/wp-content\/uploads\/2024\/05\/IMG_5686.jpeg","type":"image\/jpeg"}],"author":"Redacci\u00f3n QP","twitter_card":"summary_large_image","twitter_misc":{"Escrito por":"Redacci\u00f3n QP","Tiempo de lectura":"1 minuto"},"schema":{"@context":"https:\/\/schema.org","@graph":[{"@type":"Article","@id":"https:\/\/quehacerpolitico.mx\/?p=110040#article","isPartOf":{"@id":"https:\/\/quehacerpolitico.mx\/?p=110040"},"author":{"name":"Redacci\u00f3n QP","@id":"https:\/\/quehacerpolitico.mx\/#\/schema\/person\/496d8ad2d1d3f8036101dca7ee39e585"},"headline":"El Sexto Tribunal Colegiado en materia de Trabajo le concedi\u00f3 la suspensi\u00f3n provisional a Mar\u00eda Amparo Casar P\u00e9rez para que PEMEX le siga pagando la pensi\u00f3n post mortem","datePublished":"2024-05-17T02:46:11+00:00","dateModified":"2024-05-17T02:46:13+00:00","mainEntityOfPage":{"@id":"https:\/\/quehacerpolitico.mx\/?p=110040"},"wordCount":320,"commentCount":0,"image":{"@id":"https:\/\/quehacerpolitico.mx\/?p=110040#primaryimage"},"thumbnailUrl":"https:\/\/quehacerpolitico.mx\/wp-content\/uploads\/2024\/05\/IMG_5686.jpeg","articleSection":["Noticias"],"inLanguage":"es","potentialAction":[{"@type":"CommentAction","name":"Comment","target":["https:\/\/quehacerpolitico.mx\/?p=110040#respond"]}]},{"@type":"WebPage","@id":"https:\/\/quehacerpolitico.mx\/?p=110040","url":"https:\/\/quehacerpolitico.mx\/?p=110040","name":"El Sexto Tribunal Colegiado en materia de Trabajo le concedi\u00f3 la suspensi\u00f3n provisional a Mar\u00eda Amparo Casar P\u00e9rez para que PEMEX le siga pagando la pensi\u00f3n post mortem -","isPartOf":{"@id":"https:\/\/quehacerpolitico.mx\/#website"},"primaryImageOfPage":{"@id":"https:\/\/quehacerpolitico.mx\/?p=110040#primaryimage"},"image":{"@id":"https:\/\/quehacerpolitico.mx\/?p=110040#primaryimage"},"thumbnailUrl":"https:\/\/quehacerpolitico.mx\/wp-content\/uploads\/2024\/05\/IMG_5686.jpeg","datePublished":"2024-05-17T02:46:11+00:00","dateModified":"2024-05-17T02:46:13+00:00","author":{"@id":"https:\/\/quehacerpolitico.mx\/#\/schema\/person\/496d8ad2d1d3f8036101dca7ee39e585"},"breadcrumb":{"@id":"https:\/\/quehacerpolitico.mx\/?p=110040#breadcrumb"},"inLanguage":"es","potentialAction":[{"@type":"ReadAction","target":["https:\/\/quehacerpolitico.mx\/?p=110040"]}]},{"@type":"ImageObject","inLanguage":"es","@id":"https:\/\/quehacerpolitico.mx\/?p=110040#primaryimage","url":"https:\/\/quehacerpolitico.mx\/wp-content\/uploads\/2024\/05\/IMG_5686.jpeg","contentUrl":"https:\/\/quehacerpolitico.mx\/wp-content\/uploads\/2024\/05\/IMG_5686.jpeg","width":1024,"height":576},{"@type":"BreadcrumbList","@id":"https:\/\/quehacerpolitico.mx\/?p=110040#breadcrumb","itemListElement":[{"@type":"ListItem","position":1,"name":"Inicio","item":"https:\/\/quehacerpolitico.mx\/"},{"@type":"ListItem","position":2,"name":"El Sexto Tribunal Colegiado en materia de Trabajo le concedi\u00f3 la suspensi\u00f3n provisional a Mar\u00eda Amparo Casar P\u00e9rez para que PEMEX le siga pagando la pensi\u00f3n post mortem"}]},{"@type":"WebSite","@id":"https:\/\/quehacerpolitico.mx\/#website","url":"https:\/\/quehacerpolitico.mx\/","name":"","description":"","potentialAction":[{"@type":"SearchAction","target":{"@type":"EntryPoint","urlTemplate":"https:\/\/quehacerpolitico.mx\/?s={search_term_string}"},"query-input":{"@type":"PropertyValueSpecification","valueRequired":true,"valueName":"search_term_string"}}],"inLanguage":"es"},{"@type":"Person","@id":"https:\/\/quehacerpolitico.mx\/#\/schema\/person\/496d8ad2d1d3f8036101dca7ee39e585","name":"Redacci\u00f3n QP","image":{"@type":"ImageObject","inLanguage":"es","@id":"https:\/\/secure.gravatar.com\/avatar\/c7164ed6fdec453195284ad24a5ae5b6e1eed2b848477fa2a4787ba9adf39a41?s=96&d=mm&r=g","url":"https:\/\/secure.gravatar.com\/avatar\/c7164ed6fdec453195284ad24a5ae5b6e1eed2b848477fa2a4787ba9adf39a41?s=96&d=mm&r=g","contentUrl":"https:\/\/secure.gravatar.com\/avatar\/c7164ed6fdec453195284ad24a5ae5b6e1eed2b848477fa2a4787ba9adf39a41?s=96&d=mm&r=g","caption":"Redacci\u00f3n QP"},"url":"https:\/\/quehacerpolitico.mx\/?author=2"}]}},"featured_image_urls":{"full":["https:\/\/quehacerpolitico.mx\/wp-content\/uploads\/2024\/05\/IMG_5686.jpeg",1024,576,false],"thumbnail":["https:\/\/quehacerpolitico.mx\/wp-content\/uploads\/2024\/05\/IMG_5686-150x150.jpeg",150,150,true],"medium":["https:\/\/quehacerpolitico.mx\/wp-content\/uploads\/2024\/05\/IMG_5686-300x169.jpeg",300,169,true],"medium_large":["https:\/\/quehacerpolitico.mx\/wp-content\/uploads\/2024\/05\/IMG_5686-768x432.jpeg",640,360,true],"large":["https:\/\/quehacerpolitico.mx\/wp-content\/uploads\/2024\/05\/IMG_5686.jpeg",640,360,false],"1536x1536":["https:\/\/quehacerpolitico.mx\/wp-content\/uploads\/2024\/05\/IMG_5686.jpeg",1024,576,false],"2048x2048":["https:\/\/quehacerpolitico.mx\/wp-content\/uploads\/2024\/05\/IMG_5686.jpeg",1024,576,false],"covernews-featured":["https:\/\/quehacerpolitico.mx\/wp-content\/uploads\/2024\/05\/IMG_5686.jpeg",1024,576,false],"covernews-medium":["https:\/\/quehacerpolitico.mx\/wp-content\/uploads\/2024\/05\/IMG_5686.jpeg",540,304,false]},"author_info":{"display_name":"Redacci\u00f3n QP","author_link":"https:\/\/quehacerpolitico.mx\/?author=2"},"category_info":"<a href=\"https:\/\/quehacerpolitico.mx\/?cat=2\" rel=\"category\">Noticias<\/a>","tag_info":"Noticias","comment_count":"0","_links":{"self":[{"href":"https:\/\/quehacerpolitico.mx\/index.php?rest_route=\/wp\/v2\/posts\/110040","targetHints":{"allow":["GET"]}}],"collection":[{"href":"https:\/\/quehacerpolitico.mx\/index.php?rest_route=\/wp\/v2\/posts"}],"about":[{"href":"https:\/\/quehacerpolitico.mx\/index.php?rest_route=\/wp\/v2\/types\/post"}],"author":[{"embeddable":true,"href":"https:\/\/quehacerpolitico.mx\/index.php?rest_route=\/wp\/v2\/users\/2"}],"replies":[{"embeddable":true,"href":"https:\/\/quehacerpolitico.mx\/index.php?rest_route=%2Fwp%2Fv2%2Fcomments&post=110040"}],"version-history":[{"count":1,"href":"https:\/\/quehacerpolitico.mx\/index.php?rest_route=\/wp\/v2\/posts\/110040\/revisions"}],"predecessor-version":[{"id":110044,"href":"https:\/\/quehacerpolitico.mx\/index.php?rest_route=\/wp\/v2\/posts\/110040\/revisions\/110044"}],"wp:featuredmedia":[{"embeddable":true,"href":"https:\/\/quehacerpolitico.mx\/index.php?rest_route=\/wp\/v2\/media\/110043"}],"wp:attachment":[{"href":"https:\/\/quehacerpolitico.mx\/index.php?rest_route=%2Fwp%2Fv2%2Fmedia&parent=110040"}],"wp:term":[{"taxonomy":"category","embeddable":true,"href":"https:\/\/quehacerpolitico.mx\/index.php?rest_route=%2Fwp%2Fv2%2Fcategories&post=110040"},{"taxonomy":"post_tag","embeddable":true,"href":"https:\/\/quehacerpolitico.mx\/index.php?rest_route=%2Fwp%2Fv2%2Ftags&post=110040"}],"curies":[{"name":"wp","href":"https:\/\/api.w.org\/{rel}","templated":true}]}}